{"id":66083,"date":"2023-12-28T09:57:47","date_gmt":"2023-12-28T08:57:47","guid":{"rendered":"https:\/\/miradordeatarfe.es\/?p=66083"},"modified":"2023-12-28T09:58:28","modified_gmt":"2023-12-28T08:58:28","slug":"epica-remontada-del-loja-para-anotarse-el-derbi-3-4","status":"publish","type":"post","link":"https:\/\/miradordeatarfe.es\/?p=66083","title":{"rendered":"\u00c9pica remontada del Loja para anotarse el derbi, 3-4 ante el Atarfe"},"content":{"rendered":"<h3 style=\"text-align: justify;\">Los loje\u00f1os perd\u00edan ante el Atarfe por 3-0 en el minuto 60 de partido<\/h3>\n<p style=\"text-align: justify;\">Ni los m\u00e1s viejos del lugar esperaban un desenlace del derbi as\u00ed, cuando a falta de media hora cuando el marcador reflej\u00f3 un 3-0 para el Atarfe. El Loja y su entrenador creyeron en la victoria y de perdidos al r\u00edo hizo una revoluci\u00f3n y meti\u00f3 a todo su arsenal para acabar llev\u00e1ndose los tres puntos del Municipal y acabar el a\u00f1o en plena progresi\u00f3n.\u00a0<\/p>\n<p style=\"text-align: justify;\">El l\u00f3gico comienzo con minutos de tanteo tuvo poco que destacar en las \u00e1reas. Ambas escuadras intentaron imponer su ritmo y s\u00f3lo cabe destacar pasado el cuarto de hora un remate de Dani, que tapona entre Sierra y F\u00e9lix. La situaci\u00f3n cambien el 19 cuando Toni aprovech\u00f3 un hueco entre los centrales para plantarse frente a \u00d3scar, que le derrib\u00f3 y comete penalti que transforma el propio Toni enga\u00f1ando al meta loje\u00f1o para el 1-0. De ese mazazo se aprovech\u00f3 el Atarfe para hacer el segundo en el minuto 31, cuando una gran acci\u00f3n de Casares, que cedi\u00f3 a Cristian y la culmino6el siete local que puso el bal\u00f3n fuera del alcance de \u00d3scar. Mejor imposible para la escuadra de Johny Prieto, que se march\u00f3 al descanso en franca ventaja a su efectividad en ataque y a su trabajo en defensa sin fisuras.\u00a0<\/p>\n<p style=\"text-align: justify;\">Como era de esperar el Loja sali\u00f3 en la segunda parte dispuesto a recortar diferencias cuanto antes para poder meterse en el partido y con dos remates de Erik y Dani en los primeros instantes ya demostr\u00f3 sus intenciones. Pero el Atarfe tambi\u00e9n explot\u00f3 sus armas y una r\u00e1pida contra iniciada por Denis acab\u00f3 en un pase a la media luna, que dej\u00f3 pasar Toni para la llegada de Casares, que se acomod\u00f3 el bal\u00f3n a la izquierda y ajust\u00f3 un remate imposible para \u00d3scar, que a pesar de su estirada no\u00a0 pudo evitar el 3-0. Con media hora por delante y de manera incre\u00edble apareci\u00f3 el vendaval loje\u00f1o, cuando todo indicaba que el partido estaba sentenciado. Todo ello gracias a la apuesta de Seco, que tir\u00f3 de toda su artiller\u00eda atacante para jugarse el todo o nada. Dos paradones de F\u00e9lix son el preludio del 3-1, que vino buscando y mereciendo el Loja, fue en el 69 cuando Sergio Delgado se sac\u00f3 un zurdazo que se col\u00f3 por toda la escuadra sorprendiendo al meta atarfe\u00f1o. A falta de ocho minutos, Sergio Delgado tras una gran acci\u00f3n desde la banda izquierda se adentr\u00f3 en el \u00e1rea y su lanzamiento al palo corto signific\u00f3 el 3-2 y el Atarfe comenz\u00f3 a temblar las piernas sin saber como conservar esa m\u00ednima ventaja. En el minuto 42 el \u00e1rbitro se\u00f1al\u00f3 penalti por derribo a Yepes y Fabio tuvo la oportunidad de empatar pero emergi\u00f3 la figura de F\u00e9lix, que atrap\u00f3 el lanzamiento del capit\u00e1n loje\u00f1o. Esta circunstancia pareci\u00f3 que dej\u00f3 todo decidido y que el Loja pudo haber quedado tocado. Pero quedaba el descuento y lo mejor, el propio Fabio se desquit\u00f3 de su error del penalti, haciendo el 3-3,aprovechando una serie de indecisiones y rechaces en el \u00e1rea atarfe\u00f1a. No contentos con ello, otra incursi\u00f3n del principal revulsivo del Loja, Sergio Delgado, finaliz\u00f3 con un centro que remat\u00f3 el enfurecido Fabio para lograr el 3-4 y la hist\u00f3rica remontada para un equipo que certific\u00f3 su gran momento.\u00a0<\/p>\n<div class=\"limpia\" style=\"text-align: justify;\">JES\u00daS ROSILLO<\/div>\n<div style=\"text-align: justify;\">\u00a0<\/div>\n<div style=\"text-align: justify;\">FOTO: <i>El Loja celebra la victoria (LOJA CD)<\/i><\/div>\n<div style=\"text-align: justify;\">\u00a0<\/div>\n<div style=\"text-align: justify;\">https:\/\/www.granadaenjuego.com\/atarfe-industrial-\/epica-remontada-del-loja-para-anotarse-el-derbi&#8211;3-4<\/div>\n<div class=\"ads_block mb\" style=\"text-align: justify;\">\u00a0<\/div>\n","protected":false},"excerpt":{"rendered":"<p>Los loje\u00f1os perd\u00edan ante el Atarfe por 3-0 en el minuto 60 de partido Ni&#8230;<\/p>\n","protected":false},"author":1,"featured_media":66084,"comment_status":"closed","ping_status":"closed","sticky":false,"template":"","format":"standard","meta":{"_coblocks_attr":"","_coblocks_dimensions":"","_coblocks_responsive_height":"","_coblocks_accordion_ie_support":"","jetpack_post_was_ever_published":false,"_jetpack_newsletter_access":"","_jetpack_dont_email_post_to_subs":false,"_jetpack_newsletter_tier_id":0,"_jetpack_memberships_contains_paywalled_content":false,"_jetpack_memberships_contains_paid_content":false,"footnotes":"","jetpack_publicize_message":"","jetpack_publicize_feature_enabled":true,"jetpack_social_post_already_shared":true,"jetpack_social_options":{"image_generator_settings":{"template":"highway","default_image_id":0,"enabled":false},"version":2}},"categories":[182,44],"tags":[],"class_list":["post-66083","post","type-post","status-publish","format-standard","has-post-thumbnail","hentry","category-deportes","category-noticias-de-hoy"],"jetpack_publicize_connections":[],"jetpack_featured_media_url":"https:\/\/i0.wp.com\/miradordeatarfe.es\/wp-content\/uploads\/2023\/12\/imagen54685_0_original.jpg?fit=1080%2C810&ssl=1","jetpack_likes_enabled":true,"jetpack_sharing_enabled":true,"_links":{"self":[{"href":"https:\/\/miradordeatarfe.es\/index.php?rest_route=\/wp\/v2\/posts\/66083","targetHints":{"allow":["GET"]}}],"collection":[{"href":"https:\/\/miradordeatarfe.es\/index.php?rest_route=\/wp\/v2\/posts"}],"about":[{"href":"https:\/\/miradordeatarfe.es\/index.php?rest_route=\/wp\/v2\/types\/post"}],"author":[{"embeddable":true,"href":"https:\/\/miradordeatarfe.es\/index.php?rest_route=\/wp\/v2\/users\/1"}],"replies":[{"embeddable":true,"href":"https:\/\/miradordeatarfe.es\/index.php?rest_route=%2Fwp%2Fv2%2Fcomments&post=66083"}],"version-history":[{"count":3,"href":"https:\/\/miradordeatarfe.es\/index.php?rest_route=\/wp\/v2\/posts\/66083\/revisions"}],"predecessor-version":[{"id":66087,"href":"https:\/\/miradordeatarfe.es\/index.php?rest_route=\/wp\/v2\/posts\/66083\/revisions\/66087"}],"wp:featuredmedia":[{"embeddable":true,"href":"https:\/\/miradordeatarfe.es\/index.php?rest_route=\/wp\/v2\/media\/66084"}],"wp:attachment":[{"href":"https:\/\/miradordeatarfe.es\/index.php?rest_route=%2Fwp%2Fv2%2Fmedia&parent=66083"}],"wp:term":[{"taxonomy":"category","embeddable":true,"href":"https:\/\/miradordeatarfe.es\/index.php?rest_route=%2Fwp%2Fv2%2Fcategories&post=66083"},{"taxonomy":"post_tag","embeddable":true,"href":"https:\/\/miradordeatarfe.es\/index.php?rest_route=%2Fwp%2Fv2%2Ftags&post=66083"}],"curies":[{"name":"wp","href":"https:\/\/api.w.org\/{rel}","templated":true}]}}