{"id":66088,"date":"2023-12-31T11:03:43","date_gmt":"2023-12-31T10:03:43","guid":{"rendered":"https:\/\/miradordeatarfe.es\/?p=66088"},"modified":"2023-12-28T10:35:50","modified_gmt":"2023-12-28T09:35:50","slug":"atarfe-y-sus-hermandades-siglo-xvii-xviii-por-francisco-pino-ortega-y-jose-antonio-pino-ortega","status":"publish","type":"post","link":"https:\/\/miradordeatarfe.es\/?p=66088","title":{"rendered":"\u00abATARFE Y SUS HERMANDADES (siglo XVII-XVIII)\u00bb por Francisco Pino Ortega y Jos\u00e9 Antonio Pino Ortega"},"content":{"rendered":"<h3 style=\"text-align: justify;\">La historia del Cristianismo en nuestra tierra va forzosamente unida a la historia de la evangelizaci\u00f3n de Hispania.<\/h3>\n<p style=\"text-align: justify;\">El Cristianismo lleg\u00f3 a la Pen\u00ednsula en el siglo I. La tradici\u00f3n habla de los siete varones apost\u00f3licos de los cuales Cecilio, evangeliza estas tierras y funda la Iglesia en Granada. El hecho m\u00e1s importante para se\u00f1alar la pujanza del Cristianismo en Granada, es el \u201cConcilio de Elvira\u201d (300 a 305), que demuestra, de una parte la solidez y la tradici\u00f3n de las comunidades cristianas en nuestra tierra, y de otra, la importancia de los obispos que estaban a la cabeza como San Gregorio de Elvira.<\/p>\n<p style=\"text-align: justify;\">Despu\u00e9s del par\u00e9ntesis de la invasi\u00f3n musulmana (711- 1492) se vuelve a la vida cristiana que queda estructurada por la bula de erecci\u00f3n de diferentes parroquias de Granada y de su \u00e1rea metropolitana, entre ellas, la de Atarfe (octubre de 1501). Con el paso del tiempo comienzan a surgir en Atarfe, Hermandades y Cofrad\u00edas de oraci\u00f3n. Su origen era totalmente devocional y de culto, cuyo principal cometido era dedicarse a la oraci\u00f3n y la asistencia a los diferentes actos religiosos y eventos de la hermandad.<\/p>\n<p style=\"text-align: justify;\"><i><strong>Acci\u00f3n Social<\/strong> <\/i><\/p>\n<p style=\"text-align: justify;\">\u00c9stas, eran hermandades que, adem\u00e1s, ten\u00edan entre sus obligaciones el dedicarse a ayudar a los hermanos o hermanas, en especial en el momento del fallecimiento de los mismos. Esto es, se pagaban unas cuotas fijadas por la propia hermandad, con el fin de poder dar un entierro digno al hermano fallecido, dedicarle sus misas, acompa\u00f1amiento, etc. Incluso algunas hermandades asist\u00edan, seg\u00fan sus posibilidades, al c\u00f3nyuge o hu\u00e9rfanos del difunto. En estos casos, podr\u00edamos decir que realizaban algo parecido a las actuales funerarias.<\/p>\n<p style=\"text-align: justify;\">De forma general podemos decir que los bienes de estas hermandades eran escasos: un arca para la cera, los estandartes, las t\u00fanicas, etc., que se sit\u00faan en el lugar de la Iglesia donde indica el beneficiado, sin que la situaci\u00f3n de estos bienes generase propiedad en los altares de la Iglesia o lugares donde se situasen estos bienes. Junto a estos bienes situados en la Iglesia, pose\u00edan otros que custodiaban los Hermanos Mayores, bien en sus propios domicilios, bien en locales posesi\u00f3n de las propias hermandades.<\/p>\n<p style=\"text-align: justify;\">De forma peri\u00f3dica se reun\u00edan en juntas o asambleas, como m\u00ednimo una vez al a\u00f1o. Estas reuniones se realizaban en la sacrist\u00eda de la Iglesia, con la presencia del cura p\u00e1rroco, quien\u00a0 habitualmente era nombrado presidente de cada una de las hermandades o cofrad\u00edas.<\/p>\n<h3 style=\"text-align: justify;\"><i><strong>Hermandades y Cofrad\u00edas<\/strong> <\/i><\/h3>\n<p style=\"text-align: justify;\">Entre las hermandades y cofrad\u00edas que hubo en Atarfe, y que comenzaron su andadura en los siglos XVII y XVIII, con una vida m\u00e1s larga unas, y otras con una vida m\u00e1s corta, nos encontramos con: <i>\u201cLa Cofrad\u00eda del Sant\u00edsimo <\/i><i>Rosario\u201d, \u201cLa Hermandad del Sant\u00edsimo Sacramento\u201d, \u201cLa <\/i><i>Hermandad de las \u00c1nimas\u201d, \u201cLa Hermandad del Se\u00f1or <\/i><i>Crucificado\u201d y \u201cLa Hermandad del Se\u00f1or San Sebasti\u00e1n\u201d. <\/i><\/p>\n<p style=\"text-align: justify;\"><i><strong>Cofrad\u00eda del Sant\u00edsimo Rosario<\/strong> <\/i><\/p>\n<p style=\"text-align: justify;\">[08\/12\/1640 \u201310\/09\/1827]<\/p>\n<p style=\"text-align: justify;\">Denominada \u201cCofrad\u00eda de Ntra. Sra. del Rosario\u201d, comienza su andadura oficial el d\u00eda 8 de diciembre de 1640, con la elecci\u00f3n de mayordomos. Las constituciones por las que se rige son las aprobadas y confirmadas por la autoridad Apost\u00f3lica en la Ciudad de Colonia, para todas las Cofrad\u00edas del Ssmo. Rosario el 8 de septiembre de 1475.<\/p>\n<p style=\"text-align: justify;\">Podemos se\u00f1alar que se constituye como cofrad\u00eda de Oraci\u00f3n, situada \u201c<i>&#8230;a mano derecha de la capilla mayor, <\/i><i>el del lado del Evangelio, donde la imagen de Ntra. Sra. del <\/i><i>Rosario para que en \u00e9l se ganen las Indulgencias\u2026<\/i>\u201d. Y entre sus obligaciones se encontraba la del rezo del Rosario y su explicaci\u00f3n por las calles, la preparaci\u00f3n de la funci\u00f3n de la Virgen el primer domingo de octubre y su participaci\u00f3n en todas las fiestas dedicadas a la Virgen.<\/p>\n<p style=\"text-align: justify;\">La \u00faltima noticia que tenemos es de 10 de septiembre de 1827, recogida en el libro de la cofrad\u00eda, donde hace referencia a la \u00faltima admisi\u00f3n de cofrades por parte del Prior del Convento de St\u00aa Cruz, la Real Orden de Predicadores de la Ciudad de Granada.431<\/p>\n<p style=\"text-align: justify;\"><a href=\"https:\/\/i0.wp.com\/miradordeatarfe.es\/wp-content\/uploads\/2023\/12\/hermandades.png?ssl=1\"><img data-recalc-dims=\"1\" loading=\"lazy\" decoding=\"async\" class=\"wp-image-66089 size-full alignleft\" src=\"https:\/\/i0.wp.com\/miradordeatarfe.es\/wp-content\/uploads\/2023\/12\/hermandades.png?resize=300%2C361&#038;ssl=1\" alt=\"\" width=\"300\" height=\"361\" srcset=\"https:\/\/i0.wp.com\/miradordeatarfe.es\/wp-content\/uploads\/2023\/12\/hermandades.png?w=300&amp;ssl=1 300w, https:\/\/i0.wp.com\/miradordeatarfe.es\/wp-content\/uploads\/2023\/12\/hermandades.png?resize=249%2C300&amp;ssl=1 249w\" sizes=\"auto, (max-width: 300px) 100vw, 300px\" \/><\/a><\/p>\n<p style=\"text-align: justify;\"><span style=\"font-size: 10pt;\"><em><strong>Actas de constituci\u00f3n de la hermandad de Nuestra Se\u00f1ora del Rosario<\/strong><\/em><\/span><\/p>\n<p style=\"text-align: justify;\"><i><strong>Hermandad del Sant\u00edsimo Sacramento<\/strong> <\/i><\/p>\n<p style=\"text-align: justify;\">[07\/04\/1722 \u2013 16\/04\/1911]<\/p>\n<p style=\"text-align: justify;\">En la relaci\u00f3n de bienes realizada el 9 de junio de 1867 se indica que no ten\u00edan \u201c<i>&#8230;constituciones ni Estatutos de buen <\/i><i>gobierno&#8230;<\/i>\u201d, por lo que el 28 de abril de 1801 se re\u00fanen para redactar y aprobar sus constituciones. Aunque su historia comienza mucho antes, como lo muestra que el Arzobispo de Granada realiza su primera visita a la hermandad el 7 de abril de 1722.<\/p>\n<p style=\"text-align: justify;\">Como hecho destacable, podemos indicar que la hermandad ten\u00eda en posesi\u00f3n el 9 de junio de 1867 doce cuadros grandes con los 12 Ap\u00f3stoles que cede a la Iglesia (\u00bflos que hay en la actualidad?). Y su funci\u00f3n, dedicada al Sant\u00edsimo, se hace todos los a\u00f1os en el mes de septiembre.<\/p>\n<p style=\"text-align: justify;\">El 16 de abril de 1911, seg\u00fan los libros de la hermandad, se re\u00fane por \u00faltima vez en junta para la elecci\u00f3n de los mayordomos o hermanos mayores para ese a\u00f1o, y se liquidan las cuentas.<\/p>\n<p style=\"text-align: justify;\">\u00a0<\/p>\n<p style=\"text-align: justify;\"><i><strong>Hermandad de las \u00c1nimas<\/strong> <\/i><\/p>\n<p style=\"text-align: justify;\">[1750 \u2013 08\/04\/1929]<\/p>\n<p style=\"text-align: justify;\">Esta hermandad nace con la intenci\u00f3n de que una vez fallecido un hermano, \u00e9ste tuviese asegurado un entierro digno. Aunque no se conoce la fecha de inicio, s\u00ed se se\u00f1ala el a\u00f1o 1750 como inicio del libro de recibos y cuentas.\u00a0 De todas las hermandades vistas hasta el momento, esta es la primera en la que se indica expresamente que para poder entrar en ella se ten\u00eda que pagar una cantidad en funci\u00f3n del umbral de edad del aspirante.<\/p>\n<p style=\"text-align: justify;\">El 22 de julio de 1912 se expresa lo siguiente: \u201c<i>&#8230;es preciso <\/i><i>se formara nuevo reglamento aprobado por el Sr. Arzobispo por <\/i><i>carecer esta hermandad de este requisito&#8230;<\/i>\u201d a pesar de que \u201c<i>&#8230;la <\/i><i>Hermandad se seguir\u00e1 rigiendo por las disposiciones y acuerdos <\/i><i>anteriormente tomados y por la costumbre tradicional<\/i>\u201d.<\/p>\n<p style=\"text-align: justify;\">Como hecho a destacar indicar que \u201c<i>&#8230;tanto los hermanos <\/i><i>varones como hembras, con tal que sean hermanos y no deban <\/i><i>atrasos, el que lleve 25 a\u00f1os en la Hermandad y tenga 65 a\u00f1os <\/i><i>de edad se le dar\u00e1 de baja para el pago, jubil\u00e1ndolo<\/i>\u201d, pero manteniendo su condici\u00f3n, derechos y obligaciones de hermano.<\/p>\n<p style=\"text-align: justify;\">La \u00faltima anotaci\u00f3n recogida en el libro de actas corresponde a la junta reunida en segunda convocatoria el d\u00eda 8 de abril de 1929, con la intenci\u00f3n de Reconstruir la hermandad, nombrar nueva junta directiva y comprobar las bajas.<\/p>\n<p style=\"text-align: justify;\"><a href=\"https:\/\/i0.wp.com\/miradordeatarfe.es\/wp-content\/uploads\/2023\/12\/hermandades-1.png?ssl=1\"><img data-recalc-dims=\"1\" loading=\"lazy\" decoding=\"async\" class=\"wp-image-66090 size-full alignleft\" src=\"https:\/\/i0.wp.com\/miradordeatarfe.es\/wp-content\/uploads\/2023\/12\/hermandades-1.png?resize=300%2C165&#038;ssl=1\" alt=\"\" width=\"300\" height=\"165\" \/><\/a><\/p>\n<p style=\"text-align: justify;\"><i><strong>A<span style=\"font-size: 10pt;\">ltar de la hermandad de Animas<\/span><\/strong><\/i><\/p>\n<p style=\"text-align: justify;\">\u00a0<\/p>\n<p style=\"text-align: justify;\">\u00a0<\/p>\n<p style=\"text-align: justify;\">\u00a0<\/p>\n<p style=\"text-align: justify;\"><i><strong>Hermandad del Se\u00f1or Crucificado<\/strong> <\/i><\/p>\n<p style=\"text-align: justify;\">[08\/09\/1753 \u2013 18\/03\/1929]<\/p>\n<p style=\"text-align: justify;\">El inicio de \u00e9sta se encuentra en el libro de cuentas que comienza el 8 de septiembre de 1753 con el nombramiento de los hermanos mayores para el a\u00f1o. Y la \u00faltima anotaci\u00f3n data de 18 de marzo de 1929 cuando se re\u00fane la hermandad para elegir nuevo secretario.<\/p>\n<p style=\"text-align: justify;\">De destacar en la vida de la hermandad es la visita el 31 de mayo de 1788, del se\u00f1or don Jos\u00e9 de Hita, Can\u00f3nigo de la Santa Iglesia Metropolitana de la ciudad de Granada, en visita ordinaria a las parroquias de Vega-Sierra y partido del Temple, en la que felicita a la hermandad por su restablecimiento tras la epidemia de enfermedades y muertes acaecidas a sus individuos en los dos a\u00f1os anteriores.<\/p>\n<p style=\"text-align: justify;\"><a href=\"https:\/\/i0.wp.com\/miradordeatarfe.es\/wp-content\/uploads\/2023\/12\/hermandad-de-sansebastian.png?ssl=1\"><img data-recalc-dims=\"1\" loading=\"lazy\" decoding=\"async\" class=\"wp-image-66091 size-full alignright\" src=\"https:\/\/i0.wp.com\/miradordeatarfe.es\/wp-content\/uploads\/2023\/12\/hermandad-de-sansebastian.png?resize=277%2C429&#038;ssl=1\" alt=\"\" width=\"277\" height=\"429\" srcset=\"https:\/\/i0.wp.com\/miradordeatarfe.es\/wp-content\/uploads\/2023\/12\/hermandad-de-sansebastian.png?w=277&amp;ssl=1 277w, https:\/\/i0.wp.com\/miradordeatarfe.es\/wp-content\/uploads\/2023\/12\/hermandad-de-sansebastian.png?resize=194%2C300&amp;ssl=1 194w\" sizes=\"auto, (max-width: 277px) 100vw, 277px\" \/><\/a><\/p>\n<p style=\"text-align: justify;\"><i><strong>Hermandad del Se\u00f1or San Sebasti\u00e1n<\/strong> <\/i><\/p>\n<p style=\"text-align: justify;\">[1758 \u2013 ]<\/p>\n<p style=\"text-align: justify;\">Como se nos dice en el libro de la hermandad: \u201c<i>Constituciones que tienen y han de guardar los que se apuntaren <\/i><i>para hermanos de la Hermandad del Santo Bendito Se\u00f1or <\/i><i>Sebasti\u00e1n que se venera en la Iglesia Parroquial de este lugar de\u00a0 <\/i><i>Atarfe, fundada en otro a\u00f1o con la probaci\u00f3n del Ilustr\u00edsimo Se\u00f1or\u00a0 <\/i><i>Arzobispo y se\u00f1or provisor de esta Di\u00f3cesis y Vicario General<\/i>\u201d; podemos ver que comienza a andar mucho antes, en concreto, un siglo antes, aproximadamente, como nos lo corrobora su portada que la data en el a\u00f1o de 1758.<\/p>\n<p style=\"text-align: justify;\">Todos los a\u00f1os el d\u00eda del Santo habr\u00e1 funci\u00f3n, a la que tendr\u00e1n que asistir todos los hermanos. Y as\u00ed mismo deber\u00e1n guardar vigilia al Santo, la v\u00edspera. La fecha de su fin, se desconoce ya que era una hermandad que no siempre recog\u00eda la fecha de sus cuentas, de los nuevos hermanos, etc.<\/p>\n<p style=\"text-align: justify;\">Quiz\u00e1s, algunos se pregunten: \u00bfpor qu\u00e9 no se ha recogido en este trabajo a Santa Ana? A esas personas podemos decirles que tienen raz\u00f3n en preguntar. Y podemos contestarles que en otro momento, cuando se hayan estudiado m\u00e1s en profundidad los libros del archivo hist\u00f3rico parroquial, de donde hemos sacado todos estos datos, podremos afirmar si existi\u00f3 una hermandad de Santa Ana o es un movimiento popular el que ha existido siempre alrededor de esta imagen convertida en patrona de Atarfe.<\/p>\n<p style=\"text-align: justify;\">\u00a0\u00a0\u00a0\u00a0\u00a0\u00a0\u00a0\u00a0\u00a0\u00a0\u00a0\u00a0\u00a0\u00a0\u00a0\u00a0\u00a0\u00a0\u00a0\u00a0\u00a0\u00a0\u00a0\u00a0\u00a0\u00a0\u00a0\u00a0\u00a0\u00a0\u00a0\u00a0\u00a0\u00a0\u00a0\u00a0\u00a0\u00a0\u00a0\u00a0\u00a0\u00a0\u00a0\u00a0\u00a0\u00a0\u00a0\u00a0\u00a0\u00a0\u00a0\u00a0\u00a0\u00a0\u00a0\u00a0\u00a0\u00a0\u00a0\u00a0\u00a0\u00a0\u00a0\u00a0\u00a0\u00a0\u00a0\u00a0\u00a0\u00a0\u00a0\u00a0\u00a0\u00a0\u00a0\u00a0\u00a0\u00a0\u00a0\u00a0\u00a0\u00a0\u00a0\u00a0\u00a0\u00a0\u00a0\u00a0\u00a0\u00a0\u00a0\u00a0\u00a0\u00a0\u00a0\u00a0\u00a0\u00a0\u00a0\u00a0\u00a0\u00a0\u00a0\u00a0\u00a0\u00a0\u00a0\u00a0\u00a0\u00a0\u00a0\u00a0\u00a0\u00a0\u00a0\u00a0\u00a0\u00a0\u00a0\u00a0\u00a0\u00a0\u00a0\u00a0\u00a0\u00a0\u00a0\u00a0\u00a0\u00a0\u00a0\u00a0\u00a0\u00a0\u00a0\u00a0\u00a0\u00a0\u00a0\u00a0\u00a0\u00a0\u00a0\u00a0\u00a0\u00a0\u00a0\u00a0\u00a0\u00a0\u00a0\u00a0\u00a0\u00a0\u00a0\u00a0\u00a0\u00a0\u00a0\u00a0\u00a0\u00a0\u00a0\u00a0\u00a0\u00a0\u00a0\u00a0\u00a0\u00a0\u00a0\u00a0\u00a0\u00a0\u00a0\u00a0\u00a0\u00a0\u00a0\u00a0\u00a0\u00a0\u00a0\u00a0\u00a0\u00a0\u00a0\u00a0\u00a0\u00a0\u00a0\u00a0\u00a0\u00a0\u00a0\u00a0\u00a0\u00a0\u00a0\u00a0\u00a0\u00a0\u00a0\u00a0\u00a0\u00a0\u00a0\u00a0\u00a0Im\u00e1gen de San Sebasti\u00e1n<\/p>\n<p>&nbsp;<\/p>\n<p><strong>Art\u00edculo editado por Corporaci\u00f3n de Medios de Andaluc\u00eda y el Ayuntamiento de Atarfe, coordinado por Jos\u00e9 Enrique Granados y tiene por nombre \u00abAtarfe en el papel\u00bb<\/strong><\/p>\n<p>FOTO: JAVIER PARDO<\/p>\n","protected":false},"excerpt":{"rendered":"<p>La historia del Cristianismo en nuestra tierra va forzosamente unida a la historia de la&#8230;<\/p>\n","protected":false},"author":1,"featured_media":66093,"comment_status":"closed","ping_status":"closed","sticky":false,"template":"","format":"standard","meta":{"_coblocks_attr":"","_coblocks_dimensions":"","_coblocks_responsive_height":"","_coblocks_accordion_ie_support":"","jetpack_post_was_ever_published":false,"_jetpack_newsletter_access":"","_jetpack_dont_email_post_to_subs":false,"_jetpack_newsletter_tier_id":0,"_jetpack_memberships_contains_paywalled_content":false,"_jetpack_memberships_contains_paid_content":false,"footnotes":"","jetpack_publicize_message":"","jetpack_publicize_feature_enabled":true,"jetpack_social_post_already_shared":true,"jetpack_social_options":{"image_generator_settings":{"template":"highway","default_image_id":0,"enabled":false},"version":2}},"categories":[1225,186,44],"tags":[],"class_list":["post-66088","post","type-post","status-publish","format-standard","has-post-thumbnail","hentry","category-ha-de-atarfe","category-instituciones","category-noticias-de-hoy"],"jetpack_publicize_connections":[],"jetpack_featured_media_url":"https:\/\/i0.wp.com\/miradordeatarfe.es\/wp-content\/uploads\/2023\/12\/iglesia-de-la-encarnacion.webp?fit=768%2C576&ssl=1","jetpack_likes_enabled":true,"jetpack_sharing_enabled":true,"_links":{"self":[{"href":"https:\/\/miradordeatarfe.es\/index.php?rest_route=\/wp\/v2\/posts\/66088","targetHints":{"allow":["GET"]}}],"collection":[{"href":"https:\/\/miradordeatarfe.es\/index.php?rest_route=\/wp\/v2\/posts"}],"about":[{"href":"https:\/\/miradordeatarfe.es\/index.php?rest_route=\/wp\/v2\/types\/post"}],"author":[{"embeddable":true,"href":"https:\/\/miradordeatarfe.es\/index.php?rest_route=\/wp\/v2\/users\/1"}],"replies":[{"embeddable":true,"href":"https:\/\/miradordeatarfe.es\/index.php?rest_route=%2Fwp%2Fv2%2Fcomments&post=66088"}],"version-history":[{"count":3,"href":"https:\/\/miradordeatarfe.es\/index.php?rest_route=\/wp\/v2\/posts\/66088\/revisions"}],"predecessor-version":[{"id":66095,"href":"https:\/\/miradordeatarfe.es\/index.php?rest_route=\/wp\/v2\/posts\/66088\/revisions\/66095"}],"wp:featuredmedia":[{"embeddable":true,"href":"https:\/\/miradordeatarfe.es\/index.php?rest_route=\/wp\/v2\/media\/66093"}],"wp:attachment":[{"href":"https:\/\/miradordeatarfe.es\/index.php?rest_route=%2Fwp%2Fv2%2Fmedia&parent=66088"}],"wp:term":[{"taxonomy":"category","embeddable":true,"href":"https:\/\/miradordeatarfe.es\/index.php?rest_route=%2Fwp%2Fv2%2Fcategories&post=66088"},{"taxonomy":"post_tag","embeddable":true,"href":"https:\/\/miradordeatarfe.es\/index.php?rest_route=%2Fwp%2Fv2%2Ftags&post=66088"}],"curies":[{"name":"wp","href":"https:\/\/api.w.org\/{rel}","templated":true}]}}