{"id":66096,"date":"2023-12-29T11:00:20","date_gmt":"2023-12-29T10:00:20","guid":{"rendered":"https:\/\/miradordeatarfe.es\/?p=66096"},"modified":"2023-12-28T11:04:08","modified_gmt":"2023-12-28T10:04:08","slug":"atarfe-concierto-de-ano-nuevo-4","status":"publish","type":"post","link":"https:\/\/miradordeatarfe.es\/?p=66096","title":{"rendered":"ATARFE: CONCIERTO DE A\u00d1O NUEVO"},"content":{"rendered":"<div id=\":pc\" class=\"ii gt\">\n<div id=\":pd\" class=\"a3s aiL \">\n<div dir=\"auto\">\n<h3 dir=\"auto\">La Banda Sinf\u00f3nica Municipal de M\u00fasica Ciudad Atarfe se marc\u00f3 el prop\u00f3sito de entrar en 2024 llenos de magia, y que mejor forma de experimentar la magia que con un <strong>\u201cTributo a Harry Potter\u201d.\u00a0<\/strong><\/h3>\n<div dir=\"auto\">El pr\u00f3ximo <strong>d\u00eda 2 de Enero de 2024 a las 20:00h tendr\u00e1 lugar en el Centro Cultural Medina Elvira de Atarfe \u2013<\/strong> Granada un concierto en el que se interpretar\u00e1n las diferentes melod\u00edas que han marcado las historias del tan reconocido mago. <\/div>\n<div dir=\"auto\">\u00a0<\/div>\n<div dir=\"auto\">Un CONCIERTO asombroso y trepidante para que peque\u00f1os y grandes puedan disfrutar de la m\u00fasica de las pel\u00edculas de este personaje. Acomp\u00e1\u00f1anos en el tributo al mago m\u00e1s conocido del planeta. \u00a1No te pierdas este concierto de el espect\u00e1culo cultural del Concierto de A\u00f1o Nuevo-Tributo Harry Potter-BSMCA Tienes que verlo para poder creerlo&#8230;\u00a1\u00a1Os esperamos!!<\/div>\n<div dir=\"auto\">\u00a0<\/div>\n<div dir=\"auto\">Puede comprar su entrada en:<\/div>\n<div dir=\"auto\"><a href=\"https:\/\/www.giglon.com\/evento\/concierto-de-ano-nuevo-tributo-harry-potter-bsmca\" target=\"_blank\" rel=\"noopener\" data-saferedirecturl=\"https:\/\/www.google.com\/url?q=https:\/\/www.giglon.com\/evento\/concierto-de-ano-nuevo-tributo-harry-potter-bsmca&amp;source=gmail&amp;ust=1703832138511000&amp;usg=AOvVaw18ya82f4PbsnJeP36Vy1uf\">https:\/\/www.giglon.com\/evento\/<wbr \/>concierto-de-ano-nuevo-<wbr \/>tributo-harry-potter-bsmca<\/a><\/div>\n<\/div>\n<div dir=\"auto\">\u00a0<\/div>\n<div class=\"yj6qo\"><a href=\"https:\/\/i0.wp.com\/miradordeatarfe.es\/wp-content\/uploads\/2023\/12\/concierto-ano-nuevo-2024.jpg?ssl=1\"><img data-recalc-dims=\"1\" loading=\"lazy\" decoding=\"async\" class=\"alignnone wp-image-66098 size-full\" src=\"https:\/\/i0.wp.com\/miradordeatarfe.es\/wp-content\/uploads\/2023\/12\/concierto-ano-nuevo-2024.jpg?resize=640%2C905&#038;ssl=1\" alt=\"\" width=\"640\" height=\"905\" srcset=\"https:\/\/i0.wp.com\/miradordeatarfe.es\/wp-content\/uploads\/2023\/12\/concierto-ano-nuevo-2024.jpg?w=720&amp;ssl=1 720w, https:\/\/i0.wp.com\/miradordeatarfe.es\/wp-content\/uploads\/2023\/12\/concierto-ano-nuevo-2024.jpg?resize=212%2C300&amp;ssl=1 212w\" sizes=\"auto, (max-width: 640px) 100vw, 640px\" \/><\/a><\/div>\n<div class=\"adL\">\u00a0<\/div>\n<\/div>\n<\/div>\n<div id=\":tn\" class=\"hq gt\">\n<div class=\"hp\">\u00a0<\/div>\n<\/div>\n","protected":false},"excerpt":{"rendered":"<p>La Banda Sinf\u00f3nica Municipal de M\u00fasica Ciudad Atarfe se marc\u00f3 el prop\u00f3sito de entrar en&#8230;<\/p>\n","protected":false},"author":1,"featured_media":66097,"comment_status":"closed","ping_status":"closed","sticky":false,"template":"","format":"standard","meta":{"_coblocks_attr":"","_coblocks_dimensions":"","_coblocks_responsive_height":"","_coblocks_accordion_ie_support":"","jetpack_post_was_ever_published":false,"_jetpack_newsletter_access":"","_jetpack_dont_email_post_to_subs":false,"_jetpack_newsletter_tier_id":0,"_jetpack_memberships_contains_paywalled_content":false,"_jetpack_memberships_contains_paid_content":false,"footnotes":"","jetpack_publicize_message":"","jetpack_publicize_feature_enabled":true,"jetpack_social_post_already_shared":true,"jetpack_social_options":{"image_generator_settings":{"template":"highway","default_image_id":0,"enabled":false},"version":2}},"categories":[12,186,44],"tags":[],"class_list":["post-66096","post","type-post","status-publish","format-standard","has-post-thumbnail","hentry","category-cultura","category-instituciones","category-noticias-de-hoy"],"jetpack_publicize_connections":[],"jetpack_featured_media_url":"https:\/\/i0.wp.com\/miradordeatarfe.es\/wp-content\/uploads\/2023\/12\/FB_IMG_1703708466453.jpg?fit=686%2C466&ssl=1","jetpack_likes_enabled":true,"jetpack_sharing_enabled":true,"_links":{"self":[{"href":"https:\/\/miradordeatarfe.es\/index.php?rest_route=\/wp\/v2\/posts\/66096","targetHints":{"allow":["GET"]}}],"collection":[{"href":"https:\/\/miradordeatarfe.es\/index.php?rest_route=\/wp\/v2\/posts"}],"about":[{"href":"https:\/\/miradordeatarfe.es\/index.php?rest_route=\/wp\/v2\/types\/post"}],"author":[{"embeddable":true,"href":"https:\/\/miradordeatarfe.es\/index.php?rest_route=\/wp\/v2\/users\/1"}],"replies":[{"embeddable":true,"href":"https:\/\/miradordeatarfe.es\/index.php?rest_route=%2Fwp%2Fv2%2Fcomments&post=66096"}],"version-history":[{"count":1,"href":"https:\/\/miradordeatarfe.es\/index.php?rest_route=\/wp\/v2\/posts\/66096\/revisions"}],"predecessor-version":[{"id":66099,"href":"https:\/\/miradordeatarfe.es\/index.php?rest_route=\/wp\/v2\/posts\/66096\/revisions\/66099"}],"wp:featuredmedia":[{"embeddable":true,"href":"https:\/\/miradordeatarfe.es\/index.php?rest_route=\/wp\/v2\/media\/66097"}],"wp:attachment":[{"href":"https:\/\/miradordeatarfe.es\/index.php?rest_route=%2Fwp%2Fv2%2Fmedia&parent=66096"}],"wp:term":[{"taxonomy":"category","embeddable":true,"href":"https:\/\/miradordeatarfe.es\/index.php?rest_route=%2Fwp%2Fv2%2Fcategories&post=66096"},{"taxonomy":"post_tag","embeddable":true,"href":"https:\/\/miradordeatarfe.es\/index.php?rest_route=%2Fwp%2Fv2%2Ftags&post=66096"}],"curies":[{"name":"wp","href":"https:\/\/api.w.org\/{rel}","templated":true}]}}