{"id":66100,"date":"2024-01-01T11:07:11","date_gmt":"2024-01-01T10:07:11","guid":{"rendered":"https:\/\/miradordeatarfe.es\/?p=66100"},"modified":"2023-12-28T11:29:12","modified_gmt":"2023-12-28T10:29:12","slug":"atarfe-y-sus-hermandades-siglos-xix-xx-por-francisco-pino-ortega-y-jose-antonio-pino-ortega","status":"publish","type":"post","link":"https:\/\/miradordeatarfe.es\/?p=66100","title":{"rendered":"\u00abATARFE Y SUS HERMANDADES (siglos XIX-XX)\u00bb por  Francisco Pino Ortega y Jos\u00e9 Antonio Pino Ortega"},"content":{"rendered":"<h3 style=\"text-align: justify;\">Continuamos y concluimos el trabajo empezado , referente a las hermandades y cofrad\u00edas de oraci\u00f3n<\/h3>\n<p style=\"text-align: justify;\">Cconcluimos el trabajo empezado , referente a las hermandades y cofrad\u00edas de oraci\u00f3n, que comienzan a surgir en Atarfe, tras el par\u00e9ntesis provocado por la invasi\u00f3n musulmana (711- 1492) y que continua la vida cristiana comenzada en el siglo I, con la tradici\u00f3n que habla de los siete varones apost\u00f3licos de los que San Cecilio, es el encargado de la evangelizaci\u00f3n de estas tierras y la\u00a0 fundaci\u00f3n de la Iglesia en Granada.<\/p>\n<p style=\"text-align: justify;\">Vida cristiana que continua con la bula de erecci\u00f3n de diferentes parroquias de Granada y de su \u00e1rea metropolitana, entre ellas, la de Atarfe (octubre de 1501).<\/p>\n<p style=\"text-align: justify;\">Hermandades y cofrad\u00edas de oraci\u00f3n con un origen totalmente devocional y de culto, cuyo principal cometido era dedicarse a la oraci\u00f3n y la asistencia a los diferentes actos religiosos y eventos de la hermandad. De esta forma realizaban una acci\u00f3n social ayudando a los hermanos o hermanas, en especial en el momento del fallecimiento de los mismos, con el fin de poder dar un entierro digno al hermano fallecido. Pose\u00edan unos bienes que eran m\u00e1s bien escasos y que se sit\u00faan en el lugar de la Iglesia donde indica el beneficiado o son custodiados por los hermanos mayores. Y\u00a0 ten\u00edan sus asambleas, reuniones peri\u00f3dicas en junta o asamblea, como m\u00ednimo una vez al a\u00f1o, en la sacrist\u00eda de la Iglesia, con la presencia del cura p\u00e1rroco (nombrado presidente).<\/p>\n<p style=\"text-align: justify;\"><i><strong>Hermandades y Cofrad\u00edas<\/strong> <\/i><\/p>\n<p style=\"text-align: justify;\">Al hablar de las hermandades o cofrad\u00edas de los siglos XIX y XX, nos centramos, m\u00e1s en profundidad, en las dos que se crearon en estas fechas (la hermandad de Ntra. Sra. del Rosario y la hermandad del Sant\u00edsimo Cristo), si bien es cierto que algunas de las que se crearon en los XVII y XVIII, se prolongaron en el tiempo hasta los siglos que tratamos en este art\u00edculo.<\/p>\n<p style=\"text-align: justify;\">Sobre \u00e9stas \u00faltimas nos limitaremos a nombrarlas, ya que hablamos de ellas en el art\u00edculo anterior. De esta forma tenemos las hermandades o cofrad\u00edas que llegan hasta el siglo XIX, la cofrad\u00eda del Sant\u00edsimo Rosario (del 8 de diciembre de 1640 hasta el diez de septiembre de 1827) y las hermandades o cofrad\u00edas que llegan hasta el siglo XX que son: la hermandad del Sant\u00edsimo Sacramento (del siete de abril de 1722 hasta el diecis\u00e9is de abril de 1911), la hermandad de las \u00c1nimas (de 1750 hasta el ocho de abril de 1929) y la hermandad del Se\u00f1or Crucificado (del ocho de septiembre de 1753 hasta el dieciocho de marzo de 1929). Asimismo tenemos cofrad\u00edas que se desconoce su \u00faltima fecha, como es la hermandad del Se\u00f1or San Sebasti\u00e1n, que data de 1758.<\/p>\n<p style=\"text-align: justify;\"><i><strong>Hermandad de Nuestra Se\u00f1ora del Rosario<\/strong> <\/i><\/p>\n<p style=\"text-align: justify;\">[del veintis\u00e9is de octubre de 1812 al seis de octubre de 1872]\u00a0 Hermandad que se rigi\u00f3 por la reproducci\u00f3n de sus constituciones realizada el 26 de octubre de 1812, a convocatoria del p\u00e1rroco, tras petici\u00f3n del escribano de la propia hermandad, ya que el libro original de las constituciones fue destruido a causa de la invasi\u00f3n de los franceses. En este nuevo libro se recoge la reproducci\u00f3n de las constituciones y la relaci\u00f3n de bienes de la hermandad que existieron y en posesi\u00f3n de los hermanos mayores. Como obligaci\u00f3n ten\u00edan impuesta la de salir todo el a\u00f1o despu\u00e9s de la oraci\u00f3n, y en d\u00edas festivos, para rezar el Santo Rosario en voz alta por la calle \u201c<i>&#8230;sufriendo multa en caso de no cumplir con esta u <\/i><i>otras obligaciones<\/i>\u201d.<\/p>\n<p style=\"text-align: justify;\">La \u00faltima anotaci\u00f3n sobre esta hermandad corresponde al d\u00eda 6 de octubre de 1872, en la que se recoge el dinero recaudado, el gastado y el que queda. Despu\u00e9s de esta anotaci\u00f3n, no aparece nada m\u00e1s referente a esta hermandad.<\/p>\n<p style=\"text-align: justify;\"><a href=\"https:\/\/i0.wp.com\/miradordeatarfe.es\/wp-content\/uploads\/2023\/12\/procesion-del-santisimo.png?ssl=1\"><img data-recalc-dims=\"1\" loading=\"lazy\" decoding=\"async\" class=\"alignnone wp-image-66101 size-full\" src=\"https:\/\/i0.wp.com\/miradordeatarfe.es\/wp-content\/uploads\/2023\/12\/procesion-del-santisimo.png?resize=325%2C482&#038;ssl=1\" alt=\"\" width=\"325\" height=\"482\" srcset=\"https:\/\/i0.wp.com\/miradordeatarfe.es\/wp-content\/uploads\/2023\/12\/procesion-del-santisimo.png?w=325&amp;ssl=1 325w, https:\/\/i0.wp.com\/miradordeatarfe.es\/wp-content\/uploads\/2023\/12\/procesion-del-santisimo.png?resize=202%2C300&amp;ssl=1 202w\" sizes=\"auto, (max-width: 325px) 100vw, 325px\" \/>\u00a0\u00a0\u00a0\u00a0\u00a0\u00a0\u00a0\u00a0\u00a0\u00a0\u00a0\u00a0\u00a0\u00a0\u00a0\u00a0\u00a0\u00a0\u00a0\u00a0\u00a0\u00a0\u00a0\u00a0\u00a0\u00a0\u00a0\u00a0\u00a0\u00a0\u00a0\u00a0\u00a0\u00a0\u00a0\u00a0\u00a0\u00a0 <\/a><a href=\"https:\/\/i0.wp.com\/miradordeatarfe.es\/wp-content\/uploads\/2023\/12\/nuestra-senora-rosario.png?ssl=1\"><img data-recalc-dims=\"1\" loading=\"lazy\" decoding=\"async\" class=\"alignnone wp-image-66102 size-full\" src=\"https:\/\/i0.wp.com\/miradordeatarfe.es\/wp-content\/uploads\/2023\/12\/nuestra-senora-rosario.png?resize=327%2C477&#038;ssl=1\" alt=\"\" width=\"327\" height=\"477\" srcset=\"https:\/\/i0.wp.com\/miradordeatarfe.es\/wp-content\/uploads\/2023\/12\/nuestra-senora-rosario.png?w=327&amp;ssl=1 327w, https:\/\/i0.wp.com\/miradordeatarfe.es\/wp-content\/uploads\/2023\/12\/nuestra-senora-rosario.png?resize=206%2C300&amp;ssl=1 206w\" sizes=\"auto, (max-width: 327px) 100vw, 327px\" \/><\/a><\/p>\n<p style=\"text-align: justify;\"><i><strong>Hermandad del Sant\u00edsimo Cristo<\/strong> <\/i><\/p>\n<p style=\"text-align: justify;\">[del veinte y uno de marzo de 1804 hasta el veinte de noviembre de 1927]<\/p>\n<p style=\"text-align: justify;\"><i>\u201cPara honra y gloria de Dios nuestro se\u00f1or, y de su sant\u00edsima <\/i><i>madre, la Virgen sant\u00edsima Mar\u00eda Se\u00f1ora Nuestra, concebida <\/i><i>sin mancha del pecado original y el Sant\u00edsimo Cristo Crucificado <\/i><i>y descanso de las Benditas \u00c1nimas del Purgatorio, diferentes <\/i><i>vecinos de este lugar de Atarfe queremos, en su Iglesia fundar una\u00a0 <\/i><i>Hermandad del Se\u00f1or Crucificado, y para su conservaci\u00f3n y buen <\/i><i>gobierno ordenamos y disponemos las Constituciones&#8230;\u201d <\/i><\/p>\n<p style=\"text-align: justify;\">De esta forma comienza su andadura esta hermandad que constar\u00e1 de 37 hermanos, cuya fiesta principal ser\u00e1 el 14 de septiembre de cada a\u00f1o, festividad de la Exaltaci\u00f3n de la Sant\u00edsima Cruz. Y que asistir\u00e1 a las procesiones de Jueves y Viernes Santo.<\/p>\n<p style=\"text-align: justify;\">El 21 de octubre de 1804 celebra su primer cabildo en el que se denomina a la hermandad \u201c<i>Hermandad del <\/i><i>Sant\u00edsimo Cristo de la Salud<\/i>\u201d. El \u00faltimo cabildo anotado es de 25 de marzo de 1902. Sin embargo, el 20 de noviembre de 1927 se recoge un listado de nombres de los hermanos que forman parte de la hermandad.<\/p>\n<p style=\"text-align: justify;\"><i><strong>Santa Ana<\/strong> <\/i><\/p>\n<p style=\"text-align: justify;\">[desde el cinco de abril de 1609]<\/p>\n<p style=\"text-align: justify;\">La primera noticia escrita que tenemos, la encontramos en su <i>Libro de Cuentas e Inventarios,<\/i> y data del cinco de abril de 1609. En \u00e9l se nos dice c\u00f3mo se construye la actual ermita: <i>\u201c\u2026a cinco d\u00edas del mes de abril de mil seiscientos y nueve a\u00f1os <\/i><i>(05\/04\/1609) [\u2026] dixeron que por quanto en el dicho lugar an <\/i><i>fecho de limosna una ermita a la se\u00f1ora Santa anna y falta por <\/i><i>acabar [\u2026] es necesario un mayordomo que cuide de las limosnas <\/i><i>y obra y para ello nombraron a Bartolom\u00e9 S\u00e1nchez (\u2026) \u2026\u201d <\/i><\/p>\n<p style=\"text-align: justify;\">Este libro se mand\u00f3 escribir nuevamente el 06 de julio de 1769, siendo Capell\u00e1n por nombramiento de la ermita de la Santa el Se\u00f1or Don Francisco (\u2026) y Comisarios Don Francisco (\u2026), escribano, y Don Francisco de (\u2026), vecinos del lugar.<\/p>\n<p style=\"text-align: justify;\">Por la fecha de creaci\u00f3n, podemos ver que la devoci\u00f3n por la Patrona de Atarfe se remonta como m\u00ednimo al siglo XVII, llevando incluso a aportar suficientes limosnas como para poder construir una ermita dedicada a la misma.<\/p>\n<p style=\"text-align: justify;\"><i>Colof\u00f3n <\/i><\/p>\n<p style=\"text-align: justify;\">Es de destacar la existencia de unos personajes comunes a la mayor\u00eda de las cofrad\u00edas o hermandades de las que hemos ido hablando, personajes denominados popularmente como Seises o Piostres. En resumen, podemos indicar que estas figuras son unos seis (de ah\u00ed lo de seises) hermanos adultos, o incluso pod\u00edan ser ni\u00f1os, bien hermanos o bien hijos de hermanos, cuya funci\u00f3n dentro de la propia hermandad era la de avisar a todos los hermanos cuando se produce un acontecimiento destacable, como puede ser la defunci\u00f3n de un hermano o la convocatoria a asamblea.<\/p>\n<p style=\"text-align: justify;\"><a href=\"https:\/\/i0.wp.com\/miradordeatarfe.es\/wp-content\/uploads\/2023\/12\/jesus-naczareno.png?ssl=1\"><img data-recalc-dims=\"1\" loading=\"lazy\" decoding=\"async\" class=\"alignnone wp-image-66103 \" src=\"https:\/\/i0.wp.com\/miradordeatarfe.es\/wp-content\/uploads\/2023\/12\/jesus-naczareno.png?resize=321%2C461&#038;ssl=1\" alt=\"\" width=\"321\" height=\"461\" srcset=\"https:\/\/i0.wp.com\/miradordeatarfe.es\/wp-content\/uploads\/2023\/12\/jesus-naczareno.png?w=302&amp;ssl=1 302w, https:\/\/i0.wp.com\/miradordeatarfe.es\/wp-content\/uploads\/2023\/12\/jesus-naczareno.png?resize=209%2C300&amp;ssl=1 209w\" sizes=\"auto, (max-width: 321px) 100vw, 321px\" \/>\u00a0\u00a0\u00a0\u00a0\u00a0\u00a0\u00a0\u00a0\u00a0\u00a0\u00a0\u00a0\u00a0\u00a0\u00a0\u00a0 <\/a><a href=\"https:\/\/i0.wp.com\/miradordeatarfe.es\/wp-content\/uploads\/2023\/12\/libro-de-cuentas-santa-ana.png?ssl=1\"><img data-recalc-dims=\"1\" loading=\"lazy\" decoding=\"async\" class=\"alignnone wp-image-66104 \" src=\"https:\/\/i0.wp.com\/miradordeatarfe.es\/wp-content\/uploads\/2023\/12\/libro-de-cuentas-santa-ana.png?resize=341%2C446&#038;ssl=1\" alt=\"\" width=\"341\" height=\"446\" srcset=\"https:\/\/i0.wp.com\/miradordeatarfe.es\/wp-content\/uploads\/2023\/12\/libro-de-cuentas-santa-ana.png?w=295&amp;ssl=1 295w, https:\/\/i0.wp.com\/miradordeatarfe.es\/wp-content\/uploads\/2023\/12\/libro-de-cuentas-santa-ana.png?resize=229%2C300&amp;ssl=1 229w\" sizes=\"auto, (max-width: 341px) 100vw, 341px\" \/><\/a><\/p>\n<p style=\"text-align: justify;\"><strong>Art\u00edculo editado por Corporaci\u00f3n de Medios de Andaluc\u00eda y el Ayuntamiento de Atarfe, coordinado por Jos\u00e9 Enrique Granados y tiene por nombre \u00abAtarfe en el papel\u00bb<\/strong><\/p>\n<p style=\"text-align: justify;\">\u00a0<\/p>\n","protected":false},"excerpt":{"rendered":"<p>Continuamos y concluimos el trabajo empezado , referente a las hermandades y cofrad\u00edas de oraci\u00f3n&#8230;<\/p>\n","protected":false},"author":1,"featured_media":66105,"comment_status":"closed","ping_status":"closed","sticky":false,"template":"","format":"standard","meta":{"_coblocks_attr":"","_coblocks_dimensions":"","_coblocks_responsive_height":"","_coblocks_accordion_ie_support":"","jetpack_post_was_ever_published":false,"_jetpack_newsletter_access":"","_jetpack_dont_email_post_to_subs":false,"_jetpack_newsletter_tier_id":0,"_jetpack_memberships_contains_paywalled_content":false,"_jetpack_memberships_contains_paid_content":false,"footnotes":"","jetpack_publicize_message":"","jetpack_publicize_feature_enabled":true,"jetpack_social_post_already_shared":true,"jetpack_social_options":{"image_generator_settings":{"template":"highway","default_image_id":0,"enabled":false},"version":2}},"categories":[1225,186,44],"tags":[],"class_list":["post-66100","post","type-post","status-publish","format-standard","has-post-thumbnail","hentry","category-ha-de-atarfe","category-instituciones","category-noticias-de-hoy"],"jetpack_publicize_connections":[],"jetpack_featured_media_url":"https:\/\/i0.wp.com\/miradordeatarfe.es\/wp-content\/uploads\/2023\/12\/IGLESIA.webp?fit=768%2C513&ssl=1","jetpack_likes_enabled":true,"jetpack_sharing_enabled":true,"_links":{"self":[{"href":"https:\/\/miradordeatarfe.es\/index.php?rest_route=\/wp\/v2\/posts\/66100","targetHints":{"allow":["GET"]}}],"collection":[{"href":"https:\/\/miradordeatarfe.es\/index.php?rest_route=\/wp\/v2\/posts"}],"about":[{"href":"https:\/\/miradordeatarfe.es\/index.php?rest_route=\/wp\/v2\/types\/post"}],"author":[{"embeddable":true,"href":"https:\/\/miradordeatarfe.es\/index.php?rest_route=\/wp\/v2\/users\/1"}],"replies":[{"embeddable":true,"href":"https:\/\/miradordeatarfe.es\/index.php?rest_route=%2Fwp%2Fv2%2Fcomments&post=66100"}],"version-history":[{"count":2,"href":"https:\/\/miradordeatarfe.es\/index.php?rest_route=\/wp\/v2\/posts\/66100\/revisions"}],"predecessor-version":[{"id":66107,"href":"https:\/\/miradordeatarfe.es\/index.php?rest_route=\/wp\/v2\/posts\/66100\/revisions\/66107"}],"wp:featuredmedia":[{"embeddable":true,"href":"https:\/\/miradordeatarfe.es\/index.php?rest_route=\/wp\/v2\/media\/66105"}],"wp:attachment":[{"href":"https:\/\/miradordeatarfe.es\/index.php?rest_route=%2Fwp%2Fv2%2Fmedia&parent=66100"}],"wp:term":[{"taxonomy":"category","embeddable":true,"href":"https:\/\/miradordeatarfe.es\/index.php?rest_route=%2Fwp%2Fv2%2Fcategories&post=66100"},{"taxonomy":"post_tag","embeddable":true,"href":"https:\/\/miradordeatarfe.es\/index.php?rest_route=%2Fwp%2Fv2%2Ftags&post=66100"}],"curies":[{"name":"wp","href":"https:\/\/api.w.org\/{rel}","templated":true}]}}