{"id":66108,"date":"2023-12-30T10:15:43","date_gmt":"2023-12-30T09:15:43","guid":{"rendered":"https:\/\/miradordeatarfe.es\/?p=66108"},"modified":"2023-12-30T10:33:13","modified_gmt":"2023-12-30T09:33:13","slug":"50-asesinatos-machistas-de-hijos-de-victimas-en-una-decada-su-cometido-fue-matarme-a-mi-en-vida","status":"publish","type":"post","link":"https:\/\/miradordeatarfe.es\/?p=66108","title":{"rendered":"50 asesinatos machistas de hijos de v\u00edctimas en una d\u00e9cada: \u201cSu cometido fue matarme a m\u00ed en vida\u201d"},"content":{"rendered":"<h3>Aunque una parte de los cr\u00edmenes son para hacer el mayor da\u00f1o a la madre y en otros casos el padre mata tambi\u00e9n a las mujeres, en todos emerge un trasfondo de dominaci\u00f3n y poder masculino, que considera a la prole de su propiedad, analizan las expertas.<\/h3>\n<div class=\"second-col\">\n<p class=\"article-text\" style=\"text-align: justify;\">\u201c\u00bfPuedes venir a por m\u00ed?\u201d. Fue el mensaje que Jordi le envi\u00f3 desde el m\u00f3vil a su madre a las 14.04 del 3 de abril de 2022 desde casa de su padre. Poco antes, el hombre, que ten\u00eda una orden de alejamiento de la mujer, hab\u00eda cogido dos cuchillos de la cocina y le hab\u00eda dicho a su hijo \u201cvoy a por ti\u201d. \u201cPap\u00e1, pap\u00e1, no se lo dir\u00e9 a mam\u00e1\u201d contest\u00f3 \u00e9l antes de escribir el mensaje. Jos\u00e9 Antonio A.C comenz\u00f3 entonces a acuchillarle dej\u00e1ndole antes coger la llamada de su madre, que llam\u00f3 presintiendo que a su hijo le pasaba algo. As\u00ed, \u201ccon la intenci\u00f3n de causar el mayor da\u00f1o posible\u201d a M\u00aa Dolores, el hombre permiti\u00f3 que ella escuchara el auxilio del ni\u00f1o: Jordi, de once a\u00f1os, solo pudo decir \u201ccon un grito desgarrador &#8216;mam\u00e1aaaaa&#8217;\u201d y acto seguido el tel\u00e9fono se apag\u00f3.<\/p>\n<p class=\"article-text\" style=\"text-align: justify;\">Es el relato que hace la fiscal Rosa Guiralt en sus conclusiones provisionales, a las que ha tenido acceso elDiario.es, sobre el asesinato del menor en el municipio valenciano de Sueca a manos de su padre, que le asest\u00f3 27 cuchilladas. Estaba previsto que el juicio diera comienzo esta semana, pero ha sido suspendido hasta despu\u00e9s de las fiestas navide\u00f1as. El de Jordi fue uno de los 50 casos de hijos e hijas de v\u00edctimas de violencia de g\u00e9nero asesinados por hombres, la inmensa mayor\u00eda sus propios padres, desde 2013, cuando estos cr\u00edmenes salieron de la invisibilidad y empezaron a contabilizarse oficialmente.<\/p>\n<div class=\"edi-advertising ad__no-dotted ad__no-legend ad-desktop-intext hide-in-mobile\" style=\"text-align: justify;\">\n<div class=\"advertising-wrapper\">\u00a0<\/div>\n<\/div>\n<p class=\"article-text\" style=\"text-align: justify;\">De ellos, una parte responden <a class=\"link\" href=\"https:\/\/www.eldiario.es\/sociedad\/dar-duele-violencia-vicaria-agresores-machistas-redoblar-dano-padre_1_7933871.html\" data-mrf-recirculation=\"links-noticia\" data-mrf-link=\"https:\/\/www.eldiario.es\/sociedad\/dar-duele-violencia-vicaria-agresores-machistas-redoblar-dano-padre_1_7933871.html\">a la llamada violencia vicaria<\/a>: cuando el agresor utiliza a los hijos y llega incluso a matarles para hacer da\u00f1o a la madre. El caso de Sueca es paradigm\u00e1tico: la Fiscal\u00eda describe c\u00f3mo Jos\u00e9 Antonio A.C ejerci\u00f3 durante a\u00f1os violencia de g\u00e9nero contra M\u00aa Dolores, a la que someti\u00f3 desde 2004 \u201ca una situaci\u00f3n de constante control y ejercicio de una posici\u00f3n de poder y dominio sobre ella\u201d, seg\u00fan su escrito de conclusiones. La mujer \u201ccay\u00f3 en una profunda soledad social\u201d y \u201chac\u00eda todo lo que \u00e9l quer\u00eda\u201d para no discutir \u2013prosigue\u2013 hasta que el 14 de febrero le dijo a su marido que quer\u00eda divorciarse poniendo como pretexto que se hab\u00eda enamorado de otro hombre. Jos\u00e9 Antonio se levant\u00f3 de la mesa y la agredi\u00f3, seg\u00fan detalla la Fiscal\u00eda.<\/p>\n<p class=\"article-text\" style=\"text-align: justify;\">Un mes despu\u00e9s, tras una segunda agresi\u00f3n y ante una violencia \u201cinsostenible\u201d, M\u00aa Dolores se fue con su hijo al domicilio de sus padres, en Cullera. Comenz\u00f3 entonces el acoso, abunda el escrito fiscal, se presentaba en casa de sus suegros y le insist\u00eda con llamadas y mensajes dici\u00e9ndole que \u201ceran una familia\u201d y que \u201cle hab\u00eda roto la vida\u201d, pero la mujer no volvi\u00f3, insiste la fiscal. Jos\u00e9 Antonio lleg\u00f3 a escribirle a su cu\u00f1ado \u201ctu hermana se ha enamorado de otro hombre, le saldr\u00e1 caro, ahora voy a ser malo y mala persona, que se prepare a tu hermana\u201d, incluyen las conclusiones.<\/p>\n<p class=\"article-text\" style=\"text-align: justify;\">M\u00aa Dolores decidi\u00f3 denunciarle, el hombre fue condenado y se le impuso una orden de alejamiento, pero \u201ccomprendiendo finalmente que la mujer no volver\u00eda m\u00e1s a casa\u201d, relata el Ministerio P\u00fablico, \u201ccomenz\u00f3 a insistir en ver al ni\u00f1o\u201d quien pasaba unas horas con \u00e9l en casa a pesar de que las visitas hab\u00edan sido suspendidas. Sin embargo, solo un mes m\u00e1s tarde de la condena por violencia de g\u00e9nero, otro juzgado diferente dijo todo lo contrario en un proceso paralelo, el de divorcio, que termin\u00f3 con la imposici\u00f3n de una custodia compartida. <a class=\"link\" href=\"https:\/\/www.eldiario.es\/sociedad\/falta-comunicacion-juzgados-mantuvo-visitas-asesino-sueca-hijo-no-volver-pasar_1_8888535.html\" data-mrf-recirculation=\"links-noticia\" data-mrf-link=\"https:\/\/www.eldiario.es\/sociedad\/falta-comunicacion-juzgados-mantuvo-visitas-asesino-sueca-hijo-no-volver-pasar_1_8888535.html\">Nadie se dio cuenta en ese juzgado<\/a> de que el hombre hab\u00eda sido condenado por maltrato.<\/p>\n<p class=\"article-text\" style=\"text-align: justify;\">El caso no solo revela un fallo del sistema, tambi\u00e9n sirve de crudo retrato de la violencia vicaria, un t\u00e9rmino acu\u00f1ado por la psic\u00f3loga y perito forense Sonia Vaccaro, que lo describe as\u00ed: \u201cEl objetivo es da\u00f1ar a la madre, quiere que ella viva para sufrir y en parte se lo dice con amenazas como &#8216;te voy a quitar lo que m\u00e1s quieres&#8217;, lo cual nos est\u00e1 diciendo que para estos hombres los ni\u00f1os son un objeto y est\u00e1n dispuestos a utilizarlos para da\u00f1arlas\u201d.<\/p>\n<p class=\"article-text\" style=\"text-align: justify;\">La primera investigaci\u00f3n sobre este asunto, <a class=\"link\" href=\"https:\/\/www.eldiario.es\/sociedad\/estudio-revela-mitad-asesinatos-ninos-violencia-vicaria-producen-regimen-visitas_1_8890757.html\" data-mrf-recirculation=\"links-noticia\" data-mrf-link=\"https:\/\/www.eldiario.es\/sociedad\/estudio-revela-mitad-asesinatos-ninos-violencia-vicaria-producen-regimen-visitas_1_8890757.html\">publicado en 2022<\/a> por la Asociaci\u00f3n de Mujeres de Psicolog\u00eda Feminista y coordinado por Vaccaro, dibuja una radiograf\u00eda de estos asesinatos: en el 82% de los casos el agresor era su padre biol\u00f3gico y casi la mitad, el 44%, se produjeron durante el r\u00e9gimen de visitas. En el 60% de los casos hubo amenazas previas directas y, al contrario de lo que hizo M\u00aaDolores, la mayor\u00eda no denuncian: solo lo hizo el 24% de las mujeres. Adem\u00e1s, la no aceptaci\u00f3n de la separaci\u00f3n por parte del hombre es una de las causas m\u00e1s comunes desencadenantes del hecho (52%).<\/p>\n<p class=\"article-text\" style=\"text-align: justify;\">El asesinato es la violencia m\u00e1s extrema, pero antes de llegar ah\u00ed suelen darse manifestaciones de esta instrumentalizaci\u00f3n de la infancia a trav\u00e9s de un maltrato cotidiano y habitual. \u201cDesde interrumpirles tratamientos m\u00e9dicos que necesitan a no obligarles a hacer la tarea del colegio, no asearles ni cumplir con reglas m\u00ednimas del cuidado como horarios de comida o sue\u00f1o que s\u00ed suelen tener con la madre o echar gasolina a cualquier conflicto que hayan podido tener con ella. Al final es un intentar competir con la madre a trav\u00e9s de estas estrategias como si diciendo &#8216;me van a preferir a m\u00ed&#8217;\u201d, esgrime Vaccaro, que acaba de publicar <em>Violencia vicaria<\/em>, golpear donde m\u00e1s duele (Descl\u00e9e De Brouwer).<\/p>\n<p class=\"article-text\" style=\"text-align: justify;\">No todos esos 50 asesinatos de hijos e hijas de v\u00edctimas en una d\u00e9cada son violencia vicaria. El \u00faltimo, <a class=\"link\" href=\"https:\/\/www.eldiario.es\/madrid\/policia-investiga-violencia-machista-asesinato-mujer-25-anos-hija-carabanchel_1_10720227.html\" data-mrf-recirculation=\"links-noticia\" data-mrf-link=\"https:\/\/www.eldiario.es\/madrid\/policia-investiga-violencia-machista-asesinato-mujer-25-anos-hija-carabanchel_1_10720227.html\">ocurrido en Carabanchel (Madrid)<\/a>, fue un ataque doble y el agresor acab\u00f3 con la vida tanto de la madre como de la menor, pero s\u00ed son todos \u201casesinatos de g\u00e9nero\u201d, como los califica la exdelegada del Gobierno contra la Violencia de G\u00e9nero Victoria Rosell, que tienen por objetivo \u201cejercer poder y demostrar superioridad\u201d. \u201cCon estos hombres se ve claramente que el arquetipo del <em>pater familias<\/em>, que tiene 2.500 a\u00f1os, sigue vigente y ha llegado hasta nuestros d\u00edas. Ellos se creen due\u00f1os de su prole, de su mujer y sus hijos, a quienes trata como su propiedad privada y decide qui\u00e9n vive y qui\u00e9n muere\u201d, describe Vaccaro.<\/p>\n<h3 class=\"article-text\" style=\"text-align: justify;\">V\u00edctimas hist\u00f3ricamente invisibles<\/h3>\n<p class=\"article-text\" style=\"text-align: justify;\">Cuando Amets y Sara, de nueve y siete a\u00f1os, fueron asesinadas por su padre solo hac\u00eda un a\u00f1o que estas v\u00edctimas mortales eran registradas oficialmente. Ocurri\u00f3 el 27 de noviembre de 2014 en Soto del Barco (Asturias), cuando Jos\u00e9 Ignacio B.A estaba con las ni\u00f1as en su domicilio. B\u00e1rbara Garc\u00eda, su expareja y madre de ambas, hab\u00eda decidido denunciarle en mayo de 2013 por malos tratos psicol\u00f3gicos que comet\u00eda delante de las ni\u00f1as. Nunca le consider\u00f3 violento, pero asegur\u00f3 que \u00e9l le hab\u00eda amenazado con \u201cquitarle la casa y las hijas\u201d si le dejaba. La valoraci\u00f3n policial de riesgo fue &#8216;no apreciado&#8217; y el juez archiv\u00f3 la denuncia.<\/p>\n<p class=\"article-text\" style=\"text-align: justify;\">As\u00ed consta en el an\u00e1lisis de casos elaborado por el Consejo General del Poder Judicial y as\u00ed lo cuenta B\u00e1rbara nueve a\u00f1os m\u00e1s tarde: \u201cDespu\u00e9s de la denuncia desapareci\u00f3 diez meses y apareci\u00f3 con que quer\u00eda ver a las cr\u00edas. Ellas no quer\u00edan verlo y no las entregu\u00e9 el primer d\u00eda que ten\u00eda visitas y me denunci\u00f3. Apareci\u00f3 en septiembre de 2014 y mira lo que tard\u00f3 hasta noviembre\u201d, dice en referencia al asesinato, que cometi\u00f3 con una barra de hierro envuelta en papel de regalo antes de suicidarse. Sabe que el objetivo de su expareja era hacerle a ella el mayor da\u00f1o posible. Y lo consigui\u00f3: \u201cSu cometido fue matarme a m\u00ed en vida\u201d, afirma.<\/p>\n<p class=\"article-text\" style=\"text-align: justify;\">En aquel momento ni siquiera los hijos e hijas de las mujeres que sufren violencia de g\u00e9nero eran considerados v\u00edctimas directas, algo que ocurri\u00f3 en 2015. Pero no fue hasta 2019 cuando el protocolo de valoraci\u00f3n policial del riesgo de las denunciantes <a class=\"link\" href=\"https:\/\/www.eldiario.es\/sociedad\/policia-destacara-violencia-machista-percibido_1_1855204.html\" data-mrf-recirculation=\"links-noticia\" data-mrf-link=\"https:\/\/www.eldiario.es\/sociedad\/policia-destacara-violencia-machista-percibido_1_1855204.html\">empez\u00f3 a incorporar a los menores<\/a>. El Ministerio del Interior lo hizo unos meses despu\u00e9s de que Nerea y Martina, de seis y dos a\u00f1os, fueran asesinadas por su padre, Ricardo Carrascosa, en Castell\u00f3n, un caso en el que <a class=\"link\" href=\"https:\/\/www.eldiario.es\/sociedad\/reconoce-fallo-global-asume-responsabilidad-no-proteger-ninas-asesinadas-padre_1_8609029.html\" data-mrf-recirculation=\"links-noticia\" data-mrf-link=\"https:\/\/www.eldiario.es\/sociedad\/reconoce-fallo-global-asume-responsabilidad-no-proteger-ninas-asesinadas-padre_1_8609029.html\">el Estado ha reconocido \u2013en respuesta a una petici\u00f3n de responsabilidad\u2013 un \u201cfallo global\u201d<\/a> por no haber protegido a las menores a pesar de las repetidas ocasiones en las que su madre, Itziar Prats, denunci\u00f3 ante la justicia temer por la vida de sus hijas.<\/p>\n<p class=\"article-text\" style=\"text-align: justify;\">\u201cA d\u00eda de hoy no espero que Nerea y Martina entren por la puerta de casa y soy consciente de lo que pas\u00f3, pero sigo sin entender por qu\u00e9 la jueza no las tuvo en cuenta ni a ellas ni las pruebas que aportamos y mucho menos que no haya habido una responsabilidad por parte de esta jueza ni del fiscal que evidentemente no las protegieron. Mucho menos entiendo que sigan produci\u00e9ndose asesinatos de ni\u00f1os, ni\u00f1as y mujeres porque no han encontrado la protecci\u00f3n que deben dar las instituciones\u201d, explica Itziar, que ahora reside en Madrid.<\/p>\n<h3 class=\"article-text\" style=\"text-align: justify;\">De regla a excepci\u00f3n<\/h3>\n<p class=\"article-text\" style=\"text-align: justify;\">A las \u201cresistencias que a\u00fan vemos a nivel judicial\u201d a valorar a los hijos e hijas al mismo nivel que a las madres que describe Vaccaro, se une, dice, el \u201ccalvario\u201d que viven las mujeres que sufren violencia de g\u00e9nero pero los menores no son protegidos. Los avances legislativos son una realidad y <a class=\"link\" href=\"https:\/\/www.eldiario.es\/sociedad\/ley-violencia-infancia-nueva-claves_1_7824606.html\" data-mrf-recirculation=\"links-noticia\" data-mrf-link=\"https:\/\/www.eldiario.es\/sociedad\/ley-violencia-infancia-nueva-claves_1_7824606.html\">en 2021 la Ley de Infancia<\/a> estableci\u00f3 que cuando existan \u201cindicios fundados\u201d de que los ni\u00f1os hubieran \u201cpresenciado, sufrido o convivido\u201d con la violencia el juez debe suspender las visitas, una previsi\u00f3n que ha hecho aumentar estas decisiones pero a\u00fan son una minor\u00eda: en 2020 solo se aplic\u00f3 en un 3% de los casos mientras que la cifra ascendi\u00f3 al 12,17% en el tercer trimestre de este a\u00f1o.<\/p>\n<p class=\"article-text\" style=\"text-align: justify;\">\u201cHemos cambiado la regla general. La excepci\u00f3n debe ser que en estos casos haya visitas\u201d, sostiene Rosell, que cree que la falta de aplicaci\u00f3n entronca \u201ccon algo tan profundo como el patriarcado: un prejuicio basado en considerar que en caso de separaci\u00f3n, el inter\u00e9s del menor coincide con estar el m\u00e1ximo tiempo posible con cada uno de los progenitores\u201d, una creencia que \u201cest\u00e1 muy asentada en la sociedad\u201d y que \u201ces err\u00f3nea\u201d frente al inter\u00e9s \u201cque verdaderamente hay que proteger, que es el de una vida libre de violencias\u201d. La exdelegada nombra tambi\u00e9n el veto del falso S\u00edndrome de Alienaci\u00f3n Parental (SAP) como una de las \u00faltimas reformas legislativas, aunque Vaccaro asegura que \u201cse sigue utilizando\u201d.<\/p>\n<p class=\"article-text\" style=\"text-align: justify;\">Pero m\u00e1s all\u00e1 del \u00e1mbito judicial, el periplo de estas mujeres se alarga incluso despu\u00e9s del asesinato de sus propios hijos en un escenario marcado por la disparidad entre comunidades a la hora de concederles las ayudas, a la que se suma una burocracia que muchas veces acaba ahog\u00e1ndolas. B\u00e1rbara solo tuvo derecho a 3.000 euros anuales durante dos a\u00f1os y a una ayuda para pagar el entierro de sus hijas. Ni siquiera lleg\u00f3 a recibir lo que al padre de las ni\u00f1as le quedaba por ingresarle de la pensi\u00f3n acumulada (solo 75 euros al mes por cada menor) que un juez le oblig\u00f3 a pagar tras reaparecer despu\u00e9s de diez meses sin saber de \u00e9l.<\/p>\n<p class=\"article-text\" style=\"text-align: justify;\">\u201cHay cierto olvido social una vez que nos pasa&#8230;Y desamparo institucional\u201d, denuncia la mujer, que al haber sufrido el asesinato de sus hijas en 2014 no lleg\u00f3 a beneficiarse de la incorporaci\u00f3n de la violencia vicaria a la Ley Integral contra la Violencia de G\u00e9nero, que se produjo hace dos a\u00f1os. Rosell explica que las mujeres como B\u00e1rbara han sido \u201cv\u00edctimas de una laguna legislativa\u201d, pero reconoce que la disparidad sigue existiendo. Prats apunta a que, aunque ella sigue recibiendo asistencia psicol\u00f3gica, este apoyo permanente \u201cno existe en muchos sitios\u201d y \u201cse limita a un n\u00famero de sesiones y luego te buscas la vida\u201d.<\/p>\n<p class=\"article-text\" style=\"text-align: justify;\">Una vida que para estas mujeres ha dado un vuelco total ante un vac\u00edo que intentan paliar como pueden. Prats ha cambiado su objetivo vital de \u201cuna atenci\u00f3n plena\u201d a Nerea y Martina a \u201ctratar de que no se produzcan m\u00e1s asesinatos\u201d y la violencia disminuya a trav\u00e9s del proyecto educativo y social <em>El latido de las mariposas<\/em>, impulsado por Isabel Gallardo, y cuyo s\u00edmbolo reconocible es el de las mariposas moradas tejidas. El prop\u00f3sito de B\u00e1rbara es mantener viva la memoria de Amets y Sara: \u201cPara que nadie se olvide de ellas. Me quedo aqu\u00ed para intentar que ellas dejen esa huella que les fue negada y las recuerden como lo que eran, dos ni\u00f1as buenas y felices\u201d.<\/p>\n<p><a href=\"https:\/\/www.eldiario.es\/autores\/marta_borraz\/\" data-mrf-link=\"https:\/\/www.eldiario.es\/autores\/marta_borraz\/\"><strong>Marta Borraz<\/strong><\/a><\/p>\n<p>FOTO: ELDIARIO.ES<\/p>\n<p>https:\/\/www.eldiario.es\/sociedad\/50-asesinatos-machistas-hijos-victimas-decada-cometido-matarme-vida_1_10769617.html?fbclid=IwAR2NLz8eVPTVDuCn1Ra3cuxB_nyu5kRMY41Mjsb0WeLfuvCzvdYjzaIIsTk<\/p>\n<\/div>\n","protected":false},"excerpt":{"rendered":"<p>Aunque una parte de los cr\u00edmenes son para hacer el mayor da\u00f1o a la madre&#8230;<\/p>\n","protected":false},"author":1,"featured_media":66109,"comment_status":"closed","ping_status":"closed","sticky":false,"template":"","format":"standard","meta":{"_coblocks_attr":"","_coblocks_dimensions":"","_coblocks_responsive_height":"","_coblocks_accordion_ie_support":"","jetpack_post_was_ever_published":false,"_jetpack_newsletter_access":"","_jetpack_dont_email_post_to_subs":false,"_jetpack_newsletter_tier_id":0,"_jetpack_memberships_contains_paywalled_content":false,"_jetpack_memberships_contains_paid_content":false,"footnotes":"","jetpack_publicize_message":"","jetpack_publicize_feature_enabled":true,"jetpack_social_post_already_shared":false,"jetpack_social_options":{"image_generator_settings":{"template":"highway","default_image_id":0,"enabled":false},"version":2}},"categories":[1161,14,44],"tags":[],"class_list":["post-66108","post","type-post","status-publish","format-standard","has-post-thumbnail","hentry","category-ciudadania","category-feminismo","category-noticias-de-hoy"],"jetpack_publicize_connections":[],"jetpack_featured_media_url":"https:\/\/i0.wp.com\/miradordeatarfe.es\/wp-content\/uploads\/2023\/12\/cfc00519-658d-4a97-9ba9-ceadc18dcfcb_16-9-discover-aspect-ratio_default_0.webp?fit=1200%2C675&ssl=1","jetpack_likes_enabled":true,"jetpack_sharing_enabled":true,"_links":{"self":[{"href":"https:\/\/miradordeatarfe.es\/index.php?rest_route=\/wp\/v2\/posts\/66108","targetHints":{"allow":["GET"]}}],"collection":[{"href":"https:\/\/miradordeatarfe.es\/index.php?rest_route=\/wp\/v2\/posts"}],"about":[{"href":"https:\/\/miradordeatarfe.es\/index.php?rest_route=\/wp\/v2\/types\/post"}],"author":[{"embeddable":true,"href":"https:\/\/miradordeatarfe.es\/index.php?rest_route=\/wp\/v2\/users\/1"}],"replies":[{"embeddable":true,"href":"https:\/\/miradordeatarfe.es\/index.php?rest_route=%2Fwp%2Fv2%2Fcomments&post=66108"}],"version-history":[{"count":1,"href":"https:\/\/miradordeatarfe.es\/index.php?rest_route=\/wp\/v2\/posts\/66108\/revisions"}],"predecessor-version":[{"id":66110,"href":"https:\/\/miradordeatarfe.es\/index.php?rest_route=\/wp\/v2\/posts\/66108\/revisions\/66110"}],"wp:featuredmedia":[{"embeddable":true,"href":"https:\/\/miradordeatarfe.es\/index.php?rest_route=\/wp\/v2\/media\/66109"}],"wp:attachment":[{"href":"https:\/\/miradordeatarfe.es\/index.php?rest_route=%2Fwp%2Fv2%2Fmedia&parent=66108"}],"wp:term":[{"taxonomy":"category","embeddable":true,"href":"https:\/\/miradordeatarfe.es\/index.php?rest_route=%2Fwp%2Fv2%2Fcategories&post=66108"},{"taxonomy":"post_tag","embeddable":true,"href":"https:\/\/miradordeatarfe.es\/index.php?rest_route=%2Fwp%2Fv2%2Ftags&post=66108"}],"curies":[{"name":"wp","href":"https:\/\/api.w.org\/{rel}","templated":true}]}}