{"id":66111,"date":"2023-12-28T11:00:49","date_gmt":"2023-12-28T10:00:49","guid":{"rendered":"https:\/\/miradordeatarfe.es\/?p=66111"},"modified":"2023-12-28T11:44:30","modified_gmt":"2023-12-28T10:44:30","slug":"campana-de-recogida-selectida-de-residuos-en-atarfe","status":"publish","type":"post","link":"https:\/\/miradordeatarfe.es\/?p=66111","title":{"rendered":"CAMPA\u00d1A DE RECOGIDA SELECTIDA DE RESIDUOS EN ATARFE"},"content":{"rendered":"<div class=\"\" dir=\"auto\">\n<div id=\":r24f:\" class=\"x1iorvi4 x1pi30zi x1l90r2v x1swvt13\" data-ad-comet-preview=\"message\" data-ad-preview=\"message\">\n<div class=\"x78zum5 xdt5ytf xz62fqu x16ldp7u\">\n<div class=\"xu06os2 x1ok221b\">\n<div class=\"x11i5rnm xat24cr x1mh8g0r x1vvkbs xtlvy1s x126k92a\">\n<h3 dir=\"auto\">En estos d\u00edas se pondr\u00e1 a disposici\u00f3n de los Atarfe\u00f1os y Atarfe\u00f1as, un puesto de informaci\u00f3n y concienciaci\u00f3n sobre la separaci\u00f3n de los diferentes residuos que se generan en nuestro pueblo.<\/h3>\n<h3 dir=\"auto\">\u201cATARFE STOP RESIDUOS\u201d.<\/h3>\n<\/div>\n<div class=\"x11i5rnm xat24cr x1mh8g0r x1vvkbs xtlvy1s x126k92a\">\n<div dir=\"auto\">&#8211;<em> MIERCOLES 27:<\/em><\/div>\n<div dir=\"auto\">. Ma\u00f1ana: Calle Real 11:00 a 14:00<\/div>\n<div dir=\"auto\">. Tarde: Talleres navide\u00f1os ( Aparcamiento detr\u00e1s del espacio joven) 17:00 a 21:00<\/div>\n<\/div>\n<div class=\"x11i5rnm xat24cr x1mh8g0r x1vvkbs xtlvy1s x126k92a\">\n<div dir=\"auto\">\u00a0<\/div>\n<div dir=\"auto\"><strong>&#8211; JUEVES 28<\/strong><\/div>\n<div dir=\"auto\">. Ma\u00f1ana: Calle Real 11:00 a 14:00<\/div>\n<div dir=\"auto\">. Tarde: Recogida de Cartas Reyes Magos ( Centro cultural Medina Elvira) 17:00 a 21:00<\/div>\n<div dir=\"auto\">\u00a0<\/div>\n<\/div>\n<div class=\"x11i5rnm xat24cr x1mh8g0r x1vvkbs xtlvy1s x126k92a\">\n<div dir=\"auto\"><strong>&#8211; VIERNES 29<\/strong><\/div>\n<div dir=\"auto\">. Ma\u00f1ana: Calle Real 11:00 a 14:00<\/div>\n<div dir=\"auto\">. Tarde: Pista de hielo ( Aparcamiento detr\u00e1s del espacio joven) 17:00 a 21:00<\/div>\n<div dir=\"auto\">\u00a0<\/div>\n<\/div>\n<div dir=\"auto\"><a href=\"https:\/\/i0.wp.com\/miradordeatarfe.es\/wp-content\/uploads\/2023\/12\/414092557_739687758208742_5076145943028984179_n.jpg?ssl=1\"><img data-recalc-dims=\"1\" loading=\"lazy\" decoding=\"async\" class=\"alignnone wp-image-66112 \" src=\"https:\/\/i0.wp.com\/miradordeatarfe.es\/wp-content\/uploads\/2023\/12\/414092557_739687758208742_5076145943028984179_n.jpg?resize=640%2C304&#038;ssl=1\" alt=\"\" width=\"640\" height=\"304\" srcset=\"https:\/\/i0.wp.com\/miradordeatarfe.es\/wp-content\/uploads\/2023\/12\/414092557_739687758208742_5076145943028984179_n.jpg?w=590&amp;ssl=1 590w, https:\/\/i0.wp.com\/miradordeatarfe.es\/wp-content\/uploads\/2023\/12\/414092557_739687758208742_5076145943028984179_n.jpg?resize=300%2C142&amp;ssl=1 300w\" sizes=\"auto, (max-width: 640px) 100vw, 640px\" \/><\/a><\/div>\n<\/div>\n<div dir=\"auto\">\u00a0<\/div>\n<\/div>\n<\/div>\n<\/div>\n","protected":false},"excerpt":{"rendered":"<p>En estos d\u00edas se pondr\u00e1 a disposici\u00f3n de los Atarfe\u00f1os y Atarfe\u00f1as, un puesto de&#8230;<\/p>\n","protected":false},"author":1,"featured_media":66112,"comment_status":"closed","ping_status":"closed","sticky":false,"template":"","format":"standard","meta":{"_coblocks_attr":"","_coblocks_dimensions":"","_coblocks_responsive_height":"","_coblocks_accordion_ie_support":"","jetpack_post_was_ever_published":false,"_jetpack_newsletter_access":"","_jetpack_dont_email_post_to_subs":false,"_jetpack_newsletter_tier_id":0,"_jetpack_memberships_contains_paywalled_content":false,"_jetpack_memberships_contains_paid_content":false,"footnotes":"","jetpack_publicize_message":"","jetpack_publicize_feature_enabled":true,"jetpack_social_post_already_shared":true,"jetpack_social_options":{"image_generator_settings":{"template":"highway","default_image_id":0,"enabled":false},"version":2}},"categories":[2,186,9,44],"tags":[],"class_list":["post-66111","post","type-post","status-publish","format-standard","has-post-thumbnail","hentry","category-atarfe","category-instituciones","category-medio-ambiente","category-noticias-de-hoy"],"jetpack_publicize_connections":[],"jetpack_featured_media_url":"https:\/\/i0.wp.com\/miradordeatarfe.es\/wp-content\/uploads\/2023\/12\/414092557_739687758208742_5076145943028984179_n.jpg?fit=590%2C280&ssl=1","jetpack_likes_enabled":true,"jetpack_sharing_enabled":true,"_links":{"self":[{"href":"https:\/\/miradordeatarfe.es\/index.php?rest_route=\/wp\/v2\/posts\/66111","targetHints":{"allow":["GET"]}}],"collection":[{"href":"https:\/\/miradordeatarfe.es\/index.php?rest_route=\/wp\/v2\/posts"}],"about":[{"href":"https:\/\/miradordeatarfe.es\/index.php?rest_route=\/wp\/v2\/types\/post"}],"author":[{"embeddable":true,"href":"https:\/\/miradordeatarfe.es\/index.php?rest_route=\/wp\/v2\/users\/1"}],"replies":[{"embeddable":true,"href":"https:\/\/miradordeatarfe.es\/index.php?rest_route=%2Fwp%2Fv2%2Fcomments&post=66111"}],"version-history":[{"count":1,"href":"https:\/\/miradordeatarfe.es\/index.php?rest_route=\/wp\/v2\/posts\/66111\/revisions"}],"predecessor-version":[{"id":66113,"href":"https:\/\/miradordeatarfe.es\/index.php?rest_route=\/wp\/v2\/posts\/66111\/revisions\/66113"}],"wp:featuredmedia":[{"embeddable":true,"href":"https:\/\/miradordeatarfe.es\/index.php?rest_route=\/wp\/v2\/media\/66112"}],"wp:attachment":[{"href":"https:\/\/miradordeatarfe.es\/index.php?rest_route=%2Fwp%2Fv2%2Fmedia&parent=66111"}],"wp:term":[{"taxonomy":"category","embeddable":true,"href":"https:\/\/miradordeatarfe.es\/index.php?rest_route=%2Fwp%2Fv2%2Fcategories&post=66111"},{"taxonomy":"post_tag","embeddable":true,"href":"https:\/\/miradordeatarfe.es\/index.php?rest_route=%2Fwp%2Fv2%2Ftags&post=66111"}],"curies":[{"name":"wp","href":"https:\/\/api.w.org\/{rel}","templated":true}]}}