{"id":66114,"date":"2023-12-29T09:07:43","date_gmt":"2023-12-29T08:07:43","guid":{"rendered":"https:\/\/miradordeatarfe.es\/?p=66114"},"modified":"2023-12-28T12:04:02","modified_gmt":"2023-12-28T11:04:02","slug":"polarizacion-la-palabra-del-ano-segun-fundeurae","status":"publish","type":"post","link":"https:\/\/miradordeatarfe.es\/?p=66114","title":{"rendered":"Polarizaci\u00f3n, la palabra del a\u00f1o seg\u00fan Fund\u00e9uRAE"},"content":{"rendered":"<div class=\"a_e_txt _df\">\n<h3 class=\"a_st\" style=\"text-align: justify;\">La voz que alude a dos opciones muy distanciadas es elegida como el t\u00e9rmino m\u00e1s representativo de 2023 por su presencia en los medios y la evoluci\u00f3n de su significado<\/h3>\n<p class=\"\" style=\"text-align: justify;\">La guerra, que se cierne desde octubre en Oriente Pr\u00f3ximo y que asola Ucrania desde hace casi dos a\u00f1os, era uno de los t\u00e9rminos que la Fundaci\u00f3n del Espa\u00f1ol Urgente (Fund\u00e9uRAE) hab\u00eda se\u00f1alado como candidata a ser la palabra del a\u00f1o que ahora termina. <i>Fentanilo<\/i>, la sustancia que ha provocado una brutal epidemia de drogadicci\u00f3n en Estados Unidos, o la tan discutida <i>amnist\u00eda<\/i> que afectar\u00e1 a los implicados en el <i>proc\u00e9s<\/i>, tambi\u00e9n figuraban en la lista. Pero ha sido <i>polarizaci\u00f3n<\/i> el t\u00e9rmino elegido por \u201csu gran presencia en los medios de comunicaci\u00f3n y la evoluci\u00f3n del significado que ha experimentado\u201d, seg\u00fan anunciaba este mi\u00e9rcoles la instituci\u00f3n en la que participan la Real Academia de la Lengua y la Agencia EFE. Esta es la und\u00e9cima ocasi\u00f3n en que se elige la palabra del a\u00f1o.<\/p>\n<p class=\"\" style=\"text-align: justify;\"><i>Polarizaci\u00f3n<\/i> aparece en el diccionario por primera vez en 1884 y su definici\u00f3n tiene que ver con los polos del globo terr\u00e1queo. \u201cEn los \u00faltimos a\u00f1os, se ha extendido el uso de esta voz para aludir a situaciones en las que hay dos opciones o actividades muy definidas o distanciadas, en ocasiones con las ideas impl\u00edcitas de crispaci\u00f3n y confrontaci\u00f3n\u201d, expone el comunicado. Asimismo, se destaca que su uso excede el campo pol\u00edtico y se aplica tambi\u00e9n al mundo deportivo, ideol\u00f3gico, al debate en las plataformas digitales y, \u201cen general, a cualquier escenario en el que sea habitual el desacuerdo\u201d.<\/p>\n<p class=\"\" style=\"text-align: justify;\">La definici\u00f3n de la palabra no ha cambiado desde el siglo XIX, \u201cno obstante, hace m\u00e1s de un siglo, <i>polarizaci\u00f3n<\/i> inclu\u00eda la marca <i>f\u00edsica<\/i>, que indicaba que era un t\u00e9rmino restringido al lenguaje de esta ciencia, en relaci\u00f3n con los polos\u201d. La extensi\u00f3n de su uso en este 2023 es lo que Fund\u00e9uRAE ha querido destacar. <i>Selfi<\/i> en 2014, <i>aporafobia<\/i> en 2017, <i>emojis<\/i> en 2019, <i>vacuna<\/i> en 2021 o <i>inteligencia artificial<\/i> en 2022 fueron las palabras del a\u00f1o en ocasiones anteriores. Esta iniciativa trata de encontrar el t\u00e9rmino que de alg\u00fan modo define la conversaci\u00f3n p\u00fablica, la palabra m\u00e1s notable o significativa de cuantas han inundado la actualidad en los \u00faltimos 12 meses. Adem\u00e1s de las ya mencionadas, entre las candidatas este a\u00f1o estaban <i>ecosilencio, eur\u00edbor, FANI, fediverso, humanitario, macroincendio, se\u00edsmo <\/i>y <i>ultrafalso.<\/i><\/p>\n<p class=\"\" style=\"text-align: justify;\">De un mundo bipolar, como se defin\u00eda en t\u00e9rminos geoestrat\u00e9gicos el escenario de la Guerra Fr\u00eda tras la II Guerra Mundial, a la polarizaci\u00f3n de las sociedades, los polos han servido para describir el marco pol\u00edtico y la distancia entre dos posturas desde hace d\u00e9cadas. La Fund\u00e9uRAE destaca que ya en 2001 \u201c<i>polarizar<\/i> \u2014y, en consecuencia, <i>polarizaci\u00f3n<\/i>\u2014 se hab\u00eda extendido al lenguaje general tras adquirir el sentido de \u2018orientar en dos direcciones contrapuestas\u2019, ya empleado en \u00e1mbitos muy diversos\u201d.<\/p>\n<\/div>\n<div class=\"a_e_m\">\n<figure class=\"a_m a_m-h \"><span class=\"a_m_w _db\">EL PAIS<br \/>\n<\/span><\/figure>\n<p>FOTO: EFE\/Fund\u00e9uRAE<span class=\"a_m_m\">EFE<\/span><\/p>\n<p>https:\/\/elpais.com\/cultura\/2023-12-27\/polarizacion-la-palabra-del-ano-segun-fundeurae.html<\/p>\n<\/div>\n<p>&nbsp;<\/p>\n","protected":false},"excerpt":{"rendered":"<p>La voz que alude a dos opciones muy distanciadas es elegida como el t\u00e9rmino m\u00e1s&#8230;<\/p>\n","protected":false},"author":1,"featured_media":66115,"comment_status":"closed","ping_status":"closed","sticky":false,"template":"","format":"standard","meta":{"_coblocks_attr":"","_coblocks_dimensions":"","_coblocks_responsive_height":"","_coblocks_accordion_ie_support":"","jetpack_post_was_ever_published":false,"_jetpack_newsletter_access":"","_jetpack_dont_email_post_to_subs":false,"_jetpack_newsletter_tier_id":0,"_jetpack_memberships_contains_paywalled_content":false,"_jetpack_memberships_contains_paid_content":false,"footnotes":"","jetpack_publicize_message":"","jetpack_publicize_feature_enabled":true,"jetpack_social_post_already_shared":true,"jetpack_social_options":{"image_generator_settings":{"template":"highway","default_image_id":0,"enabled":false},"version":2}},"categories":[1161,44,6937],"tags":[],"class_list":["post-66114","post","type-post","status-publish","format-standard","has-post-thumbnail","hentry","category-ciudadania","category-noticias-de-hoy","category-sociedad"],"jetpack_publicize_connections":[],"jetpack_featured_media_url":"https:\/\/i0.wp.com\/miradordeatarfe.es\/wp-content\/uploads\/2023\/12\/Screenshot-2023-12-28-at-12-00-26-Polarizacion-la-palabra-del-ano-segun-FundeuRAE.png?fit=963%2C457&ssl=1","jetpack_likes_enabled":true,"jetpack_sharing_enabled":true,"_links":{"self":[{"href":"https:\/\/miradordeatarfe.es\/index.php?rest_route=\/wp\/v2\/posts\/66114","targetHints":{"allow":["GET"]}}],"collection":[{"href":"https:\/\/miradordeatarfe.es\/index.php?rest_route=\/wp\/v2\/posts"}],"about":[{"href":"https:\/\/miradordeatarfe.es\/index.php?rest_route=\/wp\/v2\/types\/post"}],"author":[{"embeddable":true,"href":"https:\/\/miradordeatarfe.es\/index.php?rest_route=\/wp\/v2\/users\/1"}],"replies":[{"embeddable":true,"href":"https:\/\/miradordeatarfe.es\/index.php?rest_route=%2Fwp%2Fv2%2Fcomments&post=66114"}],"version-history":[{"count":1,"href":"https:\/\/miradordeatarfe.es\/index.php?rest_route=\/wp\/v2\/posts\/66114\/revisions"}],"predecessor-version":[{"id":66116,"href":"https:\/\/miradordeatarfe.es\/index.php?rest_route=\/wp\/v2\/posts\/66114\/revisions\/66116"}],"wp:featuredmedia":[{"embeddable":true,"href":"https:\/\/miradordeatarfe.es\/index.php?rest_route=\/wp\/v2\/media\/66115"}],"wp:attachment":[{"href":"https:\/\/miradordeatarfe.es\/index.php?rest_route=%2Fwp%2Fv2%2Fmedia&parent=66114"}],"wp:term":[{"taxonomy":"category","embeddable":true,"href":"https:\/\/miradordeatarfe.es\/index.php?rest_route=%2Fwp%2Fv2%2Fcategories&post=66114"},{"taxonomy":"post_tag","embeddable":true,"href":"https:\/\/miradordeatarfe.es\/index.php?rest_route=%2Fwp%2Fv2%2Ftags&post=66114"}],"curies":[{"name":"wp","href":"https:\/\/api.w.org\/{rel}","templated":true}]}}