{"id":66124,"date":"2023-12-31T09:31:35","date_gmt":"2023-12-31T08:31:35","guid":{"rendered":"https:\/\/miradordeatarfe.es\/?p=66124"},"modified":"2023-12-28T12:35:29","modified_gmt":"2023-12-28T11:35:29","slug":"insectos-agotados-pajaros-insomnes-ranas-sin-sexo-asi-afectan-las-luces-de-navidad-a-los-animales","status":"publish","type":"post","link":"https:\/\/miradordeatarfe.es\/?p=66124","title":{"rendered":"Insectos agotados, p\u00e1jaros insomnes, ranas sin sexo: as\u00ed afectan las luces de Navidad a los animales"},"content":{"rendered":"<h3 class=\"a_st\" style=\"text-align: justify;\">El alumbrado de Navidad incrementa los niveles de contaminaci\u00f3n lum\u00ednica, que ya perjudican a las especies durante todo el a\u00f1o<\/h3>\n<p class=\"\" style=\"text-align: justify;\">Los animales se quedan atr\u00e1s en <a href=\"https:\/\/elpais.com\/elviajero\/2023-12-15\/que-hacer-24-horas-en-vigo-en-plena-epoca-navidena.html\" target=\"_blank\" rel=\"noopener\" data-link-track-dtm=\"\" data-mrf-link=\"https:\/\/elpais.com\/elviajero\/2023-12-15\/que-hacer-24-horas-en-vigo-en-plena-epoca-navidena.html\">la carrera navide\u00f1a por ver qui\u00e9n ilumina m\u00e1s su ciudad<\/a>. Su ecosistema se altera y sus ritmos de vida pueden verse afectados. Un equipo de investigaci\u00f3n con expertos del Museo Nacional de Ciencias Naturales, la Estaci\u00f3n Biol\u00f3gica de Do\u00f1ana y el Instituto de Ciencias del Mar \u2015todos del CSIC\u2015 ha comprobado a trav\u00e9s de im\u00e1genes sat\u00e9lite, entre 2014 y 2019, c\u00f3mo las grandes festividades de las diferentes sociedades humanas alteran los patrones de contaminaci\u00f3n lum\u00ednica a escala global. Este estudio, publicado en la revista <i>People and Nature<\/i>, demuestra que se produce un pico de esta poluci\u00f3n durante la Navidad en los pa\u00edses donde se practica la religi\u00f3n cristiana, en el <a href=\"https:\/\/elpais.com\/sociedad\/crisis-del-coronavirus\/2023-01-27\/pekin-deja-atras-el-pico-de-contagios-y-se-zambulle-en-la-normalidad-con-las-fiestas-del-ano-nuevo-chino.html\" target=\"_blank\" rel=\"noopener\" data-link-track-dtm=\"\" data-mrf-link=\"https:\/\/elpais.com\/sociedad\/crisis-del-coronavirus\/2023-01-27\/pekin-deja-atras-el-pico-de-contagios-y-se-zambulle-en-la-normalidad-con-las-fiestas-del-ano-nuevo-chino.html\">A\u00f1o Nuevo Chino<\/a>, en el <a href=\"https:\/\/elpais.com\/elpais\/2017\/06\/01\/opinion\/1496324617_751409.html\" target=\"_blank\" rel=\"noopener\" data-link-track-dtm=\"\" data-mrf-link=\"https:\/\/elpais.com\/elpais\/2017\/06\/01\/opinion\/1496324617_751409.html\">Ramad\u00e1n musulm\u00e1n<\/a> y en el <a href=\"https:\/\/elpais.com\/planeta-futuro\/2020-11-14\/el-coronavirus-no-apaga-las-luces-del-diwali-la-navidad-hindu.html\" target=\"_blank\" rel=\"noopener\" data-link-track-dtm=\"\" data-mrf-link=\"https:\/\/elpais.com\/planeta-futuro\/2020-11-14\/el-coronavirus-no-apaga-las-luces-del-diwali-la-navidad-hindu.html\">Diwali hind\u00fa.<\/a> Con el alumbrado artificial se transforma el paisaje nocturno y aumenta la intensidad de la luz que, sumada a las grandes concentraciones de personas, incrementa la contaminaci\u00f3n lum\u00ednica, <a href=\"https:\/\/elpais.com\/ciencia\/2020-11-02\/las-luces-estan-trastocando-la-vida-animal.html\" target=\"_blank\" rel=\"noopener\" data-link-track-dtm=\"\" data-mrf-link=\"https:\/\/elpais.com\/ciencia\/2020-11-02\/las-luces-estan-trastocando-la-vida-animal.html\">que ya se ha estudiado que afecta a las especies<\/a>.<\/p>\n<p class=\"\" style=\"text-align: justify;\">A la reciente competici\u00f3n entre varias ciudades de Espa\u00f1a por el mejor encendido navide\u00f1o, se suman cada a\u00f1o m\u00e1s autoridades municipales. <a href=\"https:\/\/elpais.com\/espana\/2023-01-16\/caballero-calcula-tres-millones-de-visitantes-a-la-navidad-de-vigo-fue-la-mejor-que-se-hizo-nunca-en-ningun-sitio.html\" target=\"_blank\" rel=\"noopener\" data-link-track-dtm=\"\" data-mrf-link=\"https:\/\/elpais.com\/espana\/2023-01-16\/caballero-calcula-tres-millones-de-visitantes-a-la-navidad-de-vigo-fue-la-mejor-que-se-hizo-nunca-en-ningun-sitio.html\">En la Puerta del Sol de Vigo, el alcalde, Abel Caballero, inaugur\u00f3 el 24 de noviembre la Navidad<\/a> con un total de 11,5 millones de bombillas led. El tama\u00f1o del \u00e1rbol, el n\u00famero de luces y la cantidad de adornos protagonizan el campeonato, pero la contaminaci\u00f3n lum\u00ednica se cuela entre la magia de la Navidad.<\/p>\n<p class=\"\" style=\"text-align: justify;\">El astrof\u00edsico Alejandro S\u00e1nchez de Miguel aclara que no existe un lugar en el Mediterr\u00e1neo que se libre de la <a href=\"https:\/\/elpais.com\/ciencia\/2023-01-19\/esta-generacion-dejara-de-ver-las-estrellas-la-contaminacion-luminica-crece-un-10-al-ano.html\" target=\"_blank\" rel=\"noopener\" data-link-track-dtm=\"\" data-mrf-link=\"https:\/\/elpais.com\/ciencia\/2023-01-19\/esta-generacion-dejara-de-ver-las-estrellas-la-contaminacion-luminica-crece-un-10-al-ano.html\">poluci\u00f3n lum\u00ednica<\/a> difusa durante todo el a\u00f1o. Asegura que esta se aprecia hasta a 400 kil\u00f3metros de distancia. \u201cDesde Cabo de Gata se ve Argel y desde Madrid, los Pirineos\u201d. Por esta raz\u00f3n, el halo del gran \u00e1rbol de Navidad de Murcia, que llega a los 1.000 metros de altura, no solo impacta en la ciudad, alcanza las zonas rurales donde habitan m\u00e1s especies.<\/p>\n<p class=\"\" style=\"text-align: justify;\">La mayor parte de los seres vivos, incluidos los humanos, se regulan por los ritmos circadianos, los ciclos del d\u00eda y la noche. La alteraci\u00f3n artificial de los niveles de luz tiene <a href=\"https:\/\/elpais.com\/salud-y-bienestar\/2023-09-15\/ciudades-hostiles-al-sueno-que-se-podria-hacer-para-que-sus-habitantes-duerman-mejor.html\" target=\"_blank\" rel=\"noopener\" data-link-track-dtm=\"\" data-mrf-link=\"https:\/\/elpais.com\/salud-y-bienestar\/2023-09-15\/ciudades-hostiles-al-sueno-que-se-podria-hacer-para-que-sus-habitantes-duerman-mejor.html\">efectos sobre el descanso<\/a>, la comunicaci\u00f3n, la reproducci\u00f3n, el comportamiento y la depredaci\u00f3n. As\u00ed lo aseguran desde la ONG de conservaci\u00f3n de la naturaleza SEO\/BirdLife, que pide a los ayuntamientos frenar esta carrera en la que no se ha estudiado el impacto en el ecosistema.<\/p>\n<p class=\"\" style=\"text-align: justify;\">Los expertos se muestran m\u00e1s preocupados desde que se realizan espect\u00e1culos navide\u00f1os en zonas verdes, en <a href=\"https:\/\/elpais.com\/clima-y-medio-ambiente\/2023-08-14\/la-crisis-climatica-dispara-los-riesgos-para-sectores-estrategicos-del-pais.html\" target=\"_blank\" rel=\"noopener\" data-link-track-dtm=\"\" data-mrf-link=\"https:\/\/elpais.com\/clima-y-medio-ambiente\/2023-08-14\/la-crisis-climatica-dispara-los-riesgos-para-sectores-estrategicos-del-pais.html\">un contexto de emergencia clim\u00e1tica<\/a> y <a href=\"https:\/\/elpais.com\/clima-y-medio-ambiente\/2021-11-26\/la-perdida-de-biodiversidad-es-todavia-invisible-para-el-ciudadano-y-esta-en-lo-que-comemos-bebemos-y-respiramos.html\" target=\"_blank\" rel=\"noopener\" data-link-track-dtm=\"\" data-mrf-link=\"https:\/\/elpais.com\/clima-y-medio-ambiente\/2021-11-26\/la-perdida-de-biodiversidad-es-todavia-invisible-para-el-ciudadano-y-esta-en-lo-que-comemos-bebemos-y-respiramos.html\">p\u00e9rdida de biodiversidad<\/a>. Este a\u00f1o se han programado funciones de este tipo en lugares como el parque Torre Girona de Barcelona, el Jard\u00edn Bot\u00e1nico Palmetum de Santa Cruz de Tenerife, el mirador de Artxanda en Bilbao o el parque Enrique Tierno Galv\u00e1n de Madrid. \u201cTodos ellos son entornos p\u00fablicos que sirven de refugio a muchas especies de fauna silvestre dentro de la trama urbana\u201d, insisten desde SEO\/BirdLife.<\/p>\n<p class=\"\" style=\"text-align: justify;\">En Vigo este a\u00f1o se han decorado 2.308 \u00e1rboles. \u201cEs bastante probable que alguno de ellos sirva como dormidero invernal de gorriones, lavanderas y otras aves para las que ser\u00e1 dif\u00edcil encontrar un lugar alternativo de descanso durante estos dos meses\u201d, explican desde la ONG.<\/p>\n<p class=\"\" style=\"text-align: justify;\">El real decreto de eficiencia energ\u00e9tica en instalaciones de alumbrado exterior, que entr\u00f3 en vigor en 2008, <a href=\"https:\/\/elpais.com\/economia\/negocios\/2023-12-10\/luces-que-apagan-el-espiritu-navideno.html\" target=\"_blank\" rel=\"noopener\" data-link-track-dtm=\"\" data-mrf-link=\"https:\/\/elpais.com\/economia\/negocios\/2023-12-10\/luces-que-apagan-el-espiritu-navideno.html\">especifica el tipo de luces navide\u00f1as que deben utilizarse<\/a>, con bombillas de bajo consumo y alta eficiencia energ\u00e9tica, pero no aclara el n\u00famero total de cortinas luminiscentes que pueden adornar la v\u00eda p\u00fablica. Esto, a veces, deriva en un exceso. Adem\u00e1s, la ley de Evaluaci\u00f3n Ambiental de 2013 resguarda los espacios protegidos <a href=\"https:\/\/elpais.com\/sociedad\/2013\/04\/22\/actualidad\/1366631215_482638.html\" target=\"_blank\" rel=\"noopener\" data-link-track-dtm=\"\" data-mrf-link=\"https:\/\/elpais.com\/sociedad\/2013\/04\/22\/actualidad\/1366631215_482638.html\">RED Natura 2000 <\/a>de la contaminaci\u00f3n directa e indirecta. A\u00fan as\u00ed, las aves migratorias se ven afectadas por la contaminaci\u00f3n lum\u00ednica hasta a 250 kil\u00f3metros de distancia, seg\u00fan S\u00e1nchez de Miguel.<\/p>\n<p class=\"\" style=\"text-align: justify;\">El bi\u00f3logo Airam Rodr\u00edguez explica que las luces blancas y azules, t\u00edpicas del decorado con iluminaci\u00f3n led, tienen un efecto m\u00e1s perjudicial en las especies que la tradicional bombilla anaranjada. \u201cEmiten una parte del espectro luminoso a la que la mayor\u00eda de los seres vivos son m\u00e1s sensibles\u201d. El color azul, adem\u00e1s, impide la correcta segregaci\u00f3n de melatonina, la hormona del sue\u00f1o, que afecta a animales y humanos, y puede resentir su sistema inmunol\u00f3gico. El impacto de la contaminaci\u00f3n lum\u00ednica durante todo el a\u00f1o, agravada en estas fechas navide\u00f1as, repercute en el ecosistema de la mayor\u00eda de seres vivos.<\/p>\n<h3 class=\"\" style=\"text-align: justify;\">Afectaci\u00f3n en aves<\/h3>\n<p class=\"\" style=\"text-align: justify;\">La coordinadora del Programa de Biodiversidad Urbana de SEO\/BirdLife, Beatriz S\u00e1nchez, insiste en que la iluminaci\u00f3n, el montaje, la acumulaci\u00f3n de visitantes y el ruido de los espect\u00e1culos de Navidad, que tambi\u00e9n son sonoros, pueden causar perturbaciones en los p\u00e1jaros. \u201cTienen que buscar otro sitio alejado donde poder dormir, con el consiguiente gasto energ\u00e9tico\u201d, a\u00f1ade.<\/p>\n<p class=\"\" style=\"text-align: justify;\">La contaminaci\u00f3n lum\u00ednica resulta perjudicial para las aves durante todo el a\u00f1o. S\u00e1nchez recuerda la muerte de miles de p\u00e1jaros migratorios cada a\u00f1o, cuando se desorientan a consecuencia de la iluminaci\u00f3n del monumento en memoria de las v\u00edctimas del <a href=\"https:\/\/elpais.com\/videos\/2022-09-11\/video-11-s-se-cumplen-21-anos-de-los-atentados-contra-las-torres-gemelas.html\" target=\"_blank\" rel=\"noopener\" data-link-track-dtm=\"\" data-mrf-link=\"https:\/\/elpais.com\/videos\/2022-09-11\/video-11-s-se-cumplen-21-anos-de-los-atentados-contra-las-torres-gemelas.html\">ataque terrorista a las Torres Gemelas, el 11 de septiembre de 2001<\/a>. Aunque en estas fechas navide\u00f1as las aves no suelen migrar, tambi\u00e9n se pueden desubicar al ser desplazadas de su entorno habitual.<\/p>\n<p class=\"\" style=\"text-align: justify;\">Las cr\u00edas de las pardelas marinas se desorientan en sus primeros vuelos hacia el mar. \u201cPiensan que van siguiendo el sol, pero acaban en tierra\u201d, insiste S\u00e1nchez. Entre el 20 de octubre y el 10 de noviembre murieron en Tenerife 3.200 polluelos, que nacen en ese periodo, a consecuencia de las luces del puerto, seg\u00fan Rodr\u00edguez. Este periodo invernal no es la causa de esos fallecimientos, pero el nacimiento de las cr\u00edas s\u00ed coincide con el montaje del alumbrado en algunas ciudades.<\/p>\n<p class=\"\" style=\"text-align: justify;\">El espect\u00e1culo realizado en el Palmetum de Santa Cruz de Tenerife, cuenta Rodr\u00edguez, puede afectar a las aves marinas, si atrae a individuos adultos: \u201cNo es lo mismo perder una cr\u00eda que una especie longeva. Los adultos son reproductores y se emparejan de por vida, por tanto, si uno se muere, se rompe la din\u00e1mica poblacional\u201d. Matiza que estos acontecimientos ocurren de forma m\u00e1s espor\u00e1dica, y se asocian al mal tiempo.<\/p>\n<p class=\"\" style=\"text-align: justify;\">El pa\u00ed\u00f1o de Madeira y la pardela chica, que nidifican en invierno en sitios de costa, tambi\u00e9n pueden ser perjudicados por la contaminaci\u00f3n lum\u00ednica. Las aves cantoras, aclara Rodr\u00edguez, comienzan antes a piar porque piensan que ya amanece, o, por el contrario, con la contaminaci\u00f3n sonora, que puede ser el ruido de la gente y los villancicos, cambian su horario de canto y var\u00edan el tono para ser audibles. \u201cEsto repercute en una alteraci\u00f3n <a href=\"https:\/\/elpais.com\/ciencia\/2021-09-09\/por-que-todos-los-pajaros-cantan-al-anochecer.html\" target=\"_blank\" rel=\"noopener\" data-link-track-dtm=\"\" data-mrf-link=\"https:\/\/elpais.com\/ciencia\/2021-09-09\/por-que-todos-los-pajaros-cantan-al-anochecer.html\">para buscar pareja, marcar territorialidad o dominancia<\/a>\u201d, especifica Rodr\u00edguez.<\/p>\n<h3 class=\"\" style=\"text-align: justify;\">Perjuicio en mam\u00edferos<\/h3>\n<p class=\"\" style=\"text-align: justify;\">Alrededor del 60% de los mam\u00edferos son nocturnos. Por ello, la poluci\u00f3n lum\u00ednica repercute en su actividad diaria, como puede ser la depredaci\u00f3n. Mientras, los diurnos ven alterado su sue\u00f1o, seg\u00fan explica el astrof\u00edsico S\u00e1nchez de Miguel. Algunos tipos de murci\u00e9lago cambian sus h\u00e1bitos de caza y empiezan a rondar las zonas iluminadas que atraen a los insectos. Pueden comer m\u00e1s a corto plazo, pero en un futuro supondr\u00e1 un problema si se esquilman los invertebrados.<\/p>\n<h3 class=\"\" style=\"text-align: justify;\">Da\u00f1o en insectos<\/h3>\n<p class=\"\" style=\"text-align: justify;\"><a href=\"https:\/\/elpais.com\/escaparate\/2022-07-16\/las-mejores-lamparas-antimosquitos-con-ventilador-para-acabar-con-las-picaduras.html\" target=\"_blank\" rel=\"noopener\" data-link-track-dtm=\"\" data-mrf-link=\"https:\/\/elpais.com\/escaparate\/2022-07-16\/las-mejores-lamparas-antimosquitos-con-ventilador-para-acabar-con-las-picaduras.html\">Los insectos son atra\u00eddos por las luces<\/a> y dejan de polinizar. \u201cIncluso, pueden morir por agotamiento\u201d, explica Rodr\u00edguez. El tiempo que dedican a dar vueltas alrededor de la bombilla, no lo emplean en hacer sus funciones vitales. La cantidad de semillas en zonas iluminadas es inferior a la encontrada en lugares que se mantienen oscuros. \u201cLos polinizadores diurnos tienen menos cantidad de n\u00e9ctar para vivir, si los nocturnos no hacen su trabajo\u201d, concluye S\u00e1nchez de Miguel.<\/p>\n<p class=\"\" style=\"text-align: justify;\">La luz artificial puede, adem\u00e1s, alterar el comportamiento de los insectos diurnos porque activan su periodo de actividad durante m\u00e1s tiempo. En los lugares donde abundan las enfermedades de la fiebre del Nilo o la malaria, transmitidas por mosquitos, se disparan los casos al poner iluminaci\u00f3n nocturna permanente, seg\u00fan recuerda el astrof\u00edsico.<\/p>\n<h3 class=\"\" style=\"text-align: justify;\">Impacto en anfibios<\/h3>\n<p class=\"\" style=\"text-align: justify;\">Algunas especies de ranas tambi\u00e9n se ven perjudicadas por la alteraci\u00f3n de la luz y se muestran menos selectivas a la hora de escoger pareja. Incluso, interrumpen su actividad reproductiva si hay claridad en la noche. Por otra parte, \u201cen Australia, el sapo de ca\u00f1a, que es una especie invasora, se beneficia de la iluminaci\u00f3n para cazar invertebrados\u201d, explica Rodr\u00edguez.<\/p>\n<h3 class=\"\" style=\"text-align: justify;\">Otra Navidad es posible<\/h3>\n<p class=\"\" style=\"text-align: justify;\">\u201cAunque el alumbrado navide\u00f1o no causa declives poblacionales, ocasiona impactos individuales y altera las comunidades y su calidad de vida\u201d, insiste el bi\u00f3logo. Aumenta los niveles de contaminaci\u00f3n lum\u00ednica que ya afectan a las especies a lo largo de todo el a\u00f1o. Por ello, S\u00e1nchez de Miguel considera importante abandonar esta competici\u00f3n de bombillas y optar por ornamentos m\u00e1s naturales como pueden ser las figuras decorativas, que ya son tendencia en Europa. El astrof\u00edsico no ve la necesidad de \u201cponer un armatroste de aluminio\u201d para representar un \u00e1rbol y lamenta la p\u00e9rdida de la tradicional conexi\u00f3n de la Navidad con los astros y la naturaleza: \u201cSi los Reyes Magos tuvieran que encontrar ahora la estrella, ser\u00eda imposible\u201d.<\/p>\n<p><a class=\"a_md_a_n\" title=\"Ver todas las noticias de Sara Castro\" href=\"https:\/\/elpais.com\/autor\/sara-castro-garcia\/#?rel=author_top\" data-mrf-link=\"https:\/\/elpais.com\/autor\/sara-castro-garcia\/\"><strong>Sara Castro<\/strong><\/a><\/p>\n<p>FOTO: Luces de navidad en Santiago de Compostela, el 17 de diciembre de 2023.<span class=\"a_m_m\">\u00d3SCAR CORRAL<\/span><\/p>\n<p>https:\/\/elpais.com\/clima-y-medio-ambiente\/2023-12-27\/insectos-agotados-pajaros-insomnes-ranas-sin-sexo-asi-afectan-las-luces-de-navidad-a-los-animales.html#?rel=lom<\/p>\n<div class=\"a_md _g _g-xs \">\n<figure class=\"a_md_i a_m-h c_m--nf\"><span class=\"a_m_w _db\">\u00a0<\/span><\/figure>\n<div class=\"a_md_txt\">\n<div class=\"a_md_a\" data-dtm-region=\"articulo_firma\">\u00a0<\/div>\n<\/div>\n<\/div>\n","protected":false},"excerpt":{"rendered":"<p>El alumbrado de Navidad incrementa los niveles de contaminaci\u00f3n lum\u00ednica, que ya perjudican a las&#8230;<\/p>\n","protected":false},"author":1,"featured_media":66126,"comment_status":"closed","ping_status":"closed","sticky":false,"template":"","format":"standard","meta":{"_coblocks_attr":"","_coblocks_dimensions":"","_coblocks_responsive_height":"","_coblocks_accordion_ie_support":"","jetpack_post_was_ever_published":false,"_jetpack_newsletter_access":"","_jetpack_dont_email_post_to_subs":false,"_jetpack_newsletter_tier_id":0,"_jetpack_memberships_contains_paywalled_content":false,"_jetpack_memberships_contains_paid_content":false,"footnotes":"","jetpack_publicize_message":"","jetpack_publicize_feature_enabled":true,"jetpack_social_post_already_shared":true,"jetpack_social_options":{"image_generator_settings":{"template":"highway","default_image_id":0,"enabled":false},"version":2}},"categories":[1161,9,44],"tags":[],"class_list":["post-66124","post","type-post","status-publish","format-standard","has-post-thumbnail","hentry","category-ciudadania","category-medio-ambiente","category-noticias-de-hoy"],"jetpack_publicize_connections":[],"jetpack_featured_media_url":"https:\/\/i0.wp.com\/miradordeatarfe.es\/wp-content\/uploads\/2023\/12\/Screenshot-2023-12-28-at-12-32-01-Insectos-agotados-pajaros-insomnes-ranas-sin-sexo-asi-afectan-las-luces-de-Navidad-a-los-animales.png?fit=737%2C555&ssl=1","jetpack_likes_enabled":true,"jetpack_sharing_enabled":true,"_links":{"self":[{"href":"https:\/\/miradordeatarfe.es\/index.php?rest_route=\/wp\/v2\/posts\/66124","targetHints":{"allow":["GET"]}}],"collection":[{"href":"https:\/\/miradordeatarfe.es\/index.php?rest_route=\/wp\/v2\/posts"}],"about":[{"href":"https:\/\/miradordeatarfe.es\/index.php?rest_route=\/wp\/v2\/types\/post"}],"author":[{"embeddable":true,"href":"https:\/\/miradordeatarfe.es\/index.php?rest_route=\/wp\/v2\/users\/1"}],"replies":[{"embeddable":true,"href":"https:\/\/miradordeatarfe.es\/index.php?rest_route=%2Fwp%2Fv2%2Fcomments&post=66124"}],"version-history":[{"count":1,"href":"https:\/\/miradordeatarfe.es\/index.php?rest_route=\/wp\/v2\/posts\/66124\/revisions"}],"predecessor-version":[{"id":66125,"href":"https:\/\/miradordeatarfe.es\/index.php?rest_route=\/wp\/v2\/posts\/66124\/revisions\/66125"}],"wp:featuredmedia":[{"embeddable":true,"href":"https:\/\/miradordeatarfe.es\/index.php?rest_route=\/wp\/v2\/media\/66126"}],"wp:attachment":[{"href":"https:\/\/miradordeatarfe.es\/index.php?rest_route=%2Fwp%2Fv2%2Fmedia&parent=66124"}],"wp:term":[{"taxonomy":"category","embeddable":true,"href":"https:\/\/miradordeatarfe.es\/index.php?rest_route=%2Fwp%2Fv2%2Fcategories&post=66124"},{"taxonomy":"post_tag","embeddable":true,"href":"https:\/\/miradordeatarfe.es\/index.php?rest_route=%2Fwp%2Fv2%2Ftags&post=66124"}],"curies":[{"name":"wp","href":"https:\/\/api.w.org\/{rel}","templated":true}]}}