{"id":66153,"date":"2023-12-31T12:08:09","date_gmt":"2023-12-31T11:08:09","guid":{"rendered":"https:\/\/miradordeatarfe.es\/?p=66153"},"modified":"2023-12-31T12:08:29","modified_gmt":"2023-12-31T11:08:29","slug":"la-palabra-fin","status":"publish","type":"post","link":"https:\/\/miradordeatarfe.es\/?p=66153","title":{"rendered":"LA PALABRA FIN"},"content":{"rendered":"<h2 class=\"a_st\" style=\"text-align: justify;\">Nos gustan esos finales falsos, nos alientan: nos inflan con la sensaci\u00f3n de que podemos empezar de nuevo<\/h2>\n<p class=\"\" style=\"text-align: justify;\">Ya llega el fin. Hoy se acaba algo cuyo final dura tan poco que su principio se le superpone: fin de a\u00f1o, comienzo de a\u00f1o, todo en una noche vieja y repetida.<\/p>\n<p class=\"\" style=\"text-align: justify;\">Pero en un rato lo celebraremos, chocaremos cavas y cabezas, nos atoraremos con campanas y uvas, nos diremos aquello de buen fin y mejor principio \u2014aunque lo que nos importe no sea ni el fin ni el principio sino lo que vendr\u00e1 despu\u00e9s, <a href=\"https:\/\/elpais.com\/elviajero\/2015\/12\/23\/album\/1450889178_210678.html\" target=\"_blank\" rel=\"noopener\" data-link-track-dtm=\"\" data-mrf-link=\"https:\/\/elpais.com\/elviajero\/2015\/12\/23\/album\/1450889178_210678.html\">la ilusi\u00f3n del reseteo y la esperanza de hacernos m\u00e1s o menos otros<\/a>. Para eso precisamos creer que hoy, al fin y al cabo, por fin llegar\u00e1 un fin: algo debe acabarse.<\/p>\n<p class=\"\" style=\"text-align: justify;\"><strong>La palabra <i>fin<\/i> es tajante como pocas<\/strong>: viene del lat\u00edn, donde significaba <i>the end<\/i>, y siempre fue lo mismo. Tiene, claro, sus derivas raras, como finanza, que al principio, en su origen franc\u00e9s y medieval, significaba \u201cpagar un rescate\u201d. Cualquier parecido con la acepci\u00f3n actual no es mera coincidencia \u2014y por eso, todav\u00eda, multa en ingl\u00e9s se dice <i>fine<\/i>.<\/p>\n<p class=\"\" style=\"text-align: justify;\">Y est\u00e1 toda la l\u00ednea de sus opuestos so\u00f1adores: sinf\u00edn, el infinito, definir. Pero lo que importa en la palabra fin es esa ilusi\u00f3n de que las cosas se terminan. Hay algunas que s\u00ed: cada uno de nosotros, por ejemplo, o un libro que leemos o escribimos o una felicidad de aquellas o ese guiso de lentejas tan sabroso. Pero nos la pasamos viendo fines ilusorios, o fines reales de entes ilusorios. Si las cosas no tuvieran un fin previsible ser\u00edan insoportables. La ilusi\u00f3n del final aparece tan clara en italiano, ese tataranieto torpe del lat\u00edn. Hay una canci\u00f3n sesentera que lo sintetiza: \u201cFin\u2019a quando, amore, fin\u2019a quando\u2026\u201d, para decir hasta cu\u00e1ndo, amor, hasta cu\u00e1ndo, o sea: cu\u00e1ndo va a terminarse este desastre.<\/p>\n<p class=\"\" style=\"text-align: justify;\">Y entonces, por si acaso, nos llenamos de finales y principios. \u00bfQu\u00e9 cambia en nuestras vidas que se acabe una convenci\u00f3n que llamamos a\u00f1o 2023? <a href=\"https:\/\/elpais.com\/eps\/2023-12-17\/las-fechas-clave-del-ano-que-viene.html\" target=\"_blank\" rel=\"noopener\" data-link-track-dtm=\"\" data-mrf-link=\"https:\/\/elpais.com\/eps\/2023-12-17\/las-fechas-clave-del-ano-que-viene.html\">\u00bfQu\u00e9 ser\u00e1 diferente a <strong>partir<\/strong> de ma\u00f1ana, cuando la llamemos 2024?<\/a> Seguramente tan poquito, si es que algo, pero nos gustan esos finales falsos, nos alientan: nos inflan con la sensaci\u00f3n de que podremos empezar de nuevo, que hay algo \u2014que generalmente no nos gusta, que suele llamarse nuestra vida\u2014 que se acaba y que, entonces, algo empieza. Es el truco m\u00e1s viejo del manual.<\/p>\n<p class=\"\" style=\"text-align: justify;\"><strong>Y entonces aprovechamos el supuesto fin para fijarnos nuevos fines.<\/strong> Porque lo mejor de la palabra fin es que es \u2014como todas las buenas\u2014 tan ambigua: puede ser la conclusi\u00f3n de algo, puede ser el objetivo de algo. De ah\u00ed su participaci\u00f3n en una de las frases m\u00e1s sinuosas del castellano actual: aquello de que \u201cel fin justifica los medios\u201d.<\/p>\n<p class=\"\" style=\"text-align: justify;\">M\u00e1s chico, yo cre\u00eda que significaba <i>tout est bien qui finit bien<\/i> \u2014est\u00e1 bien lo que termina bien\u2014, que si el final era bueno todo el trayecto era bueno, pero no: <strong>quiere decir que si los fines son buenos, cualquier medio vale.<\/strong> Y como el que relata tiene la potestad de definir qu\u00e9 fines son buenos, puede aceptar medios muy raros. Pocas frases, pocas ideas, han sido tan usadas para defender las peores canalladas.<\/p>\n<p class=\"\" style=\"text-align: justify;\">En cualquier caso, esos malabarismos son otra prueba de la ambig\u00fcedad de la palabra fin. \u00bfPor qu\u00e9 mantenemos esos vocablos socarrones que nos provocan sobre todo dudas? \u00bfPor suerte? \u00bfPor placer o pereza? \u00bfPor pura marruller\u00eda? \u00bfPara darnos el gusto de escribir alguna vez una palabra tan espl\u00e9ndida como marruller\u00eda? \u00bfO solo porque hablar es, en realidad, decir algo que el otro puede entender de varias formas, resignarse entonces a la escucha del otro \u2014por conveniencia, por cansancio, por amor, por riesgo? \u00bfPorque hablar es tratar decir algo y nunca saber del todo qu\u00e9 es lo que est\u00e1s diciendo, qu\u00e9 te escuchan?<\/p>\n<p class=\"\" style=\"text-align: justify;\">Hay grados, siempre hay grados. El final puede reemplazar al fin pero la final, en cambio, ya es muy otra cosa. <strong>Esta noche, que esperamos no ser\u00e1 final, ser\u00e1 el final de algo, el fin de nada, el principio de nada. De nada pero tanto, y muchas gracias.<\/strong><\/p>\n<p style=\"text-align: justify;\">EL PAIS <a class=\"a_md_a_n\" title=\"Ver todas las noticias de Mart\u00edn Caparr\u00f3s\" href=\"https:\/\/elpais.com\/autor\/martin-caparros\/#?rel=author_top\" data-mrf-link=\"https:\/\/elpais.com\/autor\/martin-caparros\/\">Mart\u00edn Caparr\u00f3s<\/a><\/p>\n","protected":false},"excerpt":{"rendered":"<p>Nos gustan esos finales falsos, nos alientan: nos inflan con la sensaci\u00f3n de que podemos&#8230;<\/p>\n","protected":false},"author":1,"featured_media":66154,"comment_status":"closed","ping_status":"closed","sticky":false,"template":"","format":"standard","meta":{"_coblocks_attr":"","_coblocks_dimensions":"","_coblocks_responsive_height":"","_coblocks_accordion_ie_support":"","jetpack_post_was_ever_published":false,"_jetpack_newsletter_access":"","_jetpack_dont_email_post_to_subs":false,"_jetpack_newsletter_tier_id":0,"_jetpack_memberships_contains_paywalled_content":false,"_jetpack_memberships_contains_paid_content":false,"footnotes":"","jetpack_publicize_message":"","jetpack_publicize_feature_enabled":true,"jetpack_social_post_already_shared":true,"jetpack_social_options":{"image_generator_settings":{"template":"highway","default_image_id":0,"enabled":false},"version":2}},"categories":[1161,44,10],"tags":[],"class_list":["post-66153","post","type-post","status-publish","format-standard","has-post-thumbnail","hentry","category-ciudadania","category-noticias-de-hoy","category-salud"],"jetpack_publicize_connections":[],"jetpack_featured_media_url":"https:\/\/i0.wp.com\/miradordeatarfe.es\/wp-content\/uploads\/2023\/12\/fin-3.jpg?fit=640%2C426&ssl=1","jetpack_likes_enabled":true,"jetpack_sharing_enabled":true,"_links":{"self":[{"href":"https:\/\/miradordeatarfe.es\/index.php?rest_route=\/wp\/v2\/posts\/66153","targetHints":{"allow":["GET"]}}],"collection":[{"href":"https:\/\/miradordeatarfe.es\/index.php?rest_route=\/wp\/v2\/posts"}],"about":[{"href":"https:\/\/miradordeatarfe.es\/index.php?rest_route=\/wp\/v2\/types\/post"}],"author":[{"embeddable":true,"href":"https:\/\/miradordeatarfe.es\/index.php?rest_route=\/wp\/v2\/users\/1"}],"replies":[{"embeddable":true,"href":"https:\/\/miradordeatarfe.es\/index.php?rest_route=%2Fwp%2Fv2%2Fcomments&post=66153"}],"version-history":[{"count":2,"href":"https:\/\/miradordeatarfe.es\/index.php?rest_route=\/wp\/v2\/posts\/66153\/revisions"}],"predecessor-version":[{"id":66156,"href":"https:\/\/miradordeatarfe.es\/index.php?rest_route=\/wp\/v2\/posts\/66153\/revisions\/66156"}],"wp:featuredmedia":[{"embeddable":true,"href":"https:\/\/miradordeatarfe.es\/index.php?rest_route=\/wp\/v2\/media\/66154"}],"wp:attachment":[{"href":"https:\/\/miradordeatarfe.es\/index.php?rest_route=%2Fwp%2Fv2%2Fmedia&parent=66153"}],"wp:term":[{"taxonomy":"category","embeddable":true,"href":"https:\/\/miradordeatarfe.es\/index.php?rest_route=%2Fwp%2Fv2%2Fcategories&post=66153"},{"taxonomy":"post_tag","embeddable":true,"href":"https:\/\/miradordeatarfe.es\/index.php?rest_route=%2Fwp%2Fv2%2Ftags&post=66153"}],"curies":[{"name":"wp","href":"https:\/\/api.w.org\/{rel}","templated":true}]}}