{"id":66175,"date":"2024-01-02T11:00:58","date_gmt":"2024-01-02T10:00:58","guid":{"rendered":"https:\/\/miradordeatarfe.es\/?p=66175"},"modified":"2024-01-01T12:23:29","modified_gmt":"2024-01-01T11:23:29","slug":"proposito-para-2024","status":"publish","type":"post","link":"https:\/\/miradordeatarfe.es\/?p=66175","title":{"rendered":"Prop\u00f3sito para 2024"},"content":{"rendered":"<h3 class=\"a_st\" style=\"text-align: justify;\">Poco importa que Espa\u00f1a se rompa o no si al final la crispaci\u00f3n pol\u00edtica te rompe el diafragma.<\/h3>\n<p style=\"text-align: justify;\">Como cualquier persona corriente, tambi\u00e9n este viejo se hab\u00eda formulado alg\u00fan prop\u00f3sito ante el a\u00f1o nuevo. Dada su avanzada edad, el primero consist\u00eda en cumplir con su obligaci\u00f3n de no morirse, de modo que para ir tirando del carro con cierta dignidad hab\u00eda decidido no malgastar ni un gramo de energ\u00eda en cosas que no le gustaran.<\/p>\n<p style=\"text-align: justify;\">Pondr\u00eda, como siempre, la radio cada ma\u00f1ana al despertar para enterarse de lo \u00fanico que quer\u00eda saber. \u00bfSe hab\u00eda producido el fin del mundo? \u00bfSe hab\u00eda roto Espa\u00f1a? \u00bfHab\u00eda alguna se\u00f1al de inminente cat\u00e1strofe en la ventana? Si pese a los malos presagios con que le atormentaban los agoreros, el sol hab\u00eda amanecido un d\u00eda m\u00e1s con toda normalidad y, al parecer, no hab\u00eda forma de que el Apocalipsis llegara ni que Espa\u00f1a se rompiera, apartar\u00eda definitivamente de su mente este problema. A continuaci\u00f3n, pondr\u00eda una sonata de Bach mientras toda la casa comenzaba a oler a caf\u00e9. Pero sab\u00eda que existe un fin del mundo <i>pr\u00eat-\u00e1- porter,<\/i> a la medida de cada uno. Bastaba con resbalar en el cuarto de ba\u00f1o y darse con la nuca en el bid\u00e9 para que a este ciudadano se le apagara el universo entero. Mirar d\u00f3nde pones el pie es el principio de toda sabidur\u00eda.<\/p>\n<p style=\"text-align: justify;\">Por otra parte, poco importa que Espa\u00f1a se rompa o no si al final la crispaci\u00f3n pol\u00edtica te rompe el diafragma, te llena de acidez el est\u00f3mago por verte obligado a asistir a ese espect\u00e1culo en que cada bando pol\u00edtico se disputa como un trofeo la soga del ahorcado. Una buena digesti\u00f3n es un derecho constitucional y debe ir acompa\u00f1ada con el recuerdo de cosas agradables. Ser\u00eda l\u00f3gico que este viejo recordara los placeres que hab\u00eda dejado atr\u00e1s, aquellos amigos, aquellos veranos, aquellos viajes. No fue as\u00ed en este caso. Su \u00fanico prop\u00f3sito para el a\u00f1o 2024 fue el de fijarse bien d\u00f3nde pondr\u00eda los pies, m\u00e1s que nada para no tener que pisar alguna de esas mierdas que caen del cielo. Con eso le bastaba.<\/p>\n<p><a class=\"a_md_a_n\" title=\"Ver todas las noticias de Manuel Vicent\" href=\"https:\/\/elpais.com\/autor\/manuel-vicent\/#?rel=author_top\" data-mrf-link=\"https:\/\/elpais.com\/autor\/manuel-vicent\/\"><strong>Manuel Vicent<\/strong><\/a><\/p>\n<p style=\"text-align: justify;\">FOTO: Un hombre mayor sentado en un banco de un parque de Madrid.<span class=\"a_m_m\">Olmo Calvo<\/span><\/p>\n<p>https:\/\/elpais.com\/opinion\/2023-12-31\/proposito-para-2024.html<\/p>\n<div class=\"a_md _g _g-xs \">\n<figure class=\"a_md_i a_m-h c_m--nf\"><span class=\"a_m_w _db\">\u00a0<\/span><\/figure>\n<div class=\"a_md_txt\">\n<div class=\"a_md_a\" data-dtm-region=\"articulo_firma\">\u00a0<\/div>\n<\/div>\n<\/div>\n","protected":false},"excerpt":{"rendered":"<p>Poco importa que Espa\u00f1a se rompa o no si al final la crispaci\u00f3n pol\u00edtica te&#8230;<\/p>\n","protected":false},"author":1,"featured_media":66176,"comment_status":"closed","ping_status":"closed","sticky":false,"template":"","format":"standard","meta":{"_coblocks_attr":"","_coblocks_dimensions":"","_coblocks_responsive_height":"","_coblocks_accordion_ie_support":"","jetpack_post_was_ever_published":false,"_jetpack_newsletter_access":"","_jetpack_dont_email_post_to_subs":false,"_jetpack_newsletter_tier_id":0,"_jetpack_memberships_contains_paywalled_content":false,"_jetpack_memberships_contains_paid_content":false,"footnotes":"","jetpack_publicize_message":"","jetpack_publicize_feature_enabled":true,"jetpack_social_post_already_shared":true,"jetpack_social_options":{"image_generator_settings":{"template":"highway","default_image_id":0,"enabled":false},"version":2}},"categories":[1161,44,6937],"tags":[],"class_list":["post-66175","post","type-post","status-publish","format-standard","has-post-thumbnail","hentry","category-ciudadania","category-noticias-de-hoy","category-sociedad"],"jetpack_publicize_connections":[],"jetpack_featured_media_url":"https:\/\/i0.wp.com\/miradordeatarfe.es\/wp-content\/uploads\/2024\/01\/Screenshot-2024-01-01-at-12-20-55-Proposito-para-2024.png?fit=345%2C325&ssl=1","jetpack_likes_enabled":true,"jetpack_sharing_enabled":true,"_links":{"self":[{"href":"https:\/\/miradordeatarfe.es\/index.php?rest_route=\/wp\/v2\/posts\/66175","targetHints":{"allow":["GET"]}}],"collection":[{"href":"https:\/\/miradordeatarfe.es\/index.php?rest_route=\/wp\/v2\/posts"}],"about":[{"href":"https:\/\/miradordeatarfe.es\/index.php?rest_route=\/wp\/v2\/types\/post"}],"author":[{"embeddable":true,"href":"https:\/\/miradordeatarfe.es\/index.php?rest_route=\/wp\/v2\/users\/1"}],"replies":[{"embeddable":true,"href":"https:\/\/miradordeatarfe.es\/index.php?rest_route=%2Fwp%2Fv2%2Fcomments&post=66175"}],"version-history":[{"count":1,"href":"https:\/\/miradordeatarfe.es\/index.php?rest_route=\/wp\/v2\/posts\/66175\/revisions"}],"predecessor-version":[{"id":66177,"href":"https:\/\/miradordeatarfe.es\/index.php?rest_route=\/wp\/v2\/posts\/66175\/revisions\/66177"}],"wp:featuredmedia":[{"embeddable":true,"href":"https:\/\/miradordeatarfe.es\/index.php?rest_route=\/wp\/v2\/media\/66176"}],"wp:attachment":[{"href":"https:\/\/miradordeatarfe.es\/index.php?rest_route=%2Fwp%2Fv2%2Fmedia&parent=66175"}],"wp:term":[{"taxonomy":"category","embeddable":true,"href":"https:\/\/miradordeatarfe.es\/index.php?rest_route=%2Fwp%2Fv2%2Fcategories&post=66175"},{"taxonomy":"post_tag","embeddable":true,"href":"https:\/\/miradordeatarfe.es\/index.php?rest_route=%2Fwp%2Fv2%2Ftags&post=66175"}],"curies":[{"name":"wp","href":"https:\/\/api.w.org\/{rel}","templated":true}]}}