{"id":66178,"date":"2024-01-03T11:00:10","date_gmt":"2024-01-03T10:00:10","guid":{"rendered":"https:\/\/miradordeatarfe.es\/?p=66178"},"modified":"2024-01-01T12:51:32","modified_gmt":"2024-01-01T11:51:32","slug":"chicote-presenta-el-cartel-de-la-ii-gala-del-dia-de-andalucia-en-atarfe","status":"publish","type":"post","link":"https:\/\/miradordeatarfe.es\/?p=66178","title":{"rendered":"Chicote presenta el cartel de la II Gala del D\u00eda de Andaluc\u00eda en Atarfe"},"content":{"rendered":"<h2 class=\"jeg_post_subtitle\" style=\"text-align: justify;\">Se celebrar\u00e1 en la plaza de toros de la localidad DE ATARFE<\/h2>\n<p style=\"text-align: justify;\">El <strong>Ayuntamiento<\/strong> de <strong>Atarfe (Granada)<\/strong> y el empresario <strong>Pedro P\u00e9rez \u2018Chicote\u2019<\/strong> presentar\u00e1n MA\u00d1ANA <strong>jueves 4 de enero, a las 12 del mediod\u00eda,\u00a0el cartel de la II Gala del D\u00eda de Andaluc\u00eda<\/strong> que se celebrar\u00e1 en la plaza de toros cubierta de esta localidad.\u00a0<\/p>\n<p style=\"text-align: justify;\">El lugar elegido para esta presentaci\u00f3n es el <strong>Centro Cultural Medina Elvira de Atarfe<\/strong> y asistir\u00e1n la alcaldesa, <strong>Yolanda Fern\u00e1ndez Morales,<\/strong> el empresario <strong>Pedro P\u00e9rez \u2018Chicote\u2019,<\/strong> el rejoneador <strong>Sebasti\u00e1n Fern\u00e1ndez<\/strong> y representantes de la <strong>Hermandad del Roc\u00edo de Granada,<\/strong> adem\u00e1s de todos los aficionados que lo deseen.\u00a0<\/p>\n<p><img data-recalc-dims=\"1\" loading=\"lazy\" decoding=\"async\" class=\"alignnone wp-image-1744862 size-full entered lazyloaded\" src=\"https:\/\/i0.wp.com\/www.mundotoro.com\/wp-content\/uploads\/2023\/12\/Captura-de-pantalla-2023-12-30-121037.jpg?resize=640%2C457&#038;ssl=1\" sizes=\"auto, (max-width: 715px) 100vw, 715px\" srcset=\"https:\/\/www.mundotoro.com\/wp-content\/uploads\/2023\/12\/Captura-de-pantalla-2023-12-30-121037.jpg 715w, https:\/\/www.mundotoro.com\/wp-content\/uploads\/2023\/12\/Captura-de-pantalla-2023-12-30-121037-300x214.jpg 300w, https:\/\/www.mundotoro.com\/wp-content\/uploads\/2023\/12\/Captura-de-pantalla-2023-12-30-121037-120x86.jpg 120w, https:\/\/www.mundotoro.com\/wp-content\/uploads\/2023\/12\/Captura-de-pantalla-2023-12-30-121037-350x250.jpg 350w\" alt=\"\" width=\"640\" height=\"457\" data-lazy-srcset=\"https:\/\/www.mundotoro.com\/wp-content\/uploads\/2023\/12\/Captura-de-pantalla-2023-12-30-121037.jpg 715w, https:\/\/www.mundotoro.com\/wp-content\/uploads\/2023\/12\/Captura-de-pantalla-2023-12-30-121037-300x214.jpg 300w, https:\/\/www.mundotoro.com\/wp-content\/uploads\/2023\/12\/Captura-de-pantalla-2023-12-30-121037-120x86.jpg 120w, https:\/\/www.mundotoro.com\/wp-content\/uploads\/2023\/12\/Captura-de-pantalla-2023-12-30-121037-350x250.jpg 350w\" data-lazy-sizes=\"(max-width: 715px) 100vw, 715px\" data-lazy-src=\"https:\/\/i0.wp.com\/www.mundotoro.com\/wp-content\/uploads\/2023\/12\/Captura-de-pantalla-2023-12-30-121037.jpg?ssl=1\" data-pin-no-hover=\"true\" data-ll-status=\"loaded\" \/><\/p>\n<div id=\"mdtrad-150416902\" class=\"mdtrad-despues-del-contenido-desktop\">\n<div class=\"strossle-widget-R2\">\n<div class=\"strossle row widget-wrapper-qwt3ispfz5p5h\">\u00a0<\/div>\n<\/div>\n<\/div>\n<div class=\"jeg_post_tags\">\u00a0<\/div>\n","protected":false},"excerpt":{"rendered":"<p>Se celebrar\u00e1 en la plaza de toros de la localidad DE ATARFE El Ayuntamiento de&#8230;<\/p>\n","protected":false},"author":1,"featured_media":66179,"comment_status":"closed","ping_status":"closed","sticky":false,"template":"","format":"standard","meta":{"_coblocks_attr":"","_coblocks_dimensions":"","_coblocks_responsive_height":"","_coblocks_accordion_ie_support":"","jetpack_post_was_ever_published":false,"_jetpack_newsletter_access":"","_jetpack_dont_email_post_to_subs":false,"_jetpack_newsletter_tier_id":0,"_jetpack_memberships_contains_paywalled_content":false,"_jetpack_memberships_contains_paid_content":false,"footnotes":"","jetpack_publicize_message":"","jetpack_publicize_feature_enabled":true,"jetpack_social_post_already_shared":true,"jetpack_social_options":{"image_generator_settings":{"template":"highway","default_image_id":0,"enabled":false},"version":2}},"categories":[6916,1161,44],"tags":[],"class_list":["post-66178","post","type-post","status-publish","format-standard","has-post-thumbnail","hentry","category-ayuntamiento-de-atarfe","category-ciudadania","category-noticias-de-hoy"],"jetpack_publicize_connections":[],"jetpack_featured_media_url":"https:\/\/i0.wp.com\/miradordeatarfe.es\/wp-content\/uploads\/2024\/01\/decia-Luis-Miranda-mejor-empresario_1461164045_120754438_1200x675.jpg?fit=1200%2C675&ssl=1","jetpack_likes_enabled":true,"jetpack_sharing_enabled":true,"_links":{"self":[{"href":"https:\/\/miradordeatarfe.es\/index.php?rest_route=\/wp\/v2\/posts\/66178","targetHints":{"allow":["GET"]}}],"collection":[{"href":"https:\/\/miradordeatarfe.es\/index.php?rest_route=\/wp\/v2\/posts"}],"about":[{"href":"https:\/\/miradordeatarfe.es\/index.php?rest_route=\/wp\/v2\/types\/post"}],"author":[{"embeddable":true,"href":"https:\/\/miradordeatarfe.es\/index.php?rest_route=\/wp\/v2\/users\/1"}],"replies":[{"embeddable":true,"href":"https:\/\/miradordeatarfe.es\/index.php?rest_route=%2Fwp%2Fv2%2Fcomments&post=66178"}],"version-history":[{"count":1,"href":"https:\/\/miradordeatarfe.es\/index.php?rest_route=\/wp\/v2\/posts\/66178\/revisions"}],"predecessor-version":[{"id":66180,"href":"https:\/\/miradordeatarfe.es\/index.php?rest_route=\/wp\/v2\/posts\/66178\/revisions\/66180"}],"wp:featuredmedia":[{"embeddable":true,"href":"https:\/\/miradordeatarfe.es\/index.php?rest_route=\/wp\/v2\/media\/66179"}],"wp:attachment":[{"href":"https:\/\/miradordeatarfe.es\/index.php?rest_route=%2Fwp%2Fv2%2Fmedia&parent=66178"}],"wp:term":[{"taxonomy":"category","embeddable":true,"href":"https:\/\/miradordeatarfe.es\/index.php?rest_route=%2Fwp%2Fv2%2Fcategories&post=66178"},{"taxonomy":"post_tag","embeddable":true,"href":"https:\/\/miradordeatarfe.es\/index.php?rest_route=%2Fwp%2Fv2%2Ftags&post=66178"}],"curies":[{"name":"wp","href":"https:\/\/api.w.org\/{rel}","templated":true}]}}