{"id":66204,"date":"2024-01-04T10:15:05","date_gmt":"2024-01-04T09:15:05","guid":{"rendered":"https:\/\/miradordeatarfe.es\/?p=66204"},"modified":"2024-01-04T10:57:21","modified_gmt":"2024-01-04T09:57:21","slug":"la-atarfena-ana-maria-reclama-al-sas-por-la-muerte-de-su-madre","status":"publish","type":"post","link":"https:\/\/miradordeatarfe.es\/?p=66204","title":{"rendered":"LA ATARFE\u00d1A ANA MARIA RECLAMA AL \u00abSAS\u00bb POR LA MUERTE DE SU MADRE"},"content":{"rendered":"<h3 class=\"v-a-sub-t\" style=\"text-align: justify;\">A Ana Mar\u00eda, atarfe\u00f1a de 53 a\u00f1os, no le diagnosticaron el c\u00e1ncer hasta 16 d\u00edas antes de morir, pese a un periplo por los hospitales: \u00abPas\u00f3 un infierno\u00bb. Reclama al SAS por la muerte de su madre en Granada tras 22 visitas a Urgencias en un a\u00f1o<\/h3>\n<p class=\"v-p\" style=\"text-align: justify;\">Si Ana Mar\u00eda L\u00f3pez (1970-2023) hubiera sabido que padec\u00eda un agresivo c\u00e1ncer, su \u00faltimo a\u00f1o de vida hubiera sido muy diferente. Y no solo por la oportunidad que habr\u00eda tenido de recibir cuidados y tratamiento m\u00e9dico, tambi\u00e9n a nivel emocional, sus cuatro hijos la habr\u00edan acompa\u00f1ado mejor y \u00abse habr\u00eda evitado mucha angustia\u00bb. \u00abMi madre viv\u00eda sola, si lo hubi\u00e9ramos sabido habr\u00eda estado siempre acompa\u00f1ada. La habr\u00edamos hecho disfrutar m\u00e1s la vida y sin embargo sufri\u00f3 un infierno\u00bb, explica desconsolada una de las hijas de Ana, de 32 a\u00f1os, que tambi\u00e9n lleva el nombre de su madre.<\/p>\n<p class=\"v-p\" style=\"text-align: justify;\">Ana Mar\u00eda L\u00f3pez, vecina de Atarfe, muri\u00f3 el pasado 23 de septiembre, 16 d\u00edas despu\u00e9s de que le diagnosticaran un c\u00e1ncer c\u00e9rvico uterino con met\u00e1stasis \u00f3seas, que le provoc\u00f3 dolores agudos y le hab\u00eda llevado hasta en veinte ocasiones a visitar las urgencias de su centro de salud y el hospital durante el \u00faltimo a\u00f1o. Ten\u00eda solo 53 a\u00f1os.<\/p>\n<p class=\"v-p\" style=\"text-align: justify;\">Limpiadora de profesi\u00f3n, Ana Mar\u00eda, estaba separada, viv\u00eda en Atarfe y sus hijos la definen como una mujer en\u00e9rgica y llena de ganas de vivir. Se ganaba el cari\u00f1o de todo el mundo. \u00abEra puro nervio y energ\u00eda, por eso aguant\u00f3 tanto a pesar de lo que estaba sufriendo\u00bb, apunta su hija. Su infierno comenz\u00f3 en junio de 2022, cuando comenz\u00f3 a sufrir dolores abdominales y sangrados vaginales que en principio achac\u00f3 a la menopausia y que le llevaron a acudir a Urgencias de su centro de salud y del Virgen de las Nieves hasta en veinte ocasiones en un a\u00f1o. \u00abLlegaba doblada de dolor, con dolores de met\u00e1stasis y le daban el alta. En una consulta de urgencias le llegaron a decir que lo que ten\u00eda era gases, que eso se quitaba con un peo, dos peos, tres peos\u00bb, relata con rabia su hija.<\/p>\n<p class=\"v-p\" style=\"text-align: justify;\">Y es que al dolor por la p\u00e9rdida de una mujer tan joven, a\u00f1aden la impotencia y la frustraci\u00f3n de no haber llegado a tiempo para aliviar el sufrimiento que la ten\u00eda destrozada f\u00edsica y psicol\u00f3gicamente, por lo que la familia ha presentado una reclamaci\u00f3n de responsabilidad patrimonial a la administraci\u00f3n p\u00fablica, la fase administrativa previa a la v\u00eda judicial, en el caso de que el SAS no la atendiese.<\/p>\n<p class=\"v-p\" style=\"text-align: justify;\">El documento, al que ha tenido acceso IDEAL, expone que pese a la persistencia del cuadro cl\u00ednico, \u00abno se le prescribi\u00f3 la realizaci\u00f3n de un TAC hasta agosto de 2023, catorce meses despu\u00e9s de la primera visita a Urgencias, cuando el c\u00e1ncer estaba totalmente extendido, con met\u00e1stasis, lo que le caus\u00f3 la muerte a la paciente a los 16 d\u00edas\u00bb.<\/p>\n<p class=\"v-p\" style=\"text-align: justify;\">La reclamaci\u00f3n, presentada por el abogado especialista en Derecho de Tr\u00e1fico, Responsabilidad Civil y Seguros Joaqu\u00edn Perales, cree evidente \u00abel error en el diagn\u00f3stico, el d\u00e9ficit asistencial que motiv\u00f3 un retraso de catorce meses en el diagn\u00f3stico y con ello una p\u00e9rdida de oportunidad\u00bb. Por tanto solicita una indemnizaci\u00f3n econ\u00f3mica de 251.000 euros para la familia, que incluye los da\u00f1os morales.<\/p>\n<p class=\"v-p\" style=\"text-align: justify;\">\u00abCuando por fin la ingresaron ella sab\u00eda que ya era tarde. El onc\u00f3logo se lo dijo todo con la mirada. Mi madre estaba ya en los huesos y con la barriga inflamada, sab\u00eda lo que le iba a pasar y fue ella misma la que me anim\u00f3 a denunciarlo. Lo que no sab\u00eda la pobre es que iba a durar 16 d\u00edas\u00bb, relata Ana.<\/p>\n<p class=\"v-p\" style=\"text-align: justify;\">Tanto a ella como a sus hermanos le pesan la angustia de los d\u00edas en los que su madre estuvo sola porque no sab\u00edan de su gravedad y de no haberla hecho pasar m\u00e1s buenos momentos. \u00abNo s\u00e9 si se hubiera podido salvar si la hubieran cogido a tiempo, pero lo que s\u00ed s\u00e9 es que se le podr\u00eda haber quitado el dolor, que no habr\u00eda estado penando en sus \u00faltimos meses. Si lo hubi\u00e9ramos sabido, la hubi\u00e9ramos llevado m\u00e1s d\u00edas a la playa que le encantaba, hubi\u00e9ramos disfrutado m\u00e1s momentos simples con ella. Sin embargo mi madre se muri\u00f3 penando, sin poder comer ni beber\u00bb, contin\u00faa Ana, rota de dolor.<\/p>\n<p class=\"v-p\" style=\"text-align: justify;\">\u00abReclamamos por ella y por nosotros, porque se nos ha quedado una pena y un cargo de conciencia con el que tenemos que vivir para siempre y reclamamos para que las cosas cambien, para que esto no le vuelva a pasar a nadie en el Servicio Andaluz de Salud\u00bb, sentencia.<\/p>\n<p class=\"v-p\" style=\"text-align: justify;\">Tras la reclamaci\u00f3n, el Servicio Andaluz de Salud se ha puesto en contacto con la familia y le ha comunicado un cambio de diagn\u00f3stico a un tumor de vejiga con componente gen\u00e9tico. \u00abEl apellido que le pongan al c\u00e1ncer no es definitivo, la cuesti\u00f3n es que no se le practicaron las pruebas diagn\u00f3sticas y la p\u00e9rdida de oportunidad es evidente\u00bb, concluye el letrado Joaqu\u00edn Perales.<\/p>\n<p style=\"text-align: justify;\"><a href=\"https:\/\/www.ideal.es\/autor\/mercedes-navarrete-434.html\" data-mrf-link=\"https:\/\/www.ideal.es\/autor\/mercedes-navarrete-434.html\"><strong>Mercedes Navarrete\u00a0<\/strong><\/a><\/p>\n<p><span class=\"v-fc__text\">FOTO : Ana Mar\u00eda Aguado mira un retrato de su madre Ana Mar\u00eda, que falleci\u00f3 el pasado 13 de septiembre.<\/span> <span class=\"v-fc__ath\">Alfredo Aguilar<\/span><\/p>\n<p>https:\/\/www.ideal.es\/granada\/reclama-sas-muerte-madre-granada-tras-visitas-20231226235639-nt.html<\/p>\n<div class=\"v-d v-d--ab-c v-d--bs\">\n<div class=\"v-mdl-ath \" data-voc-component=\"viewport-not-visible\">\n<div class=\"v-mdl-ath__c v-mdl-ath__c--1\">\n<div class=\"v-mdl-ath__img-c\">\u00a0<\/div>\n<div class=\"v-mdl-ath__inf\">\n<p class=\"v-mdl-ath__p v-mdl-ath__p--2\">\u00a0<\/p>\n<\/div>\n<\/div>\n<\/div>\n<\/div>\n","protected":false},"excerpt":{"rendered":"<p>A Ana Mar\u00eda, atarfe\u00f1a de 53 a\u00f1os, no le diagnosticaron el c\u00e1ncer hasta 16 d\u00edas&#8230;<\/p>\n","protected":false},"author":1,"featured_media":66205,"comment_status":"closed","ping_status":"closed","sticky":false,"template":"","format":"standard","meta":{"_coblocks_attr":"","_coblocks_dimensions":"","_coblocks_responsive_height":"","_coblocks_accordion_ie_support":"","jetpack_post_was_ever_published":false,"_jetpack_newsletter_access":"","_jetpack_dont_email_post_to_subs":false,"_jetpack_newsletter_tier_id":0,"_jetpack_memberships_contains_paywalled_content":false,"_jetpack_memberships_contains_paid_content":false,"footnotes":"","jetpack_publicize_message":"","jetpack_publicize_feature_enabled":true,"jetpack_social_post_already_shared":true,"jetpack_social_options":{"image_generator_settings":{"template":"highway","default_image_id":0,"enabled":false},"version":2}},"categories":[2,1161,44,10],"tags":[],"class_list":["post-66204","post","type-post","status-publish","format-standard","has-post-thumbnail","hentry","category-atarfe","category-ciudadania","category-noticias-de-hoy","category-salud"],"jetpack_publicize_connections":[],"jetpack_featured_media_url":"https:\/\/i0.wp.com\/miradordeatarfe.es\/wp-content\/uploads\/2024\/01\/ana-U200138430217h4B-U210843984500vs-1200x840%40Ideal.webp?fit=1200%2C838&ssl=1","jetpack_likes_enabled":true,"jetpack_sharing_enabled":true,"_links":{"self":[{"href":"https:\/\/miradordeatarfe.es\/index.php?rest_route=\/wp\/v2\/posts\/66204","targetHints":{"allow":["GET"]}}],"collection":[{"href":"https:\/\/miradordeatarfe.es\/index.php?rest_route=\/wp\/v2\/posts"}],"about":[{"href":"https:\/\/miradordeatarfe.es\/index.php?rest_route=\/wp\/v2\/types\/post"}],"author":[{"embeddable":true,"href":"https:\/\/miradordeatarfe.es\/index.php?rest_route=\/wp\/v2\/users\/1"}],"replies":[{"embeddable":true,"href":"https:\/\/miradordeatarfe.es\/index.php?rest_route=%2Fwp%2Fv2%2Fcomments&post=66204"}],"version-history":[{"count":2,"href":"https:\/\/miradordeatarfe.es\/index.php?rest_route=\/wp\/v2\/posts\/66204\/revisions"}],"predecessor-version":[{"id":66225,"href":"https:\/\/miradordeatarfe.es\/index.php?rest_route=\/wp\/v2\/posts\/66204\/revisions\/66225"}],"wp:featuredmedia":[{"embeddable":true,"href":"https:\/\/miradordeatarfe.es\/index.php?rest_route=\/wp\/v2\/media\/66205"}],"wp:attachment":[{"href":"https:\/\/miradordeatarfe.es\/index.php?rest_route=%2Fwp%2Fv2%2Fmedia&parent=66204"}],"wp:term":[{"taxonomy":"category","embeddable":true,"href":"https:\/\/miradordeatarfe.es\/index.php?rest_route=%2Fwp%2Fv2%2Fcategories&post=66204"},{"taxonomy":"post_tag","embeddable":true,"href":"https:\/\/miradordeatarfe.es\/index.php?rest_route=%2Fwp%2Fv2%2Ftags&post=66204"}],"curies":[{"name":"wp","href":"https:\/\/api.w.org\/{rel}","templated":true}]}}