{"id":66216,"date":"2024-01-05T09:26:30","date_gmt":"2024-01-05T08:26:30","guid":{"rendered":"https:\/\/miradordeatarfe.es\/?p=66216"},"modified":"2024-01-05T10:18:39","modified_gmt":"2024-01-05T09:18:39","slug":"quinientos-anos-de-toma-y-daca-parte-2-por-gabriel-pozo-felguera","status":"publish","type":"post","link":"https:\/\/miradordeatarfe.es\/?p=66216","title":{"rendered":"Quinientos a\u00f1os de Toma y daca (PARTE 2) por Gabriel Pozo Felguera"},"content":{"rendered":"<h3 style=\"text-align: justify;\">La procesi\u00f3n en conmemoraci\u00f3n de la entrega de Granada se celebr\u00f3 el 2 de enero de los a\u00f1os 1519, 1520 y 1521. Salieron de la Capilla Real, reci\u00e9n acabada y con el mausoleo o bulto situado sobre la cripta vac\u00eda.<\/h3>\n<p style=\"text-align: justify;\">Hicieron un recorrido corto, saliendo al solar donde se iba a construir la Catedral, bajaron a Bibarrambla y subieron por el Zacat\u00edn para entrar por la puerta lateral. Se trat\u00f3 de una primera procesi\u00f3n c\u00edvico-religiosa, en la que los capellanes reales invitaron a participar al Corregidor y al cabildo de la ciudad. En aquellos tres primeros a\u00f1os no se homenaje\u00f3 a los cad\u00e1veres de los Reyes Cat\u00f3licos porque todav\u00eda permanec\u00edan enterrados en el Convento de San Francisco, en la Alhambra. Tampoco se exhibi\u00f3 s\u00edmbolo alguno en la Casa Consistorial. El protagonismo fue por aquellos primeros a\u00f1os para los cabildos de la Catedral y de la Capilla Real. Las insignias reales eran celosamente guardadas en el altar del pante\u00f3n regio.<\/p>\n<h4 style=\"text-align: justify;\"><strong>1522: primera Fiesta de la Toma<\/strong><\/h4>\n<p style=\"text-align: justify;\">El 2 de enero de 1522 se puede considerar como primera Fiesta de la Toma que se celebr\u00f3 en Granada. Los cad\u00e1veres de los Reyes Cat\u00f3licos hab\u00edan sido trasladados cincuenta d\u00edas antes a la cripta bajo el mausoleo. El boato y la fiesta que rodearon la inhumaci\u00f3n definitiva tuvieron continuaci\u00f3n con la primera tremolaci\u00f3n del pend\u00f3n real ante el bulto de la Capilla Real; pero todav\u00eda no hay referencia a acto alguno en la casa consistorial. El alcaide de la Alhambra y capit\u00e1n general del Reino, Conde de Tendilla, orden\u00f3 que se dedicaran varios quintales de p\u00f3lvora a disparar ca\u00f1onazos desde la fortaleza, se iluminaron las torres, se destin\u00f3 parte de la guarnici\u00f3n militar a tener presencia en el ceremonial, se hicieron luminarias en las torres de la Alhambra, se ta\u00f1eron las campanas y se abrieron las puertas de la fortaleza para regocijo general de los ciudadanos.<\/p>\n<p style=\"text-align: justify;\">El obispo Antonio de Rojas, por su parte, orden\u00f3 iluminar las torres de las iglesias de la ciudad y ta\u00f1ido de campanas. El Concejo municipal particip\u00f3 aportando cera y panes para los necesitados. En aquellos primeros a\u00f1os cal\u00f3 hondo la fiesta en la ciudad, de manera que se decidi\u00f3 ampliarla tambi\u00e9n al primer d\u00eda del a\u00f1o. No nos han quedado rastros concretos del programa de fiestas del primer tercio del siglo XVI, pero debi\u00f3 ser potente. Pronto aparecieron las fiestas de ca\u00f1as con toros de por medio; Enr\u00edquez de Jorquera narra la corrida con ocho morlacos que se organiz\u00f3 el 2 de enero de 1588; es de suponer que la tradici\u00f3n ya ven\u00eda de a\u00f1os anteriores; tambi\u00e9n en posteriores, como fue el caso de la lidia de una docena de astados el 2 de enero de 1613. El cronista no hace referencia al lugar de las corridas, pero lo m\u00e1s probable es que tuvieran lugar en Bibarrambla.<\/p>\n<h4 style=\"text-align: justify;\"><strong>1567: El privilegio del primer Alf\u00e9rez mayor <\/strong><\/h4>\n<p style=\"text-align: justify;\">De conmemoraci\u00f3n de la entrega de Granada se pas\u00f3 pronto a hablar de reconquista y toma de la ciudad a los moros. Los corregidores \u00cd\u00f1igo Manrique (1522-27) y Luis Pacheco (1530-34) dieron un impulso a la celebraci\u00f3n consolid\u00e1ndola como una especie de fiesta y feria de car\u00e1cter regional. La parte pol\u00edtica de la ciudad empez\u00f3 a ganar peso en los festejos. Y con el aumento de brillantez tambi\u00e9n aparecieron los deseos de figurar, tanto entre el estamento religioso como por parte de la nobleza local. Todo el mundo peleaba por conseguir un lugar destacado en las celebraciones.<\/p>\n<p class=\"sumari\" style=\"text-align: justify;\">De conmemoraci\u00f3n de la entrega de Granada se pas\u00f3 pronto a hablar de reconquista y toma de la ciudad a los moros<\/p>\n<p style=\"text-align: justify;\">Uno de los primeros personajes que cop\u00f3 las fiesta de la Toma de Granada fue un miembro de la casa de Aguilar, descendiente del Gran Capit\u00e1n. Se trat\u00f3 de Luis Fern\u00e1ndez de C\u00f3rdoba y Enr\u00edquez. Hombre de apellido ilustre, criado en la Corte como menino de Felipe II, ya para 1566 consigui\u00f3 de su amigo el Rey el cargo del primer Alf\u00e9rez mayor de Granada (Decreto de 24 de noviembre de 1566). Aquel empleo consist\u00eda en ser el delegado regio en la ciudad y portador del pend\u00f3n real en las procesiones que sal\u00edan a la calle. Luis Fern\u00e1ndez de C\u00f3rdoba se apropi\u00f3 de la prerrogativa, para s\u00ed y sus descendientes, de ondear el pend\u00f3n que custodiaba la Capilla Real. Quiz\u00e1s de esa \u00e9poca surgi\u00f3 la tradici\u00f3n de subir al balc\u00f3n del Consistorio a ondear la bandera para todo el pueblo.<\/p>\n<p style=\"text-align: justify;\">Durante bastantes a\u00f1os tuvo la casa de Aguilar la prerrogativa de tremolarlo. Sobre todo, porque durante la Guerra de las Alpujarras estuvo al lado de Juan de Austria; complet\u00f3 su carrera pol\u00edtico-militar en Lepanto y diversas embajadas por encargo de Felipe II. Fue el tremolador cada a\u00f1o, pues fij\u00f3 su residencia en Granada. Hasta que en 1592 fue nombrado alcalde-corregidor de Toledo y deleg\u00f3.<\/p>\n<p class=\"sumari\" style=\"text-align: justify;\">El Ayuntamiento de Granada siempre defendi\u00f3 el derecho de que fuese uno de sus Caballeros XXIV el portador del estandarte<\/p>\n<p style=\"text-align: justify;\">El Ayuntamiento de Granada siempre defendi\u00f3 el derecho de que fuese uno de sus Caballeros XXIV el portador del estandarte. Luis F. de C\u00f3rdoba y el alcalde llegaron al acuerdo de que el noble tomar\u00eda el pend\u00f3n a la puerta del Ayuntamiento, se lo entregar\u00eda a un teniente para que lo portara por la calle; se lo devolver\u00eda al entrar en la Capilla Real, donde rodear\u00eda los bultos y saludar\u00eda con la insignia. A la salida, de nuevo se lo dejar\u00eda llevar a un teniente. En caso de que Luis F. de C\u00f3rdoba no estuviese en Granada, delegaba en el concejal m\u00e1s antiguo. El noble o sus descendientes conservar\u00edan su derecho de tremoladores mientras su apellido retuviera el cargo de Alf\u00e9rez mayor.\u00a0<\/p>\n<h4 style=\"text-align: justify;\"><strong>Frufr\u00fa de sotanas y capas<\/strong><\/h4>\n<p style=\"text-align: justify;\">El d\u00eda de la Toma vivi\u00f3 su periodo de m\u00e1ximo esplendor desde finales del primer tercio del siglo XVI hasta mediado el siglo XVII. Toda la nobleza de la ciudad peleaba por ocupar sitios de honor en el protocolo de la procesi\u00f3n. El cabildo municipal se las ingeni\u00f3 para tener cada vez un papel m\u00e1s importante en la fiesta que capitaneaban los can\u00f3nigos de la Catedral y de la Capilla Real. No se sabe con exactitud la fecha en que el Ayuntamiento encarg\u00f3 la confecci\u00f3n de su propio estandarte real, pero los estudios del tejido apuntan que debi\u00f3 ser de principios del XVII, muy probablemente hecho en 1624 para la visita de Felipe IV. (El que se saca en la actualidad es una copia).\u00a0 Con el tiempo, el estandarte municipal y su r\u00e9plica han sustituido al original que guarda la Capilla Real. Tampoco se sabe el momento en que se incorpor\u00f3 el ondeo de la ense\u00f1a y su exposici\u00f3n en un balc\u00f3n central de la casa consistorial. Este hecho de exponer el pend\u00f3n y tremolarlo tiene su origen en el acto de la Torre de la Vela del 2 de enero de 1492. El alf\u00e9rez mayor o un comendador de la ciudad decidieron suplantar o sustituir el acto de la Alhambra por un nuevo acto en el Ayuntamiento. O lo que es lo mismo, el representante real ya no era el capit\u00e1n general que resid\u00eda en la Alhambra, sino el alcalde de la ciudad.<\/p>\n<div class=\"divdest\" style=\"text-align: justify;\">\n<div class=\"media media-element-container media-default\">\n<div id=\"file-74442\" class=\"file file-image file-image-jpeg\">\n<h2 class=\"element-invisible\"><a href=\"http:\/\/www.elindependientedegranada.es\/file\/grabadodelacasadelosmiradoresjpg\">grabado_de_la_casa_de_los_miradores.jpg<\/a><\/h2>\n<div class=\"content\"><img data-recalc-dims=\"1\" loading=\"lazy\" decoding=\"async\" class=\"media-element file-default\" src=\"https:\/\/i0.wp.com\/www.elindependientedegranada.es\/sites\/default\/files\/grabado_de_la_casa_de_los_miradores.jpg?resize=567%2C407&#038;ssl=1\" alt=\"\" width=\"567\" height=\"407\" data-delta=\"7\" \/><\/div>\n<\/div>\n<\/div>\n<p>Grabado de la Casa de los Miradores, en la Plaza de Bibarrambla, sede del Concejo donde se tremolaba el pend\u00f3n entre mediados del siglo XVI y mediados del XIX.<\/p><\/div>\n<p style=\"text-align: justify;\">Durante el largo siglo de esplendor de la Toma, cada estamento ten\u00eda su lugar en la enorme funci\u00f3n c\u00edvico-religiosa que sal\u00eda a la calle aquel d\u00eda. Se sumaron por orden de antig\u00fcedad representaciones de todas las parroquias de la ciudad, de todos los gremios, de representantes de la mayor\u00eda de concejos del Reino de Granada, etc. Cada uno con sus maceros, cruces, prestes, di\u00e1conos. El protocolo y el ceremonial estrictos eran los elementos m\u00e1s importantes a respetar. El momento apote\u00f3sico fue 1572, durante la celebraci\u00f3n del <em>S\u00ednodo Granatensis<\/em>, que congreg\u00f3 en la ciudad a innumerable clero de Espa\u00f1a.<\/p>\n<p class=\"sumari\" style=\"text-align: justify;\">En lenguaje de hoy, podemos concluir que hab\u00eda codazos por ocupar los sitios preeminentes en la procesi\u00f3n y el porte de s\u00edmbolos<\/p>\n<p style=\"text-align: justify;\">En lenguaje de hoy, podemos concluir que hab\u00eda codazos por ocupar los sitios preeminentes en la procesi\u00f3n y el porte de s\u00edmbolos. El arzobispo ven\u00eda ostentando desde 1517 el t\u00edtulo de depositario de la espada y el pend\u00f3n; pero en vista de las quejas del Ayuntamiento, pact\u00f3 cesiones al Concejo, de manera que todo el mundo quedase contento: la espada la llevar\u00eda el corregidor, y la corona de la Reina el arzobispo, el presidente de la Chanciller\u00eda o en quien delegase. Este reparto de tareas cambiaba de un a\u00f1o para otro, con los consiguientes disgustos.<\/p>\n<p style=\"text-align: justify;\">El culmen de las disputas lleg\u00f3 a enfrentar a can\u00f3nigos de la catedral con capellanes reales. Entre ellos se disputaron qui\u00e9n era el guardi\u00e1n de los s\u00edmbolos reales y el lugar que deb\u00edan ocupar cada uno en la procesi\u00f3n. Hubo que convocar una cumbre entre el de\u00e1n catedralicio y el capell\u00e1n mayor, de manera que acordaron intercalar a sus respectivas sotanas en las filas para que ninguno sobresaliese m\u00e1s que el otro; se gualdrapearon en las filas. Tambi\u00e9n acordaron las misas a las que asistir\u00eda cada uno y el lugar que ocupar\u00edan en los templos.<\/p>\n<h4 style=\"text-align: justify;\"><strong>Crisis del siglo XVII: la nobleza se aparta<\/strong><\/h4>\n<p style=\"text-align: justify;\">El primer gran encontronazo entre la Iglesia y el Ayuntamiento tuvo lugar en 1591 y afect\u00f3 de lleno a la fiesta de la Toma. La ciudad estuvo varios a\u00f1os sin participar y aportar su parte a los festejos populares. Fue el primer enfriamiento de la Toma como fiesta mayor de la ciudad. El estallido ocurri\u00f3 en 1591, cuando Felipe II pidi\u00f3 la aportaci\u00f3n de ocho millones para paliar la bancarrota de la Corona con tanta guerra en que estaba metida, m\u00e1s el c\u00e1ncer arrastrado de las obras de El Escorial. El Ayuntamiento reparti\u00f3 la carga entre todos los ciudadanos, incluidos can\u00f3nigos, curas y frailes, que deb\u00edan pagar un arbitrio sobre su consumo de carne.<\/p>\n<p class=\"sumari\" style=\"text-align: justify;\">Pero al final los curas ganaron la partida: el Ayuntamiento les devolvi\u00f3 todo lo cobrado y el arzobispo retir\u00f3 la excomuni\u00f3n. Aquel hecho dej\u00f3 bastante tocada la relaci\u00f3n entre eclesi\u00e1sticos y pol\u00edticos. Y la Toma empez\u00f3 a flaquear como fiesta<\/p>\n<p style=\"text-align: justify;\">El clero granadino, exento de grav\u00e1menes hasta entonces, se sinti\u00f3 tan agraviado que presion\u00f3 al arzobispo para que les defendiera. Pedro de Castro, de car\u00e1cter rudo, directo y casi violento, exigi\u00f3 al Ayuntamiento que retirase tal impuesto a su gente. El corregidor Don Alonso de C\u00e1rdenas no cedi\u00f3 y el obispo excomulg\u00f3 a toda la corporaci\u00f3n. Se form\u00f3 un esc\u00e1ndalo de dimensiones descomunales, los curas no quer\u00edan confesar ni comulgar a los ediles, incluso alguno falleci\u00f3 en pecado mortal por haber querido cobrar impuestos a los curas.<\/p>\n<p style=\"text-align: justify;\">Las espadas estuvieron en alto varios a\u00f1os entre el clero y los pol\u00edticos, hasta la llegada del corregidor Mos\u00e9n Rub\u00ed de Bracamonte. Pero al final los curas ganaron la partida: el Ayuntamiento les devolvi\u00f3 todo lo cobrado y el arzobispo retir\u00f3 la excomuni\u00f3n. Aquel hecho dej\u00f3 bastante tocada la relaci\u00f3n entre eclesi\u00e1sticos y pol\u00edticos. Y la Toma empez\u00f3 a flaquear como fiesta.<\/p>\n<p style=\"text-align: justify;\">Con tanta tensi\u00f3n, cualquier diferencia hac\u00eda saltar chispas entre ellos. Fue el caso de la Toma de 1601, cuando un concejal y un capell\u00e1n echaron mano de espadas y cuchillos en la Capilla Real a cuenta de la colocaci\u00f3n de un banco donde tomar asiento cada uno.<\/p>\n<div class=\"divdest\" style=\"text-align: justify;\">\n<div class=\"media media-element-container media-default\">\n<div id=\"file-74443\" class=\"file file-image file-image-jpeg\">\n<h2 class=\"element-invisible\"><a href=\"http:\/\/www.elindependientedegranada.es\/file\/estandarterealqueseguardaeneljpg\">estandarte_real_que_se_guarda_en_el.jpg<\/a><\/h2>\n<div class=\"content\"><img data-recalc-dims=\"1\" loading=\"lazy\" decoding=\"async\" class=\"media-element file-default\" src=\"https:\/\/i0.wp.com\/www.elindependientedegranada.es\/sites\/default\/files\/estandarte_real_que_se_guarda_en_el.jpg?resize=600%2C590&#038;ssl=1\" alt=\"\" width=\"600\" height=\"590\" data-delta=\"8\" \/><\/div>\n<\/div>\n<\/div>\n<p>Estandarte real que se guarda en el Ayuntamiento, bordado en el siglo XVII a imagen del original de la Capilla Real. AHMGR.<\/p><\/div>\n<p style=\"text-align: justify;\">Para mediados del siglo XVII, la procesi\u00f3n de la Toma hab\u00eda empezado a decaer. Los papeles y lugares m\u00e1s representativos hab\u00edan conseguido coparlos los representantes de la Iglesia (Catedral y Capilla Real) y del Consistorio. La nobleza descendiente de conquistadores se sent\u00eda apartada y dejaba de asistir empenachada a las representaciones. Algo similar ocurri\u00f3 a los gremios y al pueblo llano; Felipe IV no hab\u00eda dejado de exigir fondos y soldador para hacer frente a la sublevaci\u00f3n catalana. La crisis econ\u00f3mica era una realidad y el siglo de oro un recuerdo del pasado en Granada: la ciudad se dio cuenta de que hab\u00eda sido dada de lado por la monarqu\u00eda. El asunto ven\u00eda de tiempo atr\u00e1s, con Felipe II, despreciando su catedral como pante\u00f3n real y traslad\u00e1ndolo a El Escorial. Si los Reyes Cat\u00f3licos y Carlos V entendieron que Granada era un s\u00edmbolo y su ciudad m\u00e1s importante, la realidad demostr\u00f3 que Sevilla y C\u00e1diz se hicieron potencias econ\u00f3micas con el tr\u00e1fico de Am\u00e9rica, mientras Madrid y Valladolid eran las preferidas por los Austrias menores.<\/p>\n<p class=\"sumari\" style=\"text-align: justify;\">La fiesta de la Toma enfil\u00f3 su cuesta abajo durante casi un siglo. El Ayuntamiento se limitaba a enviar una representaci\u00f3n de ediles a la Capilla Real y Catedral, igual que hac\u00eda con el cumplimiento de otro m\u00e1s de los muchos votos que manten\u00eda la ciudad con santos e iglesias por haberle salvado de plagas, diluvios, sequ\u00edas o terremotos<\/p>\n<p style=\"text-align: justify;\">La nobleza establecida en Granada a lo largo del XVI, pronto empez\u00f3 a apuntar a los lugares a donde se estaba conformado la Corte. Aunque mantuvo posesiones y casas solariegas en Granada hasta bien entrado el siglo XX.<\/p>\n<h4 style=\"text-align: justify;\"><strong>1752: El renacer con nuevo ceremonial<\/strong><\/h4>\n<p style=\"text-align: justify;\">La fiesta de la Toma enfil\u00f3 su cuesta abajo durante casi un siglo. El Ayuntamiento se limitaba a enviar una representaci\u00f3n de ediles a la Capilla Real y Catedral, igual que hac\u00eda con el cumplimiento de otro m\u00e1s de los muchos votos que manten\u00eda la ciudad con santos e iglesias por haberle salvado de plagas, diluvios, sequ\u00edas o terremotos. El pueblo estaba ajeno a la celebraci\u00f3n lit\u00fargica en recuerdo de unos reyes y de un hecho que hab\u00edan dejado de ser historia reciente y se hab\u00edan adentrado en la nebulosa de lo legendario.<\/p>\n<p>FOTO: El bulto de los Reyes Cat\u00f3licos estuvo solo y centrado sobre la cripta entre 1518 y 1603 en que fue movido para colocar a su lado el de Juana I y Felipe I.<\/p>\n<p>http:\/\/www.elindependientedegranada.es\/ciudadania\/quinientos-anos-toma-daca<\/p>\n","protected":false},"excerpt":{"rendered":"<p>La procesi\u00f3n en conmemoraci\u00f3n de la entrega de Granada se celebr\u00f3 el 2 de enero&#8230;<\/p>\n","protected":false},"author":1,"featured_media":66217,"comment_status":"closed","ping_status":"closed","sticky":false,"template":"","format":"standard","meta":{"_coblocks_attr":"","_coblocks_dimensions":"","_coblocks_responsive_height":"","_coblocks_accordion_ie_support":"","jetpack_post_was_ever_published":false,"_jetpack_newsletter_access":"","_jetpack_dont_email_post_to_subs":false,"_jetpack_newsletter_tier_id":0,"_jetpack_memberships_contains_paywalled_content":false,"_jetpack_memberships_contains_paid_content":false,"footnotes":"","jetpack_publicize_message":"","jetpack_publicize_feature_enabled":true,"jetpack_social_post_already_shared":false,"jetpack_social_options":{"image_generator_settings":{"template":"highway","default_image_id":0,"enabled":false},"version":2}},"categories":[1161,10781,44],"tags":[],"class_list":["post-66216","post","type-post","status-publish","format-standard","has-post-thumbnail","hentry","category-ciudadania","category-granada","category-noticias-de-hoy"],"jetpack_publicize_connections":[],"jetpack_featured_media_url":"https:\/\/i0.wp.com\/miradordeatarfe.es\/wp-content\/uploads\/2024\/01\/el_bulto_de_los_reyes_catolicos.jpg?fit=567%2C564&ssl=1","jetpack_likes_enabled":true,"jetpack_sharing_enabled":true,"_links":{"self":[{"href":"https:\/\/miradordeatarfe.es\/index.php?rest_route=\/wp\/v2\/posts\/66216","targetHints":{"allow":["GET"]}}],"collection":[{"href":"https:\/\/miradordeatarfe.es\/index.php?rest_route=\/wp\/v2\/posts"}],"about":[{"href":"https:\/\/miradordeatarfe.es\/index.php?rest_route=\/wp\/v2\/types\/post"}],"author":[{"embeddable":true,"href":"https:\/\/miradordeatarfe.es\/index.php?rest_route=\/wp\/v2\/users\/1"}],"replies":[{"embeddable":true,"href":"https:\/\/miradordeatarfe.es\/index.php?rest_route=%2Fwp%2Fv2%2Fcomments&post=66216"}],"version-history":[{"count":1,"href":"https:\/\/miradordeatarfe.es\/index.php?rest_route=\/wp\/v2\/posts\/66216\/revisions"}],"predecessor-version":[{"id":66218,"href":"https:\/\/miradordeatarfe.es\/index.php?rest_route=\/wp\/v2\/posts\/66216\/revisions\/66218"}],"wp:featuredmedia":[{"embeddable":true,"href":"https:\/\/miradordeatarfe.es\/index.php?rest_route=\/wp\/v2\/media\/66217"}],"wp:attachment":[{"href":"https:\/\/miradordeatarfe.es\/index.php?rest_route=%2Fwp%2Fv2%2Fmedia&parent=66216"}],"wp:term":[{"taxonomy":"category","embeddable":true,"href":"https:\/\/miradordeatarfe.es\/index.php?rest_route=%2Fwp%2Fv2%2Fcategories&post=66216"},{"taxonomy":"post_tag","embeddable":true,"href":"https:\/\/miradordeatarfe.es\/index.php?rest_route=%2Fwp%2Fv2%2Ftags&post=66216"}],"curies":[{"name":"wp","href":"https:\/\/api.w.org\/{rel}","templated":true}]}}