{"id":66220,"date":"2024-01-06T09:31:18","date_gmt":"2024-01-06T08:31:18","guid":{"rendered":"https:\/\/miradordeatarfe.es\/?p=66220"},"modified":"2024-01-03T23:37:12","modified_gmt":"2024-01-03T22:37:12","slug":"quinientos-anos-de-toma-y-daca-ciudadania-gabriel-pozo-felguera","status":"publish","type":"post","link":"https:\/\/miradordeatarfe.es\/?p=66220","title":{"rendered":"Quinientos a\u00f1os de Toma y daca Ciudadan\u00eda (PARTE 3) por Gabriel Pozo Felguera"},"content":{"rendered":"<h3 style=\"text-align: justify;\">La nobleza establecida en Granada a lo largo del XVI, pronto empez\u00f3 a apuntar a los lugares a donde se estaba conformado la Corte. Aunque mantuvo posesiones y casas solariegas en Granada hasta bien entrado el siglo XX.<\/h3>\n<h4 style=\"text-align: justify;\"><strong>1752: El renacer con nuevo ceremonial<\/strong><\/h4>\n<p style=\"text-align: justify;\">La fiesta de la Toma enfil\u00f3 su cuesta abajo durante casi un siglo. El Ayuntamiento se limitaba a enviar una representaci\u00f3n de ediles a la Capilla Real y Catedral, igual que hac\u00eda con el cumplimiento de otro m\u00e1s de los muchos votos que manten\u00eda la ciudad con santos e iglesias por haberle salvado de plagas, diluvios, sequ\u00edas o terremotos. El pueblo estaba ajeno a la celebraci\u00f3n lit\u00fargica en recuerdo de unos reyes y de un hecho que hab\u00edan dejado de ser historia reciente y se hab\u00edan adentrado en la nebulosa de lo legendario.<\/p>\n<p style=\"text-align: justify;\">Lleg\u00f3 1750 y con \u00e9l un caballero XXIV llamado <strong>Juan de Morales Hondonero<\/strong>. Se le nombr\u00f3 maestro de ceremonias. El hombre ten\u00eda gran afici\u00f3n por las tradiciones y el vestuario caballeresco. Redact\u00f3 un ceremonial y un protocolo con el fin de enderezar la fiesta de la Toma como d\u00eda de asueto local; recopil\u00f3 lo mejor de lo antiguo y compuso un programa festivo que se prolongar\u00eda durante los d\u00edas 1 y 2 de enero. Gast\u00f3 dinero municipal en vestir de gala a los concejales, recuper\u00f3 trajes de maceros, palafreneros, pajes, etc. etc. (En cierto modo, son los mismos que a\u00fan contin\u00faan vigentes; todos los que salen en la procesi\u00f3n parecen sacados de cuadros goyescos). El primer Corpus de la nueva era fue el correspondiente a 1752, cuando empezaba la Ilustraci\u00f3n, que ya criticaba el anacronismo de la Toma. Granada volv\u00eda a vestirse de fiesta, a organizar corridas de toros en la plaza port\u00e1til del Humilladero, primero, y m\u00e1s tarde en la Maestranza del Triunfo; se organizaban funciones teatrales en torno la <em>Toma de Granada o el Triunfo de la Cruz<\/em>; la gente visitaba la Alhambra y, si hac\u00eda buen d\u00eda, se iba de romer\u00eda a los montes de los alrededores de la ciudad.<\/p>\n<p class=\"sumari\" style=\"text-align: justify;\">Repicaban las campas de la Catedral. Y despu\u00e9s era colocado el estandarte, con vigilancia militar, en el balc\u00f3n. En resumen, un protocolo muy similar al que se desarrolla en la actualidad<\/p>\n<p style=\"text-align: justify;\">El protocolo estableci\u00f3 el nombramiento de portador del pend\u00f3n en la persona del concejal de mayor edad, del que lo transportaba hasta la Capilla Real (el m\u00e1s joven) y de la tremolaci\u00f3n en el balc\u00f3n municipal. La artiller\u00eda disparaba salvas desde la Alhambra al momento de comenzar el desfile. Repicaban las campas de la Catedral. Y despu\u00e9s era colocado el estandarte, con vigilancia militar, en el balc\u00f3n. En resumen, un protocolo muy similar al que se desarrolla en la actualidad.<\/p>\n<p style=\"text-align: justify;\">Aquel impulso no dur\u00f3 muchos a\u00f1os, ya que la llegada de los invasores franceses frustr\u00f3 todo tipo de celebraci\u00f3n religiosa, menos a\u00fan relacionada con los momentos de esplendor de la monarqu\u00eda espa\u00f1ola que en el siglo XVI humill\u00f3 a Francia en varias ocasiones.<\/p>\n<p style=\"text-align: justify;\">De aquella \u00e9poca en que la Alhambra empez\u00f3 a abrirse al p\u00fablico viene la tradici\u00f3n de subir a tocar la campana de la Vela. Especialmente las mujeres en edad casadera.<\/p>\n<h4 style=\"text-align: justify;\"><strong>Siglo XIX: M\u00e1s crisis y caos<\/strong><\/h4>\n<p style=\"text-align: justify;\">De 1813 tenemos la primera noticia de un peri\u00f3dico granadino que recoge una breve referencia a que hab\u00eda sido retomada la costumbre de visitar la Alhambra y tocar la campana de la Vela. <em>El Publicista. Diario de Granada<\/em> nos advert\u00eda el 1 de enero que al d\u00eda siguiente se retomar\u00eda celebrar la fiesta de la forma que antes se acostumbraba; que no se extra\u00f1ara la gente cuando oyese ta\u00f1er continuamente la campana. No se avecinaba ninguna desgracia. Es una pena que no hayan quedado m\u00e1s n\u00fameros de d\u00edas siguientes con cr\u00f3nicas descriptivas de en qu\u00e9 consistieron los dem\u00e1s actos. Supongo que por lo menos los can\u00f3nigos de la Capilla Real organizar\u00edan la misa, tremolaci\u00f3n y procesi\u00f3n religiosa dentro de la Catedral.<\/p>\n<div class=\"divdest\" style=\"text-align: justify;\">\n<div class=\"media media-element-container media-default\">\n<div id=\"file-74444\" class=\"file file-image file-image-jpeg\">\n<h2 class=\"element-invisible\"><a href=\"http:\/\/www.elindependientedegranada.es\/file\/notillaenlapagina3deelpublicistajpg\">notilla_en_la_pagina_3_de_el_publicista.jpg<\/a><\/h2>\n<div class=\"content\"><img data-recalc-dims=\"1\" loading=\"lazy\" decoding=\"async\" class=\"media-element file-default\" src=\"https:\/\/i0.wp.com\/www.elindependientedegranada.es\/sites\/default\/files\/notilla_en_la_pagina_3_de_el_publicista.jpg?resize=567%2C154&#038;ssl=1\" alt=\"\" width=\"567\" height=\"154\" data-delta=\"9\" \/><\/div>\n<\/div>\n<\/div>\n<p>Notilla en la p\u00e1gina 3 de <em>El Publicista<\/em>, referida al ta\u00f1ido de la campana de la Vela en 1813.<\/div>\n<p style=\"text-align: justify;\">La enorme inestabilidad pol\u00edtica, las guerras carlistas, las continuas revoluciones de este siglo tuvieron su repercusi\u00f3n en la fiesta de la Toma. Hubo peque\u00f1os periodos en que se celebr\u00f3, alternados con otros en los que s\u00f3lo qued\u00f3 reducida al acto religioso \u00edntimo dentro de la Capilla. A lo sumo con una representaci\u00f3n de autoridades pol\u00edticas.<\/p>\n<p class=\"sumari\" style=\"text-align: justify;\">Las alusiones a los Reyes Cat\u00f3licos como conquistadores y refundadores de Granada fueron curiosamente compartidas durante buena parte del reinado de Isabel II. Desde el balc\u00f3n del Ayuntamiento se gritaba \u201cGranada, por la reina Isabel II\u2026\u201d y el gent\u00edo respond\u00eda \u201c\u00bfQu\u00e9?\u201d. Despu\u00e9s se sub\u00eda en romer\u00eda a la Alhambra<\/p>\n<p style=\"text-align: justify;\">Las alusiones a los Reyes Cat\u00f3licos como conquistadores y refundadores de Granada fueron curiosamente compartidas durante buena parte del reinado de Isabel II. Desde el balc\u00f3n del Ayuntamiento se gritaba \u201c<em>Granada, por la reina Isabel II\u2026\u201d<\/em> y el gent\u00edo respond\u00eda <em>\u201c\u00bfQu\u00e9?\u201d.<\/em> Despu\u00e9s se sub\u00eda en romer\u00eda a la Alhambra. Eso s\u00ed, todo el mundo procuraba acudir a la infinidad de representaciones teatrales que ofrec\u00edan las salas con sus programas de <em>La Toma de Granada o el Triunfo del Ave Mar\u00eda, <\/em>con planteles de actores desplazados desde Madrid; las sesiones empezaban al mediod\u00eda y discurr\u00edan ya durante toda la tarde y se adentraban en la noche. Este tipo de obras teatrales llegaron incluso hasta mediado el siglo XX.<\/p>\n<p style=\"text-align: justify;\">La etapa m\u00e1s fr\u00eda entre el Ayuntamiento y la Capilla Real lleg\u00f3 durante el sexenio revolucionario, concretamente durante el periodo del Cant\u00f3n Granadino y la I Rep\u00fablica. El Ayuntamiento estuvo comandado mayoritariamente por republicanos y gente anticlerical; los pol\u00edticos procuraron mantener la tradici\u00f3n de enviar una representaci\u00f3n a la misa de la Capilla Real. Pero en dos ocasiones los republicanos votaron por mayor\u00eda que no asistiese representaci\u00f3n oficial de la ciudad, el concejal que lo deseara lo har\u00eda a t\u00edtulo personal. Y all\u00ed se present\u00f3 el alcalde y s\u00f3lo un par de concejales. Fue sonada la trifulca entre el alcalde Joaqu\u00edn Alonso Pineda, partidario de asistir, y el concejal republicano Olalla, empe\u00f1ado en que nadie fuese a la Capilla Real. Y la prensa del momento no cesaba de calentar el tema: <em>La Idea<\/em>, de ideolog\u00eda federal, pidiendo el boicot; <em>El Progreso<\/em>, de corte moderado, criticando a quienes no iban a la Toma.<\/p>\n<p style=\"text-align: justify;\">Durante el \u00fanico enero (1874) de la I Rep\u00fablica se modific\u00f3 la llamada a la ciudadan\u00eda desde el balc\u00f3n. Se grit\u00f3: \u201c<em>Granada, Granada, Granada, por Fernando V de Arag\u00f3n e Isabel primera de Castilla, Viva la Soberan\u00eda Nacional, Viva la Rep\u00fablica, Viva Granada<\/em>\u201d. La palabra rey\/reyes fue suprimida del vocabulario pol\u00edtico.<\/p>\n<h4 style=\"text-align: justify;\"><strong>1881: Frustrado proyecto de gran representaci\u00f3n<\/strong><\/h4>\n<p style=\"text-align: justify;\">El 6 de octubre de 1881 se desayunaron los granadinos con un editorial de <em>El Defensor de Granada<\/em> titulado \u201cHagamos dinero\u201d. Su director, Luis Seco de Lucena, ven\u00eda a plantear la idea de recuperar y fomentar la fiesta de la Toma para atraer e impulsar el turismo y el comercio. Era una idea realmente novedosa y adelantada a su tiempo, una especie de exposici\u00f3n regional. Con ella se contribuir\u00eda a mejorar la deprimida econom\u00eda local. Por supuesto, se pedir\u00eda la declaraci\u00f3n de fiesta nacional y se solicitar\u00eda el apoyo a las Cortes.<\/p>\n<div class=\"divdest\" style=\"text-align: justify;\">\n<div class=\"media media-element-container media-default\">\n<div id=\"file-74445\" class=\"file file-image file-image-jpeg\">\n<h2 class=\"element-invisible\"><a href=\"http:\/\/www.elindependientedegranada.es\/file\/idealanzadaporeldefensorjpg\">idea_lanzada_por_el_defensor.jpg<\/a><\/h2>\n<div class=\"content\"><img data-recalc-dims=\"1\" loading=\"lazy\" decoding=\"async\" class=\"media-element file-default\" src=\"https:\/\/i0.wp.com\/www.elindependientedegranada.es\/sites\/default\/files\/idea_lanzada_por_el_defensor.jpg?resize=567%2C272&#038;ssl=1\" alt=\"\" width=\"567\" height=\"272\" data-delta=\"10\" \/><\/div>\n<\/div>\n<\/div>\n<p>Idea lanzada por <em>El Defensor<\/em> el 6 de octubre de 1881 de reconvertir la Toma en una fiesta colosal.<\/div>\n<p style=\"text-align: justify;\">La idea fue secundada inmediatamente por el Ayuntamiento, el resto de peri\u00f3dicos y las principales corporaciones y colectivos ciudadanos (Universidad, Diputaci\u00f3n, Sociedad Econ\u00f3mica, Liceo, Cabildo del Sacromonte, etc.) Aquel mismo d\u00eda ya fueron convocados en el Ayuntamiento para crear una junta preparatoria. Se pretend\u00eda aprovechar el atractivo hist\u00f3rico, monumental y conformar una magna representaci\u00f3n de Granada, durante varios d\u00edas, en la que de modo teatralizado se reprodujeran las condiciones y el paisaje de cuatro siglos atr\u00e1s. Los modelos eran los tradicionales desfiles del \u00c1rbol de Oro de Brujas. Ya hab\u00eda precedentes similares en Madrid y Barcelona.<\/p>\n<div class=\"divdest\" style=\"text-align: justify;\">\n<div class=\"media media-element-container media-default\">\n<div id=\"file-74446\" class=\"file file-image file-image-jpeg\">\n<h2 class=\"element-invisible\"><a href=\"http:\/\/www.elindependientedegranada.es\/file\/representacionhistoricajpg\">representacion_historica.jpg<\/a><\/h2>\n<div class=\"content\"><img data-recalc-dims=\"1\" loading=\"lazy\" decoding=\"async\" class=\"media-element file-default\" src=\"https:\/\/i0.wp.com\/www.elindependientedegranada.es\/sites\/default\/files\/representacion_historica.jpg?resize=640%2C428&#038;ssl=1\" alt=\"\" width=\"640\" height=\"428\" data-delta=\"11\" \/><\/div>\n<\/div>\n<\/div>\n<p>Representaci\u00f3n hist\u00f3rica del Desfile del \u00c1rbol de Oro en B\u00e9lgica.<\/p><\/div>\n<p style=\"text-align: justify;\">La idea cay\u00f3 tan bien, que decenas de municipios de Granada se sumaron incondicionalmente y se ofrecieron a colaborar. Incluso tambi\u00e9n lo hicieron C\u00f3rdoba, Almer\u00eda y M\u00e1laga. Cada d\u00eda, <em>El Defensor<\/em> publicaba el listado de adhesiones y la marcha de las gestiones.<\/p>\n<p style=\"text-align: justify;\">Pero cuando se llevaba poco m\u00e1s de un mes de trabajos preparatorios, empezaron a surgir celos en el resto de peri\u00f3dicos hacia el excesivo protagonismo y efusividad que capitalizaba <em>El Defensor. <\/em>Primero lo hicieron t\u00edmidamente, para pasar a una segunda etapa de enfrentamiento directo, cuando no al insulto. Y hasta ah\u00ed se lleg\u00f3: la comisi\u00f3n organizadora se desinfl\u00f3 y el 10 de diciembre, s\u00f3lo dos meses despu\u00e9s de empezar a trabajar en la idea, se la dio por muerta y enterrada para siempre.<\/p>\n<h4 style=\"text-align: justify;\"><strong>1892: la ambici\u00f3n de Garrido Atienza<\/strong><\/h4>\n<p style=\"text-align: justify;\">Miguel Garrido Atienza fue un erudito, de ideolog\u00eda republicana, concejal y s\u00edndico del Ayuntamiento. Estudioso de temas granadinos, elabor\u00f3 en 1891 un proyecto para recuperar y relanzar la fiesta de la Toma, que continuaba bajo m\u00ednimos. Estudi\u00f3 a fondo los antecedentes de los cuatro siglos precedentes y acab\u00f3 con una ambiciosa propuesta. No pretend\u00eda utilizar el festejo como reclamo tur\u00edstico nacional, pues las fr\u00edas fechas no se prestaban a ello. Pero hab\u00eda que aprovechar los actos del IV Centenario de aquel hecho tan glorioso para Granada, adem\u00e1s del descubrimiento de Am\u00e9rica.<\/p>\n<p class=\"sumari\" style=\"text-align: justify;\">Atienza recogi\u00f3 la iniciativa de los Reyes Cat\u00f3licos de entregar pan a los pobres y vestir a ni\u00f1os necesitados: nada menos que 4.000 panes se distribuyeron en varios puntos de la ciudad y se visti\u00f3 por completo a un centenar de ni\u00f1os desarrapados<\/p>\n<p style=\"text-align: justify;\">Acab\u00f3 proponiendo una serie de actos que se prolongaron entre el 1 y el 6 de enero de 1892. Fueron una amalgama de actividades de todo tipo, principalmente culturales, musicales y religiosos. El pueblo granadino respondi\u00f3. Atienza recogi\u00f3 la iniciativa de los Reyes Cat\u00f3licos de entregar pan a los pobres y vestir a ni\u00f1os necesitados: nada menos que 4.000 panes se distribuyeron en varios puntos de la ciudad y se visti\u00f3 por completo a un centenar de ni\u00f1os desarrapados. Toda la ropa la hab\u00eda confeccionado su mujer.<\/p>\n<div class=\"divdest\" style=\"text-align: justify;\">\n<div class=\"media media-element-container media-default\">\n<div id=\"file-74447\" class=\"file file-image file-image-jpeg\">\n<h2 class=\"element-invisible\"><a href=\"http:\/\/www.elindependientedegranada.es\/file\/elsindicoafanderiverajpg\">el_sindico_afan_de_rivera.jpg<\/a><\/h2>\n<div class=\"content\"><img data-recalc-dims=\"1\" loading=\"lazy\" decoding=\"async\" class=\"media-element file-default\" src=\"https:\/\/i0.wp.com\/www.elindependientedegranada.es\/sites\/default\/files\/el_sindico_afan_de_rivera.jpg?resize=506%2C657&#038;ssl=1\" alt=\"\" width=\"506\" height=\"657\" data-delta=\"12\" \/><\/div>\n<\/div>\n<\/div>\n<p>El s\u00edndico Af\u00e1n de Rivera ondeaba la bandera en el balc\u00f3n del Ayuntamiento, en 1910. La plaza estaba abarrotada de granadinos, militares y la banda a caballo. Todav\u00eda se viv\u00eda del impulso dado por Garrido Atienza. ILUSTRACI\u00d3N ESPA\u00d1OLA<\/p><\/div>\n<p style=\"text-align: justify;\">En lo relativo a la Toma, se recuperaron las dos funciones religiosas de los d\u00edas 1 y 2 de enero en la Capilla Real; se invit\u00f3 a todas las autoridades locales y a los alcaldes de los pueblos. Se adornaron las calles, se ilumin\u00f3 la Catedral y se invit\u00f3 al de\u00e1n de la catedral de Sevilla a que pronunciase el serm\u00f3n central del homenaje a los Reyes Cat\u00f3licos. Pareci\u00f3 que la fiesta de la Toma hab\u00eda recuperado el esplendor que tuvo en sus mejores tiempos del siglo XVI. Atienza se anticip\u00f3 a su tiempo tratando de hacer una ceremonia no excluyente de los vencidos; una parte de las autoridades se encaminaron a la Alhambra a rendir homenaje a la dinast\u00eda constructora, mientras el grueso de la procesi\u00f3n se dirigi\u00f3 a la ermita de San Sebasti\u00e1n. Las bandas de m\u00fasica entonaron la composici\u00f3n <em>Himno a Unidad de la Patria<\/em>, compuesta por el maestro Vila.<\/p>\n<p class=\"sumari\" style=\"text-align: justify;\">El pleno municipal aprob\u00f3 aquella ambiciosa programaci\u00f3n en sesi\u00f3n del 27 de noviembre de 1891<\/p>\n<p style=\"text-align: justify;\">El pleno municipal aprob\u00f3 aquella ambiciosa programaci\u00f3n en sesi\u00f3n del 27 de noviembre de 1891. Pero, desgraciadamente, aquella iniciativa de semana cultural no cuaj\u00f3 tras el IV Centenario. S\u00f3lo quedaron los actos de procesiones c\u00edvico-religiosas de los d\u00edas 1 y 2. Eso s\u00ed, con gran participaci\u00f3n del pueblo granadino desde entonces.<\/p>\n<div class=\"divdest\" style=\"text-align: justify;\">\n<div class=\"media media-element-container media-default\">\n<div id=\"file-74448\" class=\"file file-image file-image-jpeg\">\n<h2 class=\"element-invisible\"><a href=\"http:\/\/www.elindependientedegranada.es\/file\/en1916sesacoenlaprocesionjpg\">en_1916_se_saco_en_la_procesion.jpg<\/a><\/h2>\n<div class=\"content\"><img data-recalc-dims=\"1\" loading=\"lazy\" decoding=\"async\" class=\"media-element file-default\" src=\"https:\/\/i0.wp.com\/www.elindependientedegranada.es\/sites\/default\/files\/en_1916_se_saco_en_la_procesion.jpg?resize=567%2C390&#038;ssl=1\" alt=\"\" width=\"567\" height=\"390\" data-delta=\"13\" \/><\/div>\n<\/div>\n<\/div>\n<p>En 1916 se sac\u00f3 en la procesi\u00f3n de la Toma a la Virgen de la Antigua, imagen que se dice acompa\u00f1\u00f3 a las tropas cristianas en la guerra de Granada. MUNDO GR\u00c1FICO<\/p><\/div>\n<h4 style=\"text-align: justify;\"><strong>II Rep\u00fablica, guerra civil y dictadura<\/strong><\/h4>\n<p style=\"text-align: justify;\">En la II Rep\u00fablica no hubo grandes cambios. En 1932 y 1933 se grit\u00f3 <em>\u201cViva la Rep\u00fablica\u201d<\/em> en vez de \u201c<em>Viva el Rey\u201d,<\/em> como se ven\u00eda haciendo desde la restauraci\u00f3n de Alfonso XII (1875). Desde entonces el grito desde el balc\u00f3n se retoc\u00f3 un poco y se dec\u00eda: \u201c<em>Granada, Granada, Granada, por los \u00ednclitos Reyes Cat\u00f3licos don Fernando V de Arag\u00f3n y Do\u00f1a Isabel I de Castilla, Viva Espa\u00f1a, <strong>Viva el Rey Don Alfonso XII<\/strong>, Viva Granada, repiti\u00e9ndose tres veces sin omitir vitorear tambi\u00e9n al Ej\u00e9rcito Espa\u00f1ol<\/em>\u201d (Acuerdo municipal de 31 de diciembre de 1874). Alfonso XII fue sustituido por su hijo Alfonso XIII durante su reinado.<\/p>\n<div class=\"divdest\" style=\"text-align: justify;\">\n<div class=\"media media-element-container media-default\">\n<div id=\"file-74449\" class=\"file file-image file-image-jpeg\">\n<h2 class=\"element-invisible\"><a href=\"http:\/\/www.elindependientedegranada.es\/file\/fotogramadeunapeliculajpg\">fotograma_de_una_pelicula.jpg<\/a><\/h2>\n<div class=\"content\"><img data-recalc-dims=\"1\" loading=\"lazy\" decoding=\"async\" class=\"media-element file-default\" src=\"https:\/\/i0.wp.com\/www.elindependientedegranada.es\/sites\/default\/files\/fotograma_de_una_pelicula.jpg?resize=567%2C313&#038;ssl=1\" alt=\"\" width=\"567\" height=\"313\" data-delta=\"14\" \/><\/div>\n<\/div>\n<\/div>\n<p>Fotograma de una pel\u00edcula de 1933 donde un concejal ondea el estandarte real desde el balc\u00f3n del Ayuntamiento (Se hizo un pend\u00f3n \u201crepublicano\u201d, que no ten\u00eda el \u00e1guila del estandarte real).<\/p><\/div>\n<p style=\"text-align: justify;\">A pesar de la separaci\u00f3n Iglesia-Estado, el Ayuntamiento republicano continu\u00f3 organizando la fiesta de la Toma pr\u00e1cticamente con el mismo protocolo, o quiz\u00e1s m\u00e1s, que se hab\u00eda venido haciendo desde tiempos de Alfonso XII. Se renov\u00f3 parte del vestuario de los participantes en la cabalgata, se incorporaron m\u00e1s caballos montados por guardias municipales de gala, se respet\u00f3 la presencia militar y se acababa la procesi\u00f3n ante el monumento a Isabel y Col\u00f3n colocado entonces al principio del Paseo del Sal\u00f3n.<\/p>\n<p class=\"sumari\" style=\"text-align: justify;\">Durante la guerra civil, los alzados arrimaron la gesta de los Reyes Cat\u00f3licos a sus intereses de cruzada nacional. \u201cArriba Espa\u00f1a\u201d fue su grito de tremolaci\u00f3n, m\u00e1s alg\u00fan \u201cViva Franco\u201d. Por supuesto, los aspectos militares y cat\u00f3licos fueron elevados a la superior categor\u00eda<\/p>\n<p style=\"text-align: justify;\">No obstante, oficialmente qued\u00f3 suprimida la participaci\u00f3n de la Corporaci\u00f3n a t\u00edtulo institucional, aunque fueron muchos los concejales que participaron a t\u00edtulo personal.<\/p>\n<p style=\"text-align: justify;\">Durante la guerra civil, los alzados arrimaron la gesta de los Reyes Cat\u00f3licos a sus intereses de cruzada nacional. <em>\u201cArriba Espa\u00f1a\u201d<\/em> fue su grito de tremolaci\u00f3n, m\u00e1s alg\u00fan <em>\u201cViva Franco\u201d.<\/em> Por supuesto, los aspectos militares y cat\u00f3licos fueron elevados a la superior categor\u00eda. Mucho m\u00e1s enardecidos que en los tiempos iniciales del siglo XVI.<\/p>\n<p style=\"text-align: justify;\">En los primeros a\u00f1os de la Transici\u00f3n empezaron a aparecer los gritos de \u201c<em>Viva Andaluc\u00eda\u201d<\/em> y <em>\u201cviva Andaluc\u00eda libre\u201d.<\/em> A nadie se le ocurri\u00f3 incluir vivas a Juan Carlos I ni ahora a Felipe VI.<\/p>\n<h4 style=\"text-align: justify;\"><strong>Democracia y actualidad<\/strong><\/h4>\n<p style=\"text-align: justify;\">Este a\u00f1o 2022 se cumplen cuatro d\u00e9cadas desde que la primera corporaci\u00f3n democr\u00e1tica tras el franquismo decidi\u00f3 dar nuevos aires a la fiesta de la Toma. En diciembre de 1981 fue aprobado por unanimidad un nuevo ceremonial. Su elaboraci\u00f3n fue confiada por todos los corporativos al concejal comunista <strong>Jos\u00e9 Miguel Castillo Higueras, <\/strong><em>se\u00f1orito camarada <\/em>para los amigos. Es el protocolo que contin\u00faa rigiendo en la actualidad, pr\u00e1cticamente sin ning\u00fan cambio.<\/p>\n<p style=\"text-align: justify;\">Jos\u00e9 Miguel Castillo se dej\u00f3 aconsejar por el catedr\u00e1tico Antonio Dom\u00ednguez Ortiz y algunos historiadores m\u00e1s. El resultado fue un ceremonial basado en su mayor parte en el de 1752. Barroco y detallista a m\u00e1s no poder, que no deja nada a la improvisaci\u00f3n. Castillo Higueras recuerda hoy el elevado grado de consenso y aceptaci\u00f3n que recibi\u00f3 el texto publicado en unos libritos; fue muy alabado por el estamento clerical. La manera de celebrar la Toma se desarrollar\u00eda a partir de entonces con respeto y cordialidad entre la parte religiosa y la parte pol\u00edtica que representa al com\u00fan de los granadinos. Aquellos concejales que por su credo o ideolog\u00eda no desearan participar, se les respeta su ausencia. Pero han sido muy pocos los que no lo han hecho, porque han entendido que es una tradici\u00f3n m\u00e1s que un acto de fe.<\/p>\n<div class=\"divdest\" style=\"text-align: justify;\">\n<div class=\"media media-element-container media-default\">\n<div id=\"file-74450\" class=\"file file-image file-image-jpeg\">\n<h2 class=\"element-invisible\"><a href=\"http:\/\/www.elindependientedegranada.es\/file\/josemiguelcastillohiguerasportajpg\">jose_miguel_castillo_higueras_porta.jpg<\/a><\/h2>\n<div class=\"content\"><img data-recalc-dims=\"1\" loading=\"lazy\" decoding=\"async\" class=\"media-element file-default\" src=\"https:\/\/i0.wp.com\/www.elindependientedegranada.es\/sites\/default\/files\/jose_miguel_castillo_higueras_porta.jpg?resize=600%2C801&#038;ssl=1\" alt=\"\" width=\"600\" height=\"801\" data-delta=\"15\" \/><\/div>\n<\/div>\n<\/div>\n<p>Jos\u00e9 Miguel Castillo Higueras porta el pend\u00f3n en 1982. Fue el gran recuperador e impulsor de la Toma que se desarrolla actualmente. AHMGR.<\/p><\/div>\n<p style=\"text-align: justify;\">Los primeros gobiernos municipales socialistas de los a\u00f1os ochenta no s\u00f3lo potenciaron la fiesta de la Toma, tambi\u00e9n retomaron la vieja idea de Luis Seco de Lucena de aprovecharlo como reclamo tur\u00edstico. El momento era oportuno ante la inminencia del V Centenario que se preparaba para 1992, donde Sevilla se llevar\u00eda la parte del le\u00f3n. Granada quiso tener su porci\u00f3n de protagonismo. Por eso, Jos\u00e9 Miguel Castillo Higueras se desplaz\u00f3 a Brujas y otras ciudades europeas (Venecia); su objetivo era montar una representaci\u00f3n parecida, donde miles de ciudadanos convierten su ciudad por unos d\u00edas en un teatro medieval. Con todo lo que eso puede acarrear para exposiciones de productos, viajes y fabricaci\u00f3n de vestuario. El gancho para la principal industria local, la hosteler\u00eda, hubiese sido innegable.<\/p>\n<p class=\"sumari\" style=\"text-align: justify;\">La iniciativa de Castillo Higueras muri\u00f3 antes de nacer; solamente incorpor\u00f3 unos soldados vestidos de cristiano y otros tantos vestidos de nazaritas, con los que se pasearon por la Fuente de las Batallas<\/p>\n<p style=\"text-align: justify;\">El tiempo se ech\u00f3 encima. Algunos pol\u00edticos del momento no lo vieron. Entendieron que el Estado ya hab\u00eda cargado demasiados fondos a la Expo de Sevilla y no apoyar\u00eda la iniciativa de Granada. El principal impedimento eran los 500 millones de pesetas en que se tante\u00f3 su primer coste. Tampoco se mont\u00f3 una comisi\u00f3n organizadora que contara con los colectivos sociales granadinos. Hab\u00eda que tener en cuenta que har\u00eda falta la complicidad de miles de granadinos en el montaje de esa gran representaci\u00f3n de la Toma de Granada. Y la idiosincrasia granadina no tiene nada que ver con la sevillana (sic). La iniciativa de Castillo Higueras muri\u00f3 antes de nacer; solamente incorpor\u00f3 unos soldados vestidos de cristiano y otros tantos vestidos de nazaritas, con los que se pasearon por la Fuente de las Batallas.\u00a0<\/p>\n<div class=\"divdest\" style=\"text-align: justify;\">\n<div class=\"media media-element-container media-default\">\n<div id=\"file-74451\" class=\"file file-image file-image-jpeg\">\n<h2 class=\"element-invisible\"><a href=\"http:\/\/www.elindependientedegranada.es\/file\/comitivasdesoldados1jpg\">comitivas_de_soldados_1.jpg<\/a><\/h2>\n<div class=\"content\"><img data-recalc-dims=\"1\" loading=\"lazy\" decoding=\"async\" class=\"media-element file-default\" src=\"https:\/\/i0.wp.com\/www.elindependientedegranada.es\/sites\/default\/files\/comitivas_de_soldados_1.jpg?resize=640%2C477&#038;ssl=1\" alt=\"\" width=\"640\" height=\"477\" data-delta=\"16\" \/><\/div>\n<\/div>\n<\/div>\n<div class=\"media media-element-container media-default\">\n<div id=\"file-74452\" class=\"file file-image file-image-jpeg\">\n<h2 class=\"element-invisible\"><a href=\"http:\/\/www.elindependientedegranada.es\/file\/comitivasdesoldados2jpg\">comitivas_de_soldados_2.jpg<\/a><\/h2>\n<div class=\"content\"><img data-recalc-dims=\"1\" loading=\"lazy\" decoding=\"async\" class=\"media-element file-default\" src=\"https:\/\/i0.wp.com\/www.elindependientedegranada.es\/sites\/default\/files\/comitivas_de_soldados_2.jpg?resize=640%2C473&#038;ssl=1\" alt=\"\" width=\"640\" height=\"473\" data-delta=\"17\" \/><\/div>\n<\/div>\n<\/div>\n<p>Comitivas de soldados cristianos y moros de la Toma de 1982. AHMGR.<\/p><\/div>\n<p style=\"text-align: justify;\">A aquella primera Toma propia de la nueva era democr\u00e1tica fue invitado el presidente de la Junta de Andaluc\u00eda, Rafael Escuredo, para dar espaldarazo desde el gobierno auton\u00f3mico. Se estuvo hablando de mejorar aquella representaci\u00f3n como un atractivo que sumar al malogrado Mundial de Esqu\u00ed Alpino de 1995 (pasado al 96 por falta de nieve). Pero nada m\u00e1s se supo. Tambi\u00e9n se baraj\u00f3 la posibilidad de cambiar el nombre: en vez de <em>Fiesta de la Toma<\/em> por el de <em>D\u00eda de la Entrega<\/em>, pero la oposici\u00f3n ciudadana no lo acept\u00f3.<\/p>\n<div class=\"divdest\" style=\"text-align: justify;\">\n<div class=\"media media-element-container media-default\">\n<div id=\"file-74453\" class=\"file file-image file-image-jpeg\">\n<h2 class=\"element-invisible\"><a href=\"http:\/\/www.elindependientedegranada.es\/file\/elpresidenterafaelescuderojpg\">el_presidente_rafael_escudero.jpg<\/a><\/h2>\n<div class=\"content\"><img data-recalc-dims=\"1\" loading=\"lazy\" decoding=\"async\" class=\"media-element file-default\" src=\"https:\/\/i0.wp.com\/www.elindependientedegranada.es\/sites\/default\/files\/el_presidente_rafael_escudero.jpg?resize=640%2C470&#038;ssl=1\" alt=\"\" width=\"640\" height=\"470\" data-delta=\"18\" \/><\/div>\n<\/div>\n<\/div>\n<p>El presidente Rafael Escudero estuvo presente en la Toma de 1982. Todav\u00eda los concejales y concejales no iban vestidos con el frac actual. AHMG<\/p><\/div>\n<p style=\"text-align: justify;\"><strong>Jes\u00fas Quero Molina<\/strong> fue el siguiente alcalde socialista de Granada (1991-95). Su concejal de cultura y fiestas fue Rafael Fern\u00e1ndez-P\u00ed\u00f1ar. \u00c9ste a\u00f1adi\u00f3 la <em>Fiesta de las Tres Culturas<\/em>, quiz\u00e1s pensando en contentar a las voces minoritarias que clamaban contra lo que entend\u00edan una fiesta excluyente y s\u00f3lo representativa de la parte vencedora. Se sumaron conciertos en el Paseo de los Tristes y alguna otra actividad, con poco seguimiento ciudadano; los granadinos, en general, segu\u00edan aferrados a la tradici\u00f3n tal como la hab\u00edan conocido.<\/p>\n<p class=\"sumari\" style=\"text-align: justify;\">La fiesta de la Toma hab\u00eda sido dignificada con los cambios introducidos por Castillo Higueras una d\u00e9cada anterior, ya que durante el \u00faltimo tramo del franquismo hab\u00eda enranciado<\/p>\n<p style=\"text-align: justify;\">Con antelaci\u00f3n a los eventos de 1992, Jes\u00fas Quero recuerda que recibi\u00f3 en su despacho a Francisco Casero y a Salvador T\u00e1bora. Le propusieron que se replanteara la fiesta de otra manera y que se eliminaran muchos de los elementos tradicionales. Su respuesta \u2013recuerda todav\u00eda\u2013 fue que, aunque no comulgaba completamente con la Toma, entend\u00eda que era una tradici\u00f3n de la que no hab\u00eda que avergonzarse, a pesar de sus luces y sus sombras, ni enjuiciarla con los ojos de medio milenio m\u00e1s tarde. La fiesta de la Toma hab\u00eda sido dignificada con los cambios introducidos por Castillo Higueras una d\u00e9cada anterior, ya que durante el \u00faltimo tramo del franquismo hab\u00eda enranciado.\u00a0<\/p>\n<p style=\"text-align: justify;\">Aquel V Centenario fue aprovechado por grupos minoritarios de variadas tendencias (Naci\u00f3n Andaluza, asociaci\u00f3n Bernal D\u00edaz del Castillo, etc.) que se dedicaban a hacer ruido y silbar. Se les respetaba, se les controlaba policialmente y no se les hac\u00eda demasiado caso. Dieron m\u00e1s ruido por la presencia del presidente de la Junta de Andaluc\u00eda, Manuel Chaves, y la mayor concentraci\u00f3n de medios de comunicaci\u00f3n.<\/p>\n<p style=\"text-align: justify;\">Con <strong>Gabriel D\u00edaz Berbel<\/strong> (PP, 1995-99) y Jos\u00e9 E. Moratalla Molina (1999-2003) arreciaron los grupos anti-Toma. El concejal de cultura y fiestas del primero, Ferm\u00edn Camacho Evangelista, con su humor y su socarroner\u00eda, se reun\u00eda con todos, los comprend\u00eda, se solidarizaba con sus disidencias, pero luego hac\u00eda lo que le ven\u00eda en gana. Es decir, dejar la fiesta de la Toma tal como la hab\u00eda recibido. Berbel dedic\u00f3 una estatua a Boabdil y trajo a embajadores de pa\u00edses isl\u00e1micos a su inauguraci\u00f3n; con este acto acall\u00f3 un poco las protestas.<\/p>\n<p class=\"sumari\" style=\"text-align: justify;\">\u00a0\u201cPero aquello no cuaj\u00f3 \u2013lamenta J. Moratalla\u2013; la inmensa mayor\u00eda de granadinos ten\u00eda posiciones tradicionales. No se aceptaban intromisiones de fuera. Yo, personalmente, pas\u00e9 a ver la Toma como un d\u00eda nada grato. As\u00ed es que decid\u00ed continuar con el esp\u00edritu de mis antecesores alcaldes socialistas\u201d<\/p>\n<p style=\"text-align: justify;\">En cambio, <strong>Jos\u00e9 Enrique Moratalla<\/strong> recuerda hoy las pitadas y el ruido que organizaban cada vez que llegaba esta fiesta. Su concejal andalucista Jes\u00fas Valenzuela opt\u00f3 por hacer algunas concesiones (como la incorporaci\u00f3n de la figura de Boabdil a la procesi\u00f3n<em>). \u201cPero las cosas empezaban a enturbiarse<\/em> \u2013valora Moratalla-, <em>porque lo que deb\u00eda ser un d\u00eda de alegr\u00eda para la ciudad, que la pon\u00edamos en el mapa, lo que hac\u00edamos en salir en los telediarios con aureola de esc\u00e1ndalo. Ven\u00eda gente de fuera nada m\u00e1s que a hacer ruido. Nuestras ideas eran no ir contra nadie, sino ir incorporando nuevas perspectivas\u201d.<\/em> Retomaron la subida a la Alhambra, a homenajear a quienes la hicieron posible; hicieron actos alternativos en el Teatro Isabel la Cat\u00f3lica, se le\u00edan poemas. Incluso el arzobispo Antonio Ca\u00f1izares particip\u00f3 en ellos en se\u00f1al de aceptaci\u00f3n de lo diferente. \u201c<em>Pero aquello no cuaj\u00f3<\/em> \u2013lamenta J. Moratalla\u2013<em>; la inmensa mayor\u00eda de granadinos ten\u00eda posiciones tradicionales. No se aceptaban intromisiones de fuera. Yo, personalmente, pas\u00e9 a ver la Toma como un d\u00eda nada grato. As\u00ed es que decid\u00ed continuar con el esp\u00edritu de mis antecesores alcaldes socialistas\u201d. <\/em><\/p>\n<p style=\"text-align: justify;\">Entre 2003 y 2016 toc\u00f3 gobernar a Jos\u00e9 Torres Hurtado\u00a0 (PP). El portavoz de aquel gobierno, <strong>Juan Garc\u00eda Montero<\/strong>, recuerda que se encontraron con un clima de controversia arrastrado de mandatos anteriores. Y algunos esc\u00e1ndalos provocados por grupos minoritarios, pero muy ruidosos. Incluso algunos de ellos no se conformaban con modificaciones para abrir la fiesta a otras sensibilidades. Pretend\u00edan eliminar directamente la Toma e imponer su fiesta propia.<\/p>\n<p class=\"sumari\" style=\"text-align: justify;\">Hicieron una encuesta que arroj\u00f3 un resultado rotundo: el 90,1% de los granadinos deseaban que la Toma quedase tal como estaba<\/p>\n<p style=\"text-align: justify;\">Su actitud fue incorporar a la comitiva a representantes del mundo \u00e1rabe, como un abrazo de culturas. Tambi\u00e9n se crearon personajes de tipo menor que representaban a la comunidad musulmana que convivi\u00f3 los primeros a\u00f1os en la Granada dual. Se decidi\u00f3 suprimir la subida a la Alhambra por entender que no aportaba nada. Se incorporaron cuadrillas de Moros y Cristianos de Caravaca y pueblos de Granada. Comprobaron que la pol\u00e9mica se hac\u00eda cansina, reducida a la minor\u00eda de siempre. Hicieron una encuesta que arroj\u00f3 un resultado rotundo: el 90,1% de los granadinos deseaban que la Toma quedase tal como estaba.<\/p>\n<div class=\"divdest\" style=\"text-align: justify;\">\n<div class=\"media media-element-container media-default\">\n<div id=\"file-74454\" class=\"file file-image file-image-jpeg\">\n<h2 class=\"element-invisible\"><a href=\"http:\/\/www.elindependientedegranada.es\/file\/desfiledecuadrillasdemorosycristianosjpg\">desfile_de_cuadrillas_de_moros_y_cristianos.jpg<\/a><\/h2>\n<div class=\"content\"><img data-recalc-dims=\"1\" loading=\"lazy\" decoding=\"async\" class=\"media-element file-default\" src=\"https:\/\/i0.wp.com\/www.elindependientedegranada.es\/sites\/default\/files\/desfile_de_cuadrillas_de_moros_y_cristianos.jpg?resize=567%2C378&#038;ssl=1\" alt=\"\" width=\"567\" height=\"378\" data-delta=\"19\" \/><\/div>\n<\/div>\n<\/div>\n<p>Desfile de cuadrillas de Moros y Cristianos de Caravaca de la Cruz, Benamaurel y C\u00fallar, tradici\u00f3n iniciada en 2015 y que se ha mantenido varios a\u00f1os despu\u00e9s. Representaron la entrega de las llaves de Granada en la zona del Palacio de Congresos, siguiendo la interpretaci\u00f3n del cuadro de Pradilla. M. R.<\/p><\/div>\n<p style=\"text-align: justify;\">Los \u00faltimos cinco a\u00f1os han estado caracterizados por otra etapa de inestabilidad municipal. El ceremonial contin\u00faa siendo exactamente el mismo que redact\u00f3 Jos\u00e9 Miguel Castillo en 1981; solamente se ha mantenido el desfile de grupos de moros y cristianos de pueblos con tradici\u00f3n, que desfilan por las calles de la ciudad y atraen p\u00fablico. En lo dem\u00e1s, todo contin\u00faa exactamente lo mismo: los ediles se pirran por portar el estandarte del siglo XVII, por ponerse el chaqu\u00e9 alquilado, por ondear la bandera ante los bustos de los Reyes Cat\u00f3licos y por poner una corona de flores en la cripta de quienes, para bien o para mal, quisieron engrandecer Granada.<\/p>\n<div class=\"divdest\" style=\"text-align: justify;\"><strong>NOTA<\/strong>. El cuadro que encabeza este art\u00edculo es en realidad un boceto. Fue el ganador del concurso de pintura convocado por el Ayuntamiento en 1891 con motivo del IV Centenario de la Toma. Su autor fue Isidoro Mar\u00edn, que lo present\u00f3 bajo el lema \u201cY mand\u00f3 enarbolar la cruz de plata\u2026\u201d, tomando la frase de M\u00e1rmol Carvajal en su <em>\u201cHistoria de la rebeli\u00f3n de los moriscos\u201d<\/em> (p\u00e1g. 102). Tiene unas dimensiones de 59&#215;98 cent\u00edmetros. Representa fielmente lo descrito en las cr\u00f3nicas sobre la \u00e9poca: \u00cd\u00f1igo L\u00f3pez de Mendoza viste armadura completa y lleva el pend\u00f3n real; Fray Hernando de Talavera porta la Cruz Dei en nombre del Cardenal primado Pedro Gonz\u00e1lez de Mendoza; y Gutierre de C\u00e1rdenas se ha quitado el casco y luce el sombrero del Rey Fernando; el heraldo de la dalm\u00e1tica y el cetro de la Reina en su mano izquierda est\u00e1 calcado del esculpido en la puerta de la Capilla Real a la Catedral. Cada uno de los cuatro personajes de primera l\u00ednea representa a los Reyes, la Iglesia y las \u00f3rdenes militares. El compromiso del pintor era elevar el boceto a categor\u00eda de cuadro de grandes dimensiones; pero nunca lleg\u00f3 a hacerlo. Este boceto fue utilizado por el Ayuntamiento de Granada como cartel del programa del Corpus del a\u00f1o 1989.<\/div>\n<h4 style=\"text-align: justify;\">Gabriel Pozo Felguera<\/h4>\n<p style=\"text-align: justify;\">FOTO:<\/p>\n<div id=\"main\">\n<div class=\"item\">\n<div class=\"anteti\" style=\"text-align: justify;\">UNA CONMEMORACI\u00d3N RODEADA DE POL\u00c9MICA DESDE SUS INICIOS<\/div>\n<h2 style=\"text-align: justify;\">Quinientos a\u00f1os de Toma y daca<\/h2>\n<div class=\"cols2-2\">\n<div class=\"colA\">\n<div class=\"datos\" style=\"text-align: justify;\"><span class=\"catego\"><a href=\"http:\/\/www.elindependientedegranada.es\/ciudadania\">Ciudadan\u00eda<\/a><\/span> &#8211; <span class=\"autor\"> Gabriel Pozo Felguera <\/span> &#8211; <span class=\"fecha\"><span class=\"date-display-single\">Domingo, 2 de Enero de 2022<\/span><\/span><\/p>\n<div class=\"addthis_sharing_toolbox addthis\">\u00a0<\/div>\n<\/div>\n<div class=\"tags\" style=\"text-align: justify;\">\n<div class=\"field field-name-field-taxonomia-ciudadania field-type-taxonomy-term-reference field-label-hidden\">\n<div class=\"field-items\">\n<div class=\"field-item even\"><a href=\"http:\/\/www.elindependientedegranada.es\/tags\/ciudadania\/dia-toma\">D\u00eda de la Toma<\/a><\/div>\n<div class=\"field-item odd\"><a href=\"http:\/\/www.elindependientedegranada.es\/tags\/ciudadania\/toma-granada\">Toma de Granada<\/a><\/div>\n<\/div>\n<\/div>\n<\/div>\n<div class=\"entrad\" style=\"text-align: justify;\">En el 2 de enero, este magistral reportaje de Gabriel Pozo Felguera te cuenta de forma did\u00e1ctica y amena, con rigor, todo lo deber\u00edas conocer de la Toma de Granada de una vez y su celebraci\u00f3n, que cumple hoy cinco siglos, en un recorrido hist\u00f3rico, con curiosidades y pasajes desconocidos, que alcanza nuestros d\u00edas. Para leer y compartir un nuevo y excelente trabajo de un maestro del Periodismo.<\/div>\n<div class=\"blq-img mainImg\" style=\"text-align: justify;\">\n<div class=\"img\"><img data-recalc-dims=\"1\" loading=\"lazy\" decoding=\"async\" src=\"https:\/\/i0.wp.com\/www.elindependientedegranada.es\/sites\/default\/files\/styles\/large\/public\/ciudadania\/portadaok_0.jpg?resize=610%2C383&#038;ssl=1\" alt=\"El Conde de Tendilla (con el pend\u00f3n rojo de los Reyes), Fray Hernando de Talavera (con la cruz) y Gutierre de C\u00e1rdenas (con la bandera de Santiago) se asoman a la torre de la Vela para anunciar que son due\u00f1os de la ciudad. Tres de la tarde del 2 de enero de 1492. \u00d3leo de Isidoro Mar\u00edn Gares. \" width=\"610\" height=\"383\" \/><\/div>\n<div class=\"txt\">\n<div class=\"firma\">AHMGR.<\/div>\n<div class=\"pie\">El Conde de Tendilla (con el pend\u00f3n rojo de los Reyes), Fray Hernando de Talavera (con la cruz) y Gutierre de C\u00e1rdenas (con la bandera de Santiago) se asoman a la torre de la Vela para anunciar que son due\u00f1os de la ciudad. Tres de la tarde del 2 de enero de 1492. \u00d3leo de Isidoro Mar\u00edn Gares.<\/div>\n<\/div>\n<\/div>\n<div class=\"cuerpo\">\n<ul style=\"text-align: justify;\">\n<li>\n<h3><strong>Fernando V s\u00f3lo orden\u00f3 que se le recordara cada a\u00f1o en Granada como lo hac\u00edan en Sevilla con Fernando III desde 1254<\/strong><\/h3>\n<\/li>\n<li>\n<h3><strong>La Fiesta de la Toma se ha ido conformando con decenas de aportaciones y modificaciones desde 1522 en que se tremol\u00f3 por vez primera<\/strong><\/h3>\n<\/li>\n<li>\n<h3><strong>Se han sucedido celos, confrontaciones y desavenencias continuas entre religiosos y pol\u00edticos a lo largo de estos cinco siglos<\/strong><\/h3>\n<\/li>\n<\/ul>\n<div class=\"divdest\" style=\"text-align: justify;\">Hoy hace 530 a\u00f1os que los musulmanes rindieron Granada a los cristianos. Y<strong> quinientos a\u00f1os del primer homenaje religioso-c\u00edvico-militar ante la tumba de los Reyes Cat\u00f3licos<\/strong>. Hoy es el d\u00eda llamado Fiesta de la Toma. Se cumple medio milenio de una tradici\u00f3n que naci\u00f3 como una simple misa de acci\u00f3n de gracias (<em>Dedicaci\u00f3n de Granada<\/em> se llam\u00f3 entre 1492 y 1518), para ir derivando hacia infinidad de protocolos, ceremoniales e interpretaciones. Cada uno de ellos marcado por la situaci\u00f3n social, religiosa y militar del momento. Han <strong>sido 500 a\u00f1os llenos de pol\u00e9micas entre todas las partes implicadas<\/strong>, no solamente de quienes la quieren suprimir o modificar en las \u00faltimas tres d\u00e9cadas. Los hechos son inamovibles y la Historia no se puede cambiar; aunque s\u00ed se puede amoldar su interpretaci\u00f3n al avance de las civilizaciones. Medio milenio lleno peleas entre religiosos celosos por su protagonismo, de can\u00f3nigos contra pol\u00edticos, de pol\u00edticos entre s\u00ed, de nobles contra religiosos, de peri\u00f3dicos contra peri\u00f3dicos. Y de granadinos contra granadinos.<\/div>\n<p class=\"sumari\" style=\"text-align: justify;\">Nada queda de la sencillez que pretendieron los Reyes Cat\u00f3licos para recordar su haza\u00f1a y su memoria para siempre jam\u00e1s; los granadinos hemos conseguido enrevesarlo todo de mil maneras<\/p>\n<p style=\"text-align: justify;\">Nada queda de la sencillez que pretendieron los Reyes Cat\u00f3licos para recordar su haza\u00f1a y su memoria para siempre jam\u00e1s; los granadinos hemos conseguido enrevesarlo todo de mil maneras. El rey aragon\u00e9s s\u00f3lo quer\u00eda aplicar para s\u00ed las honras que recibe anualmente Fernando III en la catedral de Sevilla; pero con los siglos se ha montado un carajal. Con vaivenes cada dos por tres por no saber exactamente lo que se quiere. Unos pretenden hacer espect\u00e1culo, la mayor\u00eda no desea cambios y buena parte del vecindario mira la Toma con desd\u00e9n. S\u00f3lo les interesa porque es un d\u00eda feriado para viajar o descansar, lo ve cada vez con mayor apat\u00eda.<\/p>\n<p style=\"text-align: justify;\">Con los apuntes que siguen voy a hacer un repaso hist\u00f3rico a algunos aspectos que han rodeado la conquista, reconquista, entrega por capitulaci\u00f3n o rendici\u00f3n (seg\u00fan prefiera cada cual) en los \u00faltimos quinientos a\u00f1os.<\/p>\n<h4 style=\"text-align: justify;\"><strong>1492: Capitulaci\u00f3n, Reconquista, Conquista y Toma<\/strong><\/h4>\n<p style=\"text-align: justify;\">El mes de enero de 1492 en Granada s\u00f3lo se hablaba de entrega de la ciudad por capitulaci\u00f3n. O sea, imbricaci\u00f3n pactada de dos sociedades diferentes. Aunque la realidad es que hubo una parte poderosa vencedora y otra debilitada perdedora. Este aspecto quedaba expresado muy a las claras en las cartas que llevaban los emisarios a todas las ciudades de la Pen\u00ednsula y de Europa. En el campamento de Santa Fe hab\u00eda instalada una imprentilla y un equipo de traductores; en cuesti\u00f3n de pocos d\u00edas, empezaron a imprimir la primera carta, en varios idiomas, comunicando a toda la cristiandad que hab\u00eda ca\u00eddo el \u00faltimo basti\u00f3n musulm\u00e1n de Occidente. De aquel primer peri\u00f3dico se conserva un ejemplar en franc\u00e9s en el Archivo Hist\u00f3rico de la Universidad de Granada, con el t\u00edtulo de <em>La tres celebrable, digne de memoire, et victorieuse prise de la cit\u00e9 de Grenade. <\/em>El mensaje de los Reyes Cat\u00f3licos dejaba bien a las claras que conclu\u00eda una guerra de casi ocho siglos. No aparece por ning\u00fan sitio la palabra capitulaci\u00f3n ni uni\u00f3n de dos sociedades diferentes. Se habla claramente de toma, t\u00e9rmino de guerra en el siglo XV<em>.<\/em> Aquellas cartas no hablaban de capitulaci\u00f3n, sino de rendici\u00f3n por la fuerza, de Reconquista, de Conquista y de Toma. Sin m\u00e1s circunloquios.<\/p>\n<div class=\"divdest\" style=\"text-align: justify;\">\n<div class=\"media media-element-container media-default\">\n<div id=\"file-74436\" class=\"file file-image file-image-jpeg\">\n<h2 class=\"element-invisible\"><a href=\"http:\/\/www.elindependientedegranada.es\/file\/reproducciondelacartaenviadajpg\">reproduccion_de_la_carta_enviada.jpg<\/a><\/h2>\n<div class=\"content\"><img data-recalc-dims=\"1\" loading=\"lazy\" decoding=\"async\" class=\"media-element file-default\" src=\"https:\/\/i0.wp.com\/www.elindependientedegranada.es\/sites\/default\/files\/reproduccion_de_la_carta_enviada.jpg?resize=507%2C604&#038;ssl=1\" alt=\"\" width=\"507\" height=\"604\" data-delta=\"1\" \/><\/div>\n<\/div>\n<\/div>\n<p>Reproducci\u00f3n de la carta enviada desde Santa Fe a Par\u00eds (al rey Carlos VIII de Vaolis) comunicando la conquista del \u00faltimo basti\u00f3n musulm\u00e1n de Occidente.<\/p><\/div>\n<p style=\"text-align: justify;\">La reacci\u00f3n inmediata en todas las ciudades fue organizar fiestas, corridas de toros, comedias, fuegos artificiales, etc. Sevilla fue la primera capital en celebrarlo, ya que el 5 de enero hab\u00eda llegado el heraldo, con los habituales festejos de toros y ca\u00f1as. Algunos echaron la casa por la ventana, como fue el caso de la ciudad de Gerona, donde estuvieron diez d\u00edas de festejos. La ciudad de Vitoria tambi\u00e9n organiz\u00f3 una sonada corrida, amenizada con bandas de m\u00fasica desplazadas de la Rioja. En Roma y N\u00e1poles tambi\u00e9n hubo corridas de toros, y muchas representaciones teatrales y comedias que llevaron el nombre de <em>Toma de Granada<\/em>; el cardenal Borgia (futuro Alejandro VI) orden\u00f3 la composici\u00f3n y representaci\u00f3n de un drama titulado <em>Historia Baetica<\/em>, con la que se ven\u00eda a hablar de recuperaci\u00f3n del cristianismo primitivo en el primer lugar cristianizado de Hispania romanizada. El com\u00fan denominador de todas aquellas representaciones teatrales eran la ridiculizaci\u00f3n de Boabdil y la solemne entrada de Isabel y Fernando en la Historia por su puerta m\u00e1s imperial.<\/p>\n<p class=\"sumari\" style=\"text-align: justify;\">Resultaba evidente que lo que hab\u00eda ocurrido en Granada no era una simple noticia local, sino el gran notici\u00f3n del siglo para toda Europa cristiana<\/p>\n<p style=\"text-align: justify;\">El Papa orden\u00f3 repique general de campanas y misas en todas las iglesias y conventos de la cristiandad.<\/p>\n<p style=\"text-align: justify;\">En Londres hubo celebraciones a partir del 6 de abril; los brit\u00e1nicos recordaban que algunas tropas suyas estaban participando tambi\u00e9n en aquella cruzada contra el Islam. Organizaron una misa y un <em>Ted\u00e9um<\/em> en la catedral de San Pablo.<\/p>\n<p style=\"text-align: justify;\">Resultaba evidente que lo que hab\u00eda ocurrido en Granada no era una simple noticia local, sino el gran notici\u00f3n del siglo para toda Europa cristiana.<\/p>\n<h4 style=\"text-align: justify;\"><strong>El antecedente de la Toma: \u201cDedicaci\u00f3n de Granada\u201d<\/strong><\/h4>\n<p style=\"text-align: justify;\">El antecedente remoto de la Fiesta de la Toma se llam\u00f3 <strong>\u201cDedicaci\u00f3n de Granada\u201d.<\/strong> Se trat\u00f3 de una ceremonia estrictamente religiosa, cristiana, que inclu\u00eda una plegaria o serm\u00f3n redactado por el primer arzobispo de Granada, fray Hernando de Talavera. Se celebraba el domingo siguiente al d\u00eda de la Circuncisi\u00f3n del Se\u00f1or (1 de enero), con lo cual no siempre coincid\u00eda con el 2 de enero. El texto fue supervisado por la propia reina cat\u00f3lica. Consist\u00eda en una mezcla de agradecimiento a Dios por haber ayudado a conquistar el \u00faltimo reino musulm\u00e1n de la Pen\u00ednsula y la refundaci\u00f3n de la nueva ciudad dual, cat\u00f3lica de los vencedores, pero que permit\u00eda la coexistencia de la religi\u00f3n musulmana de los mud\u00e9jares.\u00a0<\/p>\n<p style=\"text-align: justify;\">El texto exacto llev\u00f3 por t\u00edtulo \u201c<em>Dedicaci\u00f3n de Granada y de su Reino\u201d.<\/em> Era una consagraci\u00f3n del Reino al catolicismo. Era una ceremonia cantada, compuesta en 1493, que ten\u00eda el texto en lat\u00edn. La misa constaba de dos aspectos fundamentales: primeramente se resaltaba la intervenci\u00f3n directa de Dios en la rendici\u00f3n de Granada, movido por la profunda fe de quienes guerreaban bajo la cruz de Cristo. En segundo lugar, se ofrec\u00eda la necesidad y oportunidad de conversi\u00f3n de los granadinos vencidos a la nueva fe, ya que se consideraba que el Islam era una religi\u00f3n equivocada. De aquel cantoral se conservan dos ejemplares, uno en el archivo de Santa Fe y otro en el de Simancas Incluso hay grabaciones musicales realizadas hace unos pocos a\u00f1os.<\/p>\n<div class=\"divdest\" style=\"text-align: justify;\">\n<div class=\"media media-element-container media-default\">\n<div id=\"file-74487\" class=\"file file-image file-image-jpeg\">\n<h2 class=\"element-invisible\"><a href=\"http:\/\/www.elindependientedegranada.es\/file\/imagen21jpg\">imagen21.jpg<\/a><\/h2>\n<div class=\"content\"><img data-recalc-dims=\"1\" loading=\"lazy\" decoding=\"async\" class=\"media-element file-default\" src=\"https:\/\/i0.wp.com\/www.elindependientedegranada.es\/sites\/default\/files\/imagen21.jpg?resize=500%2C371&#038;ssl=1\" alt=\"\" width=\"500\" height=\"371\" data-delta=\"20\" \/><\/div>\n<\/div>\n<\/div>\n<p>Libro cantoral de Santa Fe que contiene texto y m\u00fasica compuestos por Fray Hernando de Talavera en 1493.<\/p><\/div>\n<p class=\"sumari\" style=\"text-align: justify;\">A partir de la conversi\u00f3n forzosa de 1500, cada vez se empez\u00f3 a hablar menos de Dedicaci\u00f3n y m\u00e1s de Toma, es decir, menos de religi\u00f3n-integraci\u00f3n y m\u00e1s de guerra-imposici\u00f3n<\/p>\n<p style=\"text-align: justify;\">El protocolo de aquella primera funci\u00f3n religiosa cristiana continu\u00f3 intacto pr\u00e1cticamente hasta 1518, a pesar de que ya desde la revuelta de 1500 los mud\u00e9jares perdieron su estatus y pasaron a ser moriscos o cristianos nuevos; obligados a bautizarse o a marchar. Se acompa\u00f1aba de repique de campanas, a las tres de la tarde, a medida que los bronces se fueron instalando paulatinamente en lo que antes hab\u00edan sido alminares para las llamadas al rezo musulm\u00e1n. A partir de la conversi\u00f3n forzosa de 1500, cada vez se empez\u00f3 a hablar menos de Dedicaci\u00f3n y m\u00e1s de Toma, es decir, menos de religi\u00f3n-integraci\u00f3n y m\u00e1s de guerra-imposici\u00f3n.<\/p>\n<h4 style=\"text-align: justify;\"><strong>1516: Fernando el Cat\u00f3lico no institucionaliz\u00f3 la Fiesta<\/strong><\/h4>\n<p style=\"text-align: justify;\">Fernando II de Arag\u00f3n y V de Castilla, <em>el Cat\u00f3lico<\/em>, no mand\u00f3 celebrar Fiesta de la Toma en Granada cada 2 de enero. En su \u00faltimo testamento, el dictado el d\u00eda anterior a su muerte en Madrigalejo, dej\u00f3 ordenado el lugar donde deseaba que reposaran sus restos, es decir, en la Capilla Real de Granada. En enero de 1516, cuando falleci\u00f3, a\u00fan estaban las obras sin acabar. En sus \u00faltimas voluntades dej\u00f3 mandadas miles de misas por su alma y por la de quienes le hab\u00edan servido; pan y ayuda a pobres; tambi\u00e9n quiso que la mayor parte de sus utensilios personales se destinaran a su pante\u00f3n funerario. <strong>Lo m\u00e1s destacable y simb\u00f3lico eran la espada de campa\u00f1a y el pend\u00f3n que ondeaba en sus batallas<\/strong>. El mismo que agitaron desde la Torre de la Vela el d\u00eda 2 de enero de 1492, nada m\u00e1s tomar posesi\u00f3n de la fortaleza.<\/p>\n<p class=\"sumari\" style=\"text-align: justify;\">El concejo pretend\u00eda erigirse en depositario de la voluntad regia, por entender que as\u00ed lo hab\u00edan expresado los reyes conquistadores en m\u00faltiples ocasiones<\/p>\n<p style=\"text-align: justify;\">El 17 de junio de 1516, una vez conocido en Granada el testamento de Fernando <em>el Cat\u00f3lico<\/em>, el Concejo municipal envi\u00f3 una carta a Germana de Foix y a los otros seis albaceas, pidi\u00e9ndoles que les enviasen la espada y el pend\u00f3n real. El corregidor (alcalde) Juan V\u00e1zquez Coronado entend\u00eda que la ciudad de Granada deb\u00eda ser representante regia de la voluntad de los reyes conquistadores, convertir a esta ciudad en su capital y corte. El concejo pretend\u00eda erigirse en depositario de la voluntad regia, por entender que as\u00ed lo hab\u00edan expresado los reyes conquistadores en m\u00faltiples ocasiones.<\/p>\n<div class=\"divdest\" style=\"text-align: justify;\">\n<div class=\"media media-element-container media-default\">\n<div id=\"file-74437\" class=\"file file-image file-image-jpeg\">\n<h2 class=\"element-invisible\"><a href=\"http:\/\/www.elindependientedegranada.es\/file\/extractodelactamunicipaljpg\">extracto_del_acta_municipal.jpg<\/a><\/h2>\n<div class=\"content\"><img data-recalc-dims=\"1\" loading=\"lazy\" decoding=\"async\" class=\"media-element file-default\" src=\"https:\/\/i0.wp.com\/www.elindependientedegranada.es\/sites\/default\/files\/extracto_del_acta_municipal.jpg?resize=567%2C127&#038;ssl=1\" alt=\"\" width=\"567\" height=\"127\" data-delta=\"2\" \/><\/div>\n<\/div>\n<\/div>\n<p>Extracto del acta municipal del pleno de 17 de junio de 1516. <em>\u201cAcordaron y mandaron que se escriba a los testamentarios del Rey, nuestro se\u00f1or, para que manden dar a esta ciudad la espada con que su alteza gan\u00f3 esta ciudad y su reino y la bandera con pend\u00f3n real\u201d.<\/em> (Los seis albaceas testamentarios fueron Alonso de Arag\u00f3n, hijo de Fernando y arzobispo de Zaragoza; Aldonza Enr\u00edquez, su t\u00eda; Fadrique de Toledo, Duque de Alba y primo del rey; Ram\u00f3n de Cardona, caballerizo del Rey; fray Tom\u00e1s de Martienzo, su confesor; y Miguel Vel\u00e1zquez Clemente, protonotario).AHMGR<\/div>\n<p style=\"text-align: justify;\">La espada y el pend\u00f3n fueron enviados a Granada a finales de 1517, cuando <em>El Cat\u00f3lico<\/em> llevaba casi dos a\u00f1os enterrado junto a su primera esposa en el Convento de San Francisco de la Alhambra. El env\u00edo lo hizo Germana de Foix, con permiso de Carlos V nada m\u00e1s llegar a Valladolid. <strong>Pero no los remiti\u00f3 a la parte civil de la ciudad, sino a su pante\u00f3n f\u00fanebre, la Capilla Real.<\/strong> Este peque\u00f1o edificio estar\u00eda comprendido en el conjunto catedralicio que se proyectaba por entonces. Los responsables de su cuidado deb\u00edan ser los trece capellanes reales, no el corregidor de la ciudad. Los albaceas debieron confiar m\u00e1s en los capellanes que en los concejales, primaron la parte religiosa de la sociedad granadina en detrimento de la pol\u00edtica.<\/p>\n<p class=\"sumari\" style=\"text-align: justify;\">La espada y el pend\u00f3n fueron enviados a Granada a finales de 1517, cuando El Cat\u00f3lico llevaba casi dos a\u00f1os enterrado junto a su primera esposa en el Convento de San Francisco de la Alhambra. El env\u00edo lo hizo Germana de Foix, con permiso de Carlos V nada m\u00e1s llegar a Valladolid<\/p>\n<p style=\"text-align: justify;\">Germana de Foix y Carlos V, adem\u00e1s de los seis albaceas del rey Fernando, s\u00ed comunicaron al cabildo catedralicio (carta recibida el 11 de diciembre de 1517) los deseos que hab\u00eda mostrado su esposo de que se celebrara una ceremonia anual en la que se rememorase la conquista de la ciudad de Granada. Se tratar\u00eda de una procesi\u00f3n general por los capellanes reales, adem\u00e1s de extenderla tambi\u00e9n a todas las iglesias de la ciudad. Se ped\u00eda que concurriese la gente del pueblo que lo deseara. En dicha ceremonia ser\u00edan paseados la espada, el pend\u00f3n y la corona de Isabel. En suma, <strong>la <em>Dedicaci\u00f3n de Granada<\/em> daba un paso mayor al ampliarse de celebraci\u00f3n s\u00f3lo religiosa a todo un acontecimiento religioso-pol\u00edtico-militar festivo<\/strong>. Ser\u00eda la fiesta mayor de Granada que, adem\u00e1s, tendr\u00eda su prolongaci\u00f3n primaveral el d\u00eda del Corpus.<\/p>\n<p style=\"text-align: justify;\">El modelo a seguir para la parte de la liturgia c\u00edvico-religiosa deber\u00eda ser exactamente igual que el que los Reyes Cat\u00f3licos hab\u00edan presidido varias veces en la ciudad de Sevilla. Ni en la letra del testamento ni en el esp\u00edritu del rey cat\u00f3lico estuvieron el deseo de montar desfiles, salvas de p\u00f3lvora, luminarias ni corridas de toros. S\u00f3lo humildad y agradecimiento al Alt\u00edsimo por haberles guiado en la guerra.<\/p>\n<p class=\"sumari\" style=\"text-align: justify;\">Carlos V fue muy astuto al utilizar la fiesta como reafirmaci\u00f3n de su monarqu\u00eda, todav\u00eda inestable y a punto de desandar en la unidad conseguida por sus abuelos<\/p>\n<p style=\"text-align: justify;\">No obstante, Carlos V fue muy astuto al utilizar la fiesta como reafirmaci\u00f3n de su monarqu\u00eda, todav\u00eda inestable y a punto de desandar en la unidad conseguida por sus abuelos. La magna exhibici\u00f3n anual enviaba un mensaje t\u00e1cito, <strong>una reconquista actualizada<\/strong>, para la numerosa comunidad musulmana que ve\u00eda perder sus derechos pactados tres d\u00e9cadas atr\u00e1s; tambi\u00e9n un mensaje que se enviaba a todo el Mediterr\u00e1neo dominado por los turcos y a infinidad de tribus berberiscas que no paraban de acosar las costas espa\u00f1olas. Granada fue utilizada durante el siglo XVI como ciudad-s\u00edmbolo del poder del imperio cristiano hispano.<\/p>\n<h4 style=\"text-align: justify;\"><strong>1517: Copiar el ceremonial de Sevilla<\/strong><\/h4>\n<p style=\"text-align: justify;\">La ciudad de Granada envi\u00f3 a Sevilla a un can\u00f3nigo a que se informase de c\u00f3mo lo hac\u00edan all\u00ed. Sevilla hab\u00eda sido conquistada el d\u00eda 23 de noviembre de 1248 por Fernando III, <em>el Santo<\/em>. Su hijo, Alfonso X <em>el Sabio<\/em>, institucionaliz\u00f3 la celebraci\u00f3n sevillana en el a\u00f1o 1254. Desde entonces se ha venido celebrando pr\u00e1cticamente de manera ininterrumpida; su ceremonial se ha ido adaptando al proceso de construcci\u00f3n de su catedral g\u00f3tica y a los avatares pol\u00edticos y sociales, aunque ha sido m\u00ednimamente. No se trata de una ceremonia festiva de masas, ya que se ha limitado a recorrer las naves de su catedral, a rezar ante la tumba de Fernando III o, a lo sumo, dar un rodeo por el exterior del templo.<\/p>\n<div class=\"divdest\" style=\"text-align: justify;\">\n<div class=\"media media-element-container media-default\">\n<div id=\"file-74438\" class=\"file file-image file-image-jpeg\">\n<h2 class=\"element-invisible\"><a href=\"http:\/\/www.elindependientedegranada.es\/file\/elalcaldedesevillaportajpg\">el_alcalde_de_sevilla_porta.jpg<\/a><\/h2>\n<div class=\"content\"><img data-recalc-dims=\"1\" loading=\"lazy\" decoding=\"async\" class=\"media-element file-default\" src=\"https:\/\/i0.wp.com\/www.elindependientedegranada.es\/sites\/default\/files\/el_alcalde_de_sevilla_porta.jpg?resize=567%2C378&#038;ssl=1\" alt=\"\" width=\"567\" height=\"378\" data-delta=\"3\" \/><\/div>\n<\/div>\n<\/div>\n<p>El alcalde de Sevilla porta la espada de San Fernando asida con una seda por la hoja; s\u00f3lo reyes y pr\u00edncipes tienen el privilegio de tomarla por la empu\u00f1adura. E.PRESS.<\/p><\/div>\n<p style=\"text-align: justify;\">La toma de Sevilla (conocida como <em>Procesi\u00f3n de Tercias o Espada<\/em>), adem\u00e1s de poco conocida para la mayor\u00eda, jam\u00e1s en sus casi ocho siglos ha levantado pol\u00e9micas similares a las de Granada. Se trata de una ceremonia c\u00edvico-religiosa, como en origen pidi\u00f3 <em>El Cat\u00f3lico <\/em>que lo hiciera Granada. Si la preside un rey y pr\u00edncile, toma la espada <em>Lobera<\/em> por la empu\u00f1adura apuntando hacia arriba; si es su delegado, la coger\u00e1 hacia abajo. Asisten representantes del cabildo municipal (Ayuntamiento) y de la catedral. El alcalde de la ciudad es quien habitualmente hace de portador del estandarte real. Lo normal es que sean el alcalde y el concejal m\u00e1s joven quienes se encargan de portar los s\u00edmbolos regios durante la misa a San Fernando y la consiguiente procesi\u00f3n por dentro de la catedral. La ceremonia tiene lugar cada 23 de noviembre, onom\u00e1stica de San Clemente.<\/p>\n<p class=\"sumari\" style=\"text-align: justify;\">Exactamente ese ceremonial es el que pretendi\u00f3 Fernando el Cat\u00f3lico para el futuro pante\u00f3n real de Granada en el que reposar\u00edan para siempre su primera esposa y \u00e9l<\/p>\n<p style=\"text-align: justify;\">Exactamente ese ceremonial es el que pretendi\u00f3 Fernando <em>el Cat\u00f3lico<\/em> para el futuro pante\u00f3n real de Granada en el que reposar\u00edan para siempre su primera esposa y \u00e9l.<\/p>\n<h4 style=\"text-align: justify;\"><strong>1518: Mal empezamos, roban la espada<\/strong><\/h4>\n<p style=\"text-align: justify;\">El primer guardi\u00e1n de la espada y del pend\u00f3n reales fue el capell\u00e1n mayor Pedro Garc\u00eda de Atencia. En la reuni\u00f3n del cabildo de trece capellanes hubo desacuerdo en varios asuntos de la primera ceremonia que deb\u00eda celebrarse en la Capilla Real, seg\u00fan hab\u00eda comunicado recientemente la viuda Germana de Foix. Garc\u00eda de Atencia fue de los que entendieron que enero de 1518 estaba demasiado cerca, mejor ser\u00eda posponer el inicio para el a\u00f1o siguiente. En vista de la oposici\u00f3n que encontr\u00f3 entre sus compa\u00f1eros de cabildo, tom\u00f3 la espada y el pend\u00f3n y desapareci\u00f3 de Granada.<\/p>\n<p style=\"text-align: justify;\">El cabildo de la Capilla recurri\u00f3 a la justicia de la Real Chanciller\u00eda para que le obligara a devolverlos. Pero pronto se supo que hab\u00eda huido con las insignias camino de la Corte, por entonces en Valladolid. El cabildo envi\u00f3 a la Corte al beneficiado Bartolom\u00e9 de Casta\u00f1eda, cura de San Juan de los Reyes, a denunciar el hecho y solicitar ayuda del Duque de Alba y el arzobispo de Granada, que precisamente ejerc\u00eda de cortesano en vez de estar residiendo en su obispado.<\/p>\n<div class=\"divdest\" style=\"text-align: justify;\">\n<div class=\"media media-element-container media-default\">\n<div id=\"file-74439\" class=\"file file-image file-image-jpeg\">\n<h2 class=\"element-invisible\"><a href=\"http:\/\/www.elindependientedegranada.es\/file\/estoquedecampanadefernandojpg\">estoque_de_campana_de_fernando.jpg<\/a><\/h2>\n<div class=\"content\"><img data-recalc-dims=\"1\" loading=\"lazy\" decoding=\"async\" class=\"media-element file-default\" src=\"https:\/\/i0.wp.com\/www.elindependientedegranada.es\/sites\/default\/files\/estoque_de_campana_de_fernando.jpg?resize=640%2C322&#038;ssl=1\" alt=\"\" width=\"640\" height=\"322\" data-delta=\"4\" \/><\/div>\n<\/div>\n<\/div>\n<div class=\"media media-element-container media-default\">\n<div id=\"file-74440\" class=\"file file-image file-image-jpeg\">\n<h2 class=\"element-invisible\"><a href=\"http:\/\/www.elindependientedegranada.es\/file\/estoque2jpg\">estoque2.jpg<\/a><\/h2>\n<div class=\"content\"><img data-recalc-dims=\"1\" loading=\"lazy\" decoding=\"async\" class=\"media-element file-default\" src=\"https:\/\/i0.wp.com\/www.elindependientedegranada.es\/sites\/default\/files\/estoque2.jpg?resize=640%2C374&#038;ssl=1\" alt=\"\" width=\"640\" height=\"374\" data-delta=\"5\" \/><\/div>\n<\/div>\n<\/div>\n<p>Estoque de campa\u00f1a de Fernando <em>el Cat\u00f3lico<\/em> y pend\u00f3n original (anverso y reverso) que onde\u00f3 en la Alhambra el 2 de enero de 1492. CAPILLA REAL<\/div>\n<p style=\"text-align: justify;\">El enviado Casta\u00f1eda consigui\u00f3 regresar de Valladolid con la espada y el pend\u00f3n, ya recuperados. M\u00e1s una carta-privilegio firmada por el reci\u00e9n llegado Carlos V. Pero hac\u00eda ya dos meses que pas\u00f3 el 2 de enero. Habr\u00eda que dejar la primera conmemoraci\u00f3n con la espada y el pend\u00f3n para el a\u00f1o siguiente, 1519.<\/p>\n<p class=\"sumari\" style=\"text-align: justify;\">Hicieron un recorrido corto, saliendo al solar donde se iba a construir la Catedral, bajaron a Bibarrambla y subieron por el Zacat\u00edn para entrar por la puerta lateral. Se trat\u00f3 de una primera procesi\u00f3n c\u00edvico-religiosa, en la que los capellanes reales invitaron a participar al Corregidor y al cabildo de la ciudad<\/p>\n<p style=\"text-align: justify;\">La procesi\u00f3n en conmemoraci\u00f3n de la entrega de Granada se celebr\u00f3 el 2 de enero de los a\u00f1os 1519, 1520 y 1521. Salieron de la Capilla Real, reci\u00e9n acabada y con el mausoleo o bulto situado sobre la cripta vac\u00eda. Hicieron un recorrido corto, saliendo al solar donde se iba a construir la Catedral, bajaron a Bibarrambla y subieron por el Zacat\u00edn para entrar por la puerta lateral. Se trat\u00f3 de una primera procesi\u00f3n c\u00edvico-religiosa, en la que los capellanes reales invitaron a participar al Corregidor y al cabildo de la ciudad. En aquellos tres primeros a\u00f1os no se homenaje\u00f3 a los cad\u00e1veres de los Reyes Cat\u00f3licos porque todav\u00eda permanec\u00edan enterrados en el Convento de San Francisco, en la Alhambra. Tampoco se exhibi\u00f3 s\u00edmbolo alguno en la Casa Consistorial. El protagonismo fue por aquellos primeros a\u00f1os para los cabildos de la Catedral y de la Capilla Real. Las insignias reales eran celosamente guardadas en el altar del pante\u00f3n regio.<\/p>\n<h4 style=\"text-align: justify;\"><strong>1522: primera Fiesta de la Toma<\/strong><\/h4>\n<p style=\"text-align: justify;\">El 2 de enero de 1522 se puede considerar como primera Fiesta de la Toma que se celebr\u00f3 en Granada. Los cad\u00e1veres de los Reyes Cat\u00f3licos hab\u00edan sido trasladados cincuenta d\u00edas antes a la cripta bajo el mausoleo. El boato y la fiesta que rodearon la inhumaci\u00f3n definitiva tuvieron continuaci\u00f3n con la primera tremolaci\u00f3n del pend\u00f3n real ante el bulto de la Capilla Real; pero todav\u00eda no hay referencia a acto alguno en la casa consistorial. El alcaide de la Alhambra y capit\u00e1n general del Reino, Conde de Tendilla, orden\u00f3 que se dedicaran varios quintales de p\u00f3lvora a disparar ca\u00f1onazos desde la fortaleza, se iluminaron las torres, se destin\u00f3 parte de la guarnici\u00f3n militar a tener presencia en el ceremonial, se hicieron luminarias en las torres de la Alhambra, se ta\u00f1eron las campanas y se abrieron las puertas de la fortaleza para regocijo general de los ciudadanos.<\/p>\n<div class=\"divdest\" style=\"text-align: justify;\">\n<div class=\"media media-element-container media-default\">\n<div id=\"file-74441\" class=\"file file-image file-image-jpeg\">\n<h2 class=\"element-invisible\"><a href=\"http:\/\/www.elindependientedegranada.es\/file\/elbultodelosreyescatolicosjpg\">el_bulto_de_los_reyes_catolicos.jpg<\/a><\/h2>\n<div class=\"content\"><img data-recalc-dims=\"1\" loading=\"lazy\" decoding=\"async\" class=\"media-element file-default\" src=\"https:\/\/i0.wp.com\/www.elindependientedegranada.es\/sites\/default\/files\/el_bulto_de_los_reyes_catolicos.jpg?resize=567%2C564&#038;ssl=1\" alt=\"\" width=\"567\" height=\"564\" data-delta=\"6\" \/><\/div>\n<\/div>\n<\/div>\n<p>El bulto de los Reyes Cat\u00f3licos estuvo solo y centrado sobre la cripta entre 1518 y 1603 en que fue movido para colocar a su lado el de Juana I y Felipe I.<\/p><\/div>\n<p style=\"text-align: justify;\">El obispo Antonio de Rojas, por su parte, orden\u00f3 iluminar las torres de las iglesias de la ciudad y ta\u00f1ido de campanas. El Concejo municipal particip\u00f3 aportando cera y panes para los necesitados. En aquellos primeros a\u00f1os cal\u00f3 hondo la fiesta en la ciudad, de manera que se decidi\u00f3 ampliarla tambi\u00e9n al primer d\u00eda del a\u00f1o. No nos han quedado rastros concretos del programa de fiestas del primer tercio del siglo XVI, pero debi\u00f3 ser potente. Pronto aparecieron las fiestas de ca\u00f1as con toros de por medio; Enr\u00edquez de Jorquera narra la corrida con ocho morlacos que se organiz\u00f3 el 2 de enero de 1588; es de suponer que la tradici\u00f3n ya ven\u00eda de a\u00f1os anteriores; tambi\u00e9n en posteriores, como fue el caso de la lidia de una docena de astados el 2 de enero de 1613. El cronista no hace referencia al lugar de las corridas, pero lo m\u00e1s probable es que tuvieran lugar en Bibarrambla.<\/p>\n<h4 style=\"text-align: justify;\"><strong>1567: El privilegio del primer Alf\u00e9rez mayor <\/strong><\/h4>\n<p style=\"text-align: justify;\">De conmemoraci\u00f3n de la entrega de Granada se pas\u00f3 pronto a hablar de reconquista y toma de la ciudad a los moros. Los corregidores \u00cd\u00f1igo Manrique (1522-27) y Luis Pacheco (1530-34) dieron un impulso a la celebraci\u00f3n consolid\u00e1ndola como una especie de fiesta y feria de car\u00e1cter regional. La parte pol\u00edtica de la ciudad empez\u00f3 a ganar peso en los festejos. Y con el aumento de brillantez tambi\u00e9n aparecieron los deseos de figurar, tanto entre el estamento religioso como por parte de la nobleza local. Todo el mundo peleaba por conseguir un lugar destacado en las celebraciones.<\/p>\n<p class=\"sumari\" style=\"text-align: justify;\">De conmemoraci\u00f3n de la entrega de Granada se pas\u00f3 pronto a hablar de reconquista y toma de la ciudad a los moros<\/p>\n<p style=\"text-align: justify;\">Uno de los primeros personajes que cop\u00f3 las fiesta de la Toma de Granada fue un miembro de la casa de Aguilar, descendiente del Gran Capit\u00e1n. Se trat\u00f3 de Luis Fern\u00e1ndez de C\u00f3rdoba y Enr\u00edquez. Hombre de apellido ilustre, criado en la Corte como menino de Felipe II, ya para 1566 consigui\u00f3 de su amigo el Rey el cargo del primer Alf\u00e9rez mayor de Granada (Decreto de 24 de noviembre de 1566). Aquel empleo consist\u00eda en ser el delegado regio en la ciudad y portador del pend\u00f3n real en las procesiones que sal\u00edan a la calle. Luis Fern\u00e1ndez de C\u00f3rdoba se apropi\u00f3 de la prerrogativa, para s\u00ed y sus descendientes, de ondear el pend\u00f3n que custodiaba la Capilla Real. Quiz\u00e1s de esa \u00e9poca surgi\u00f3 la tradici\u00f3n de subir al balc\u00f3n del Consistorio a ondear la bandera para todo el pueblo.<\/p>\n<p style=\"text-align: justify;\">Durante bastantes a\u00f1os tuvo la casa de Aguilar la prerrogativa de tremolarlo. Sobre todo, porque durante la Guerra de las Alpujarras estuvo al lado de Juan de Austria; complet\u00f3 su carrera pol\u00edtico-militar en Lepanto y diversas embajadas por encargo de Felipe II. Fue el tremolador cada a\u00f1o, pues fij\u00f3 su residencia en Granada. Hasta que en 1592 fue nombrado alcalde-corregidor de Toledo y deleg\u00f3.<\/p>\n<p class=\"sumari\" style=\"text-align: justify;\">El Ayuntamiento de Granada siempre defendi\u00f3 el derecho de que fuese uno de sus Caballeros XXIV el portador del estandarte<\/p>\n<p style=\"text-align: justify;\">El Ayuntamiento de Granada siempre defendi\u00f3 el derecho de que fuese uno de sus Caballeros XXIV el portador del estandarte. Luis F. de C\u00f3rdoba y el alcalde llegaron al acuerdo de que el noble tomar\u00eda el pend\u00f3n a la puerta del Ayuntamiento, se lo entregar\u00eda a un teniente para que lo portara por la calle; se lo devolver\u00eda al entrar en la Capilla Real, donde rodear\u00eda los bultos y saludar\u00eda con la insignia. A la salida, de nuevo se lo dejar\u00eda llevar a un teniente. En caso de que Luis F. de C\u00f3rdoba no estuviese en Granada, delegaba en el concejal m\u00e1s antiguo. El noble o sus descendientes conservar\u00edan su derecho de tremoladores mientras su apellido retuviera el cargo de Alf\u00e9rez mayor.\u00a0<\/p>\n<h4 style=\"text-align: justify;\"><strong>Frufr\u00fa de sotanas y capas<\/strong><\/h4>\n<p style=\"text-align: justify;\">El d\u00eda de la Toma vivi\u00f3 su periodo de m\u00e1ximo esplendor desde finales del primer tercio del siglo XVI hasta mediado el siglo XVII. Toda la nobleza de la ciudad peleaba por ocupar sitios de honor en el protocolo de la procesi\u00f3n. El cabildo municipal se las ingeni\u00f3 para tener cada vez un papel m\u00e1s importante en la fiesta que capitaneaban los can\u00f3nigos de la Catedral y de la Capilla Real. No se sabe con exactitud la fecha en que el Ayuntamiento encarg\u00f3 la confecci\u00f3n de su propio estandarte real, pero los estudios del tejido apuntan que debi\u00f3 ser de principios del XVII, muy probablemente hecho en 1624 para la visita de Felipe IV. (El que se saca en la actualidad es una copia).\u00a0 Con el tiempo, el estandarte municipal y su r\u00e9plica han sustituido al original que guarda la Capilla Real. Tampoco se sabe el momento en que se incorpor\u00f3 el ondeo de la ense\u00f1a y su exposici\u00f3n en un balc\u00f3n central de la casa consistorial. Este hecho de exponer el pend\u00f3n y tremolarlo tiene su origen en el acto de la Torre de la Vela del 2 de enero de 1492. El alf\u00e9rez mayor o un comendador de la ciudad decidieron suplantar o sustituir el acto de la Alhambra por un nuevo acto en el Ayuntamiento. O lo que es lo mismo, el representante real ya no era el capit\u00e1n general que resid\u00eda en la Alhambra, sino el alcalde de la ciudad.<\/p>\n<div class=\"divdest\" style=\"text-align: justify;\">\n<div class=\"media media-element-container media-default\">\n<div id=\"file-74442\" class=\"file file-image file-image-jpeg\">\n<h2 class=\"element-invisible\"><a href=\"http:\/\/www.elindependientedegranada.es\/file\/grabadodelacasadelosmiradoresjpg\">grabado_de_la_casa_de_los_miradores.jpg<\/a><\/h2>\n<div class=\"content\"><img data-recalc-dims=\"1\" loading=\"lazy\" decoding=\"async\" class=\"media-element file-default\" src=\"https:\/\/i0.wp.com\/www.elindependientedegranada.es\/sites\/default\/files\/grabado_de_la_casa_de_los_miradores.jpg?resize=567%2C407&#038;ssl=1\" alt=\"\" width=\"567\" height=\"407\" data-delta=\"7\" \/><\/div>\n<\/div>\n<\/div>\n<p>Grabado de la Casa de los Miradores, en la Plaza de Bibarrambla, sede del Concejo donde se tremolaba el pend\u00f3n entre mediados del siglo XVI y mediados del XIX.<\/p><\/div>\n<p style=\"text-align: justify;\">Durante el largo siglo de esplendor de la Toma, cada estamento ten\u00eda su lugar en la enorme funci\u00f3n c\u00edvico-religiosa que sal\u00eda a la calle aquel d\u00eda. Se sumaron por orden de antig\u00fcedad representaciones de todas las parroquias de la ciudad, de todos los gremios, de representantes de la mayor\u00eda de concejos del Reino de Granada, etc. Cada uno con sus maceros, cruces, prestes, di\u00e1conos. El protocolo y el ceremonial estrictos eran los elementos m\u00e1s importantes a respetar. El momento apote\u00f3sico fue 1572, durante la celebraci\u00f3n del <em>S\u00ednodo Granatensis<\/em>, que congreg\u00f3 en la ciudad a innumerable clero de Espa\u00f1a.<\/p>\n<p class=\"sumari\" style=\"text-align: justify;\">En lenguaje de hoy, podemos concluir que hab\u00eda codazos por ocupar los sitios preeminentes en la procesi\u00f3n y el porte de s\u00edmbolos<\/p>\n<p style=\"text-align: justify;\">En lenguaje de hoy, podemos concluir que hab\u00eda codazos por ocupar los sitios preeminentes en la procesi\u00f3n y el porte de s\u00edmbolos. El arzobispo ven\u00eda ostentando desde 1517 el t\u00edtulo de depositario de la espada y el pend\u00f3n; pero en vista de las quejas del Ayuntamiento, pact\u00f3 cesiones al Concejo, de manera que todo el mundo quedase contento: la espada la llevar\u00eda el corregidor, y la corona de la Reina el arzobispo, el presidente de la Chanciller\u00eda o en quien delegase. Este reparto de tareas cambiaba de un a\u00f1o para otro, con los consiguientes disgustos.<\/p>\n<p style=\"text-align: justify;\">El culmen de las disputas lleg\u00f3 a enfrentar a can\u00f3nigos de la catedral con capellanes reales. Entre ellos se disputaron qui\u00e9n era el guardi\u00e1n de los s\u00edmbolos reales y el lugar que deb\u00edan ocupar cada uno en la procesi\u00f3n. Hubo que convocar una cumbre entre el de\u00e1n catedralicio y el capell\u00e1n mayor, de manera que acordaron intercalar a sus respectivas sotanas en las filas para que ninguno sobresaliese m\u00e1s que el otro; se gualdrapearon en las filas. Tambi\u00e9n acordaron las misas a las que asistir\u00eda cada uno y el lugar que ocupar\u00edan en los templos.<\/p>\n<h4 style=\"text-align: justify;\"><strong>Crisis del siglo XVII: la nobleza se aparta<\/strong><\/h4>\n<p style=\"text-align: justify;\">El primer gran encontronazo entre la Iglesia y el Ayuntamiento tuvo lugar en 1591 y afect\u00f3 de lleno a la fiesta de la Toma. La ciudad estuvo varios a\u00f1os sin participar y aportar su parte a los festejos populares. Fue el primer enfriamiento de la Toma como fiesta mayor de la ciudad. El estallido ocurri\u00f3 en 1591, cuando Felipe II pidi\u00f3 la aportaci\u00f3n de ocho millones para paliar la bancarrota de la Corona con tanta guerra en que estaba metida, m\u00e1s el c\u00e1ncer arrastrado de las obras de El Escorial. El Ayuntamiento reparti\u00f3 la carga entre todos los ciudadanos, incluidos can\u00f3nigos, curas y frailes, que deb\u00edan pagar un arbitrio sobre su consumo de carne.<\/p>\n<p class=\"sumari\" style=\"text-align: justify;\">Pero al final los curas ganaron la partida: el Ayuntamiento les devolvi\u00f3 todo lo cobrado y el arzobispo retir\u00f3 la excomuni\u00f3n. Aquel hecho dej\u00f3 bastante tocada la relaci\u00f3n entre eclesi\u00e1sticos y pol\u00edticos. Y la Toma empez\u00f3 a flaquear como fiesta<\/p>\n<p style=\"text-align: justify;\">El clero granadino, exento de grav\u00e1menes hasta entonces, se sinti\u00f3 tan agraviado que presion\u00f3 al arzobispo para que les defendiera. Pedro de Castro, de car\u00e1cter rudo, directo y casi violento, exigi\u00f3 al Ayuntamiento que retirase tal impuesto a su gente. El corregidor Don Alonso de C\u00e1rdenas no cedi\u00f3 y el obispo excomulg\u00f3 a toda la corporaci\u00f3n. Se form\u00f3 un esc\u00e1ndalo de dimensiones descomunales, los curas no quer\u00edan confesar ni comulgar a los ediles, incluso alguno falleci\u00f3 en pecado mortal por haber querido cobrar impuestos a los curas.<\/p>\n<p style=\"text-align: justify;\">Las espadas estuvieron en alto varios a\u00f1os entre el clero y los pol\u00edticos, hasta la llegada del corregidor Mos\u00e9n Rub\u00ed de Bracamonte. Pero al final los curas ganaron la partida: el Ayuntamiento les devolvi\u00f3 todo lo cobrado y el arzobispo retir\u00f3 la excomuni\u00f3n. Aquel hecho dej\u00f3 bastante tocada la relaci\u00f3n entre eclesi\u00e1sticos y pol\u00edticos. Y la Toma empez\u00f3 a flaquear como fiesta.<\/p>\n<p style=\"text-align: justify;\">Con tanta tensi\u00f3n, cualquier diferencia hac\u00eda saltar chispas entre ellos. Fue el caso de la Toma de 1601, cuando un concejal y un capell\u00e1n echaron mano de espadas y cuchillos en la Capilla Real a cuenta de la colocaci\u00f3n de un banco donde tomar asiento cada uno.<\/p>\n<div class=\"divdest\" style=\"text-align: justify;\">\n<div class=\"media media-element-container media-default\">\n<div id=\"file-74443\" class=\"file file-image file-image-jpeg\">\n<h2 class=\"element-invisible\"><a href=\"http:\/\/www.elindependientedegranada.es\/file\/estandarterealqueseguardaeneljpg\">estandarte_real_que_se_guarda_en_el.jpg<\/a><\/h2>\n<div class=\"content\"><img data-recalc-dims=\"1\" loading=\"lazy\" decoding=\"async\" class=\"media-element file-default\" src=\"https:\/\/i0.wp.com\/www.elindependientedegranada.es\/sites\/default\/files\/estandarte_real_que_se_guarda_en_el.jpg?resize=600%2C590&#038;ssl=1\" alt=\"\" width=\"600\" height=\"590\" data-delta=\"8\" \/><\/div>\n<\/div>\n<\/div>\n<p>Estandarte real que se guarda en el Ayuntamiento, bordado en el siglo XVII a imagen del original de la Capilla Real. AHMGR.<\/p><\/div>\n<p style=\"text-align: justify;\">Para mediados del siglo XVII, la procesi\u00f3n de la Toma hab\u00eda empezado a decaer. Los papeles y lugares m\u00e1s representativos hab\u00edan conseguido coparlos los representantes de la Iglesia (Catedral y Capilla Real) y del Consistorio. La nobleza descendiente de conquistadores se sent\u00eda apartada y dejaba de asistir empenachada a las representaciones. Algo similar ocurri\u00f3 a los gremios y al pueblo llano; Felipe IV no hab\u00eda dejado de exigir fondos y soldador para hacer frente a la sublevaci\u00f3n catalana. La crisis econ\u00f3mica era una realidad y el siglo de oro un recuerdo del pasado en Granada: la ciudad se dio cuenta de que hab\u00eda sido dada de lado por la monarqu\u00eda. El asunto ven\u00eda de tiempo atr\u00e1s, con Felipe II, despreciando su catedral como pante\u00f3n real y traslad\u00e1ndolo a El Escorial. Si los Reyes Cat\u00f3licos y Carlos V entendieron que Granada era un s\u00edmbolo y su ciudad m\u00e1s importante, la realidad demostr\u00f3 que Sevilla y C\u00e1diz se hicieron potencias econ\u00f3micas con el tr\u00e1fico de Am\u00e9rica, mientras Madrid y Valladolid eran las preferidas por los Austrias menores.<\/p>\n<p class=\"sumari\" style=\"text-align: justify;\">La fiesta de la Toma enfil\u00f3 su cuesta abajo durante casi un siglo. El Ayuntamiento se limitaba a enviar una representaci\u00f3n de ediles a la Capilla Real y Catedral, igual que hac\u00eda con el cumplimiento de otro m\u00e1s de los muchos votos que manten\u00eda la ciudad con santos e iglesias por haberle salvado de plagas, diluvios, sequ\u00edas o terremotos<\/p>\n<p style=\"text-align: justify;\">La nobleza establecida en Granada a lo largo del XVI, pronto empez\u00f3 a apuntar a los lugares a donde se estaba conformado la Corte. Aunque mantuvo posesiones y casas solariegas en Granada hasta bien entrado el siglo XX.<\/p>\n<h4 style=\"text-align: justify;\"><strong>1752: El renacer con nuevo ceremonial<\/strong><\/h4>\n<p style=\"text-align: justify;\">La fiesta de la Toma enfil\u00f3 su cuesta abajo durante casi un siglo. El Ayuntamiento se limitaba a enviar una representaci\u00f3n de ediles a la Capilla Real y Catedral, igual que hac\u00eda con el cumplimiento de otro m\u00e1s de los muchos votos que manten\u00eda la ciudad con santos e iglesias por haberle salvado de plagas, diluvios, sequ\u00edas o terremotos. El pueblo estaba ajeno a la celebraci\u00f3n lit\u00fargica en recuerdo de unos reyes y de un hecho que hab\u00edan dejado de ser historia reciente y se hab\u00edan adentrado en la nebulosa de lo legendario.<\/p>\n<p style=\"text-align: justify;\">Lleg\u00f3 1750 y con \u00e9l un caballero XXIV llamado <strong>Juan de Morales Hondonero<\/strong>. Se le nombr\u00f3 maestro de ceremonias. El hombre ten\u00eda gran afici\u00f3n por las tradiciones y el vestuario caballeresco. Redact\u00f3 un ceremonial y un protocolo con el fin de enderezar la fiesta de la Toma como d\u00eda de asueto local; recopil\u00f3 lo mejor de lo antiguo y compuso un programa festivo que se prolongar\u00eda durante los d\u00edas 1 y 2 de enero. Gast\u00f3 dinero municipal en vestir de gala a los concejales, recuper\u00f3 trajes de maceros, palafreneros, pajes, etc. etc. (En cierto modo, son los mismos que a\u00fan contin\u00faan vigentes; todos los que salen en la procesi\u00f3n parecen sacados de cuadros goyescos). El primer Corpus de la nueva era fue el correspondiente a 1752, cuando empezaba la Ilustraci\u00f3n, que ya criticaba el anacronismo de la Toma. Granada volv\u00eda a vestirse de fiesta, a organizar corridas de toros en la plaza port\u00e1til del Humilladero, primero, y m\u00e1s tarde en la Maestranza del Triunfo; se organizaban funciones teatrales en torno la <em>Toma de Granada o el Triunfo de la Cruz<\/em>; la gente visitaba la Alhambra y, si hac\u00eda buen d\u00eda, se iba de romer\u00eda a los montes de los alrededores de la ciudad.<\/p>\n<p class=\"sumari\" style=\"text-align: justify;\">Repicaban las campas de la Catedral. Y despu\u00e9s era colocado el estandarte, con vigilancia militar, en el balc\u00f3n. En resumen, un protocolo muy similar al que se desarrolla en la actualidad<\/p>\n<p style=\"text-align: justify;\">El protocolo estableci\u00f3 el nombramiento de portador del pend\u00f3n en la persona del concejal de mayor edad, del que lo transportaba hasta la Capilla Real (el m\u00e1s joven) y de la tremolaci\u00f3n en el balc\u00f3n municipal. La artiller\u00eda disparaba salvas desde la Alhambra al momento de comenzar el desfile. Repicaban las campas de la Catedral. Y despu\u00e9s era colocado el estandarte, con vigilancia militar, en el balc\u00f3n. En resumen, un protocolo muy similar al que se desarrolla en la actualidad.<\/p>\n<p style=\"text-align: justify;\">Aquel impulso no dur\u00f3 muchos a\u00f1os, ya que la llegada de los invasores franceses frustr\u00f3 todo tipo de celebraci\u00f3n religiosa, menos a\u00fan relacionada con los momentos de esplendor de la monarqu\u00eda espa\u00f1ola que en el siglo XVI humill\u00f3 a Francia en varias ocasiones.<\/p>\n<p style=\"text-align: justify;\">De aquella \u00e9poca en que la Alhambra empez\u00f3 a abrirse al p\u00fablico viene la tradici\u00f3n de subir a tocar la campana de la Vela. Especialmente las mujeres en edad casadera.<\/p>\n<h4 style=\"text-align: justify;\"><strong>Siglo XIX: M\u00e1s crisis y caos<\/strong><\/h4>\n<p style=\"text-align: justify;\">De 1813 tenemos la primera noticia de un peri\u00f3dico granadino que recoge una breve referencia a que hab\u00eda sido retomada la costumbre de visitar la Alhambra y tocar la campana de la Vela. <em>El Publicista. Diario de Granada<\/em> nos advert\u00eda el 1 de enero que al d\u00eda siguiente se retomar\u00eda celebrar la fiesta de la forma que antes se acostumbraba; que no se extra\u00f1ara la gente cuando oyese ta\u00f1er continuamente la campana. No se avecinaba ninguna desgracia. Es una pena que no hayan quedado m\u00e1s n\u00fameros de d\u00edas siguientes con cr\u00f3nicas descriptivas de en qu\u00e9 consistieron los dem\u00e1s actos. Supongo que por lo menos los can\u00f3nigos de la Capilla Real organizar\u00edan la misa, tremolaci\u00f3n y procesi\u00f3n religiosa dentro de la Catedral.<\/p>\n<div class=\"divdest\" style=\"text-align: justify;\">\n<div class=\"media media-element-container media-default\">\n<div id=\"file-74444\" class=\"file file-image file-image-jpeg\">\n<h2 class=\"element-invisible\"><a href=\"http:\/\/www.elindependientedegranada.es\/file\/notillaenlapagina3deelpublicistajpg\">notilla_en_la_pagina_3_de_el_publicista.jpg<\/a><\/h2>\n<div class=\"content\"><img data-recalc-dims=\"1\" loading=\"lazy\" decoding=\"async\" class=\"media-element file-default\" src=\"https:\/\/i0.wp.com\/www.elindependientedegranada.es\/sites\/default\/files\/notilla_en_la_pagina_3_de_el_publicista.jpg?resize=567%2C154&#038;ssl=1\" alt=\"\" width=\"567\" height=\"154\" data-delta=\"9\" \/><\/div>\n<\/div>\n<\/div>\n<p>Notilla en la p\u00e1gina 3 de <em>El Publicista<\/em>, referida al ta\u00f1ido de la campana de la Vela en 1813.<\/div>\n<p style=\"text-align: justify;\">La enorme inestabilidad pol\u00edtica, las guerras carlistas, las continuas revoluciones de este siglo tuvieron su repercusi\u00f3n en la fiesta de la Toma. Hubo peque\u00f1os periodos en que se celebr\u00f3, alternados con otros en los que s\u00f3lo qued\u00f3 reducida al acto religioso \u00edntimo dentro de la Capilla. A lo sumo con una representaci\u00f3n de autoridades pol\u00edticas.<\/p>\n<p class=\"sumari\" style=\"text-align: justify;\">Las alusiones a los Reyes Cat\u00f3licos como conquistadores y refundadores de Granada fueron curiosamente compartidas durante buena parte del reinado de Isabel II. Desde el balc\u00f3n del Ayuntamiento se gritaba \u201cGranada, por la reina Isabel II\u2026\u201d y el gent\u00edo respond\u00eda \u201c\u00bfQu\u00e9?\u201d. Despu\u00e9s se sub\u00eda en romer\u00eda a la Alhambra<\/p>\n<p style=\"text-align: justify;\">Las alusiones a los Reyes Cat\u00f3licos como conquistadores y refundadores de Granada fueron curiosamente compartidas durante buena parte del reinado de Isabel II. Desde el balc\u00f3n del Ayuntamiento se gritaba \u201c<em>Granada, por la reina Isabel II\u2026\u201d<\/em> y el gent\u00edo respond\u00eda <em>\u201c\u00bfQu\u00e9?\u201d.<\/em> Despu\u00e9s se sub\u00eda en romer\u00eda a la Alhambra. Eso s\u00ed, todo el mundo procuraba acudir a la infinidad de representaciones teatrales que ofrec\u00edan las salas con sus programas de <em>La Toma de Granada o el Triunfo del Ave Mar\u00eda, <\/em>con planteles de actores desplazados desde Madrid; las sesiones empezaban al mediod\u00eda y discurr\u00edan ya durante toda la tarde y se adentraban en la noche. Este tipo de obras teatrales llegaron incluso hasta mediado el siglo XX.<\/p>\n<p style=\"text-align: justify;\">La etapa m\u00e1s fr\u00eda entre el Ayuntamiento y la Capilla Real lleg\u00f3 durante el sexenio revolucionario, concretamente durante el periodo del Cant\u00f3n Granadino y la I Rep\u00fablica. El Ayuntamiento estuvo comandado mayoritariamente por republicanos y gente anticlerical; los pol\u00edticos procuraron mantener la tradici\u00f3n de enviar una representaci\u00f3n a la misa de la Capilla Real. Pero en dos ocasiones los republicanos votaron por mayor\u00eda que no asistiese representaci\u00f3n oficial de la ciudad, el concejal que lo deseara lo har\u00eda a t\u00edtulo personal. Y all\u00ed se present\u00f3 el alcalde y s\u00f3lo un par de concejales. Fue sonada la trifulca entre el alcalde Joaqu\u00edn Alonso Pineda, partidario de asistir, y el concejal republicano Olalla, empe\u00f1ado en que nadie fuese a la Capilla Real. Y la prensa del momento no cesaba de calentar el tema: <em>La Idea<\/em>, de ideolog\u00eda federal, pidiendo el boicot; <em>El Progreso<\/em>, de corte moderado, criticando a quienes no iban a la Toma.<\/p>\n<p style=\"text-align: justify;\">Durante el \u00fanico enero (1874) de la I Rep\u00fablica se modific\u00f3 la llamada a la ciudadan\u00eda desde el balc\u00f3n. Se grit\u00f3: \u201c<em>Granada, Granada, Granada, por Fernando V de Arag\u00f3n e Isabel primera de Castilla, Viva la Soberan\u00eda Nacional, Viva la Rep\u00fablica, Viva Granada<\/em>\u201d. La palabra rey\/reyes fue suprimida del vocabulario pol\u00edtico.<\/p>\n<h4 style=\"text-align: justify;\"><strong>1881: Frustrado proyecto de gran representaci\u00f3n<\/strong><\/h4>\n<p style=\"text-align: justify;\">El 6 de octubre de 1881 se desayunaron los granadinos con un editorial de <em>El Defensor de Granada<\/em> titulado \u201cHagamos dinero\u201d. Su director, Luis Seco de Lucena, ven\u00eda a plantear la idea de recuperar y fomentar la fiesta de la Toma para atraer e impulsar el turismo y el comercio. Era una idea realmente novedosa y adelantada a su tiempo, una especie de exposici\u00f3n regional. Con ella se contribuir\u00eda a mejorar la deprimida econom\u00eda local. Por supuesto, se pedir\u00eda la declaraci\u00f3n de fiesta nacional y se solicitar\u00eda el apoyo a las Cortes.<\/p>\n<div class=\"divdest\" style=\"text-align: justify;\">\n<div class=\"media media-element-container media-default\">\n<div id=\"file-74445\" class=\"file file-image file-image-jpeg\">\n<h2 class=\"element-invisible\"><a href=\"http:\/\/www.elindependientedegranada.es\/file\/idealanzadaporeldefensorjpg\">idea_lanzada_por_el_defensor.jpg<\/a><\/h2>\n<div class=\"content\"><img data-recalc-dims=\"1\" loading=\"lazy\" decoding=\"async\" class=\"media-element file-default\" src=\"https:\/\/i0.wp.com\/www.elindependientedegranada.es\/sites\/default\/files\/idea_lanzada_por_el_defensor.jpg?resize=567%2C272&#038;ssl=1\" alt=\"\" width=\"567\" height=\"272\" data-delta=\"10\" \/><\/div>\n<\/div>\n<\/div>\n<p>Idea lanzada por <em>El Defensor<\/em> el 6 de octubre de 1881 de reconvertir la Toma en una fiesta colosal.<\/div>\n<p style=\"text-align: justify;\">La idea fue secundada inmediatamente por el Ayuntamiento, el resto de peri\u00f3dicos y las principales corporaciones y colectivos ciudadanos (Universidad, Diputaci\u00f3n, Sociedad Econ\u00f3mica, Liceo, Cabildo del Sacromonte, etc.) Aquel mismo d\u00eda ya fueron convocados en el Ayuntamiento para crear una junta preparatoria. Se pretend\u00eda aprovechar el atractivo hist\u00f3rico, monumental y conformar una magna representaci\u00f3n de Granada, durante varios d\u00edas, en la que de modo teatralizado se reprodujeran las condiciones y el paisaje de cuatro siglos atr\u00e1s. Los modelos eran los tradicionales desfiles del \u00c1rbol de Oro de Brujas. Ya hab\u00eda precedentes similares en Madrid y Barcelona.<\/p>\n<div class=\"divdest\">FOTO: Representaci\u00f3n hist\u00f3rica del Desfile del \u00c1rbol de Oro en B\u00e9lgica.<\/div>\n<\/div>\n<\/div>\n<\/div>\n<\/div>\n<\/div>\n<p>http:\/\/www.elindependientedegranada.es\/ciudadania\/quinientos-anos-toma-daca<\/p>\n<p>&nbsp;<\/p>\n<p>&nbsp;<\/p>\n<p>&nbsp;<\/p>\n<p>&nbsp;<\/p>\n<p>&nbsp;<\/p>\n<p>&nbsp;<\/p>\n<p>&nbsp;<\/p>\n<p>&nbsp;<\/p>\n<p>&nbsp;<\/p>\n","protected":false},"excerpt":{"rendered":"<p>La nobleza establecida en Granada a lo largo del XVI, pronto empez\u00f3 a apuntar a&#8230;<\/p>\n","protected":false},"author":1,"featured_media":66221,"comment_status":"closed","ping_status":"closed","sticky":false,"template":"","format":"standard","meta":{"_coblocks_attr":"","_coblocks_dimensions":"","_coblocks_responsive_height":"","_coblocks_accordion_ie_support":"","jetpack_post_was_ever_published":false,"_jetpack_newsletter_access":"","_jetpack_dont_email_post_to_subs":false,"_jetpack_newsletter_tier_id":0,"_jetpack_memberships_contains_paywalled_content":false,"_jetpack_memberships_contains_paid_content":false,"footnotes":"","jetpack_publicize_message":"","jetpack_publicize_feature_enabled":true,"jetpack_social_post_already_shared":true,"jetpack_social_options":{"image_generator_settings":{"template":"highway","default_image_id":0,"enabled":false},"version":2}},"categories":[1161,10781,44],"tags":[],"class_list":["post-66220","post","type-post","status-publish","format-standard","has-post-thumbnail","hentry","category-ciudadania","category-granada","category-noticias-de-hoy"],"jetpack_publicize_connections":[],"jetpack_featured_media_url":"https:\/\/i0.wp.com\/miradordeatarfe.es\/wp-content\/uploads\/2024\/01\/representacion_historica.jpg?fit=700%2C468&ssl=1","jetpack_likes_enabled":true,"jetpack_sharing_enabled":true,"_links":{"self":[{"href":"https:\/\/miradordeatarfe.es\/index.php?rest_route=\/wp\/v2\/posts\/66220","targetHints":{"allow":["GET"]}}],"collection":[{"href":"https:\/\/miradordeatarfe.es\/index.php?rest_route=\/wp\/v2\/posts"}],"about":[{"href":"https:\/\/miradordeatarfe.es\/index.php?rest_route=\/wp\/v2\/types\/post"}],"author":[{"embeddable":true,"href":"https:\/\/miradordeatarfe.es\/index.php?rest_route=\/wp\/v2\/users\/1"}],"replies":[{"embeddable":true,"href":"https:\/\/miradordeatarfe.es\/index.php?rest_route=%2Fwp%2Fv2%2Fcomments&post=66220"}],"version-history":[{"count":2,"href":"https:\/\/miradordeatarfe.es\/index.php?rest_route=\/wp\/v2\/posts\/66220\/revisions"}],"predecessor-version":[{"id":66223,"href":"https:\/\/miradordeatarfe.es\/index.php?rest_route=\/wp\/v2\/posts\/66220\/revisions\/66223"}],"wp:featuredmedia":[{"embeddable":true,"href":"https:\/\/miradordeatarfe.es\/index.php?rest_route=\/wp\/v2\/media\/66221"}],"wp:attachment":[{"href":"https:\/\/miradordeatarfe.es\/index.php?rest_route=%2Fwp%2Fv2%2Fmedia&parent=66220"}],"wp:term":[{"taxonomy":"category","embeddable":true,"href":"https:\/\/miradordeatarfe.es\/index.php?rest_route=%2Fwp%2Fv2%2Fcategories&post=66220"},{"taxonomy":"post_tag","embeddable":true,"href":"https:\/\/miradordeatarfe.es\/index.php?rest_route=%2Fwp%2Fv2%2Ftags&post=66220"}],"curies":[{"name":"wp","href":"https:\/\/api.w.org\/{rel}","templated":true}]}}