{"id":66235,"date":"2024-01-05T10:21:52","date_gmt":"2024-01-05T09:21:52","guid":{"rendered":"https:\/\/miradordeatarfe.es\/?p=66235"},"modified":"2024-01-05T10:21:31","modified_gmt":"2024-01-05T09:21:31","slug":"1912-la-primera-cabalgata-de-reyes-de-granada","status":"publish","type":"post","link":"https:\/\/miradordeatarfe.es\/?p=66235","title":{"rendered":"\u00ab1912. La primera Cabalgata de Reyes de Granada\u00bb"},"content":{"rendered":"<h3 class=\"entry-title\" style=\"text-align: justify;\">El libro de Celia Correa imprescindible para conocer el origen de esta tradici\u00f3n impulsada por el Centro Art\u00edstico<\/h3>\n<p style=\"text-align: justify;\">a muy activa y ya oficialmente designada presidenta de honor del Centro Art\u00edstico, <strong>Celia Correa G\u00f3ngora<\/strong>, adem\u00e1s de comisariar la exposici\u00f3n \u2018A sus Majestades los Reyes Magos, 1912\u2019, que se muestra en el Cuarto Real de Santo Domingo, presentaba en la tarde del martes, 19 de diciembre, su libro \u2018<em><strong>1912. La primera Cabalgata de Reyes de Granada<\/strong><\/em>\u2018, en un acto en la que dio muestra de la <strong>profunda investigaci\u00f3n realizada en torno a esta celebraci\u00f3n y anunci\u00f3 que el pr\u00f3ximo a\u00f1o, \u00absi las fuerzas le siguen acompa\u00f1ando\u00bb, publicar\u00e1 otro libro con el resto de cabalgatas hasta la actualidad.<\/strong><span id=\"more-75739\"><\/span><\/p>\n<p style=\"text-align: justify;\">Sin querer entrar en pol\u00e9micas en torno a cu\u00e1l es la m\u00e1s antiguas de las cabalgatas que se celebran en Espa\u00f1a, Celia se mostr\u00f3 rotunda al afirmar que \u00abla primera Cabalgata de Reyes de Granada fue algo completamente nuevo y espectacular, raz\u00f3n por la que muy pronto muchas ciudades y pueblos copiaron la iniciativa del Centro Art\u00edstico\u00bb. Tambi\u00e9n reconoc\u00eda que en esta primera publicaci\u00f3n centrada en la primera cabalgata de 1912 se ha dejado llevar por la emoci\u00f3n y cierta melancol\u00eda. \u00abEstas p\u00e1ginas tienen la virtud de configurar una colecci\u00f3n de estampas granadinas, dibujadas m\u00e1s con el coraz\u00f3n que con la cabeza\u00bb.<\/p>\n<figure id=\"attachment_75740\" class=\"wp-caption aligncenter\" style=\"text-align: justify;\" aria-describedby=\"caption-attachment-75740\"><img data-recalc-dims=\"1\" loading=\"lazy\" decoding=\"async\" class=\"size-full wp-image-75740\" src=\"https:\/\/i0.wp.com\/static-ms.ideal.es\/wp-content\/uploads\/sites\/17\/2024\/01\/AAM_presentacion-libro-cabalgata-1912-%40IEC.jpg?resize=624%2C416&#038;ssl=1\" sizes=\"auto, (max-width: 624px) 100vw, 624px\" srcset=\"\/\/static-ms.ideal.es\/wp-content\/uploads\/sites\/17\/2024\/01\/AAM_presentacion-libro-cabalgata-1912-@IEC.jpg 624w, \/\/static-ms.ideal.es\/wp-content\/uploads\/sites\/17\/2024\/01\/AAM_presentacion-libro-cabalgata-1912-@IEC-300x200.jpg 300w\" alt=\"\" width=\"624\" height=\"416\" \/><figcaption id=\"caption-attachment-75740\" class=\"wp-caption-text\"><em><strong>Celia Correa G\u00f3ngora, entre Joaqu\u00edn Abras y Pilar Caracuel<\/strong> <\/em>:: A. ARENAS<\/figcaption><\/figure>\n<p style=\"text-align: justify;\">La g\u00e9nesis del libro de este libro arranca de su primer contacto con el Centro Art\u00edstico, concretamente de una conferencia que dio en 2010, sobre la historia de esta instituci\u00f3n de la que se incluye un anexo, al final de la publicaci\u00f3n. En su elaboraci\u00f3n se dio cuenta de las muchas parcelas que ten\u00edan por descubrir, entre ellas la de la Cabalgata de Reyes. En 2012 se cumpli\u00f3 el primer centenario que por desgracia pas\u00f3 desapercibido esta conmemoraci\u00f3n y que durante 69 a\u00f1os el Centro Art\u00edstico hab\u00eda sido su organizador y patrocinador, lo que le doli\u00f3 mucho por lo que decidi\u00f3 publicar un art\u00edculo en este diario sobre esa primera cabalgata y la comisi\u00f3n organizadora en la que fue fundamental la figura de Enrique Cachazo que fue el que sugiri\u00f3 su celebraci\u00f3n.<\/p>\n<p style=\"text-align: justify;\">Art\u00edculo que tuvo gran repercusi\u00f3n, en especial porque lleg\u00f3 a manos de Mar\u00eda Josefa Cachazo, nieta de Enrique, para comentarle que ten\u00eda bastante documentaci\u00f3n de ese tema perteneciente a su abuelo que demuestra que fue \u00e9l \u00abquien la ide\u00f3 y la sac\u00f3 adelante\u00bb. Documentos de gran valor que cedi\u00f3 a Celia a los que ha dedicado muchas horas, a las que hay que sumar otras muchas en el Archivo Municipal, donde se encuentra el fondo del Centro Art\u00edstico, transferida al Ayuntamiento en la d\u00e9cada de los 80, a consecuencia de la crisis que estaba viviendo, igualmente en el Archivo de la Casa de los Tiros, Biblioteca Nacional, Hemeroteca de Prensa Hist\u00f3rica, etc, gracias a lo cual ha podido conseguir mucha informaci\u00f3n.<\/p>\n<p>&nbsp;<\/p>\n<figure id=\"attachment_75742\" class=\"wp-caption aligncenter\" style=\"text-align: justify;\" aria-describedby=\"caption-attachment-75742\"><img data-recalc-dims=\"1\" loading=\"lazy\" decoding=\"async\" class=\"size-full wp-image-75742\" src=\"https:\/\/i0.wp.com\/static-ms.ideal.es\/wp-content\/uploads\/sites\/17\/2024\/01\/AAM_presentacion-libro-cabalgata-1912_3-IEC.jpg?resize=624%2C378&#038;ssl=1\" sizes=\"auto, (max-width: 624px) 100vw, 624px\" srcset=\"\/\/static-ms.ideal.es\/wp-content\/uploads\/sites\/17\/2024\/01\/AAM_presentacion-libro-cabalgata-1912_3-IEC.jpg 624w, \/\/static-ms.ideal.es\/wp-content\/uploads\/sites\/17\/2024\/01\/AAM_presentacion-libro-cabalgata-1912_3-IEC-300x182.jpg 300w\" alt=\"\" width=\"624\" height=\"378\" \/><figcaption id=\"caption-attachment-75742\" class=\"wp-caption-text\"><em><strong>La Compa\u00f1\u00eda Corral del Carb\u00f3n tras representar el \u2018Auto de los Reyes Magos\u2019<\/strong><\/em> ::A. A.<\/figcaption><\/figure>\n<p style=\"text-align: justify;\">Tras once a\u00f1os de investigaciones las principales conclusiones a las que ha llegado Celia est\u00e1n incluidas en este libro centrada en la cabalgata de 1912 porque entiende que tiene \u00abla entidad suficiente como para ser tratada en un libro aparte\u00bb. Sobre la diatriba sobre si es la m\u00e1s antigua aclara es cierto que desde mediados del siglo XIX se fue extendiendo la costumbre de que alguien se disfrazara de Reyes Magos y le llevara regalos a los ni\u00f1os, por ejemplo esa costumbre estaba muy extendida en El Fargue, pero sin llegar a organizarse en forma de cabalgata ni espor\u00e1dicamente.<\/p>\n<p style=\"text-align: justify;\">Los motivos que llevaron a Enrique Cachazo a organizar la primera del Centro Art\u00edstico para llevar regalos a los ni\u00f1os pobres, en una comitiva real, se debi\u00f3 a la p\u00e9rdida den 1910 de su hijo que no falleci\u00f3 de sarampi\u00f3n antes de cumplir los siete a\u00f1os. Eso hizo que sensibilizara con los ni\u00f1os m\u00e1s desfavorecidos y que decidiera que ya no pod\u00eda regalar juguetes a su hijo hacerlo a los muchos necesitados que por aquellos a\u00f1os hab\u00eda en Granada. \u00abDe un dolor tremendo por la p\u00e9rdida de un hijo, nace el prodigio de la generosidad en la persona que sugiere la organizaci\u00f3n de la primera cabalgata de Reyes de Granada\u00bb, explica Celia antes de a\u00f1adir que Enriquito tiene su tumba en el cementerio que aparece fotografiada en el libro. Destacando, adem\u00e1s que esta cabalgata, no ha faltado nunca a su cita, ni durante la Guerra Civil, ni en pandemia, hecho que no ha ocurrido con otras cabalgatas.<\/p>\n<p style=\"text-align: justify;\">En la muy concurrida presentaci\u00f3n de la edici\u00f3n venal del libro realizada por la Diputaci\u00f3n de Granada intervinieron la diputada de Cultura y Educaci\u00f3n, Pilar Caracuel y el autor del pr\u00f3logo y actual presidente del Centro Art\u00edstico, Joaqu\u00edn Abras que estuvo amenizada por la representaci\u00f3n del Auto de los Reyes Magos, a cargo de la Compa\u00f1\u00eda Corral del Carb\u00f3n, bajo la direcci\u00f3n de Francisco de Paula Mu\u00f1oz.<\/p>\n<p><strong>Ver v\u00eddeo del acto:<\/strong><\/p>\n<p><iframe loading=\"lazy\" title=\"CELIA PRESENTA SU LIBRO SOBRE LA PRIMERA CABALGATA DE REYES MAGOS CELEBRADA EN GRANADA EN 1912\" src=\"https:\/\/www.youtube.com\/embed\/RRJzvPAtris?feature=oembed\" width=\"800\" height=\"600\" frameborder=\"0\" allowfullscreen=\"allowfullscreen\" data-mce-fragment=\"1\"><\/iframe><\/p>\n<p>&nbsp;<\/p>\n","protected":false},"excerpt":{"rendered":"<p>El libro de Celia Correa imprescindible para conocer el origen de esta tradici\u00f3n impulsada por&#8230;<\/p>\n","protected":false},"author":1,"featured_media":66237,"comment_status":"closed","ping_status":"closed","sticky":false,"template":"","format":"standard","meta":{"_coblocks_attr":"","_coblocks_dimensions":"","_coblocks_responsive_height":"","_coblocks_accordion_ie_support":"","jetpack_post_was_ever_published":false,"_jetpack_newsletter_access":"","_jetpack_dont_email_post_to_subs":false,"_jetpack_newsletter_tier_id":0,"_jetpack_memberships_contains_paywalled_content":false,"_jetpack_memberships_contains_paid_content":false,"footnotes":"","jetpack_publicize_message":"","jetpack_publicize_feature_enabled":true,"jetpack_social_post_already_shared":false,"jetpack_social_options":{"image_generator_settings":{"template":"highway","default_image_id":0,"enabled":false},"version":2}},"categories":[10781,44,6937],"tags":[],"class_list":["post-66235","post","type-post","status-publish","format-standard","has-post-thumbnail","hentry","category-granada","category-noticias-de-hoy","category-sociedad"],"jetpack_publicize_connections":[],"jetpack_featured_media_url":"https:\/\/i0.wp.com\/miradordeatarfe.es\/wp-content\/uploads\/2024\/01\/AAM_presentacion-libro-cabalgata-1912_2-IEC.webp?fit=624%2C387&ssl=1","jetpack_likes_enabled":true,"jetpack_sharing_enabled":true,"_links":{"self":[{"href":"https:\/\/miradordeatarfe.es\/index.php?rest_route=\/wp\/v2\/posts\/66235","targetHints":{"allow":["GET"]}}],"collection":[{"href":"https:\/\/miradordeatarfe.es\/index.php?rest_route=\/wp\/v2\/posts"}],"about":[{"href":"https:\/\/miradordeatarfe.es\/index.php?rest_route=\/wp\/v2\/types\/post"}],"author":[{"embeddable":true,"href":"https:\/\/miradordeatarfe.es\/index.php?rest_route=\/wp\/v2\/users\/1"}],"replies":[{"embeddable":true,"href":"https:\/\/miradordeatarfe.es\/index.php?rest_route=%2Fwp%2Fv2%2Fcomments&post=66235"}],"version-history":[{"count":1,"href":"https:\/\/miradordeatarfe.es\/index.php?rest_route=\/wp\/v2\/posts\/66235\/revisions"}],"predecessor-version":[{"id":66236,"href":"https:\/\/miradordeatarfe.es\/index.php?rest_route=\/wp\/v2\/posts\/66235\/revisions\/66236"}],"wp:featuredmedia":[{"embeddable":true,"href":"https:\/\/miradordeatarfe.es\/index.php?rest_route=\/wp\/v2\/media\/66237"}],"wp:attachment":[{"href":"https:\/\/miradordeatarfe.es\/index.php?rest_route=%2Fwp%2Fv2%2Fmedia&parent=66235"}],"wp:term":[{"taxonomy":"category","embeddable":true,"href":"https:\/\/miradordeatarfe.es\/index.php?rest_route=%2Fwp%2Fv2%2Fcategories&post=66235"},{"taxonomy":"post_tag","embeddable":true,"href":"https:\/\/miradordeatarfe.es\/index.php?rest_route=%2Fwp%2Fv2%2Ftags&post=66235"}],"curies":[{"name":"wp","href":"https:\/\/api.w.org\/{rel}","templated":true}]}}