{"id":66238,"date":"2024-01-06T12:28:02","date_gmt":"2024-01-06T11:28:02","guid":{"rendered":"https:\/\/miradordeatarfe.es\/?p=66238"},"modified":"2024-01-06T14:32:01","modified_gmt":"2024-01-06T13:32:01","slug":"cabalgata-de-reyes-magos","status":"publish","type":"post","link":"https:\/\/miradordeatarfe.es\/?p=66238","title":{"rendered":"ATARFE: \u00a1\u00a1\u00a1\u00a1 Las cabalgatas de los Reyes Magos vuelven a recorrer las calles repartiendo ilusi\u00f3n!!!"},"content":{"rendered":"<div class=\"xdj266r x11i5rnm xat24cr x1mh8g0r x1vvkbs x126k92a\">\n<h3 dir=\"auto\" style=\"text-align: justify;\">La Cabalgata de Reyes ha llegado a Atarfe, ha recorrido sus calles y ha regalado momentos \u00fanicos para quienes, desafiando las inclemencias meteorol\u00f3gicas, han aguardado para verla pasar.<\/h3>\n<p style=\"text-align: justify;\">La magia y la ilusi\u00f3n han regresado un a\u00f1o m\u00e1s a las calles de todo el pa\u00eds de la mano de las tradicionales cabalgatas, donde los<strong>\u00a0Reyes Magos<\/strong>\u00a0<strong>han repartido no solo dulces, juguetes y regalos<\/strong> entre peque\u00f1os y mayores, sino tambi\u00e9n mensajes en los que invitan a \u00abmejorar el mundo\u00bb, a sonre\u00edr y a pasar m\u00e1s tiempo con nuestros seres queridos. Y Atarfe no pod\u00eda ser menos.<\/p>\n<p style=\"text-align: justify;\">Carrozas, pajes reales y mucha m\u00fasica han animado este viernes las calle de nuestro municipios en la v\u00edspera de la tan esperada noche de Reyes. Pese al fr\u00edo, que no ha logrado disipar la ilusi\u00f3n de los ni\u00f1os, a\u00a0 lo largo de las calles del recorrido del desfile, los ni\u00f1os y ni\u00f1as atarfe\u00f1os han esperado envueltos en sus abrigos y bufandas a que pasaran las carrozas sujetando sus bolsas de pl\u00e1stico para recoger los caramelos que se han repartido a lo largo de la noche y los balones y chucherias diversas que se han repartido en el trayecto.<\/p>\n<div dir=\"auto\" style=\"text-align: justify;\">Tal como publica<strong> Fuencisla Moreno<\/strong> en su facebook :<\/div>\n<div dir=\"auto\" style=\"text-align: justify;\">\u00bb <em>la espera y el fr\u00edo han merecido la pena porque la Cabalgata de Reyes de Atarfe ha sido espectacular, emocionante, maravillosa&#8230;<\/em><\/div>\n<div dir=\"auto\" style=\"text-align: justify;\"><em><strong>Quince carrozas<\/strong> acompa\u00f1adas por la banda de m\u00fasica han formado la comitiva real.<\/em><\/div>\n<div dir=\"auto\" style=\"text-align: justify;\"><em>Y mucho p\u00fablico abarrotando las calles&#8230;<\/em><\/div>\n<div dir=\"auto\" style=\"text-align: justify;\"><em>Y mucha ilusi\u00f3n&#8230;<\/em><\/div>\n<div dir=\"auto\" style=\"text-align: justify;\"><em>Y mucha magia.<\/em><\/div>\n<div dir=\"auto\" style=\"text-align: justify;\"><em>Gracias a todas las personas que han hecho posible que Atarfe se llene de alegr\u00eda y de sue\u00f1os. Enhorabuena a todos los participantes, a Balbino, Francis y Marcelo por su magn\u00edfico trabajo art\u00edstico y como no, a las concejal\u00edas de Cultura, Fiestas y Participaci\u00f3n Ciudadana del Ayuntamiento de Atarfe porque todo el trabajo realizado ha merecido la pena.<\/em><\/div>\n<div dir=\"auto\" style=\"text-align: justify;\"><em>Gracias <a class=\"x1i10hfl xjbqb8w x6umtig x1b1mbwd xaqea5y xav7gou x9f619 x1ypdohk xt0psk2 xe8uvvx xdj266r x11i5rnm xat24cr x1mh8g0r xexx8yu x4uap5 x18d9i69 xkhd6sd x16tdsg8 x1hl2dhg xggy1nq x1a2a7pz xt0b8zv x1qq9wsj xo1l8bm\" tabindex=\"0\" role=\"link\" href=\"https:\/\/www.facebook.com\/jennifer.garciamoreno.58?__cft__[0]=AZW0E5Ig6ssek_RhwLpfZQj9KLsN2EcpSUFkoYK2N-AQLEh4GVqF4KpDfRbABuQIMvst3wMVZ_HEXFrBDgHolGlHCQW9PQEW0bCoEW-FX9jveVd07ZqB5OkpHVn15ZXVDZ4DmdslmiTQxVswlXiGbKdavYFTyigxpY-uLSr5I6wdeBjvIgh1HeFDJVzIFIzGCgI&amp;__tn__=-]K-y-R\"><span class=\"xt0psk2\">Jennifer Garcia Moreno<\/span><\/a>, concejala de Cultura.<\/em><\/div>\n<div dir=\"auto\" style=\"text-align: justify;\"><em>Gracias <a class=\"x1i10hfl xjbqb8w x6umtig x1b1mbwd xaqea5y xav7gou x9f619 x1ypdohk xt0psk2 xe8uvvx xdj266r x11i5rnm xat24cr x1mh8g0r xexx8yu x4uap5 x18d9i69 xkhd6sd x16tdsg8 x1hl2dhg xggy1nq x1a2a7pz xt0b8zv x1qq9wsj xo1l8bm\" tabindex=\"0\" role=\"link\" href=\"https:\/\/www.facebook.com\/andrea.quirantes.1?__cft__[0]=AZW0E5Ig6ssek_RhwLpfZQj9KLsN2EcpSUFkoYK2N-AQLEh4GVqF4KpDfRbABuQIMvst3wMVZ_HEXFrBDgHolGlHCQW9PQEW0bCoEW-FX9jveVd07ZqB5OkpHVn15ZXVDZ4DmdslmiTQxVswlXiGbKdavYFTyigxpY-uLSr5I6wdeBjvIgh1HeFDJVzIFIzGCgI&amp;__tn__=-]K-y-R\"><span class=\"xt0psk2\">Andrea Quirantes<\/span><\/a>, concejala de Fiestas.<\/em><\/div>\n<div dir=\"auto\" style=\"text-align: justify;\"><em>Gracias <a class=\"x1i10hfl xjbqb8w x6umtig x1b1mbwd xaqea5y xav7gou x9f619 x1ypdohk xt0psk2 xe8uvvx xdj266r x11i5rnm xat24cr x1mh8g0r xexx8yu x4uap5 x18d9i69 xkhd6sd x16tdsg8 x1hl2dhg xggy1nq x1a2a7pz xt0b8zv x1qq9wsj xo1l8bm\" tabindex=\"0\" role=\"link\" href=\"https:\/\/www.facebook.com\/javier.arenas.92351?__cft__[0]=AZW0E5Ig6ssek_RhwLpfZQj9KLsN2EcpSUFkoYK2N-AQLEh4GVqF4KpDfRbABuQIMvst3wMVZ_HEXFrBDgHolGlHCQW9PQEW0bCoEW-FX9jveVd07ZqB5OkpHVn15ZXVDZ4DmdslmiTQxVswlXiGbKdavYFTyigxpY-uLSr5I6wdeBjvIgh1HeFDJVzIFIzGCgI&amp;__tn__=-]K-y-R\"><span class=\"xt0psk2\">Javier Arenas<\/span><\/a>, concejal de Participaci\u00f3n Ciudadana.<\/em>\u00ab<\/div>\n<\/div>\n<div dir=\"auto\" style=\"text-align: justify;\">\n<div dir=\"auto\">\u00a0<\/div>\n<div dir=\"auto\">Aqu\u00ed puedes ver algunas de las fotos dela CABALGATA DE REYES MAGOS 2024<\/div>\n<h3 dir=\"auto\"><a href=\"https:\/\/photos.app.goo.gl\/NmSpaiii8va6YffP9\">https:\/\/photos.app.goo.gl\/NmSpaiii8va6YffP9<\/a><\/h3>\n<div dir=\"auto\">\n<div dir=\"auto\">\u00a0<\/div>\n<\/div>\n<\/div>\n<div class=\"xdj266r x11i5rnm xat24cr x1mh8g0r x1vvkbs x126k92a\" style=\"text-align: justify;\">\n<h3 dir=\"auto\">EL AYUNTAMIENTO DE ATARFE\u00a0 PUBLIC\u00d3 EL RECORRIDO Y HORARIO DE LA CABALGATA DE LOS REYES MAGOS.<\/h3>\n<div dir=\"auto\">\u00a1Todo preparado para la noche m\u00e1s m\u00e1gica del a\u00f1o! <span class=\"x3nfvp2 x1j61x8r x1fcty0u xdj266r xhhsvwb xat24cr xgzva0m xxymvpz xlup9mm x1kky2od\"><img loading=\"lazy\" decoding=\"async\" class=\"xz74otr\" src=\"https:\/\/static.xx.fbcdn.net\/images\/emoji.php\/v9\/t33\/1\/16\/1f319.png\" alt=\"\" width=\"16\" height=\"16\" \/><\/span><span class=\"x3nfvp2 x1j61x8r x1fcty0u xdj266r xhhsvwb xat24cr xgzva0m xxymvpz xlup9mm x1kky2od\"><img loading=\"lazy\" decoding=\"async\" class=\"xz74otr\" src=\"https:\/\/static.xx.fbcdn.net\/images\/emoji.php\/v9\/tf4\/1\/16\/2728.png\" alt=\"\u2728\" width=\"16\" height=\"16\" \/><\/span> Os compartimos el recorrido de la Cabalgata de Reyes:<\/div>\n<\/div>\n<div class=\"x11i5rnm xat24cr x1mh8g0r x1vvkbs xtlvy1s x126k92a\" style=\"text-align: justify;\">\n<div dir=\"auto\">\u00a0<\/div>\n<div dir=\"auto\">\u00a0<strong>Fecha: Viernes, 5 de enero de 2023<\/strong><\/div>\n<div dir=\"auto\"><strong> Hora de salida: 18:00<\/strong><\/div>\n<div dir=\"auto\"><strong>\u00a0Lugar de salida: Plaza de Toros<\/strong><\/div>\n<div dir=\"auto\"><strong>\u00a0Lugar de llegada: Ayuntamiento<\/strong><\/div>\n<\/div>\n<div class=\"x11i5rnm xat24cr x1mh8g0r x1vvkbs xtlvy1s x126k92a\" style=\"text-align: justify;\">\n<div dir=\"auto\">\u00a0<\/div>\n<div dir=\"auto\">\u00a0<strong><em>Confiamos en que la lluvia respete estos momentos inolvidables.<\/em><\/strong> La previsi\u00f3n meteorol\u00f3gica es favorable en ese intervalo de tiempo. Os mantendremos informados puntualmente de cualquier cambio.\u00a0<\/div>\n<\/div>\n<div dir=\"auto\" style=\"text-align: justify;\">\u00a0<\/div>\n<div dir=\"auto\" style=\"text-align: justify;\">EL RECORRIDO DE LA CABALGATA ES EL SIGUIENTE:<\/div>\n<div dir=\"auto\" style=\"text-align: justify;\">\u00a0<\/div>\n<div dir=\"auto\"><a href=\"https:\/\/i0.wp.com\/miradordeatarfe.es\/wp-content\/uploads\/2024\/01\/416916827_744593344384850_4227537636890236707_n.jpg?ssl=1\"><img data-recalc-dims=\"1\" loading=\"lazy\" decoding=\"async\" class=\"alignnone wp-image-66240 size-full\" src=\"https:\/\/i0.wp.com\/miradordeatarfe.es\/wp-content\/uploads\/2024\/01\/416916827_744593344384850_4227537636890236707_n.jpg?resize=640%2C362&#038;ssl=1\" alt=\"\" width=\"640\" height=\"362\" srcset=\"https:\/\/i0.wp.com\/miradordeatarfe.es\/wp-content\/uploads\/2024\/01\/416916827_744593344384850_4227537636890236707_n.jpg?w=1363&amp;ssl=1 1363w, https:\/\/i0.wp.com\/miradordeatarfe.es\/wp-content\/uploads\/2024\/01\/416916827_744593344384850_4227537636890236707_n.jpg?resize=300%2C170&amp;ssl=1 300w, https:\/\/i0.wp.com\/miradordeatarfe.es\/wp-content\/uploads\/2024\/01\/416916827_744593344384850_4227537636890236707_n.jpg?resize=1024%2C580&amp;ssl=1 1024w, https:\/\/i0.wp.com\/miradordeatarfe.es\/wp-content\/uploads\/2024\/01\/416916827_744593344384850_4227537636890236707_n.jpg?resize=768%2C435&amp;ssl=1 768w, https:\/\/i0.wp.com\/miradordeatarfe.es\/wp-content\/uploads\/2024\/01\/416916827_744593344384850_4227537636890236707_n.jpg?resize=1320%2C748&amp;ssl=1 1320w\" sizes=\"auto, (max-width: 640px) 100vw, 640px\" \/><\/a><\/div>\n<div dir=\"auto\">\u00a0<\/div>\n<div dir=\"auto\">\n<div dir=\"auto\">\u00a0<\/div>\n<\/div>\n","protected":false},"excerpt":{"rendered":"<p>La Cabalgata de Reyes ha llegado a Atarfe, ha recorrido sus calles y ha regalado&#8230;<\/p>\n","protected":false},"author":1,"featured_media":66241,"comment_status":"closed","ping_status":"closed","sticky":false,"template":"","format":"standard","meta":{"_coblocks_attr":"","_coblocks_dimensions":"","_coblocks_responsive_height":"","_coblocks_accordion_ie_support":"","jetpack_post_was_ever_published":false,"_jetpack_newsletter_access":"","_jetpack_dont_email_post_to_subs":false,"_jetpack_newsletter_tier_id":0,"_jetpack_memberships_contains_paywalled_content":false,"_jetpack_memberships_contains_paid_content":false,"footnotes":"","jetpack_publicize_message":"","jetpack_publicize_feature_enabled":true,"jetpack_social_post_already_shared":true,"jetpack_social_options":{"image_generator_settings":{"template":"highway","default_image_id":0,"enabled":false},"version":2}},"categories":[6916,186,44],"tags":[],"class_list":["post-66238","post","type-post","status-publish","format-standard","has-post-thumbnail","hentry","category-ayuntamiento-de-atarfe","category-instituciones","category-noticias-de-hoy"],"jetpack_publicize_connections":[],"jetpack_featured_media_url":"https:\/\/i0.wp.com\/miradordeatarfe.es\/wp-content\/uploads\/2024\/01\/416139363_744593321051519_6657117664964296609_nB.jpg?fit=1414%2C866&ssl=1","jetpack_likes_enabled":true,"jetpack_sharing_enabled":true,"_links":{"self":[{"href":"https:\/\/miradordeatarfe.es\/index.php?rest_route=\/wp\/v2\/posts\/66238","targetHints":{"allow":["GET"]}}],"collection":[{"href":"https:\/\/miradordeatarfe.es\/index.php?rest_route=\/wp\/v2\/posts"}],"about":[{"href":"https:\/\/miradordeatarfe.es\/index.php?rest_route=\/wp\/v2\/types\/post"}],"author":[{"embeddable":true,"href":"https:\/\/miradordeatarfe.es\/index.php?rest_route=\/wp\/v2\/users\/1"}],"replies":[{"embeddable":true,"href":"https:\/\/miradordeatarfe.es\/index.php?rest_route=%2Fwp%2Fv2%2Fcomments&post=66238"}],"version-history":[{"count":7,"href":"https:\/\/miradordeatarfe.es\/index.php?rest_route=\/wp\/v2\/posts\/66238\/revisions"}],"predecessor-version":[{"id":66282,"href":"https:\/\/miradordeatarfe.es\/index.php?rest_route=\/wp\/v2\/posts\/66238\/revisions\/66282"}],"wp:featuredmedia":[{"embeddable":true,"href":"https:\/\/miradordeatarfe.es\/index.php?rest_route=\/wp\/v2\/media\/66241"}],"wp:attachment":[{"href":"https:\/\/miradordeatarfe.es\/index.php?rest_route=%2Fwp%2Fv2%2Fmedia&parent=66238"}],"wp:term":[{"taxonomy":"category","embeddable":true,"href":"https:\/\/miradordeatarfe.es\/index.php?rest_route=%2Fwp%2Fv2%2Fcategories&post=66238"},{"taxonomy":"post_tag","embeddable":true,"href":"https:\/\/miradordeatarfe.es\/index.php?rest_route=%2Fwp%2Fv2%2Ftags&post=66238"}],"curies":[{"name":"wp","href":"https:\/\/api.w.org\/{rel}","templated":true}]}}