{"id":66244,"date":"2024-01-06T11:00:15","date_gmt":"2024-01-06T10:00:15","guid":{"rendered":"https:\/\/miradordeatarfe.es\/?p=66244"},"modified":"2024-01-12T16:21:05","modified_gmt":"2024-01-12T15:21:05","slug":"querida-lectora-por-juan-de-dios-villanueva-roa","status":"publish","type":"post","link":"https:\/\/miradordeatarfe.es\/?p=66244","title":{"rendered":"\u00abQuerida lectora\u00bb por  Juan de Dios Villanueva Roa"},"content":{"rendered":"<h3 style=\"text-align: justify;\">Tocaron los clarines y hubimos de abocarnos todos a los avernos consumistas.<\/h3>\n<p style=\"text-align: justify;\">Hubo que comer pavo, queso, jam\u00f3n, empanadas, canap\u00e9s, rollos de carne, pescados, mariscos variados y hasta consom\u00e9 de la abuela. Los restaurantes estaban con el Completo colgado y los bares con cita previa. Las superficies comerciales, algunas incluso de mayor tama\u00f1o que la catedral de San Pedro, bull\u00edan como jam\u00e1s lo so\u00f1aron sus propietarios y las calles de sus aparcamientos subterr\u00e1neos se asemejaban a los de la Puerta del Sol, repleta de turistas, porque entre las obligaciones pos pand\u00e9micas entr\u00f3 la de viajar por el mundo como si no existiese un ma\u00f1ana.<\/p>\n<p style=\"text-align: justify;\">Y ahora aguardamos expectantes a las cabalgatas de los Magos, esos que de haber sido inmigrantes habr\u00edan llegado en pateras, sin camellos ni pajes, llenos de hambres y sedientos de vida, anhelantes por resolver con sus manos e inteligencias los problemas de este primer mundo, en el cual pronto ocupar\u00e1n los escalafones m\u00e1s altos, porque nosotros ya no damos abasto.<\/p>\n<p style=\"text-align: justify;\">Y ah\u00ed estamos, querida lectora, inaugurando un a\u00f1o que encima es bisiesto, para mayor gozo de Feij\u00f3o, quien tendr\u00e1 un d\u00eda m\u00e1s para hacer esa oposici\u00f3n tan chula que \u00e9l hace soplando las trompetas del apocalipsis, porque S\u00e1nchez dispondr\u00e1 de veinticuatro horas m\u00e1s para, seg\u00fan Feij\u00f3o, hacernos la pu\u00f1eta, y seg\u00fan los dem\u00e1s para, junto a Yolanda, buscar m\u00e1s igualdad desde abajo hacia arriba.<\/p>\n<p style=\"text-align: justify;\">Nunca se celebran las fiestas al gusto de todos, y estas navide\u00f1as incluso generan tristeza en algunos corazones, sobre todo cuando se recuerda a quienes debieron seguir y no est\u00e1n, o quienes siguen solos porque nadie los recuerda. Feliz a\u00f1o, querida lectora.<\/p>\n","protected":false},"excerpt":{"rendered":"<p>Tocaron los clarines y hubimos de abocarnos todos a los avernos consumistas. Hubo que comer&#8230;<\/p>\n","protected":false},"author":1,"featured_media":66245,"comment_status":"closed","ping_status":"closed","sticky":false,"template":"","format":"standard","meta":{"_coblocks_attr":"","_coblocks_dimensions":"","_coblocks_responsive_height":"","_coblocks_accordion_ie_support":"","jetpack_post_was_ever_published":false,"_jetpack_newsletter_access":"","_jetpack_dont_email_post_to_subs":false,"_jetpack_newsletter_tier_id":0,"_jetpack_memberships_contains_paywalled_content":false,"_jetpack_memberships_contains_paid_content":false,"footnotes":"","jetpack_publicize_message":"","jetpack_publicize_feature_enabled":true,"jetpack_social_post_already_shared":true,"jetpack_social_options":{"image_generator_settings":{"template":"highway","default_image_id":0,"enabled":false},"version":2}},"categories":[1161,9772,44,6937],"tags":[],"class_list":["post-66244","post","type-post","status-publish","format-standard","has-post-thumbnail","hentry","category-ciudadania","category-opinion-de-juan-de-dios-villanueva","category-noticias-de-hoy","category-sociedad"],"jetpack_publicize_connections":[],"jetpack_featured_media_url":"https:\/\/i0.wp.com\/miradordeatarfe.es\/wp-content\/uploads\/2024\/01\/consumo-navidad-2023-google.jpg?fit=1920%2C1080&ssl=1","jetpack_likes_enabled":true,"jetpack_sharing_enabled":true,"_links":{"self":[{"href":"https:\/\/miradordeatarfe.es\/index.php?rest_route=\/wp\/v2\/posts\/66244","targetHints":{"allow":["GET"]}}],"collection":[{"href":"https:\/\/miradordeatarfe.es\/index.php?rest_route=\/wp\/v2\/posts"}],"about":[{"href":"https:\/\/miradordeatarfe.es\/index.php?rest_route=\/wp\/v2\/types\/post"}],"author":[{"embeddable":true,"href":"https:\/\/miradordeatarfe.es\/index.php?rest_route=\/wp\/v2\/users\/1"}],"replies":[{"embeddable":true,"href":"https:\/\/miradordeatarfe.es\/index.php?rest_route=%2Fwp%2Fv2%2Fcomments&post=66244"}],"version-history":[{"count":1,"href":"https:\/\/miradordeatarfe.es\/index.php?rest_route=\/wp\/v2\/posts\/66244\/revisions"}],"predecessor-version":[{"id":66246,"href":"https:\/\/miradordeatarfe.es\/index.php?rest_route=\/wp\/v2\/posts\/66244\/revisions\/66246"}],"wp:featuredmedia":[{"embeddable":true,"href":"https:\/\/miradordeatarfe.es\/index.php?rest_route=\/wp\/v2\/media\/66245"}],"wp:attachment":[{"href":"https:\/\/miradordeatarfe.es\/index.php?rest_route=%2Fwp%2Fv2%2Fmedia&parent=66244"}],"wp:term":[{"taxonomy":"category","embeddable":true,"href":"https:\/\/miradordeatarfe.es\/index.php?rest_route=%2Fwp%2Fv2%2Fcategories&post=66244"},{"taxonomy":"post_tag","embeddable":true,"href":"https:\/\/miradordeatarfe.es\/index.php?rest_route=%2Fwp%2Fv2%2Ftags&post=66244"}],"curies":[{"name":"wp","href":"https:\/\/api.w.org\/{rel}","templated":true}]}}