{"id":66254,"date":"2024-01-07T11:15:08","date_gmt":"2024-01-07T10:15:08","guid":{"rendered":"https:\/\/miradordeatarfe.es\/?p=66254"},"modified":"2024-01-04T23:30:04","modified_gmt":"2024-01-04T22:30:04","slug":"atarfeconjunto-zona-cubillas-parte-3a","status":"publish","type":"post","link":"https:\/\/miradordeatarfe.es\/?p=66254","title":{"rendered":"ATARFE:CONJUNTO ZONA CUBILLAS (parte 3\u00aa)"},"content":{"rendered":"<h2 style=\"text-align: justify;\">Casa del Ingeniero<\/h2>\n<p style=\"text-align: justify;\">Se trata en realidad de un conjunto de viviendas adosadas que junto con la ermita forman una unidad estil\u00edstica. Son construcciones, en general de una planta, salvo el torre\u00f3n externo, con escalera exterior y ventanas con arco de medio punto. Todos sus paramentos est\u00e1n enfoscados y pintados en color crema; aleros, recercados y zagu\u00e1n en blanco.<\/p>\n<p style=\"text-align: justify;\">Como la mayor\u00eda de las edificaciones del pantano fue construida en la d\u00e9cada de los 40, siendo dise\u00f1ada por Francisco Prieto Moreno.<\/p>\n<p style=\"text-align: justify;\"><strong><em>Rese\u00f1a Hist\u00f3rica<\/em><\/strong><\/p>\n<p style=\"text-align: justify;\">Estas viviendas son las que componen el poblado del Embalse, y fue construido al comienzo de las obras del mismo (aproximadamente en 1948) con la finalidad de ofrecer alojamiento pr\u00f3ximo al personal adscrito a la obras durante toda la construcci\u00f3n y para su posterior mantenimiento. Se edificaron viviendas para ellos y sus familias, adem\u00e1s de una cl\u00ednica de urgencias con enfermer\u00eda, una escuela y la capilla.<\/p>\n<p style=\"text-align: justify;\"><a href=\"https:\/\/i0.wp.com\/miradordeatarfe.es\/wp-content\/uploads\/2024\/01\/CASA-DEL-INGENIERO-DEL-PANTANO.png?ssl=1\"><img data-recalc-dims=\"1\" loading=\"lazy\" decoding=\"async\" class=\"alignnone wp-image-66255 \" src=\"https:\/\/i0.wp.com\/miradordeatarfe.es\/wp-content\/uploads\/2024\/01\/CASA-DEL-INGENIERO-DEL-PANTANO.png?resize=430%2C251&#038;ssl=1\" alt=\"\" width=\"430\" height=\"251\" \/><\/a><\/p>\n<h2 style=\"text-align: justify;\">Jardines del Pantano de Cubillas<\/h2>\n<p style=\"text-align: justify;\">Jard\u00edn de trazado geom\u00e9trico al estilo de los nuevos jardines del Generalife. Est\u00e1n formados por peque\u00f1as paratas y setos de Array\u00e1n, la glorieta de los Cipreses y dem\u00e1s arbolado.<\/p>\n<p style=\"text-align: justify;\">Todo ello integrado con la edificaci\u00f3n de la ermita y casa del ingeniero. Forma parte del conjunto edificado junto a la presa del pantano, perteneciente a la Confederaci\u00f3n Hidrogr\u00e1fica del Guadalquivir. Se asimila a un elemento edificado, aunque realmente no lo sea.<\/p>\n<p style=\"text-align: justify;\"><a href=\"https:\/\/i0.wp.com\/miradordeatarfe.es\/wp-content\/uploads\/2024\/01\/JARDINES-DEL-PANTANO-DE-CUBILLAS.png?ssl=1\"><img data-recalc-dims=\"1\" loading=\"lazy\" decoding=\"async\" class=\"alignnone wp-image-66256 \" src=\"https:\/\/i0.wp.com\/miradordeatarfe.es\/wp-content\/uploads\/2024\/01\/JARDINES-DEL-PANTANO-DE-CUBILLAS.png?resize=409%2C233&#038;ssl=1\" alt=\"\" width=\"409\" height=\"233\" \/><\/a><\/p>\n<h2 style=\"text-align: justify;\">Puente sobre el aliviadero del Embalse<\/h2>\n<p style=\"text-align: justify;\">Construido en 1954, est\u00e1 situado sobre el canal del aliviadero del embalse de Cubillas, en la variante de la carretera de Ja\u00e9n a Granada.<\/p>\n<p style=\"text-align: justify;\">La soluci\u00f3n adoptada es un arco t\u00edmpano de 49 m de luz, de directriz circular y con un espesor en clave estricto. La estructura est\u00e1 formada por cuatro cuchillos longitudinales equidistantes 3 m; cada cuchillo se compone de dos partes: un arco inferior rectangular sobre el que se conecta y hormigona el tabique superior que constituye el t\u00edmpano. Estos tabiques se unen con la losa del tablero que refuerza y da rigidez al conjunto.<\/p>\n<p style=\"text-align: justify;\">Los arcos son prefabricados y triarticulados en fase de construcci\u00f3n. Se prefabricaron en dos semiarcos independientes sobre una cama, bajo su posici\u00f3n definitiva. Se elevaron con una gr\u00faa, situada a los cuartos de la luz, y se apoyaron en los salmeres y en un castillete central de madera para soportar los semianillos hasta cerrar la clave.<\/p>\n<p style=\"text-align: justify;\">Una vez cerrados los arcos se arriostraron con vigas transversales, tambi\u00e9n prefabricadas, y se retir\u00f3 la torre central. A continuaci\u00f3n se hormigonaron los t\u00edmpanos, unidos a los arcos prefabricados, y despu\u00e9s se hormigon\u00f3 la losa del tablero. \u00c9sta se hizo por fajas transversales, de 2,5 m de ancho, siempre de manera sim\u00e9trica y controlando que en la estructura inferior no se produjeran flexiones inadmisibles.<\/p>\n<p style=\"text-align: justify;\">Fern\u00e1ndez Casado resuelve de este modo y en una misma operaci\u00f3n la supresi\u00f3n de la cimbra \u2014cara, inc\u00f3moda y molesta\u2014 y la ejecuci\u00f3n de la obra mediante prefabricaci\u00f3n.<\/p>\n<p style=\"text-align: justify;\"><a href=\"https:\/\/i0.wp.com\/miradordeatarfe.es\/wp-content\/uploads\/2024\/01\/PUENTE-DEL-CUBILLAS.png?ssl=1\"><img data-recalc-dims=\"1\" loading=\"lazy\" decoding=\"async\" class=\"alignnone wp-image-66257 size-full\" src=\"https:\/\/i0.wp.com\/miradordeatarfe.es\/wp-content\/uploads\/2024\/01\/PUENTE-DEL-CUBILLAS.png?resize=640%2C294&#038;ssl=1\" alt=\"\" width=\"640\" height=\"294\" srcset=\"https:\/\/i0.wp.com\/miradordeatarfe.es\/wp-content\/uploads\/2024\/01\/PUENTE-DEL-CUBILLAS.png?w=642&amp;ssl=1 642w, https:\/\/i0.wp.com\/miradordeatarfe.es\/wp-content\/uploads\/2024\/01\/PUENTE-DEL-CUBILLAS.png?resize=300%2C138&amp;ssl=1 300w\" sizes=\"auto, (max-width: 640px) 100vw, 640px\" \/><\/a><\/p>\n","protected":false},"excerpt":{"rendered":"<p>Casa del Ingeniero Se trata en realidad de un conjunto de viviendas adosadas que junto&#8230;<\/p>\n","protected":false},"author":1,"featured_media":66258,"comment_status":"closed","ping_status":"closed","sticky":false,"template":"","format":"standard","meta":{"_coblocks_attr":"","_coblocks_dimensions":"","_coblocks_responsive_height":"","_coblocks_accordion_ie_support":"","jetpack_post_was_ever_published":false,"_jetpack_newsletter_access":"","_jetpack_dont_email_post_to_subs":false,"_jetpack_newsletter_tier_id":0,"_jetpack_memberships_contains_paywalled_content":false,"_jetpack_memberships_contains_paid_content":false,"footnotes":"","jetpack_publicize_message":"","jetpack_publicize_feature_enabled":true,"jetpack_social_post_already_shared":true,"jetpack_social_options":{"image_generator_settings":{"template":"highway","default_image_id":0,"enabled":false},"version":2}},"categories":[1225,9,44],"tags":[],"class_list":["post-66254","post","type-post","status-publish","format-standard","has-post-thumbnail","hentry","category-ha-de-atarfe","category-medio-ambiente","category-noticias-de-hoy"],"jetpack_publicize_connections":[],"jetpack_featured_media_url":"https:\/\/i0.wp.com\/miradordeatarfe.es\/wp-content\/uploads\/2024\/01\/PUENTE-DEL-CUBILLAS-1.png?fit=294%2C242&ssl=1","jetpack_likes_enabled":true,"jetpack_sharing_enabled":true,"_links":{"self":[{"href":"https:\/\/miradordeatarfe.es\/index.php?rest_route=\/wp\/v2\/posts\/66254","targetHints":{"allow":["GET"]}}],"collection":[{"href":"https:\/\/miradordeatarfe.es\/index.php?rest_route=\/wp\/v2\/posts"}],"about":[{"href":"https:\/\/miradordeatarfe.es\/index.php?rest_route=\/wp\/v2\/types\/post"}],"author":[{"embeddable":true,"href":"https:\/\/miradordeatarfe.es\/index.php?rest_route=\/wp\/v2\/users\/1"}],"replies":[{"embeddable":true,"href":"https:\/\/miradordeatarfe.es\/index.php?rest_route=%2Fwp%2Fv2%2Fcomments&post=66254"}],"version-history":[{"count":2,"href":"https:\/\/miradordeatarfe.es\/index.php?rest_route=\/wp\/v2\/posts\/66254\/revisions"}],"predecessor-version":[{"id":66260,"href":"https:\/\/miradordeatarfe.es\/index.php?rest_route=\/wp\/v2\/posts\/66254\/revisions\/66260"}],"wp:featuredmedia":[{"embeddable":true,"href":"https:\/\/miradordeatarfe.es\/index.php?rest_route=\/wp\/v2\/media\/66258"}],"wp:attachment":[{"href":"https:\/\/miradordeatarfe.es\/index.php?rest_route=%2Fwp%2Fv2%2Fmedia&parent=66254"}],"wp:term":[{"taxonomy":"category","embeddable":true,"href":"https:\/\/miradordeatarfe.es\/index.php?rest_route=%2Fwp%2Fv2%2Fcategories&post=66254"},{"taxonomy":"post_tag","embeddable":true,"href":"https:\/\/miradordeatarfe.es\/index.php?rest_route=%2Fwp%2Fv2%2Ftags&post=66254"}],"curies":[{"name":"wp","href":"https:\/\/api.w.org\/{rel}","templated":true}]}}