{"id":66264,"date":"2024-01-08T10:44:20","date_gmt":"2024-01-08T09:44:20","guid":{"rendered":"https:\/\/miradordeatarfe.es\/?p=66264"},"modified":"2024-01-05T22:36:11","modified_gmt":"2024-01-05T21:36:11","slug":"bendita-belleza-el-remanso-narrativo-de-pedro-ruiz-cabello-fernandez","status":"publish","type":"post","link":"https:\/\/miradordeatarfe.es\/?p=66264","title":{"rendered":"\u2018Bendita belleza\u2019, el \u2018remanso narrativo\u2019 del atarfe\u00f1o Pedro Ruiz-Cabello Fern\u00e1ndez"},"content":{"rendered":"<h3 align=\"JUSTIFY\"><i>Bendita belleza<\/i> (editado por Colibr\u00ed m\u00e1gico) es el segundo libro de relatos que ha publicado en 2023 Pedro Ruiz-Cabello Fern\u00e1ndez.<\/h3>\n<p align=\"JUSTIFY\">El primero hab\u00eda sido <i>Fulgor de palabra y vida<\/i> (Verbum-Mecenas), inspirado en la vida de diversos escritores espa\u00f1oles. El relato constituye el n\u00facleo primigenio de la producci\u00f3n narrativa del autor, seg\u00fan \u00e9l mismo reconoce; antes de escribir y publicar novelas, hab\u00eda le\u00eddo numerosos libros de cuentos con los que se hab\u00eda ido formando como cuentista, porque en el principio de todo est\u00e1 siempre la lectura, como ven\u00eda a decir Borges. <span id=\"more-75716\"><\/span><\/p>\n<p align=\"JUSTIFY\">Entre los autores que m\u00e1s le han influido a Pedro Ruiz-Cabello en el arte de la narraci\u00f3n breve se encuentra el mismo Borges, adem\u00e1s de Clar\u00edn, Emilia Pardo Baz\u00e1n, Ana Mar\u00eda Matute, Medardo Fraile, Juan Rulfo, Cort\u00e1zar, Ribeyro, Ch\u00e9jov, Maupassant y muchos otros. Aunque hay evidentes diferencias entre la novela y el cuento, para Pedro Ruiz-Cabello est\u00e1 claro que en el origen de la narraci\u00f3n, tanto oral como escrita, debe situarse siempre el cuento.<\/p>\n<p align=\"JUSTIFY\">Ribeyro, a prop\u00f3sito de las caracter\u00edsticas que ten\u00eda que reunir un buen relato, dec\u00eda que la materia pod\u00eda ser real o inventada y que si era real deb\u00eda parecer inventada y si era inventada hab\u00eda de figurar como real. En los relatos que componen <i>Bendita belleza<\/i> se pueden hallar precisamente las dos tendencias: los hay fant\u00e1sticos, como el titulado \u00abTaifar\u00bb, que es una continuaci\u00f3n de una novela anterior del autor en la que recreaba un mundo imaginario, y los hay de tipo realista, muchos de ellos de car\u00e1cter autobiogr\u00e1fico.<\/p>\n<p align=\"JUSTIFY\">Son todos relatos en los que puede apreciarse un sello espiritual, pues no en vano uno de los motivos centrales de la obra es la b\u00fasqueda de una espiritualidad que d\u00e9 sentido a la existencia, como se aprecia en \u00abLa espera\u00bb, una narraci\u00f3n en la que se reconstruye una escena evang\u00e9lica, en la cual un joven atra\u00eddo por lo que ha o\u00eddo de Jes\u00fas de Nazaret lo busca hasta que se encuentra finalmente con \u00e9l.<\/p>\n<figure id=\"attachment_75717\" class=\"wp-caption alignleft\" aria-describedby=\"caption-attachment-75717\"><img data-recalc-dims=\"1\" loading=\"lazy\" decoding=\"async\" class=\"size-full wp-image-75717\" src=\"https:\/\/i0.wp.com\/static-ms.ideal.es\/wp-content\/uploads\/sites\/17\/2024\/01\/bendita-belleza-de-pedro-ruiz-cabello.jpg?resize=388%2C425&#038;ssl=1\" sizes=\"auto, (max-width: 388px) 100vw, 388px\" srcset=\"\/\/static-ms.ideal.es\/wp-content\/uploads\/sites\/17\/2024\/01\/bendita-belleza-de-pedro-ruiz-cabello.jpg 388w, \/\/static-ms.ideal.es\/wp-content\/uploads\/sites\/17\/2024\/01\/bendita-belleza-de-pedro-ruiz-cabello-274x300.jpg 274w\" alt=\"\" width=\"388\" height=\"425\" \/><figcaption id=\"caption-attachment-75717\" class=\"wp-caption-text\"><em><strong>Cubierta de \u2018Bendita belleza\u2019, (Ed. Colibr\u00ed m\u00e1gico)<\/strong><\/em><\/figcaption><\/figure>\n<p align=\"JUSTIFY\">La belleza es otro de los temas que vertebran el libro. La belleza no solo se halla en la naturaleza, como ocurre en \u00abAcuarela de invierno\u00bb, sino tambi\u00e9n en los hechos cotidianos. Puede ser en ocasiones un b\u00e1lsamo para el esp\u00edritu, a veces atribulado o preso de una crisis existencial, como sucede en el cuento que da t\u00edtulo al libro o en \u00abEl cielo\u00bb.<\/p>\n<p align=\"JUSTIFY\">Alg\u00fan lector de esta obra la ha definido como un remanso narrativo, ya que abundan en ella descripciones y pasajes en los que predomina la reflexi\u00f3n. Uno de los cuentos m\u00e1s singulares es \u00abLos fr\u00edos del desierto\u00bb: el autor imagina en \u00e9l c\u00f3mo ser\u00e1 la vida en el desierto, en un terreno aparentemente mon\u00f3tono y desabrido, en el cual tambi\u00e9n se puede encontrar una especial belleza a pesar de sus fr\u00edos nocturnos, quiz\u00e1 porque se trata de una cualidad o de un don que solo descubre quien se desprende de los afanes mundanos.<\/p>\n<p align=\"JUSTIFY\"><i>Bendita belleza <\/i>es una obra con la que se medita y se cuestionan aspectos esenciales de la vida. Es posible que se pueda advertir en ella en ocasiones cierta melancol\u00eda o cierto desenga\u00f1o, pero hay que entender que estas son tendencias consustanciales con el ser humano. Son relatos que nacen de la intimidad, de la vibraci\u00f3n de unas emociones concretas, del intento de profundizar en las verdades \u00faltimas, por lo que suele haber en ellos un hondo lirismo, plasmado con una prosa en la que no se reh\u00fasan figuras del lenguaje po\u00e9tico.<\/p>\n<blockquote class=\"wp-embedded-content\" data-secret=\"7Ru9HSuBUj\"><p><a href=\"https:\/\/en-clase.ideal.es\/2024\/01\/02\/bendita-belleza-el-remanso-narrativo-de-pedro-ruiz-cabello-fernandez\/\">&#8216;Bendita belleza&#8217;, el &#8216;remanso narrativo&#8217; de Pedro Ruiz-Cabello Fern\u00e1ndez<\/a><\/p><\/blockquote>\n<p><iframe loading=\"lazy\" class=\"wp-embedded-content\" sandbox=\"allow-scripts\" security=\"restricted\" style=\"position: absolute; visibility: hidden;\" title=\"\u00ab&#8216;Bendita belleza&#8217;, el &#8216;remanso narrativo&#8217; de Pedro Ruiz-Cabello Fern\u00e1ndez\u00bb \u2014 IDEAL En Clase\" src=\"https:\/\/en-clase.ideal.es\/2024\/01\/02\/bendita-belleza-el-remanso-narrativo-de-pedro-ruiz-cabello-fernandez\/embed\/#?secret=LAOR8UIQld#?secret=7Ru9HSuBUj\" data-secret=\"7Ru9HSuBUj\" width=\"600\" height=\"338\" frameborder=\"0\" marginwidth=\"0\" marginheight=\"0\" scrolling=\"no\"><\/iframe><\/p>\n","protected":false},"excerpt":{"rendered":"<p>Bendita belleza (editado por Colibr\u00ed m\u00e1gico) es el segundo libro de relatos que ha publicado&#8230;<\/p>\n","protected":false},"author":1,"featured_media":66265,"comment_status":"closed","ping_status":"closed","sticky":false,"template":"","format":"standard","meta":{"_coblocks_attr":"","_coblocks_dimensions":"","_coblocks_responsive_height":"","_coblocks_accordion_ie_support":"","jetpack_post_was_ever_published":false,"_jetpack_newsletter_access":"","_jetpack_dont_email_post_to_subs":false,"_jetpack_newsletter_tier_id":0,"_jetpack_memberships_contains_paywalled_content":false,"_jetpack_memberships_contains_paid_content":false,"footnotes":"","jetpack_publicize_message":"","jetpack_publicize_feature_enabled":true,"jetpack_social_post_already_shared":true,"jetpack_social_options":{"image_generator_settings":{"template":"highway","default_image_id":0,"enabled":false},"version":2}},"categories":[12,44],"tags":[],"class_list":["post-66264","post","type-post","status-publish","format-standard","has-post-thumbnail","hentry","category-cultura","category-noticias-de-hoy"],"jetpack_publicize_connections":[],"jetpack_featured_media_url":"https:\/\/i0.wp.com\/miradordeatarfe.es\/wp-content\/uploads\/2024\/01\/pedro-ruiz-cabello.webp?fit=624%2C433&ssl=1","jetpack_likes_enabled":true,"jetpack_sharing_enabled":true,"_links":{"self":[{"href":"https:\/\/miradordeatarfe.es\/index.php?rest_route=\/wp\/v2\/posts\/66264","targetHints":{"allow":["GET"]}}],"collection":[{"href":"https:\/\/miradordeatarfe.es\/index.php?rest_route=\/wp\/v2\/posts"}],"about":[{"href":"https:\/\/miradordeatarfe.es\/index.php?rest_route=\/wp\/v2\/types\/post"}],"author":[{"embeddable":true,"href":"https:\/\/miradordeatarfe.es\/index.php?rest_route=\/wp\/v2\/users\/1"}],"replies":[{"embeddable":true,"href":"https:\/\/miradordeatarfe.es\/index.php?rest_route=%2Fwp%2Fv2%2Fcomments&post=66264"}],"version-history":[{"count":2,"href":"https:\/\/miradordeatarfe.es\/index.php?rest_route=\/wp\/v2\/posts\/66264\/revisions"}],"predecessor-version":[{"id":66274,"href":"https:\/\/miradordeatarfe.es\/index.php?rest_route=\/wp\/v2\/posts\/66264\/revisions\/66274"}],"wp:featuredmedia":[{"embeddable":true,"href":"https:\/\/miradordeatarfe.es\/index.php?rest_route=\/wp\/v2\/media\/66265"}],"wp:attachment":[{"href":"https:\/\/miradordeatarfe.es\/index.php?rest_route=%2Fwp%2Fv2%2Fmedia&parent=66264"}],"wp:term":[{"taxonomy":"category","embeddable":true,"href":"https:\/\/miradordeatarfe.es\/index.php?rest_route=%2Fwp%2Fv2%2Fcategories&post=66264"},{"taxonomy":"post_tag","embeddable":true,"href":"https:\/\/miradordeatarfe.es\/index.php?rest_route=%2Fwp%2Fv2%2Ftags&post=66264"}],"curies":[{"name":"wp","href":"https:\/\/api.w.org\/{rel}","templated":true}]}}