{"id":66267,"date":"2024-01-11T10:30:17","date_gmt":"2024-01-11T09:30:17","guid":{"rendered":"https:\/\/miradordeatarfe.es\/?p=66267"},"modified":"2024-02-23T13:41:57","modified_gmt":"2024-02-23T12:41:57","slug":"la-profesora-del-ceip-clara-campoamor-esther-crisol-de-la-fuente","status":"publish","type":"post","link":"https:\/\/miradordeatarfe.es\/?p=66267","title":{"rendered":"LA PROFESORA DEL CEIP CLARA CAMPOAMOR:  Esther Crisol de la Fuente."},"content":{"rendered":"<p>ART\u00cdCULO PUBLICADO EN <strong>IDEAL EN CLASE<\/strong> EN DICIEMBRE DE 2023 :<\/p>\n<p style=\"text-align: justify;\">Hemos estado viendo la colecci\u00f3n de fotograf\u00edas que la artista gr\u00e1fica y fot\u00f3grafa\u00a0 Mamen Valverde realiz\u00f3 a la cantaora hace poco m\u00e1s de diez a\u00f1os.<span id=\"more-75371\"><\/span><\/p>\n<p style=\"text-align: justify;\">Nos impresionan, c\u00f3mo no, los claroscuros a pesar de ser una imagen a color. Esa luz que se filtra por entre los tablones e ilumina el rostro de Esther, no obstante la sesi\u00f3n de fotograf\u00eda se realiz\u00f3 en un secadero de la Vega de Granada una tarde de verano. Es bonita la estampa de la cantaora Esther Crisol. Blanca. M\u00e1gica. Eterna. Honda. En su rostro desfila toda la sabidur\u00eda de los pueblos que han pasado\u00a0 por\u00a0 Granada durante siglos.<\/p>\n<figure id=\"attachment_75373\" class=\"wp-caption alignleft\" style=\"text-align: justify;\" aria-describedby=\"caption-attachment-75373\"><img data-recalc-dims=\"1\" loading=\"lazy\" decoding=\"async\" class=\"size-full wp-image-75373\" src=\"https:\/\/i0.wp.com\/static-ms.ideal.es\/wp-content\/uploads\/sites\/17\/2023\/12\/Foto1.Retrato-de-Esther-de-Mamen-Valverde.jpg?resize=401%2C425&#038;ssl=1\" sizes=\"auto, (max-width: 401px) 100vw, 401px\" srcset=\"\/\/static-ms.ideal.es\/wp-content\/uploads\/sites\/17\/2023\/12\/Foto1.Retrato-de-Esther-de-Mamen-Valverde.jpg 401w, \/\/static-ms.ideal.es\/wp-content\/uploads\/sites\/17\/2023\/12\/Foto1.Retrato-de-Esther-de-Mamen-Valverde-283x300.jpg 283w\" alt=\"\" width=\"401\" height=\"425\" \/><figcaption id=\"caption-attachment-75373\" class=\"wp-caption-text\"><em><strong>Retrato de Esther Crisol<\/strong><\/em>:: MAMEN VALVERDE<\/figcaption><\/figure>\n<p style=\"text-align: justify;\">Despu\u00e9s de ojear est\u00e1s im\u00e1genes tan potentes nos hemos quedado sin argumentos narrativos. S\u00f3lo un tema musical cantado por Luz Casal\u2026<i>cada vez que veo tu fotograf\u00eda descubro algo nuevo que antes no ve\u00eda.<\/i>.. nos sigue martilleando y nos dificulta la elecci\u00f3n de palabras que, unidas, conformen, un titular que defina a Esther.<\/p>\n<p style=\"text-align: justify;\">Pese a este esp\u00edritu derrotista, nos hemos crecido y hemos decidido realizar una propuesta interactiva. Vamos a presentar a cada una de las <i>estheres<\/i> que nosotros hemos sentido al preparar este retrato para que los posibles lectores elijan el itinerario que m\u00e1s se adec\u00fae a sus intereses.<\/p>\n<figure id=\"attachment_75374\" class=\"wp-caption aligncenter\" style=\"text-align: justify;\" aria-describedby=\"caption-attachment-75374\"><img data-recalc-dims=\"1\" loading=\"lazy\" decoding=\"async\" class=\"size-full wp-image-75374\" src=\"https:\/\/i0.wp.com\/static-ms.ideal.es\/wp-content\/uploads\/sites\/17\/2023\/12\/Foto2_Esther_en_Aranda_del_duero_con_zanfona.jpg?resize=624%2C410&#038;ssl=1\" sizes=\"auto, (max-width: 624px) 100vw, 624px\" srcset=\"\/\/static-ms.ideal.es\/wp-content\/uploads\/sites\/17\/2023\/12\/Foto2_Esther_en_Aranda_del_duero_con_zanfona.jpg 624w, \/\/static-ms.ideal.es\/wp-content\/uploads\/sites\/17\/2023\/12\/Foto2_Esther_en_Aranda_del_duero_con_zanfona-300x197.jpg 300w\" alt=\"\" width=\"624\" height=\"410\" \/><figcaption id=\"caption-attachment-75374\" class=\"wp-caption-text\"><em><strong>Esther se abre a la experimentaci\u00f3n musical porque posee estudios como instrumentista y canto. Con una zanfona en Aranda del Duero<\/strong><\/em><\/figcaption><\/figure>\n<p style=\"text-align: justify;\">Nos ha llegado muy adentro <b>Esther Crisol, la cantaora del siglo XXI<\/b>.<\/p>\n<p style=\"text-align: justify;\">Lleg\u00f3 al flamenco por elecci\u00f3n. Lo eligi\u00f3- y esa no es una elecci\u00f3n f\u00e1cil- despu\u00e9s de tiempo form\u00e1ndose musical e intelectualmente. Y el flamenco la eligi\u00f3 a ella a partir de que ganara el primer concurso de j\u00f3venes flamencos promovido por la Diputaci\u00f3n de Granada. Como premio, el inicio de su carrera como profesional, la participaci\u00f3n en un disco colectivo junto a otros j\u00f3venes artistas y la amistad de Miguel \u00c1ngel Gonz\u00e1lez Ruiz, cantautor, escritor, cr\u00edtico de flamenco e investigador que se convertir\u00e1 en su puntal.<\/p>\n<figure id=\"attachment_75375\" class=\"wp-caption aligncenter\" style=\"text-align: justify;\" aria-describedby=\"caption-attachment-75375\"><img data-recalc-dims=\"1\" loading=\"lazy\" decoding=\"async\" class=\"size-full wp-image-75375\" src=\"https:\/\/i0.wp.com\/static-ms.ideal.es\/wp-content\/uploads\/sites\/17\/2023\/12\/Foto3.Portada-Cd.jpg?resize=624%2C629&#038;ssl=1\" sizes=\"auto, (max-width: 624px) 100vw, 624px\" srcset=\"\/\/static-ms.ideal.es\/wp-content\/uploads\/sites\/17\/2023\/12\/Foto3.Portada-Cd.jpg 624w, \/\/static-ms.ideal.es\/wp-content\/uploads\/sites\/17\/2023\/12\/Foto3.Portada-Cd-298x300.jpg 298w, \/\/static-ms.ideal.es\/wp-content\/uploads\/sites\/17\/2023\/12\/Foto3.Portada-Cd-150x150.jpg 150w\" alt=\"\" width=\"624\" height=\"629\" \/><figcaption id=\"caption-attachment-75375\" class=\"wp-caption-text\"><strong><em>Portada de la De la fuente, primer trabajo en solitario<\/em><\/strong><\/figcaption><\/figure>\n<p style=\"text-align: justify;\">Con su primer disco en solitario, <i>De la fuente<\/i>,\u00a0 demostr\u00f3 su val\u00eda y un apasionado desvelo clasicista. Levanta todas sus cartas al demostrar que conoce el mundo en el que se mueve y al que rinde homenaje con una voz profunda, sentida. Su apuesta por el cante, la recogida de ese testigo, realiza promesas de perpetuidad de un estilo musical dif\u00edcil y complejo. Da sensaci\u00f3n de sentirse c\u00f3moda con todos los palos \u2026 con la sole\u00e1, con la siguiriya\u2026 aun la dificultad que entra\u00f1a quedarse con la sola compa\u00f1\u00eda de la guitarra.<\/p>\n<p style=\"text-align: justify;\">Con <i>De la fuente<\/i>, la cantaora demostr\u00f3 que sabe pero no lo que era capaz de hacer.<\/p>\n<p style=\"text-align: justify;\">Preguntada por el palo que m\u00e1s le gusta, contesta sin empacho\u2026depende del d\u00eda, y de la hora\u2026y, ella, que tiene una s\u00f3lida formaci\u00f3n en m\u00fasica cl\u00e1sica \u2013 toca el viol\u00edn- y en improvisaci\u00f3n, y que se define como artista contempor\u00e1nea, aborda en su segundo trabajo discogr\u00e1fico, <i>Aguacibera<\/i>, la poes\u00eda del chileno David Rosennmann-Taub desde diversos palos del flamenco -cu\u00e1ntas idas y cu\u00e1ntas vueltas-. Sin abandonar las ra\u00edces cl\u00e1sicas se abre a la experimentaci\u00f3n.<\/p>\n<figure id=\"attachment_75376\" class=\"wp-caption aligncenter\" style=\"text-align: justify;\" aria-describedby=\"caption-attachment-75376\"><img data-recalc-dims=\"1\" loading=\"lazy\" decoding=\"async\" class=\"size-full wp-image-75376\" src=\"https:\/\/i0.wp.com\/static-ms.ideal.es\/wp-content\/uploads\/sites\/17\/2023\/12\/Foto4_-Portada-CD-Aguacibera.jpg?resize=624%2C590&#038;ssl=1\" sizes=\"auto, (max-width: 624px) 100vw, 624px\" srcset=\"\/\/static-ms.ideal.es\/wp-content\/uploads\/sites\/17\/2023\/12\/Foto4_-Portada-CD-Aguacibera.jpg 624w, \/\/static-ms.ideal.es\/wp-content\/uploads\/sites\/17\/2023\/12\/Foto4_-Portada-CD-Aguacibera-300x284.jpg 300w\" alt=\"\" width=\"624\" height=\"590\" \/><figcaption id=\"caption-attachment-75376\" class=\"wp-caption-text\"><em><strong>Portada de su segundo disco Aguacibera<\/strong><\/em><\/figcaption><\/figure>\n<p style=\"text-align: justify;\">Como cantaora del siglo XXI ha formado parte de distintos espect\u00e1culos, <i>Par\u00e9ntesis<\/i>, obra escrita y dirigida por Encarna Vargas,<i> Duende<\/i> de Manuel Li\u00f1an y la Moneta en los jardines del Generalife de la Alhambra, <i>Espiritual<\/i> <i>flamenco<\/i> con la compa\u00f1\u00eda de Tatiana Garrido, <i>Al trasluz<\/i> de Lucia Guarnido\u2026<\/p>\n<p style=\"text-align: justify;\">Es integrante del Tr\u00edo del Agua, una formaci\u00f3n de piano, voz y casta\u00f1uelas creado por Lola Fern\u00e1ndez.<\/p>\n<p style=\"text-align: justify;\"><b>Hay otra Esther<\/b><i><b>, <\/b><\/i><b>la flamenc\u00f3loga<\/b>.<\/p>\n<p style=\"text-align: justify;\">Ella \u201cse licenci\u00f3\u201d en flamencolog\u00eda en la Pe\u00f1a de la Plater\u00eda, decana de las pe\u00f1as flamencas en el mundo. Como parte important\u00edsima del patrimonio de la ciudad de Granada, la pe\u00f1a reclama su lugar en estas p\u00e1ginas. La Plater\u00eda naci\u00f3 en Granada en los franquistas a\u00f1os cuarenta cuando unos cu\u00e1ntos aficionados sintieron la necesidad de contar con un lugar de encuentro entre artistas y p\u00fablico para disfrutar,\u00a0 contrastar, aprender, ense\u00f1ar. Y desde entonces, convertida en lugar de culto, es \u201cfacultad\u201d del cante, el baile y el toque flamenco.<\/p>\n<figure id=\"attachment_75377\" class=\"wp-caption aligncenter\" style=\"text-align: justify;\" aria-describedby=\"caption-attachment-75377\"><img data-recalc-dims=\"1\" loading=\"lazy\" decoding=\"async\" class=\"size-full wp-image-75377\" src=\"https:\/\/i0.wp.com\/static-ms.ideal.es\/wp-content\/uploads\/sites\/17\/2023\/12\/Foto5_esther_crisol_nina.jpg?resize=322%2C425&#038;ssl=1\" sizes=\"auto, (max-width: 322px) 100vw, 322px\" srcset=\"\/\/static-ms.ideal.es\/wp-content\/uploads\/sites\/17\/2023\/12\/Foto5_esther_crisol_nina.jpg 322w, \/\/static-ms.ideal.es\/wp-content\/uploads\/sites\/17\/2023\/12\/Foto5_esther_crisol_nina-227x300.jpg 227w\" alt=\"\" width=\"322\" height=\"425\" \/><figcaption id=\"caption-attachment-75377\" class=\"wp-caption-text\"><em><strong>Esther comenz\u00f3 a acompa\u00f1ar a su padre a la Pe\u00f1a la Plater\u00eda<\/strong><\/em><\/figcaption><\/figure>\n<p style=\"text-align: justify;\">Es en esa escuela sabatina, cuando y, acompa\u00f1ando a su padre, comienza a forjarse como flamenca. A\u00f1o, tras a\u00f1o, primero como espectadora, dormida, la m\u00e1s de las veces, entre las mesas\u2026 (\u00bfHabr\u00e1 nanas m\u00e1s verdadera?). Y es all\u00ed donde comienza a crecer su carrera como experta. Es desde all\u00ed donde si difunden obras como el <i>Manual de los Cantes de Granada<\/i> (editada por la Pe\u00f1a y la Universidad de Granada) de Miguel \u00c1ngel Gonz\u00e1lez y que incluye un an\u00e1lisis musical de Esteban Valdivieso. Y ella ahora \u201cilustra\u201d esos cantes junto a Juan Pinilla y Luis Mariano, (cap.1) \u201clos tangos\u201d, (cap.2) \u201calbore\u00e1, mosca, cachucha y otros aires de la zambra \u201c, (cap.3) \u201clos fandangos\u201d (cap 4) \u201cotros cantes\u201d<\/p>\n<p style=\"text-align: justify;\">Como flamenc\u00f3loga del siglo XXI, tambi\u00e9n se empe\u00f1a en dar visibilidad a la aportaci\u00f3n de las mujeres al mundo del flamenco.<\/p>\n<p style=\"text-align: justify;\">Si la flamencolog\u00eda se define como la disciplina que surge para estudiar, investigar y divulgar el flamenco, la labor de Esther es imprescindible. Viene realizando una serie de propuestas did\u00e1cticas, <i>El flamenco en el aula, una propuesta did\u00e1ctica<\/i> presentada en el primer Congreso Internacional sobre patrimonio musical de Andaluc\u00eda, asesorando propuestas como <i>Contar el flamenco,<\/i> coordinado por Diputaci\u00f3n de Granada y puesto en pr\u00e1ctica desde el curso 2008-2009<\/p>\n<p style=\"text-align: justify;\">En 2021 recibe el encargo que ella considera como la experiencia m\u00e1s completa, satisfactoria y emocionante de toda su carrera art\u00edstica.<\/p>\n<figure id=\"attachment_75378\" class=\"wp-caption aligncenter\" style=\"text-align: justify;\" aria-describedby=\"caption-attachment-75378\"><img data-recalc-dims=\"1\" loading=\"lazy\" decoding=\"async\" class=\"size-full wp-image-75378\" src=\"https:\/\/i0.wp.com\/static-ms.ideal.es\/wp-content\/uploads\/sites\/17\/2023\/12\/foto6_ocg.jpg?resize=624%2C382&#038;ssl=1\" sizes=\"auto, (max-width: 624px) 100vw, 624px\" srcset=\"\/\/static-ms.ideal.es\/wp-content\/uploads\/sites\/17\/2023\/12\/foto6_ocg.jpg 624w, \/\/static-ms.ideal.es\/wp-content\/uploads\/sites\/17\/2023\/12\/foto6_ocg-300x184.jpg 300w\" alt=\"\" width=\"624\" height=\"382\" \/><figcaption id=\"caption-attachment-75378\" class=\"wp-caption-text\"><em><strong>De la Antequeruela al Sacromonte<\/strong><\/em><\/figcaption><\/figure>\n<p style=\"text-align: justify;\">La Orquesta Ciudad de Granada le encarga el dise\u00f1o de una propuesta flamenca para sumarla a su programaci\u00f3n de conciertos did\u00e1cticos y familiares de la temporada 22\/23. As\u00ed surge el proyecto <i>De la Antequeruela al Sacromonte<\/i>. Primer concierto de la orquesta Ciudad de Granada que une flamenco y m\u00fasica cl\u00e1sica dirigida a m\u00e1s de doce mil escolares.<\/p>\n<p style=\"text-align: justify;\">Si la flamenc\u00f3loga se <i>licenci\u00f3<\/i> en la Plater\u00eda, ahora, ya participa como profesora en el m\u00e1ster interdisciplinar en Investigaci\u00f3n y an\u00e1lisis del flamenco de la UCA (universidad de C\u00e1diz) y la UGR.<\/p>\n<p style=\"text-align: justify;\">Hay tambi\u00e9n una <b>Esther creadora de espect\u00e1culos<\/b>. Este hecho no constituir\u00eda ninguna novedad en el mundo del flamenco acostumbrados ellos a tener que \u2026 <i>buscarse las habichuelas.<\/i><\/p>\n<p style=\"text-align: justify;\">Lo que resulta novedoso es la aportaci\u00f3n que Esther realiza. Llevada por el deseo\u2026.de aunar las tradiciones, fusiona flamenco, did\u00e1ctica con\u2026<\/p>\n<p style=\"text-align: justify;\">T\u00edteres, en <i>T\u00edtere tran tran. El flamenco a trav\u00e9s de los <\/i>t\u00edteres y en el <i>Hada de los aljibes<\/i><\/p>\n<p style=\"text-align: justify;\">o, con teatro \u2026 en <i>1922, una mirada al pasado<\/i>, recreando lo acontecido durante el Primer concurso de cante hondo en 1922.\u00a0<\/p>\n<figure id=\"attachment_75379\" class=\"wp-caption aligncenter\" style=\"text-align: justify;\" aria-describedby=\"caption-attachment-75379\"><img data-recalc-dims=\"1\" loading=\"lazy\" decoding=\"async\" class=\"size-full wp-image-75379\" src=\"https:\/\/i0.wp.com\/static-ms.ideal.es\/wp-content\/uploads\/sites\/17\/2023\/12\/Foto7.por-Antonio-Arenas.jpg?resize=624%2C397&#038;ssl=1\" sizes=\"auto, (max-width: 624px) 100vw, 624px\" srcset=\"\/\/static-ms.ideal.es\/wp-content\/uploads\/sites\/17\/2023\/12\/Foto7.por-Antonio-Arenas.jpg 624w, \/\/static-ms.ideal.es\/wp-content\/uploads\/sites\/17\/2023\/12\/Foto7.por-Antonio-Arenas-300x191.jpg 300w\" alt=\"\" width=\"624\" height=\"397\" \/><figcaption id=\"caption-attachment-75379\" class=\"wp-caption-text\"><em><strong>Esther presentando su obra 1922, una mirada al pasado<\/strong><\/em> :: A. ARENAS<\/figcaption><\/figure>\n<p style=\"text-align: justify;\">No es f\u00e1cil esto de la interactividad cuando se trata de una persona tan artista, tan inquieta, tan creativa.<\/p>\n<p style=\"text-align: justify;\">Creemos que si el flamenco le debe algo a <b>Esther es en su papel como transmisora<\/b><i>. <\/i><\/p>\n<p style=\"text-align: justify;\">En 2010, el flamenco fue reconocido por la UNESCO como patrimonio de la humanidad. Forma parte de nuestro ADN. Es una forma de vida, de respirar, de sentir. Pero para que seamos conscientes de ello, tenemos que conocerlo.<\/p>\n<p style=\"text-align: justify;\">Esther es maestra\u00a0 y ha elegido, como eligi\u00f3 ser cantaora, el magisterio musical para que el flamenco siga vivo en futuras generaciones.<\/p>\n<figure id=\"attachment_75380\" class=\"wp-caption alignleft\" style=\"text-align: justify;\" aria-describedby=\"caption-attachment-75380\"><img data-recalc-dims=\"1\" loading=\"lazy\" decoding=\"async\" class=\"size-full wp-image-75380\" src=\"https:\/\/i0.wp.com\/static-ms.ideal.es\/wp-content\/uploads\/sites\/17\/2023\/12\/foto8_-Pregonera-del-Dia-de-la-Cruz.jpg?resize=461%2C624&#038;ssl=1\" sizes=\"auto, (max-width: 461px) 100vw, 461px\" srcset=\"\/\/static-ms.ideal.es\/wp-content\/uploads\/sites\/17\/2023\/12\/foto8_-Pregonera-del-Dia-de-la-Cruz.jpg 461w, \/\/static-ms.ideal.es\/wp-content\/uploads\/sites\/17\/2023\/12\/foto8_-Pregonera-del-Dia-de-la-Cruz-222x300.jpg 222w\" alt=\"\" width=\"461\" height=\"624\" \/><figcaption id=\"caption-attachment-75380\" class=\"wp-caption-text\"><em><strong>Pregonera del D\u00eda de la Cruz<\/strong><\/em><\/figcaption><\/figure>\n<p style=\"text-align: justify;\">Resulta muy dif\u00edcil diferenciar a la cantaora, de la experta, de la artista. Ser\u00eda mejor abandonar este discurso narrativo y mezclarlas a todas, como ella ha hecho en su \u00faltimo espect\u00e1culo <i>Voces Calladas <\/i>(2023) <i>-Esther, creadora<\/i>\u2013 en el que realiza un viaje a trav\u00e9s de la historia del flamenco \u2013<i>Esther flamenc\u00f3loga-<\/i>, destacando las aportaciones y creaciones de distintas cantaoras,\u00a0Pastora Pav\u00f3n o La Piri\u00f1aca<b>, <\/b>Pepa Oro, La Trini, Mercedes La Serneta, la Gazpacha, T\u00eda Marina \u201cHabichuela\u201d -Esther, transmisora-. El espect\u00e1culo parte del flamenco cl\u00e1sico para explorar nuevas sonoridades, incorporando instrumentos menos habituales como la bater\u00eda, guitarra el\u00e9ctrica, viol\u00edn \u2013 <i>Esther, cantaora del siglo XXI-. <\/i>Ahora, sigue <i>Vendiendo Flores<\/i>, con Tente M\u00e1rquez, guitarra flamenca y Pancho Bra\u00f1as, bater\u00eda y percusi\u00f3n.<\/p>\n<p style=\"text-align: justify;\">Esther Crisol, hija de Miguel Crisol G\u00e1squez, granadino de Castril de la Pe\u00f1a y M\u00aa Isabel de la Fuente Bl\u00e1zquez, castellana de El Barco de \u00c1vila (\u00c1vila).<\/p>\n<figure id=\"attachment_75381\" class=\"wp-caption aligncenter\" style=\"text-align: justify;\" aria-describedby=\"caption-attachment-75381\"><img data-recalc-dims=\"1\" loading=\"lazy\" decoding=\"async\" class=\"size-full wp-image-75381\" src=\"https:\/\/i0.wp.com\/static-ms.ideal.es\/wp-content\/uploads\/sites\/17\/2023\/12\/foto9_-Prestigio.jpg?resize=624%2C416&#038;ssl=1\" sizes=\"auto, (max-width: 624px) 100vw, 624px\" srcset=\"\/\/static-ms.ideal.es\/wp-content\/uploads\/sites\/17\/2023\/12\/foto9_-Prestigio.jpg 624w, \/\/static-ms.ideal.es\/wp-content\/uploads\/sites\/17\/2023\/12\/foto9_-Prestigio-300x200.jpg 300w\" alt=\"\" width=\"624\" height=\"416\" \/><figcaption id=\"caption-attachment-75381\" class=\"wp-caption-text\"><em><strong>Artista prestigiosa, sin\u00f3nimo de triunfo<\/strong><\/em><\/figcaption><\/figure>\n<p>Preguntada hace a\u00f1os que qu\u00e9 era para ella el triunfo, contest\u00f3 que el \u00e9xito era tener prestigio.<\/p>\n<p>Esther Crisol, has conseguido triunfar. Eres una persona de prestigio. Cuentas con nuestro reconocimiento como cantaora, flamenc\u00f3loga, escritora, pregonera y transmisora del flamenco.<\/p>\n<p><a href=\"https:\/\/en-clase.ideal.es\/?s=Carmen+G%C3%B3mez+Letr%C3%A1n%2C\" target=\"_blank\" rel=\"noopener\"><strong>Carmen G\u00f3mez Letr\u00e1n<\/strong><\/a><\/p>\n<p>PUBLICADO EN <strong>IDEAL EN CLASE<\/strong> EN DICIEMBRE DE 2023 EN ESTE ENLACE:<\/p>\n<p>https:\/\/en-clase.ideal.es\/2023\/12\/21\/esther-crisol-de-la-fuente-el-prestigio-de-ser-cantaora\/<\/p>\n","protected":false},"excerpt":{"rendered":"<p>ART\u00cdCULO PUBLICADO EN IDEAL EN CLASE EN DICIEMBRE DE 2023 : Hemos estado viendo la&#8230;<\/p>\n","protected":false},"author":1,"featured_media":66268,"comment_status":"closed","ping_status":"closed","sticky":false,"template":"","format":"standard","meta":{"_coblocks_attr":"","_coblocks_dimensions":"","_coblocks_responsive_height":"","_coblocks_accordion_ie_support":"","jetpack_post_was_ever_published":false,"_jetpack_newsletter_access":"","_jetpack_dont_email_post_to_subs":false,"_jetpack_newsletter_tier_id":0,"_jetpack_memberships_contains_paywalled_content":false,"_jetpack_memberships_contains_paid_content":false,"footnotes":"","jetpack_publicize_message":"","jetpack_publicize_feature_enabled":true,"jetpack_social_post_already_shared":true,"jetpack_social_options":{"image_generator_settings":{"template":"highway","default_image_id":0,"enabled":false},"version":2}},"categories":[187,44,6539,6937],"tags":[],"class_list":["post-66267","post","type-post","status-publish","format-standard","has-post-thumbnail","hentry","category-centros-educativos","category-noticias-de-hoy","category-personajes-de-ataref","category-sociedad"],"jetpack_publicize_connections":[],"jetpack_featured_media_url":"https:\/\/i0.wp.com\/miradordeatarfe.es\/wp-content\/uploads\/2024\/01\/007562.gif?fit=250%2C241&ssl=1","jetpack_likes_enabled":true,"jetpack_sharing_enabled":true,"_links":{"self":[{"href":"https:\/\/miradordeatarfe.es\/index.php?rest_route=\/wp\/v2\/posts\/66267","targetHints":{"allow":["GET"]}}],"collection":[{"href":"https:\/\/miradordeatarfe.es\/index.php?rest_route=\/wp\/v2\/posts"}],"about":[{"href":"https:\/\/miradordeatarfe.es\/index.php?rest_route=\/wp\/v2\/types\/post"}],"author":[{"embeddable":true,"href":"https:\/\/miradordeatarfe.es\/index.php?rest_route=\/wp\/v2\/users\/1"}],"replies":[{"embeddable":true,"href":"https:\/\/miradordeatarfe.es\/index.php?rest_route=%2Fwp%2Fv2%2Fcomments&post=66267"}],"version-history":[{"count":4,"href":"https:\/\/miradordeatarfe.es\/index.php?rest_route=\/wp\/v2\/posts\/66267\/revisions"}],"predecessor-version":[{"id":67411,"href":"https:\/\/miradordeatarfe.es\/index.php?rest_route=\/wp\/v2\/posts\/66267\/revisions\/67411"}],"wp:featuredmedia":[{"embeddable":true,"href":"https:\/\/miradordeatarfe.es\/index.php?rest_route=\/wp\/v2\/media\/66268"}],"wp:attachment":[{"href":"https:\/\/miradordeatarfe.es\/index.php?rest_route=%2Fwp%2Fv2%2Fmedia&parent=66267"}],"wp:term":[{"taxonomy":"category","embeddable":true,"href":"https:\/\/miradordeatarfe.es\/index.php?rest_route=%2Fwp%2Fv2%2Fcategories&post=66267"},{"taxonomy":"post_tag","embeddable":true,"href":"https:\/\/miradordeatarfe.es\/index.php?rest_route=%2Fwp%2Fv2%2Ftags&post=66267"}],"curies":[{"name":"wp","href":"https:\/\/api.w.org\/{rel}","templated":true}]}}