{"id":66271,"date":"2024-01-08T11:15:14","date_gmt":"2024-01-08T10:15:14","guid":{"rendered":"https:\/\/miradordeatarfe.es\/?p=66271"},"modified":"2024-01-31T12:46:26","modified_gmt":"2024-01-31T11:46:26","slug":"lluvias-de-baja-intensidad-por-remedios-sanchez","status":"publish","type":"post","link":"https:\/\/miradordeatarfe.es\/?p=66271","title":{"rendered":"\u00abLLUVIAS DE BAJA INTENSIDAD\u00bb por  Remedios S\u00e1nchez"},"content":{"rendered":"<h3 style=\"text-align: justify;\">Con el ritmo melodioso de una lluvia leve hemos empezado en Granada un a\u00f1o nuevo, que es un ni\u00f1o peque\u00f1o que apenas acaba de nacer y al que ya andamos exigi\u00e9ndole que haga milagros.<\/h3>\n<p style=\"text-align: justify;\">Mantenemos esa inocencia de quien siempre espera, como cuando \u00e9ramos ni\u00f1os y escrib\u00edamos la carta a los Reyes Magos. Principiamos 2024 con una carga inmensa de buenos deseos, de esperanzas eternizadas que llevan d\u00e9cadas durmiendo el sue\u00f1o de los justos en el caj\u00f3n donde se guardan, tambi\u00e9n, las buenas palabras que han acabado por convertirse en una oquedad a la que no responde ni el eco. \u00a0Por eso volver a pedir que avance la ciudad con agilidad, en consonancia con la transformaci\u00f3n que ansiamos desde hace casi cuatro d\u00e9cadas, es casi una entelequia para el personal porque el granadinismo militante lleva aparejado un componente de resiliente melancol\u00eda, de infinita paciencia anclada en los zapatos, de dulce tristeza serenada al comp\u00e1s del tiempo.<\/p>\n<p style=\"text-align: justify;\">Por estos lares todo lo que pasa es de baja intensidad, empezando por la llovizna que ha custodiado a sus Majestades de Oriente \u00a0como un roc\u00edo apresurado que refresca algo los campos y perfuma el paisaje, casi como un t\u00edmido preludio primaveral. \u00a0\u00a0Nos aferramos a la m\u00ednima posibilidad de que hubiera llegado el instante preciso para dar el salto al porvenir, ese que se nos resiste tanto, porque tal vez no siempre luchamos con el mismo tes\u00f3n que nuestros vecinos de al lado (l\u00e9ase los malague\u00f1os) o los primos sevillanos.<\/p>\n<p style=\"text-align: justify;\">Granada y su provincia necesitan un empuj\u00f3n, un chaparr\u00f3n persistente, un viento fuerte y alegre que limpie el alcanfor y la nostalgia de lo que nunca sucedi\u00f3, un impulso institucional que debe venir de todas las administraciones; si acaso tuvieran la bondad de dejar de ponerse la zancadilla unas a otras y centrarse en lo trascendental, en el progreso. Ahora vendr\u00eda la pregunta clave: \u00bfqu\u00e9 es lo trascendental? Pues lo de siempre, porque aqu\u00ed somos inasequibles al desaliento aunque no nos lo pongan f\u00e1cil; lo cual que, la carta ciudadana a la clase pol\u00edtica del momento, como la de cualquier ni\u00f1o a sus Majestades de Oriente, pide lo habitual de cada a\u00f1o: \u00a0la mejora de las infraestructuras y las comunicaciones (ay, esa variante de Loja), qu\u00e9 se agilice el tema del corredor Mediterr\u00e1neo, que la presa de Rules empiece a conducir \u00a0agua (caso de que tengamos), que Granada sea capital de la ciencia y la cultura procurando que no se nos tome el pelo desde Madrid cuando optamos a algo (y s\u00ed: me refiero a la Agencia Espa\u00f1ola de Inteligencia Artificial) o que la zona Norte deje de ser noticia por los constantes cortes de luz que impide a sus vecinos hacer vida normal desde hace m\u00e1s de una d\u00e9cada y los va aislando paulatinamente\u2026<\/p>\n<p style=\"text-align: justify;\">Ya se ha dicho: la actitud granad\u00ed no es la de la exigencia visceral revolucionaria sino la del desencanto doliente; pero, a poco que se perciba una br\u00fajula de liderazgo, una oportunidad de avance, nos aferraremos a ella con ambici\u00f3n ilusionada. \u00a0Porque Granada se asemeja un poco al alma de Ganivet, s\u00ed; pero tambi\u00e9n, en ocasiones, asoma, aunque sea de perfil, el \u00edmpetu de Mariana Pineda o la inspiraci\u00f3n de Federico como un torrente creativo. Es esa pasi\u00f3n contenida la que alguna vez (y puede ser en \u00a0este 2024) tendr\u00e1 que desbordarse para salvarnos.<\/p>\n","protected":false},"excerpt":{"rendered":"<p>Con el ritmo melodioso de una lluvia leve hemos empezado en Granada un a\u00f1o nuevo,&#8230;<\/p>\n","protected":false},"author":1,"featured_media":66272,"comment_status":"closed","ping_status":"closed","sticky":false,"template":"","format":"standard","meta":{"_coblocks_attr":"","_coblocks_dimensions":"","_coblocks_responsive_height":"","_coblocks_accordion_ie_support":"","jetpack_post_was_ever_published":false,"_jetpack_newsletter_access":"","_jetpack_dont_email_post_to_subs":false,"_jetpack_newsletter_tier_id":0,"_jetpack_memberships_contains_paywalled_content":false,"_jetpack_memberships_contains_paid_content":false,"footnotes":"","jetpack_publicize_message":"","jetpack_publicize_feature_enabled":true,"jetpack_social_post_already_shared":true,"jetpack_social_options":{"image_generator_settings":{"template":"highway","default_image_id":0,"enabled":false},"version":2}},"categories":[1161,10781,44,6914],"tags":[],"class_list":["post-66271","post","type-post","status-publish","format-standard","has-post-thumbnail","hentry","category-ciudadania","category-granada","category-noticias-de-hoy","category-opinion-de-reme-sanchez"],"jetpack_publicize_connections":[],"jetpack_featured_media_url":"https:\/\/i0.wp.com\/miradordeatarfe.es\/wp-content\/uploads\/2024\/01\/albaic.jpg?fit=750%2C422&ssl=1","jetpack_likes_enabled":true,"jetpack_sharing_enabled":true,"_links":{"self":[{"href":"https:\/\/miradordeatarfe.es\/index.php?rest_route=\/wp\/v2\/posts\/66271","targetHints":{"allow":["GET"]}}],"collection":[{"href":"https:\/\/miradordeatarfe.es\/index.php?rest_route=\/wp\/v2\/posts"}],"about":[{"href":"https:\/\/miradordeatarfe.es\/index.php?rest_route=\/wp\/v2\/types\/post"}],"author":[{"embeddable":true,"href":"https:\/\/miradordeatarfe.es\/index.php?rest_route=\/wp\/v2\/users\/1"}],"replies":[{"embeddable":true,"href":"https:\/\/miradordeatarfe.es\/index.php?rest_route=%2Fwp%2Fv2%2Fcomments&post=66271"}],"version-history":[{"count":2,"href":"https:\/\/miradordeatarfe.es\/index.php?rest_route=\/wp\/v2\/posts\/66271\/revisions"}],"predecessor-version":[{"id":66429,"href":"https:\/\/miradordeatarfe.es\/index.php?rest_route=\/wp\/v2\/posts\/66271\/revisions\/66429"}],"wp:featuredmedia":[{"embeddable":true,"href":"https:\/\/miradordeatarfe.es\/index.php?rest_route=\/wp\/v2\/media\/66272"}],"wp:attachment":[{"href":"https:\/\/miradordeatarfe.es\/index.php?rest_route=%2Fwp%2Fv2%2Fmedia&parent=66271"}],"wp:term":[{"taxonomy":"category","embeddable":true,"href":"https:\/\/miradordeatarfe.es\/index.php?rest_route=%2Fwp%2Fv2%2Fcategories&post=66271"},{"taxonomy":"post_tag","embeddable":true,"href":"https:\/\/miradordeatarfe.es\/index.php?rest_route=%2Fwp%2Fv2%2Ftags&post=66271"}],"curies":[{"name":"wp","href":"https:\/\/api.w.org\/{rel}","templated":true}]}}