{"id":66283,"date":"2024-01-09T09:37:04","date_gmt":"2024-01-09T08:37:04","guid":{"rendered":"https:\/\/miradordeatarfe.es\/?p=66283"},"modified":"2024-01-08T17:41:21","modified_gmt":"2024-01-08T16:41:21","slug":"veinte-conciertos-que-marcaran-la-agenda-musical-del-ano-en-granada","status":"publish","type":"post","link":"https:\/\/miradordeatarfe.es\/?p=66283","title":{"rendered":"Veinte conciertos que marcar\u00e1n la agenda musical del a\u00f1o en Granada"},"content":{"rendered":"<h3 class=\"v-a-sub-t\" style=\"text-align: justify;\">Arranca un a\u00f1o, como de costumbre, apretado de eventos para todos los gustos, y en algunos casos ser\u00e1n citas para la historia<\/h3>\n<p class=\"v-p\" style=\"text-align: justify;\">Pop, rock, m\u00fasica urbana, flamenco, canci\u00f3n de autor o jazz. La agenda musical traer\u00e1 de todo este a\u00f1o en Granada. Habr\u00e1 grandes nombres internacionales y figuras emergentes que est\u00e1n explotando desde esta tierra. Juventud y veteran\u00eda. Alumbramientos y despedidas. Adem\u00e1s de actuaciones previstas de figuras como El Cigala, Albert Pla, Kiki Morente, Raphael o Rozal\u00e9n, repasamos veinte conciertos que marcar\u00e1n la m\u00fasica en vivo en 2024.<\/p>\n<div class=\"v-c-cmp v-c-cmp--t2\" style=\"text-align: justify;\">\n<div class=\"v-d-cmp-chp\">\n<header class=\"v-d-cmp-chp__h\">\n<div class=\"v-d-cmp-chp__c\">\n<p class=\"v-d-cmp-chp__pre-t\">1<\/p>\n<\/div>\n<h3 class=\"v-d-cmp-chp__t\">Arde Bogot\u00e1<\/h3>\n<\/header>\n<\/div>\n<\/div>\n<p class=\"v-p\" style=\"text-align: justify;\">El de Arde Bogot\u00e1 en la Industrial Copera, el 12 de enero y con entradas agotadas, ser\u00e1 el primer gran concierto del a\u00f1o en Granada. Se trata de la banda de rock espa\u00f1ol del momento. Los cartageneros han protagonizado un ascenso mete\u00f3rico en 2023 con la publicaci\u00f3n de &#8216;Cowboys de la A3&#8217;. Disco de oro, dos nominaciones a los Latin Grammy, Premio Ondas a Fen\u00f3meno Musical del a\u00f1o\u2026 Su aspecto empieza a recordar al de aquellos H\u00e9roes del Silencio de estrellato internacional. Ser\u00e1 un lujo disfrutarlos al calor de la sala de La Zubia. En septiembre encabezar\u00e1n el festival Granada Sound.<\/p>\n<div class=\"v-c-cmp v-c-cmp--t2\" style=\"text-align: justify;\">\n<div class=\"v-d-cmp-chp\">\n<header class=\"v-d-cmp-chp__h\">\n<div class=\"v-d-cmp-chp__c\">\n<p class=\"v-d-cmp-chp__pre-t\">2<\/p>\n<\/div>\n<h3 class=\"v-d-cmp-chp__t\">J de Los Planetas<\/h3>\n<\/header>\n<\/div>\n<\/div>\n<p class=\"v-p\" style=\"text-align: justify;\">El l\u00edder de Los Planetas presenta su proyecto en solitario el 13 de enero en el Teatro CajaGranada. La inmersi\u00f3n de J en el material del desaparecido cineasta de culto Iv\u00e1n Zulueta ha quedado plasmada en uno de los mejores discos de 2023, &#8216;Plena pausa&#8217; (solo disponible en formato f\u00edsico). El m\u00fasico granadino se ha sumergido en el metraje in\u00e9dito del donostiarra y ha logrado que ese pop marca de la casa entre en di\u00e1logo con las texturas granuladas del cine. Se prev\u00e9 una experiencia fascinante.<\/p>\n<div class=\"v-c-cmp v-c-cmp--t2\" style=\"text-align: justify;\">\n<div class=\"v-d-cmp-chp\">\n<header class=\"v-d-cmp-chp__h\">\n<div class=\"v-d-cmp-chp__c\">\n<p class=\"v-d-cmp-chp__pre-t\">3<\/p>\n<\/div>\n<h3 class=\"v-d-cmp-chp__t\">Rayden<\/h3>\n<\/header>\n<\/div>\n<\/div>\n<p class=\"v-p\" style=\"text-align: justify;\">Entradas agotadas tambi\u00e9n para ver a Rayden el 9 de febrero en la sala Industrial Copera. El rapero de Alcal\u00e1 de Henares anunci\u00f3 hace casi un a\u00f1o su retirada de la m\u00fasica con esta gira de despedida para dedicarse de lleno a la escritura. &#8216;Tomorrow never knows&#8217;, cantaban los Beatles. Ser\u00e1 una ocasi\u00f3n irrepetible, por ahora, para encontrarse con el verbo tierno y afilado de David Mart\u00ednez \u00c1lvarez.<\/p>\n<div class=\"v-c-cmp v-c-cmp--t2\" style=\"text-align: justify;\">\n<div class=\"v-d-cmp-chp\">\n<header class=\"v-d-cmp-chp__h\">\n<div class=\"v-d-cmp-chp__c\">\n<p class=\"v-d-cmp-chp__pre-t\">4<\/p>\n<\/div>\n<h3 class=\"v-d-cmp-chp__t\">Sidonie<\/h3>\n<\/header>\n<\/div>\n<\/div>\n<p class=\"v-p\" style=\"text-align: justify;\">Sidonie vuelven a Granada el 16 de febrero, a la sala Aliatar. Ni se sabe cu\u00e1ntas veces han actuado los barceloneses en esta ciudad desde aquellas primeras ocasiones en la Pr\u00edncipe, en el Realejo, hace m\u00e1s de veinte a\u00f1os. Pero sus peripecias granadinas dar\u00edan para un libro. De hecho, el tr\u00edo aparece contando batallitas en el reciente documental sobre la sala Planta Baja. Nunca fallan, nunca decepcionan. El suyo es uno de los directos m\u00e1s infalibles del universo pop de este pa\u00eds. Traen bajo el brazo su d\u00e9cimo disco: &#8216;Marc, Axel y Jes&#8217;.<\/p>\n<div class=\"v-c-cmp v-c-cmp--t2\" style=\"text-align: justify;\">\n<div class=\"v-d-cmp-chp\">\n<header class=\"v-d-cmp-chp__h\">\n<div class=\"v-d-cmp-chp__c\">\n<p class=\"v-d-cmp-chp__pre-t\">5<\/p>\n<\/div>\n<h3 class=\"v-d-cmp-chp__t\">Jethro Tull<\/h3>\n<\/header>\n<\/div>\n<\/div>\n<p class=\"v-p\" style=\"text-align: justify;\">Una marca legendaria en la historia del rock, Jethro Tull, estar\u00e1n el 22 de febrero en el Palacio de Congresos. Eternamente asociados a la vertiente inglesa m\u00e1s progresiva, su legado entre 1968 y 1978 sigue deslumbrando. Sobre todo su \u00e1lbum m\u00e1s celebrado, &#8216;Aqualung&#8217; (1971), donde se acu\u00f1aban esos &#8216;riffs&#8217; roqueros envueltos en melod\u00edas folk. El cantante y flautista Ian Anderson se empe\u00f1a en batir r\u00e9cords de longevidad en su regreso por estas tierras.<\/p>\n<div class=\"v-c-cmp v-c-cmp--t2\" style=\"text-align: justify;\">\n<div class=\"v-d-cmp-chp\">\n<header class=\"v-d-cmp-chp__h\">\n<div class=\"v-d-cmp-chp__c\">\n<p class=\"v-d-cmp-chp__pre-t\">6<\/p>\n<\/div>\n<h3 class=\"v-d-cmp-chp__t\">Coque Malla<\/h3>\n<\/header>\n<\/div>\n<\/div>\n<p class=\"v-p\" style=\"text-align: justify;\">Coque Malla actuar\u00e1 en la Industrial Copera el 23 de febrero. Viene con un nuevo disco en el petate, &#8216;Aunque estemos muertos&#8217;. \u00abPresentamos unas canciones que hablan del paso del tiempo, de hallazgos y de p\u00e9rdidas, de fragilidad, de la sombra de la muerte\u2026 Y parad\u00f3jicamente es un \u00e1lbum, en mi opini\u00f3n, muy luminoso\u00bb, advierte quien fuera voz de Los Ronaldos. Hace casi veinte a\u00f1os se le pod\u00eda ver cantar en intimidad en la extinta sala Sugarpop, pero Coque se ha hecho un astronauta gigante.<\/p>\n<div class=\"v-c-cmp v-c-cmp--t2\" style=\"text-align: justify;\">\n<div class=\"v-d-cmp-chp\">\n<header class=\"v-d-cmp-chp__h\">\n<div class=\"v-d-cmp-chp__c\">\n<p class=\"v-d-cmp-chp__pre-t\">7<\/p>\n<\/div>\n<h3 class=\"v-d-cmp-chp__t\">Mayte Mart\u00edn<\/h3>\n<\/header>\n<\/div>\n<\/div>\n<p class=\"v-p\" style=\"text-align: justify;\">Emociones a flor de piel con Mayte Mart\u00edn el 9 de marzo en el Auditorio Manuel de Falla. &#8216;Tatuajes&#8217; es el nombre del nuevo proyecto de la cantaora de Barcelona, que lanzar\u00e1 Nuevos Medios. Con un formato de cuarteto (voz, piano, contrabajo y bater\u00eda) abordar\u00e1 t\u00edtulos asentados en la memoria colectiva. Una esencia similar a la experimentada junto a Tete Montoliu en el maravilloso &#8216;Free boleros&#8217; en 1996.<\/p>\n<div class=\"v-c-cmp v-c-cmp--t2\" style=\"text-align: justify;\">\n<div class=\"v-d-cmp-chp\">\n<header class=\"v-d-cmp-chp__h\">\n<div class=\"v-d-cmp-chp__c\">\n<p class=\"v-d-cmp-chp__pre-t\">8<\/p>\n<\/div>\n<h3 class=\"v-d-cmp-chp__t\">Bad Gyal<\/h3>\n<\/header>\n<\/div>\n<\/div>\n<p class=\"v-p\" style=\"text-align: justify;\">Ojo: Bad Gyal aterrizar\u00e1 el 13 de abril en la Plaza de Toros de Granada. Sin duda, estaremos ante una nueva cita hist\u00f3rica con la m\u00fasica urbana en el ruedo. . \u00abYo soy de la calle, loco, yo no soy Bad Gyal\u00bb, cantaba Cecilio G. Pero lo cierto es que la joven catalana, erigida casi en reverso de Rosal\u00eda, ha cimentado su \u00e9xito internacional partiendo de la experimentaci\u00f3n casera. Y, como reconoc\u00eda en una conversaci\u00f3n con el fil\u00f3sofo Ernesto Castro hace un lustro, hasta las u\u00f1as tienen un significado pol\u00edtico en ella. Antes del espect\u00e1culo habr\u00e1 visto la luz el esperado \u00e1lbum &#8216;La Joia&#8217;.<\/p>\n<div class=\"v-c-cmp v-c-cmp--t2\" style=\"text-align: justify;\">\n<div class=\"v-d-cmp-chp\">\n<header class=\"v-d-cmp-chp__h\">\n<div class=\"v-d-cmp-chp__c\">\n<p class=\"v-d-cmp-chp__pre-t\">9<\/p>\n<\/div>\n<h3 class=\"v-d-cmp-chp__t\">Rodrigo Cuevas<\/h3>\n<\/header>\n<\/div>\n<\/div>\n<p class=\"v-p\" style=\"text-align: justify;\">Rodrigo Cuevas se dejar\u00e1 caer por la Industrial Copera el 27 de abril. Y, atenci\u00f3n, la gira &#8216;La romer\u00eda&#8217; est\u00e1 siendo una de las mayores sensaciones de la m\u00fasica espa\u00f1ola. &#8216;Manual de romer\u00eda&#8217; ha sido elegido mejor disco nacional de 2023 por la prestigiosa cabecera &#8216;Rockdelux&#8217;. Mensaje y audacia. Promete mucho el &#8216;show&#8217; del folclorista provocador.<\/p>\n<div class=\"v-c-cmp v-c-cmp--t2\" style=\"text-align: justify;\">\n<div class=\"v-d-cmp-chp\">\n<header class=\"v-d-cmp-chp__h\">\n<div class=\"v-d-cmp-chp__c\">\n<p class=\"v-d-cmp-chp__pre-t\">10<\/p>\n<\/div>\n<h3 class=\"v-d-cmp-chp__t\">Funzo &amp; Baby Loud<\/h3>\n<\/header>\n<\/div>\n<\/div>\n<p class=\"v-p\" style=\"text-align: justify;\">Faltan cinco meses y ya no quedan entradas para contemplar a Funzo &amp; Baby Loud el 17 de mayo en la Industrial Copera. Los hermanos alicantinos Adri\u00e1n y Juan Carlos Gomis han anunciado que se separan tras m\u00e1s de siete a\u00f1os sacando m\u00fasica juntos. Ponen fin as\u00ed a una trayectoria plagada de &#8216;hits&#8217; como &#8216;Batm\u00f3vil&#8217; o &#8216;Inmortales&#8217;, con m\u00e1s de cincuenta millones de escuchas.<\/p>\n<div class=\"v-c-cmp v-c-cmp--t2\" style=\"text-align: justify;\">\n<div class=\"v-d-cmp-chp\">\n<header class=\"v-d-cmp-chp__h\">\n<div class=\"v-d-cmp-chp__c\">\n<p class=\"v-d-cmp-chp__pre-t\">11<\/p>\n<\/div>\n<h3 class=\"v-d-cmp-chp__t\">La Plazuela<\/h3>\n<\/header>\n<\/div>\n<\/div>\n<p class=\"v-p\" style=\"text-align: justify;\">Y otro hito: La Plazuela, en la Plaza de Toros el 15 de junio. Tuvo que ser en Granada donde algo as\u00ed se gestara, en la encrucijada entre el indie y el &#8216;trap&#8217;. La dupla formada por El Indio y El Nitro no ha parado de crecer a partir del car\u00e1cter que mostraron en el imprescindible sencillo &#8216;Tangos de Copera&#8217;. Manuel Hidalgo y Luis Abril esbozan su af\u00e1n de mestizaje ya desde el t\u00edtulo del disco &#8216;Roneo Funk Club&#8217;.<\/p>\n<div class=\"v-c-cmp v-c-cmp--t2\" style=\"text-align: justify;\">\n<div class=\"v-d-cmp-chp\">\n<header class=\"v-d-cmp-chp__h\">\n<div class=\"v-d-cmp-chp__c\">\n<p class=\"v-d-cmp-chp__pre-t\">12<\/p>\n<\/div>\n<h3 class=\"v-d-cmp-chp__t\">Silvia P\u00e9rez Cruz<\/h3>\n<\/header>\n<\/div>\n<\/div>\n<p class=\"v-p\" style=\"text-align: justify;\">Otra voz imprescindible de nuestro tiempo, Silvia P\u00e9rez Cruz, visitar\u00e1 el Palacio de Congresos el 10 de mayo. Lo har\u00e1 tras publicar uno de los trabajos m\u00e1s sobresalientes de la cosecha de 2023, &#8216;Toda la vida, un d\u00eda&#8217;. La de Palafrugell es un esp\u00edritu libre que redefine el concepto de canci\u00f3n y tradici\u00f3n. A lo largo de su carrera ha abrazado m\u00fasicas como el flamenco, el folk o el jazz para construir un universo propio. En 2022 recibi\u00f3 el premio nacional de M\u00fasicas Actuales.<\/p>\n<div class=\"v-c-cmp v-c-cmp--t2\" style=\"text-align: justify;\">\n<div class=\"v-d-cmp-chp\">\n<header class=\"v-d-cmp-chp__h\">\n<div class=\"v-d-cmp-chp__c\">\n<p class=\"v-d-cmp-chp__pre-t\">13<\/p>\n<\/div>\n<h3 class=\"v-d-cmp-chp__t\">Man\u00e1<\/h3>\n<\/header>\n<\/div>\n<\/div>\n<p class=\"v-p\" style=\"text-align: justify;\">Hay previsi\u00f3n de c\u00f3nclave intergeneracional en el concierto de Man\u00e1 en la Plaza de Toros el 19 de junio. Los mexicanos son la banda latinoamericana de rock m\u00e1s influyente desde hace m\u00e1s de treinta a\u00f1os. Una barbaridad. Sus letras y melod\u00edas se han colado por todas las rendijas vitales imaginables. T\u00e9rminos como &#8216;cl\u00e1sico&#8217; o &#8216;himno&#8217; incluso se quedan cortos ante canciones como &#8216;Oye mi amor&#8217;, &#8216;Rayando el sol&#8217;, &#8216;Clavado en un bar&#8217; o &#8216;En el Muelle de San Blas&#8217;.<\/p>\n<div class=\"v-c-cmp v-c-cmp--t2\" style=\"text-align: justify;\">\n<div class=\"v-d-cmp-chp\">\n<header class=\"v-d-cmp-chp__h\">\n<div class=\"v-d-cmp-chp__c\">\n<p class=\"v-d-cmp-chp__pre-t\">14<\/p>\n<\/div>\n<h3 class=\"v-d-cmp-chp__t\">Lola \u00cdndigo<\/h3>\n<\/header>\n<\/div>\n<\/div>\n<p class=\"v-p\" style=\"text-align: justify;\">La tercera edici\u00f3n del Granada Latina Festival ha anunciado a la granadina Lola \u00cdndigo como gran aliciente el 22 de junio en el Cortijo del Conde. Un cartel en el que tambi\u00e9n figura Morad. Por lo pronto, Miriam Doblas ha causado furor esta Navidad con el paisano Saiko en el centro comercial Serrallo. Tambi\u00e9n es reciente su arrolladora puesta en escena en el Palacio de Deportes con su gira &#8216;El drag\u00f3n&#8217;.<\/p>\n<div class=\"v-c-cmp v-c-cmp--t2\" style=\"text-align: justify;\">\n<div class=\"v-d-cmp-chp\">\n<header class=\"v-d-cmp-chp__h\">\n<div class=\"v-d-cmp-chp__c\">\n<p class=\"v-d-cmp-chp__pre-t\">15<\/p>\n<\/div>\n<h3 class=\"v-d-cmp-chp__t\">Camilo<\/h3>\n<\/header>\n<\/div>\n<\/div>\n<p class=\"v-p\" style=\"text-align: justify;\">El colombiano Camilo regresar para dar la bienvenida al verano, el 23 de junio en la Plaza de Toros. Se ha dicho de \u00e9l que es el chico bueno del reguet\u00f3n. M\u00fasica urbana de tamiz pop que llena espacios tama\u00f1o XXL.<\/p>\n<div class=\"v-c-cmp v-c-cmp--t2\" style=\"text-align: justify;\">\n<div class=\"v-d-cmp-chp\">\n<header class=\"v-d-cmp-chp__h\">\n<div class=\"v-d-cmp-chp__c\">\n<p class=\"v-d-cmp-chp__pre-t\">16<\/p>\n<\/div>\n<h3 class=\"v-d-cmp-chp__t\">Estopa<\/h3>\n<\/header>\n<\/div>\n<\/div>\n<p class=\"v-p\" style=\"text-align: justify;\">Los hermanos David y Jos\u00e9 Manuel Mu\u00f1oz cantar\u00e1n sus rumbitas universales el 29 de junio en la Plaza de Toros. Por ahora, &#8216;El d\u00eda que t\u00fa te marches&#8217; es el adelanto del disco que van a lanzar en 2024. Estopa celebran un cuarto de siglo de carrera, de palmas, de estribillos y de noches borrosas. Poco m\u00e1s que a\u00f1adir.<\/p>\n<div class=\"v-c-cmp v-c-cmp--t2\" style=\"text-align: justify;\">\n<div class=\"v-d-cmp-chp\">\n<header class=\"v-d-cmp-chp__h\">\n<div class=\"v-d-cmp-chp__c\">\n<p class=\"v-d-cmp-chp__pre-t\">17<\/p>\n<\/div>\n<h3 class=\"v-d-cmp-chp__t\">Diana Krall<\/h3>\n<\/header>\n<\/div>\n<\/div>\n<p class=\"v-p\" style=\"text-align: justify;\">Diana Krall estrenar\u00e1 el ciclo 1001 M\u00fasicas CaixaBank el 23 de julio en el Teatro del Generalife. Ocurrir\u00e1 menos de un a\u00f1o despu\u00e9s del paso de su marido, el m\u00edtico Elvis Costello, por el mismo escenario. La canadiense es una de las vocalistas de jazz de mayor \u00e9xito comercial en el mundo, sobre todo en los albores de este siglo. Krall se enamor\u00f3 del jazz escuchando a Fats Waller y Count Basie cuando era ni\u00f1a. Fue descubierta y apadrinada por un hist\u00f3rico, el contrabajista Ray Brown. Ha grabado con sellos legendarios como Impulse o Verve. Y ha recreado con nota el repertorio de grandes como Nat King Cole, Cole Porter o Tom Jobim. Tras su estela vinieron Norah Jones y tantas otras. Promete, promete.<\/p>\n<div class=\"v-c-cmp v-c-cmp--t2\" style=\"text-align: justify;\">\n<div class=\"v-d-cmp-chp\">\n<header class=\"v-d-cmp-chp__h\">\n<div class=\"v-d-cmp-chp__c\">\n<p class=\"v-d-cmp-chp__pre-t\">18<\/p>\n<\/div>\n<h3 class=\"v-d-cmp-chp__t\">Simple Minds<\/h3>\n<\/header>\n<\/div>\n<\/div>\n<p class=\"v-p\" style=\"text-align: justify;\">Tras Diana Krall, el Generalife acoger\u00e1 el 26 de julio el retorno a Granada de otra banda hist\u00f3rica de Glasgow: Simple Minds. Los de Jim Kerr arrastran una leyenda de m\u00e1s de 45 a\u00f1os y ejercen de supervivientes de la \u00e9pica sonora que los grupos de las islas modelaron en los primeros ochenta. Temas como &#8216;Alive and kicking&#8217; o &#8216;Don&#8217;t you (forget about me)&#8217; se aquilataron en el recuerdo desde entonces. Tambi\u00e9n ese himno t\u00f3rrido y electrizante llamado &#8216;Love song&#8217;, en Espa\u00f1a recordado para siempre como sinton\u00eda nocturna de la radio deportiva de Jos\u00e9 Mar\u00eda Garc\u00eda.<\/p>\n<div class=\"v-c-cmp v-c-cmp--t2\" style=\"text-align: justify;\">\n<div class=\"v-d-cmp-chp\">\n<header class=\"v-d-cmp-chp__h\">\n<div class=\"v-d-cmp-chp__c\">\n<p class=\"v-d-cmp-chp__pre-t\">19<\/p>\n<\/div>\n<h3 class=\"v-d-cmp-chp__t\">Manolo Garc\u00eda<\/h3>\n<\/header>\n<\/div>\n<\/div>\n<p class=\"v-p\" style=\"text-align: justify;\">Manolo Garc\u00eda despedir\u00e1 el verano granadino el 21 de septiembre en la Plaza de Toros. Desde su oficina se\u00f1alan que ser\u00e1 en formato el\u00e9ctrico, con una \u00abvibrante escenograf\u00eda\u00bb. Siempre resulta interesante y feliz el encuentro con el artista del Poblenou, y m\u00e1s ahora que anda revisitando el legado de El \u00daltimo de la Fila y reflexionando sobre su debut en solitario con el magn\u00edfico &#8216;Arena en los bolsillos&#8217;.<\/p>\n<div class=\"v-c-cmp v-c-cmp--t2\" style=\"text-align: justify;\">\n<div class=\"v-d-cmp-chp\">\n<header class=\"v-d-cmp-chp__h\">\n<div class=\"v-d-cmp-chp__c\">\n<p class=\"v-d-cmp-chp__pre-t\">20<\/p>\n<\/div>\n<h3 class=\"v-d-cmp-chp__t\">Ni\u00f1os Mutantes<\/h3>\n<\/header>\n<\/div>\n<\/div>\n<p class=\"v-p\" style=\"text-align: justify;\">Faltar\u00e1n pa\u00f1uelos para el lagrimeo torrencial que se espera en la despedida de Ni\u00f1os Mutantes, poniendo fin a treinta a\u00f1os de carrera, ya con tres fechas anunciadas en el Teatro CajaGranada (16, 22 y 23 de noviembre). \u00abReconforta saber que hemos sido tan importantes para tanta gente\u00bb, apuntaron hace unos d\u00edas en estas p\u00e1ginas. En Granada hemos asistido a varias ceremonias de adi\u00f3s (tambi\u00e9n a m\u00e1s de una resurrecci\u00f3n), pero esto tiene pinta de que no se parecer\u00e1 a nada de lo vivido con anterioridad.<\/p>\n<p><strong>Eduardo T\u00e9bar<\/strong><\/p>\n<p>https:\/\/www.ideal.es\/culturas\/musica\/veinte-conciertos-marcaran-agenda-musical-ano-granada-20240107235157-nt.html<\/p>\n","protected":false},"excerpt":{"rendered":"<p>Arranca un a\u00f1o, como de costumbre, apretado de eventos para todos los gustos, y en&#8230;<\/p>\n","protected":false},"author":1,"featured_media":66284,"comment_status":"closed","ping_status":"closed","sticky":false,"template":"","format":"standard","meta":{"_coblocks_attr":"","_coblocks_dimensions":"","_coblocks_responsive_height":"","_coblocks_accordion_ie_support":"","jetpack_post_was_ever_published":false,"_jetpack_newsletter_access":"","_jetpack_dont_email_post_to_subs":false,"_jetpack_newsletter_tier_id":0,"_jetpack_memberships_contains_paywalled_content":false,"_jetpack_memberships_contains_paid_content":false,"footnotes":"","jetpack_publicize_message":"","jetpack_publicize_feature_enabled":true,"jetpack_social_post_already_shared":true,"jetpack_social_options":{"image_generator_settings":{"template":"highway","default_image_id":0,"enabled":false},"version":2}},"categories":[1161,10781,44],"tags":[],"class_list":["post-66283","post","type-post","status-publish","format-standard","has-post-thumbnail","hentry","category-ciudadania","category-granada","category-noticias-de-hoy"],"jetpack_publicize_connections":[],"jetpack_featured_media_url":"https:\/\/i0.wp.com\/miradordeatarfe.es\/wp-content\/uploads\/2024\/01\/agenda.webp?fit=1200%2C840&ssl=1","jetpack_likes_enabled":true,"jetpack_sharing_enabled":true,"_links":{"self":[{"href":"https:\/\/miradordeatarfe.es\/index.php?rest_route=\/wp\/v2\/posts\/66283","targetHints":{"allow":["GET"]}}],"collection":[{"href":"https:\/\/miradordeatarfe.es\/index.php?rest_route=\/wp\/v2\/posts"}],"about":[{"href":"https:\/\/miradordeatarfe.es\/index.php?rest_route=\/wp\/v2\/types\/post"}],"author":[{"embeddable":true,"href":"https:\/\/miradordeatarfe.es\/index.php?rest_route=\/wp\/v2\/users\/1"}],"replies":[{"embeddable":true,"href":"https:\/\/miradordeatarfe.es\/index.php?rest_route=%2Fwp%2Fv2%2Fcomments&post=66283"}],"version-history":[{"count":1,"href":"https:\/\/miradordeatarfe.es\/index.php?rest_route=\/wp\/v2\/posts\/66283\/revisions"}],"predecessor-version":[{"id":66285,"href":"https:\/\/miradordeatarfe.es\/index.php?rest_route=\/wp\/v2\/posts\/66283\/revisions\/66285"}],"wp:featuredmedia":[{"embeddable":true,"href":"https:\/\/miradordeatarfe.es\/index.php?rest_route=\/wp\/v2\/media\/66284"}],"wp:attachment":[{"href":"https:\/\/miradordeatarfe.es\/index.php?rest_route=%2Fwp%2Fv2%2Fmedia&parent=66283"}],"wp:term":[{"taxonomy":"category","embeddable":true,"href":"https:\/\/miradordeatarfe.es\/index.php?rest_route=%2Fwp%2Fv2%2Fcategories&post=66283"},{"taxonomy":"post_tag","embeddable":true,"href":"https:\/\/miradordeatarfe.es\/index.php?rest_route=%2Fwp%2Fv2%2Ftags&post=66283"}],"curies":[{"name":"wp","href":"https:\/\/api.w.org\/{rel}","templated":true}]}}