{"id":66292,"date":"2024-01-09T08:22:40","date_gmt":"2024-01-09T07:22:40","guid":{"rendered":"https:\/\/miradordeatarfe.es\/?p=66292"},"modified":"2024-01-09T11:19:33","modified_gmt":"2024-01-09T10:19:33","slug":"un-ano-de-exitos-en-15-personajes-granadinos","status":"publish","type":"post","link":"https:\/\/miradordeatarfe.es\/?p=66292","title":{"rendered":"Un a\u00f1o de \u00e9xitos en 15 personajes granadinos"},"content":{"rendered":"<h3 class=\"v-p\" style=\"text-align: justify;\">Con motivo del cambio de a\u00f1o, IDEAL repasa las historias de 15 personajes granadinos que cierran un 2023 triunfal o abren un 2024 prometedor.<\/h3>\n<p class=\"v-p\" style=\"text-align: justify;\">Profesionales premiados, estudiantes becados, pacientes trasplantados, empresarios afortunados o artistas reconocidos, son algunos de los perfiles que resumen 365 de \u00e9xitos pasados o venideros.<\/p>\n<div class=\"v-c-cmp v-c-cmp--t2\" style=\"text-align: justify;\">\n<div class=\"v-d-cmp-chp\">\n<header class=\"v-d-cmp-chp__h\">\n<div class=\"v-d-cmp-chp__image\"><img data-recalc-dims=\"1\" decoding=\"async\" class=\"v-d-cmp-chp__img\" src=\"https:\/\/i0.wp.com\/s3.ppllstatics.com\/ideal\/www\/multimedia\/2024\/01\/07\/barista1-kaaG-U2101151342393CQH-208x112%40Ideal.jpg?w=640&#038;ssl=1\" alt=\"\u00abEl caf\u00e9 me ha dado alas para hacer feliz a la gente\u00bb\" data-src=\"https:\/\/s3.ppllstatics.com\/ideal\/www\/multimedia\/2024\/01\/07\/barista1-kaaG-U2101151342393CQH-208x112@Ideal.jpg\" \/><\/div>\n<div class=\"v-d-cmp-chp__c\">\n<p class=\"v-d-cmp-chp__pre-t\">Barista <span class=\"v-d-cmp-chp__nd-pre-t\">Francisco Jos\u00e9 Lorca<\/span><\/p>\n<\/div>\n<\/header>\n<\/div>\n<\/div>\n<div class=\"v-c-cmp v-c-cmp--t2\" style=\"text-align: justify;\">\n<div class=\"v-d-cmp-chp\">\n<header class=\"v-d-cmp-chp__h\">\n<h3 class=\"v-d-cmp-chp__t\">\u00abEl caf\u00e9 me ha dado alas para hacer feliz a la gente\u00bb<\/h3>\n<\/header>\n<\/div>\n<\/div>\n<p class=\"v-p\" style=\"text-align: justify;\">Francisco Jos\u00e9 Lorca, empleado de la cafeter\u00eda granadina Kona, celebra el a\u00f1o en el que <a title=\"www.ideal.es\" href=\"https:\/\/www.ideal.es\/navidad-en-granada\/cafe-dado-alas-feliz-gente-20231223091823-nt.html\" data-voc-vtm-id=\"in-text-traffic\" data-mrf-link=\"https:\/\/www.ideal.es\/navidad-en-granada\/cafe-dado-alas-feliz-gente-20231223091823-nt.html\">ha sido reconocido como uno de los mejores baristas de Espa\u00f1a<\/a> por su dedicaci\u00f3n al caf\u00e9 de especialidad.<\/p>\n<div class=\"v-c-cmp v-c-cmp--t2\" style=\"text-align: justify;\">\n<div class=\"v-d-cmp-chp\">\n<header class=\"v-d-cmp-chp__h\">\n<div class=\"v-d-cmp-chp__image\"><img data-recalc-dims=\"1\" decoding=\"async\" class=\"v-d-cmp-chp__img\" src=\"https:\/\/i0.wp.com\/s2.ppllstatics.com\/ideal\/www\/multimedia\/2024\/01\/07\/trasplantado1-kaaG-U2101151342393z7H-208x112%40Ideal.jpg?w=640&#038;ssl=1\" alt=\"\u00abHe vuelto a nacer, tengo una bater\u00eda nueva\u00bb\" data-src=\"https:\/\/s2.ppllstatics.com\/ideal\/www\/multimedia\/2024\/01\/07\/trasplantado1-kaaG-U2101151342393z7H-208x112@Ideal.jpg\" \/><\/div>\n<div class=\"v-d-cmp-chp__c\">\n<p class=\"v-d-cmp-chp__pre-t\">Trasplantado <span class=\"v-d-cmp-chp__nd-pre-t\">\u00d3scar Jim\u00e9nez<\/span><\/p>\n<\/div>\n<h3 class=\"v-d-cmp-chp__t\">\u00abHe vuelto a nacer, tengo una bater\u00eda nueva\u00bb<\/h3>\n<\/header>\n<\/div>\n<\/div>\n<p class=\"v-p\" style=\"text-align: justify;\">El vecino armillero \u00d3scar Jim\u00e9nez <a title=\"www.ideal.es\" href=\"https:\/\/www.ideal.es\/navidad-en-granada\/vuelto-nacer-bateria-nueva-20231224230546-nt.html\" data-voc-vtm-id=\"in-text-traffic\" data-mrf-link=\"https:\/\/www.ideal.es\/navidad-en-granada\/vuelto-nacer-bateria-nueva-20231224230546-nt.html\">recibi\u00f3 un trasplante de h\u00edgado en enero para salir adelante<\/a> tras un lustro con problemas de salud. Cerca de un a\u00f1o despu\u00e9s sonr\u00ede radiante para celebrar su vuelta a la vida junto a su mujer, su hijo y sus seres queridos.<\/p>\n<div class=\"v-c-cmp v-c-cmp--t2\" style=\"text-align: justify;\">\n<div class=\"v-d-cmp-chp\">\n<header class=\"v-d-cmp-chp__h\">\n<div class=\"v-d-cmp-chp__image\"><img data-recalc-dims=\"1\" decoding=\"async\" class=\"v-d-cmp-chp__img\" src=\"https:\/\/i0.wp.com\/s1.ppllstatics.com\/ideal\/www\/multimedia\/2024\/01\/07\/anarce1-kaaG-U2101151342393iAC-208x112%40Ideal.jpg?w=640&#038;ssl=1\" alt=\"\u00abHe conseguido vivir de Annarce en este 2023\u00bb\" data-src=\"https:\/\/s1.ppllstatics.com\/ideal\/www\/multimedia\/2024\/01\/07\/anarce1-kaaG-U2101151342393iAC-208x112@Ideal.jpg\" \/><\/div>\n<div class=\"v-d-cmp-chp__c\">\n<p class=\"v-d-cmp-chp__pre-t\">Artista <span class=\"v-d-cmp-chp__nd-pre-t\">Annarce<\/span><\/p>\n<\/div>\n<h3 class=\"v-d-cmp-chp__t\">\u00abHe conseguido vivir de Annarce en este 2023\u00bb<\/h3>\n<\/header>\n<\/div>\n<\/div>\n<p class=\"v-p\" style=\"text-align: justify;\">El rapero granadino Ismael Cervera ha obtenido gran visibilidad durante este a\u00f1o y <a title=\"www.ideal.es\" href=\"https:\/\/www.ideal.es\/navidad-en-granada\/conseguido-vivir-annarce-2023-20231225091313-nt.html\" data-voc-vtm-id=\"in-text-traffic\" data-mrf-link=\"https:\/\/www.ideal.es\/navidad-en-granada\/conseguido-vivir-annarce-2023-20231225091313-nt.html\">concienciar a medio mundo en temas como el Alzh\u00e9imer<\/a> con sus canciones.<\/p>\n<div class=\"v-c-cmp v-c-cmp--t2\" style=\"text-align: justify;\">\n<div class=\"v-d-cmp-chp\">\n<header class=\"v-d-cmp-chp__h\">\n<div class=\"v-d-cmp-chp__image\"><img data-recalc-dims=\"1\" decoding=\"async\" class=\"v-d-cmp-chp__img\" src=\"https:\/\/i0.wp.com\/s3.ppllstatics.com\/ideal\/www\/multimedia\/2024\/01\/07\/parroco1-kaaG-U2101151342393F5C-208x112%40Ideal.jpg?w=640&#038;ssl=1\" alt=\"\u00abEsta parroquia est\u00e1 todo el d\u00eda abierta, ha sido nuestro a\u00f1o\u00bb\" data-src=\"https:\/\/s3.ppllstatics.com\/ideal\/www\/multimedia\/2024\/01\/07\/parroco1-kaaG-U2101151342393F5C-208x112@Ideal.jpg\" \/><\/div>\n<div class=\"v-d-cmp-chp__c\">\n<p class=\"v-d-cmp-chp__pre-t\">P\u00e1rroco <span class=\"v-d-cmp-chp__nd-pre-t\">Juan Jes\u00fas Gea<\/span><\/p>\n<\/div>\n<h3 class=\"v-d-cmp-chp__t\">\u00abEsta parroquia est\u00e1 todo el d\u00eda abierta, ha sido nuestro a\u00f1o\u00bb<\/h3>\n<\/header>\n<\/div>\n<\/div>\n<p class=\"v-p\" style=\"text-align: justify;\">El templo dedicado al Esp\u00edritu Santo lleno de feligreses tras terminar las obras y mudarse del viejo local es la mejor noticia para la comunidad cat\u00f3lica de Joaquina Eguaras, <a title=\"www.ideal.es\" href=\"https:\/\/www.ideal.es\/navidad-en-granada\/parroquia-dia-abierta-ano-20231226235801-nt.html\" data-voc-vtm-id=\"in-text-traffic\" data-mrf-link=\"https:\/\/www.ideal.es\/navidad-en-granada\/parroquia-dia-abierta-ano-20231226235801-nt.html\">como cuenta su p\u00e1rroco<\/a> Juan Jes\u00fas Gea.<\/p>\n<div class=\"v-c-cmp v-c-cmp--t2\" style=\"text-align: justify;\">\n<div class=\"v-d-cmp-chp\">\n<header class=\"v-d-cmp-chp__h\">\n<div class=\"v-d-cmp-chp__image\"><img data-recalc-dims=\"1\" decoding=\"async\" class=\"v-d-cmp-chp__img\" src=\"https:\/\/i0.wp.com\/s3.ppllstatics.com\/ideal\/www\/multimedia\/2024\/01\/07\/ada-mar-kaaG-U2101151342393RyB-208x112%40Ideal.jpg?w=640&#038;ssl=1\" alt=\"\u00abSiempre so\u00f1\u00e9 con ser actriz de cine\u00bb\" data-src=\"https:\/\/s3.ppllstatics.com\/ideal\/www\/multimedia\/2024\/01\/07\/ada-mar-kaaG-U2101151342393RyB-208x112@Ideal.jpg\" \/><\/div>\n<div class=\"v-d-cmp-chp__c\">\n<p class=\"v-d-cmp-chp__pre-t\">Actriz <span class=\"v-d-cmp-chp__nd-pre-t\">Ada Mar<\/span><\/p>\n<\/div>\n<h3 class=\"v-d-cmp-chp__t\">\u00abSiempre so\u00f1\u00e9 con ser actriz de cine\u00bb<\/h3>\n<\/header>\n<\/div>\n<\/div>\n<p class=\"v-p\" style=\"text-align: justify;\">La artista Ada Mar, de tan solo 21 a\u00f1os, ha encarnado el papel de Nieves, <a title=\"www.ideal.es\" href=\"https:\/\/www.ideal.es\/navidad-en-granada\/siempre-sone-actriz-cine-20231227004738-nt.html\" data-voc-vtm-id=\"in-text-traffic\" data-mrf-link=\"https:\/\/www.ideal.es\/navidad-en-granada\/siempre-sone-actriz-cine-20231227004738-nt.html\">la protagonista de la exitosa pel\u00edcula granadina &#8216;Secaderos&#8217;<\/a>, el filme escrito y dirigido por Roc\u00edo Mesa que se proyectado en salas de toda Espa\u00f1a.<\/p>\n<div class=\"v-c-cmp v-c-cmp--t2\" style=\"text-align: justify;\">\n<div class=\"v-d-cmp-chp\">\n<header class=\"v-d-cmp-chp__h\">\n<div class=\"v-d-cmp-chp__image\"><img data-recalc-dims=\"1\" decoding=\"async\" class=\"v-d-cmp-chp__img\" src=\"https:\/\/i0.wp.com\/s2.ppllstatics.com\/ideal\/www\/multimedia\/2024\/01\/07\/libreria1-kaaG-U2101151342393LsH-208x112%40Ideal.jpg?w=640&#038;ssl=1\" alt=\"\u00abLa apertura de nuestra librer\u00eda ha sido como tener otro hijo\u00bb\" data-src=\"https:\/\/s2.ppllstatics.com\/ideal\/www\/multimedia\/2024\/01\/07\/libreria1-kaaG-U2101151342393LsH-208x112@Ideal.jpg\" \/><\/div>\n<div class=\"v-d-cmp-chp__c\">\n<p class=\"v-d-cmp-chp__pre-t\">Nueva librer\u00eda <span class=\"v-d-cmp-chp__nd-pre-t\">Daniel y Noa<\/span><\/p>\n<\/div>\n<h3 class=\"v-d-cmp-chp__t\">\u00abLa apertura de nuestra librer\u00eda ha sido como tener otro hijo\u00bb<\/h3>\n<\/header>\n<\/div>\n<\/div>\n<p class=\"v-p\" style=\"text-align: justify;\">Daniel y Noa <a title=\"www.ideal.es\" href=\"https:\/\/www.ideal.es\/navidad-en-granada\/apertura-libreria-tener-hijo-20231228003034-nt.html\" data-voc-vtm-id=\"in-text-traffic\" data-mrf-link=\"https:\/\/www.ideal.es\/navidad-en-granada\/apertura-libreria-tener-hijo-20231228003034-nt.html\">inauguraron El Asterisco en mayo de 2023<\/a>, su primer negocio varios a\u00f1os despu\u00e9s de recalar en la capital con el que esperan promover la cultura local y al que adoran como si fuera uno m\u00e1s de la familia.<\/p>\n<div class=\"v-c-cmp v-c-cmp--t2\" style=\"text-align: justify;\">\n<div class=\"v-d-cmp-chp\">\n<header class=\"v-d-cmp-chp__h\">\n<div class=\"v-d-cmp-chp__image\"><img data-recalc-dims=\"1\" decoding=\"async\" class=\"v-d-cmp-chp__img\" src=\"https:\/\/i0.wp.com\/s1.ppllstatics.com\/ideal\/www\/multimedia\/2024\/01\/07\/ana-roldan-selectividad-kaaG-U2101151342393UT-208x112%40Ideal.jpg?w=640&#038;ssl=1\" alt=\"\u00abHe conseguido mi sue\u00f1o, desde peque\u00f1a: estudiar Medicina\u00bb\" data-src=\"https:\/\/s1.ppllstatics.com\/ideal\/www\/multimedia\/2024\/01\/07\/ana-roldan-selectividad-kaaG-U2101151342393UT-208x112@Ideal.jpg\" \/><\/div>\n<div class=\"v-d-cmp-chp__c\">\n<p class=\"v-d-cmp-chp__pre-t\">La mejor Selectividad <span class=\"v-d-cmp-chp__nd-pre-t\">Ana Rold\u00e1n<\/span><\/p>\n<\/div>\n<h3 class=\"v-d-cmp-chp__t\">\u00abHe conseguido mi sue\u00f1o, desde peque\u00f1a: estudiar Medicina\u00bb<\/h3>\n<\/header>\n<\/div>\n<\/div>\n<p class=\"v-p\" style=\"text-align: justify;\">Ana logr\u00f3 <a title=\"www.ideal.es\" href=\"https:\/\/www.ideal.es\/navidad-en-granada\/conseguido-sueno-pequena-estudiar-medicina-20231229234852-nt.html\" data-voc-vtm-id=\"in-text-traffic\" data-mrf-link=\"https:\/\/www.ideal.es\/navidad-en-granada\/conseguido-sueno-pequena-estudiar-medicina-20231229234852-nt.html\">una nota excelente en selectividad<\/a>, recibi\u00f3 premios, creci\u00f3 a nivel personal y de 2024 espera aprobar todo en la Universidad y disfrutar m\u00e1s de sus amigos y familia.<\/p>\n<div class=\"v-c-cmp v-c-cmp--t2\" style=\"text-align: justify;\">\n<div class=\"v-d-cmp-chp\">\n<header class=\"v-d-cmp-chp__h\">\n<div class=\"v-d-cmp-chp__image\"><img data-recalc-dims=\"1\" decoding=\"async\" class=\"v-d-cmp-chp__img\" src=\"https:\/\/i0.wp.com\/s3.ppllstatics.com\/ideal\/www\/multimedia\/2024\/01\/07\/krate1-kaaG-U2101151342393TEF-208x112%40Ideal.jpg?w=640&#038;ssl=1\" alt=\"\u00abHe cumplido mi sue\u00f1o de ser campe\u00f3n\u00bb\" data-src=\"https:\/\/s3.ppllstatics.com\/ideal\/www\/multimedia\/2024\/01\/07\/krate1-kaaG-U2101151342393TEF-208x112@Ideal.jpg\" \/><\/div>\n<div class=\"v-d-cmp-chp__c\">\n<p class=\"v-d-cmp-chp__pre-t\">Karateka <span class=\"v-d-cmp-chp__nd-pre-t\">Alejandro Jim\u00e9nez<\/span><\/p>\n<\/div>\n<h3 class=\"v-d-cmp-chp__t\">\u00abHe cumplido mi sue\u00f1o de ser campe\u00f3n\u00bb<\/h3>\n<\/header>\n<\/div>\n<\/div>\n<p class=\"v-p\" style=\"text-align: justify;\">El karateka Alejandro Jim\u00e9nez ha sido seleccionado para defender a Espa\u00f1a con la selecci\u00f3n absoluta, y tras ser campe\u00f3n de Europa <a title=\"www.ideal.es\" href=\"https:\/\/www.ideal.es\/navidad-en-granada\/cumplido-sueno-campeon-20231230000617-nt.html\" data-voc-vtm-id=\"in-text-traffic\" data-mrf-link=\"https:\/\/www.ideal.es\/navidad-en-granada\/cumplido-sueno-campeon-20231230000617-nt.html\">este a\u00f1o incre\u00edble y lleno de medallas y experiencias<\/a>, entrena para serlo del mundo.<\/p>\n<div class=\"v-c-cmp v-c-cmp--t2\" style=\"text-align: justify;\">\n<div class=\"v-d-cmp-chp\">\n<header class=\"v-d-cmp-chp__h\">\n<div class=\"v-d-cmp-chp__image\"><img data-recalc-dims=\"1\" decoding=\"async\" class=\"v-d-cmp-chp__img\" src=\"https:\/\/i0.wp.com\/s2.ppllstatics.com\/ideal\/www\/multimedia\/2024\/01\/07\/investigador1-kaaG-U2101151342393wH-208x112%40Ideal.jpg?w=640&#038;ssl=1\" alt=\"Una investigaci\u00f3n hist\u00f3rica de diez millones de euros para Granada\" data-src=\"https:\/\/s2.ppllstatics.com\/ideal\/www\/multimedia\/2024\/01\/07\/investigador1-kaaG-U2101151342393wH-208x112@Ideal.jpg\" \/><\/div>\n<div class=\"v-d-cmp-chp__c\">\n<p class=\"v-d-cmp-chp__pre-t\">Investigador <span class=\"v-d-cmp-chp__nd-pre-t\">Guillermo Garc\u00eda-Contreras<\/span><\/p>\n<\/div>\n<h3 class=\"v-d-cmp-chp__t\">Una investigaci\u00f3n hist\u00f3rica de diez millones de euros para Granada<\/h3>\n<\/header>\n<\/div>\n<\/div>\n<p class=\"v-p\" style=\"text-align: justify;\">Experto en la Edad Media, este granadino <a title=\"www.ideal.es\" href=\"https:\/\/www.ideal.es\/navidad-en-granada\/investigacion-historica-diez-millones-euros-granada-20231231000054-nt.html\" data-voc-vtm-id=\"in-text-traffic\" data-mrf-link=\"https:\/\/www.ideal.es\/navidad-en-granada\/investigacion-historica-diez-millones-euros-granada-20231231000054-nt.html\">arranc\u00f3 en junio uno de los proyectos de investigaci\u00f3n m\u00e1s grandes de la Universidad<\/a>, un viaje que durar\u00e1 seis a\u00f1os y que implica a siete universidades internacionales. \u00abEs un reto multidisciplinar que est\u00e1 en la intersecci\u00f3n entre la ciencia humanista y las ciencias ambientales\u00bb.<\/p>\n<div class=\"v-c-cmp v-c-cmp--t2\" style=\"text-align: justify;\">\n<div class=\"v-d-cmp-chp\">\n<header class=\"v-d-cmp-chp__h\">\n<div class=\"v-d-cmp-chp__image\"><img data-recalc-dims=\"1\" decoding=\"async\" class=\"v-d-cmp-chp__img\" src=\"https:\/\/i0.wp.com\/s1.ppllstatics.com\/ideal\/www\/multimedia\/2024\/01\/07\/opositora1-kaaG-U2101151342393kJC-208x112%40Ideal.jpg?w=640&#038;ssl=1\" alt=\"\u00abVoy a disfrutar de todo lo que tanto me ha costado lograr\u00bb\" data-src=\"https:\/\/s1.ppllstatics.com\/ideal\/www\/multimedia\/2024\/01\/07\/opositora1-kaaG-U2101151342393kJC-208x112@Ideal.jpg\" \/><\/div>\n<div class=\"v-d-cmp-chp__c\">\n<p class=\"v-d-cmp-chp__pre-t\">Profesora <span class=\"v-d-cmp-chp__nd-pre-t\">Olga Garz\u00f3n<\/span><\/p>\n<\/div>\n<h3 class=\"v-d-cmp-chp__t\">\u00abVoy a disfrutar de todo lo que tanto me ha costado lograr\u00bb<\/h3>\n<\/header>\n<\/div>\n<\/div>\n<p class=\"v-p\" style=\"text-align: justify;\">En la flor de la vida, Olga se ha pasado los \u00faltimos seis a\u00f1os prepar\u00e1ndose para poder ser profesora. Para ello se gradu\u00f3 en la UGR, curs\u00f3 un m\u00e1ster y, por \u00faltimo, se encerr\u00f3 en Baza para preparar <a title=\"www.ideal.es\" href=\"https:\/\/www.ideal.es\/navidad-en-granada\/disfrutar-costado-lograr-20240101090937-nt.html\" data-voc-vtm-id=\"in-text-traffic\" data-mrf-link=\"https:\/\/www.ideal.es\/navidad-en-granada\/disfrutar-costado-lograr-20240101090937-nt.html\">una oposici\u00f3n que la logrado aprobar a la primera<\/a>. \u00c9xito de la mano del sacrificio que en 2024 le convierte en una mujer libre e independiente.<\/p>\n<div class=\"v-c-cmp v-c-cmp--t2\" style=\"text-align: justify;\">\n<div class=\"v-d-cmp-chp\">\n<header class=\"v-d-cmp-chp__h\">\n<div class=\"v-d-cmp-chp__image\"><img data-recalc-dims=\"1\" decoding=\"async\" class=\"v-d-cmp-chp__img\" src=\"https:\/\/i0.wp.com\/s3.ppllstatics.com\/ideal\/www\/multimedia\/2024\/01\/07\/arquitecta-eva-kaaG-U2101151342393v0G-208x112%40Ideal.jpg?w=640&#038;ssl=1\" alt=\"\u00abEl futuro de la construcci\u00f3n lo hacemos hoy\u00bb\" data-src=\"https:\/\/s3.ppllstatics.com\/ideal\/www\/multimedia\/2024\/01\/07\/arquitecta-eva-kaaG-U2101151342393v0G-208x112@Ideal.jpg\" \/><\/div>\n<div class=\"v-d-cmp-chp__c\">\n<p class=\"v-d-cmp-chp__pre-t\">Arquitecta <span class=\"v-d-cmp-chp__nd-pre-t\">Eva Chac\u00f3n<\/span><\/p>\n<\/div>\n<h3 class=\"v-d-cmp-chp__t\">\u00abEl futuro de la construcci\u00f3n lo hacemos hoy\u00bb<\/h3>\n<\/header>\n<\/div>\n<\/div>\n<p class=\"v-p\" style=\"text-align: justify;\">En unas semanas, Eva Chac\u00f3n, la responsable del estudio Bonsai finalizar\u00e1 la primera de una serie de viviendas &#8216;passivhaus&#8217; que usan chopos de la Vega de Granada y buscan aprovechar al m\u00e1ximo las condiciones bioclim\u00e1ticas para ofrecer una alternativa sostenible a la edificaci\u00f3n actual. En 2024 <a title=\"www.ideal.es\" href=\"https:\/\/www.ideal.es\/navidad-en-granada\/futuro-construccion-hacemos-hoy-20240102000144-nt.html\" data-voc-vtm-id=\"in-text-traffic\" data-mrf-link=\"https:\/\/www.ideal.es\/navidad-en-granada\/futuro-construccion-hacemos-hoy-20240102000144-nt.html\">tienen en proyecto varios encargos<\/a>.<\/p>\n<div class=\"v-c-cmp v-c-cmp--t2\" style=\"text-align: justify;\">\n<div class=\"v-d-cmp-chp\">\n<header class=\"v-d-cmp-chp__h\">\n<div class=\"v-d-cmp-chp__image\"><img data-recalc-dims=\"1\" decoding=\"async\" class=\"v-d-cmp-chp__img\" src=\"https:\/\/i0.wp.com\/s3.ppllstatics.com\/ideal\/www\/multimedia\/2024\/01\/07\/lorena-kNYB-U2101151342393nW-208x112%40Ideal.jpg?w=640&#038;ssl=1\" alt=\"\u00abVa a ser el a\u00f1o en el que levante la persiana del negocio\u00bb\" data-src=\"https:\/\/s3.ppllstatics.com\/ideal\/www\/multimedia\/2024\/01\/07\/lorena-kNYB-U2101151342393nW-208x112@Ideal.jpg\" \/><\/div>\n<div class=\"v-d-cmp-chp__c\">\n<p class=\"v-d-cmp-chp__pre-t\">Propietaria de un negocio <span class=\"v-d-cmp-chp__nd-pre-t\">Lorena Abril<\/span><\/p>\n<\/div>\n<h3 class=\"v-d-cmp-chp__t\">\u00abVa a ser el a\u00f1o en el que levante la persiana del negocio\u00bb<\/h3>\n<\/header>\n<\/div>\n<\/div>\n<p class=\"v-p\" style=\"text-align: justify;\">El 2023 comenz\u00f3 para Lorena como el a\u00f1o de la ilusi\u00f3n, pero se convirti\u00f3 en una pesadilla. Invirti\u00f3 sus ahorros en la compra de un local en el centro de Granada para abrir un negocio de ocio nocturno. Era el proyecto de sus sue\u00f1os. Un concepto de pub con el que hab\u00eda so\u00f1ado muchas veces. Pero un incendio se lo llev\u00f3 todo por delante. Este a\u00f1o, <a title=\"www.ideal.es\" href=\"https:\/\/www.ideal.es\/navidad-en-granada\/ano-levante-persiana-negocio-20240103001623-nt.html\" data-voc-vtm-id=\"in-text-traffic\" data-mrf-link=\"https:\/\/www.ideal.es\/navidad-en-granada\/ano-levante-persiana-negocio-20240103001623-nt.html\">promete volver a levantarlo<\/a>.<\/p>\n<div class=\"v-c-cmp v-c-cmp--t2\" style=\"text-align: justify;\">\n<div class=\"v-d-cmp-chp\">\n<header class=\"v-d-cmp-chp__h\">\n<div class=\"v-d-cmp-chp__image\"><img data-recalc-dims=\"1\" decoding=\"async\" class=\"v-d-cmp-chp__img\" src=\"https:\/\/i0.wp.com\/s2.ppllstatics.com\/ideal\/www\/multimedia\/2024\/01\/07\/investigadora%202-kNYB-U21011513423937jF-208x112%40Ideal.jpg?w=640&#038;ssl=1\" alt=\"\u00abLa F\u00edsica contribuye al cambio social\u00bb\" data-src=\"https:\/\/s2.ppllstatics.com\/ideal\/www\/multimedia\/2024\/01\/07\/investigadora%202-kNYB-U21011513423937jF-208x112@Ideal.jpg\" \/><\/div>\n<div class=\"v-d-cmp-chp__c\">\n<p class=\"v-d-cmp-chp__pre-t\">Cient\u00edfica <span class=\"v-d-cmp-chp__nd-pre-t\">Blanca Biel<\/span><\/p>\n<\/div>\n<h3 class=\"v-d-cmp-chp__t\">\u00abLa F\u00edsica contribuye al cambio social\u00bb<\/h3>\n<\/header>\n<\/div>\n<\/div>\n<p class=\"v-p\" style=\"text-align: justify;\">El acelerador de part\u00edculas, la mayor infraestructura cient\u00edfica de Espa\u00f1a, se convertir\u00e1 en realidad en 2032 <a title=\"www.ideal.es\" href=\"https:\/\/www.ideal.es\/navidad-en-granada\/fisica-contribuye-cambio-social-20240104004057-nt.html\" data-voc-vtm-id=\"in-text-traffic\" data-mrf-link=\"https:\/\/www.ideal.es\/navidad-en-granada\/fisica-contribuye-cambio-social-20240104004057-nt.html\">gracias a investigadoras como Blanca Biel<\/a>, que en 2024 trabajar\u00e1 con inteligencia artificial para que los reactores del Ifmif Dones se fabriquen con los materiales m\u00e1s resistentes.<\/p>\n<div class=\"v-c-cmp v-c-cmp--t2\" style=\"text-align: justify;\">\n<div class=\"v-d-cmp-chp\">\n<header class=\"v-d-cmp-chp__h\">\n<div class=\"v-d-cmp-chp__image\"><img data-recalc-dims=\"1\" decoding=\"async\" class=\"v-d-cmp-chp__img\" src=\"https:\/\/i0.wp.com\/s2.ppllstatics.com\/ideal\/www\/multimedia\/2024\/01\/07\/zakyo-kNYB-U2101151342393K8H-208x112%40Ideal.jpg?w=640&#038;ssl=1\" alt=\"Si te elige Quevedo, solo queda cantar\" data-src=\"https:\/\/s2.ppllstatics.com\/ideal\/www\/multimedia\/2024\/01\/07\/zakyo-kNYB-U2101151342393K8H-208x112@Ideal.jpg\" \/><\/div>\n<div class=\"v-d-cmp-chp__c\">\n<p class=\"v-d-cmp-chp__pre-t\">Artista <span class=\"v-d-cmp-chp__nd-pre-t\">Zakyo<\/span><\/p>\n<\/div>\n<h3 class=\"v-d-cmp-chp__t\">Si te elige Quevedo, solo queda cantar<\/h3>\n<\/header>\n<\/div>\n<\/div>\n<p class=\"v-p\" style=\"text-align: justify;\">Antonio Jos\u00e9 Mart\u00ednez, Zakyo, tiene 17 a\u00f1os y fue el telonero de la gira de su amigo Saiko. Acaba de publicar su primer EP y anuncia para 2024 <a title=\"www.ideal.es\" href=\"https:\/\/www.ideal.es\/navidad-en-granada\/elige-quevedo-solo-queda-cantar-20240105002948-nt.html\" data-voc-vtm-id=\"in-text-traffic\" data-mrf-link=\"https:\/\/www.ideal.es\/navidad-en-granada\/elige-quevedo-solo-queda-cantar-20240105002948-nt.html\">colaboraciones con las grandes estrellas de la m\u00fasica urbana<\/a>. \u00abHay muchas sinergias y yo voy a dar el cien por cien\u00bb.<\/p>\n<div class=\"v-c-cmp v-c-cmp--t2\" style=\"text-align: justify;\">\n<div class=\"v-d-cmp-chp\">\n<header class=\"v-d-cmp-chp__h\">\n<div class=\"v-d-cmp-chp__image\"><img data-recalc-dims=\"1\" decoding=\"async\" class=\"v-d-cmp-chp__img\" src=\"https:\/\/i0.wp.com\/s2.ppllstatics.com\/ideal\/www\/multimedia\/2024\/01\/07\/jueza-kNYB-U2101151342393SiH-208x112%40Ideal.jpg?w=640&#038;ssl=1\" alt=\"\u00abLa oposici\u00f3n ha sido la etapa m\u00e1s dura de mi vida, pero ya soy jueza\u00bb\" data-src=\"https:\/\/s2.ppllstatics.com\/ideal\/www\/multimedia\/2024\/01\/07\/jueza-kNYB-U2101151342393SiH-208x112@Ideal.jpg\" \/><\/div>\n<div class=\"v-d-cmp-chp__c\">\n<p class=\"v-d-cmp-chp__pre-t\"><strong>Jueza <span class=\"v-d-cmp-chp__nd-pre-t\">Ana Mar\u00eda G\u00e1lvez Rodr\u00edguez<\/span><\/strong><\/p>\n<\/div>\n<h3 class=\"v-d-cmp-chp__t\"><strong>\u00abLa oposici\u00f3n ha sido la etapa m\u00e1s dura de mi vida, pero ya soy jueza\u00bb<\/strong><\/h3>\n<\/header>\n<\/div>\n<\/div>\n<p class=\"v-p\" style=\"text-align: justify;\"><strong>La joven atarfe\u00f1a Ana Mar\u00eda G\u00e1lvez Rodr\u00edguez comienza 2024 mud\u00e1ndose a Barcelona para hacer el a\u00f1o de formaci\u00f3n en la escuela judicial y empezar <a title=\"www.ideal.es\" href=\"https:\/\/www.ideal.es\/navidad-en-granada\/oposicion-etapa-dura-vida-jueza-20240106003059-nt.html\" data-voc-vtm-id=\"in-text-traffic\" data-mrf-link=\"https:\/\/www.ideal.es\/navidad-en-granada\/oposicion-etapa-dura-vida-jueza-20240106003059-nt.html\">a cumplir su sue\u00f1o<\/a>, desde peque\u00f1a.<\/strong><\/p>\n","protected":false},"excerpt":{"rendered":"<p>Con motivo del cambio de a\u00f1o, IDEAL repasa las historias de 15 personajes granadinos que&#8230;<\/p>\n","protected":false},"author":1,"featured_media":66293,"comment_status":"closed","ping_status":"closed","sticky":false,"template":"","format":"standard","meta":{"_coblocks_attr":"","_coblocks_dimensions":"","_coblocks_responsive_height":"","_coblocks_accordion_ie_support":"","jetpack_post_was_ever_published":false,"_jetpack_newsletter_access":"","_jetpack_dont_email_post_to_subs":false,"_jetpack_newsletter_tier_id":0,"_jetpack_memberships_contains_paywalled_content":false,"_jetpack_memberships_contains_paid_content":false,"footnotes":"","jetpack_publicize_message":"","jetpack_publicize_feature_enabled":true,"jetpack_social_post_already_shared":true,"jetpack_social_options":{"image_generator_settings":{"template":"highway","default_image_id":0,"enabled":false},"version":2}},"categories":[1161,10781,44],"tags":[],"class_list":["post-66292","post","type-post","status-publish","format-standard","has-post-thumbnail","hentry","category-ciudadania","category-granada","category-noticias-de-hoy"],"jetpack_publicize_connections":[],"jetpack_featured_media_url":"https:\/\/i0.wp.com\/miradordeatarfe.es\/wp-content\/uploads\/2024\/01\/granada-personajes-2024-kaaG-U2101151342393EKH-1200x840%40Ideal.webp?fit=1200%2C840&ssl=1","jetpack_likes_enabled":true,"jetpack_sharing_enabled":true,"_links":{"self":[{"href":"https:\/\/miradordeatarfe.es\/index.php?rest_route=\/wp\/v2\/posts\/66292","targetHints":{"allow":["GET"]}}],"collection":[{"href":"https:\/\/miradordeatarfe.es\/index.php?rest_route=\/wp\/v2\/posts"}],"about":[{"href":"https:\/\/miradordeatarfe.es\/index.php?rest_route=\/wp\/v2\/types\/post"}],"author":[{"embeddable":true,"href":"https:\/\/miradordeatarfe.es\/index.php?rest_route=\/wp\/v2\/users\/1"}],"replies":[{"embeddable":true,"href":"https:\/\/miradordeatarfe.es\/index.php?rest_route=%2Fwp%2Fv2%2Fcomments&post=66292"}],"version-history":[{"count":3,"href":"https:\/\/miradordeatarfe.es\/index.php?rest_route=\/wp\/v2\/posts\/66292\/revisions"}],"predecessor-version":[{"id":66350,"href":"https:\/\/miradordeatarfe.es\/index.php?rest_route=\/wp\/v2\/posts\/66292\/revisions\/66350"}],"wp:featuredmedia":[{"embeddable":true,"href":"https:\/\/miradordeatarfe.es\/index.php?rest_route=\/wp\/v2\/media\/66293"}],"wp:attachment":[{"href":"https:\/\/miradordeatarfe.es\/index.php?rest_route=%2Fwp%2Fv2%2Fmedia&parent=66292"}],"wp:term":[{"taxonomy":"category","embeddable":true,"href":"https:\/\/miradordeatarfe.es\/index.php?rest_route=%2Fwp%2Fv2%2Fcategories&post=66292"},{"taxonomy":"post_tag","embeddable":true,"href":"https:\/\/miradordeatarfe.es\/index.php?rest_route=%2Fwp%2Fv2%2Ftags&post=66292"}],"curies":[{"name":"wp","href":"https:\/\/api.w.org\/{rel}","templated":true}]}}