{"id":66303,"date":"2024-01-10T09:00:33","date_gmt":"2024-01-10T08:00:33","guid":{"rendered":"https:\/\/miradordeatarfe.es\/?p=66303"},"modified":"2024-01-08T20:13:45","modified_gmt":"2024-01-08T19:13:45","slug":"gripe-espanola","status":"publish","type":"post","link":"https:\/\/miradordeatarfe.es\/?p=66303","title":{"rendered":"Gripe espa\u00f1ola"},"content":{"rendered":"<h3 class=\"a_st\" style=\"text-align: justify;\">El colapso de los centros de salud por la epidemia de virus respiratorios redobla la importancia de abordar reformas estructurales en la sanidad<\/h3>\n<div class=\"a_c clearfix\" data-dtm-region=\"articulo_cuerpo\">\n<p class=\"\" style=\"text-align: justify;\">La epidemia estacional de virus respiratorios, especialmente gripe A, que sufre Espa\u00f1a ha colapsado numerosos centros de salud y est\u00e1 comenzando a tensionar los hospitales cuando su pico todav\u00eda no ha llegado. <a href=\"https:\/\/elpais.com\/sociedad\/2024-01-04\/los-casos-de-gripe-se-disparan-un-75-en-la-ultima-semana-del-ano-y-tensan-los-hospitales.html\" target=\"_blank\" rel=\"noopener\" data-link-track-dtm=\"\" data-mrf-link=\"https:\/\/elpais.com\/sociedad\/2024-01-04\/los-casos-de-gripe-se-disparan-un-75-en-la-ultima-semana-del-ano-y-tensan-los-hospitales.html\">La tasa nacional de infecciones respiratorias se sit\u00faa en un total de 952,9 casos por 100.000 habitantes, un 78% m\u00e1s que hace un mes,<\/a> seg\u00fan los datos que difundi\u00f3 el pasado jueves el Instituto de Salud Carlos III. Solo la incidencia de la gripe creci\u00f3 un 75% en la \u00faltima semana del a\u00f1o, hasta llegar a 438,3 casos por 100.000 habitantes, una tasa alta para la mayor\u00eda de los a\u00f1os.<\/p>\n<p class=\"\" style=\"text-align: justify;\">El sistema sanitario espa\u00f1ol logr\u00f3 responder en la pandemia a la mayor crisis de su historia en gran medida por el esfuerzo del conjunto de sus profesionales, pero padece de una serie de <a href=\"https:\/\/elpais.com\/espana\/madrid\/2023-12-14\/18-centros-de-salud-de-madrid-en-estado-critico-falta-la-mitad-de-medicos-y-el-60-de-pediatras.html\" target=\"_blank\" rel=\"noopener\" data-link-track-dtm=\"\" data-mrf-link=\"https:\/\/elpais.com\/espana\/madrid\/2023-12-14\/18-centros-de-salud-de-madrid-en-estado-critico-falta-la-mitad-de-medicos-y-el-60-de-pediatras.html\">deficiencias estructurales, especialmente en atenci\u00f3n primaria<\/a>, que rebrotan en situaciones como la actual, pese a que, con un mayor o menor impacto, este tipo de epidemias se repite cada a\u00f1o. Esas causas estructurales, que subyacen en las <a href=\"https:\/\/elpais.com\/espana\/galicia\/2023-03-01\/medicos-gallegos-se-unen-a-las-protestas-sanitarias-en-espana-y-convocan-huelga-indefinida.html\" target=\"_blank\" rel=\"noopener\" data-link-track-dtm=\"\" data-mrf-link=\"https:\/\/elpais.com\/espana\/galicia\/2023-03-01\/medicos-gallegos-se-unen-a-las-protestas-sanitarias-en-espana-y-convocan-huelga-indefinida.html\">protestas de miles de profesionales que se han sucedido a lo largo de los \u00faltimos meses<\/a> en distintas autonom\u00edas, son las que resulta imperioso abordar, en particular el d\u00e9ficit cr\u00f3nico de profesionales en un pa\u00eds que ha perdido en un lustro un millar de m\u00e9dicos de familia.<\/p>\n<p class=\"\" style=\"text-align: justify;\">Tambi\u00e9n existe un componente de educaci\u00f3n para la salud en el que resulta relevante la actuaci\u00f3n de los propios ciudadanos. Muchos casos no precisan de la atenci\u00f3n de un especialista, como prueba el hecho de que,<a href=\"https:\/\/elpais.com\/sociedad\/2024-01-03\/la-epidemia-de-gripe-colapsa-los-centros-de-salud-las-urgencias-estan-completamente-saturadas.html#?rel=mas\" target=\"_blank\" rel=\"noopener\" data-link-track-dtm=\"\" data-mrf-link=\"https:\/\/elpais.com\/sociedad\/2024-01-03\/la-epidemia-de-gripe-colapsa-los-centros-de-salud-las-urgencias-estan-completamente-saturadas.html\"> pese a la avalancha de pacientes a las urgencias hospitalarias \u2014entre un 20% y un 50% m\u00e1s\u2014<\/a>, un bajo porcentaje de ellos acaban ingresados. Los ingresos hospitalarios han aumentado un 60% en siete d\u00edas (hasta los 9,5 casos por 100.000 habitantes). La ca\u00edda en las tasas de vacunaci\u00f3n debe llevar igualmente a la reflexi\u00f3n social. Del lado de los gestores p\u00fablicos, no deben deso\u00edrse los llamamientos de las sociedades m\u00e9dicas de primaria a mejorar la gesti\u00f3n de las bajas laborales. Y sobre la mesa est\u00e1 su propuesta de recuperar, junto a otras medidas profil\u00e1cticas, el uso de la mascarilla obligatoria en los centros sanitarios. <a href=\"https:\/\/elpais.com\/sociedad\/2024-01-05\/sanidad-propondra-a-las-comunidades-la-obligatoriedad-de-las-mascarillas-en-los-centros-sanitarios.html\" target=\"_blank\" rel=\"noopener\" data-link-track-dtm=\"\" data-mrf-link=\"https:\/\/elpais.com\/sociedad\/2024-01-05\/sanidad-propondra-a-las-comunidades-la-obligatoriedad-de-las-mascarillas-en-los-centros-sanitarios.html\">Sanidad propondr\u00e1 el lunes a las comunidades que las mascarillas se generalicen de nuevo en todo el pa\u00eds<\/a>; algunas autonom\u00edas ya anunciaron este viernes esa medida.<\/p>\n<p class=\"\" style=\"text-align: justify;\">Este escenario otorga mayor relevancia a algunas de las recomendaciones que formulan en su informe los <a href=\"https:\/\/elpais.com\/sociedad\/2023-12-21\/la-falta-de-coordinacion-y-medios-agravo-el-golpe-de-la-pandemia-en-espana-segun-la-evaluacion-de-los-expertos-independientes.html\" target=\"_blank\" rel=\"noopener\" data-link-track-dtm=\"\" data-mrf-link=\"https:\/\/elpais.com\/sociedad\/2023-12-21\/la-falta-de-coordinacion-y-medios-agravo-el-golpe-de-la-pandemia-en-espana-segun-la-evaluacion-de-los-expertos-independientes.html\">expertos independientes que han evaluado la actuaci\u00f3n del Sistema Nacional de Salud durante la pandemia<\/a>, entre ellas reforzar los servicios de salud p\u00fablica, con m\u00e1s profesionales y mejores medios y reorientar y fortalecer la atenci\u00f3n primaria. Ese refuerzo y el apoyo a unos trabajadores de la salud que en muchas ocasiones han visto empeorar sus condiciones laborales y sobrecargarse de trabajo deben priorizarse para frenar el declive de uno de los pilares del Estado de bienestar.<\/p>\n<\/div>\n<section class=\"a_com\">\n<header class=\"a_com_w _df _ai-c\"><\/header>\n<\/section>\n<p><a class=\"a_md_a_n\" title=\"Ver todas las noticias de El Pa\u00eds\" href=\"https:\/\/elpais.com\/autor\/el-pais\/#?rel=author_top\" data-mrf-link=\"https:\/\/elpais.com\/autor\/el-pais\/\"><strong>El Pa\u00eds<\/strong><\/a><\/p>\n<p>FOTO: Varias personas entran en el Centro de Atenci\u00f3n Primaria de Abrantes, este mi\u00e9rcoles en Madrid.<span class=\"a_m_m\">Mariscal (EFE)<\/span><\/p>\n<p>https:\/\/elpais.com\/opinion\/2024-01-06\/gripe-espanola.html<\/p>\n<div class=\"a_md _g _g-xs \">\n<figure class=\"a_md_i a_m-h c_m--nf\"><span class=\"a_m_w _db\">\u00a0<\/span><\/figure>\n<div class=\"a_md_txt\">\n<div class=\"a_md_a\" data-dtm-region=\"articulo_firma\">\u00a0<\/div>\n<\/div>\n<\/div>\n","protected":false},"excerpt":{"rendered":"<p>El colapso de los centros de salud por la epidemia de virus respiratorios redobla la&#8230;<\/p>\n","protected":false},"author":1,"featured_media":66304,"comment_status":"closed","ping_status":"closed","sticky":false,"template":"","format":"standard","meta":{"_coblocks_attr":"","_coblocks_dimensions":"","_coblocks_responsive_height":"","_coblocks_accordion_ie_support":"","jetpack_post_was_ever_published":false,"_jetpack_newsletter_access":"","_jetpack_dont_email_post_to_subs":false,"_jetpack_newsletter_tier_id":0,"_jetpack_memberships_contains_paywalled_content":false,"_jetpack_memberships_contains_paid_content":false,"footnotes":"","jetpack_publicize_message":"","jetpack_publicize_feature_enabled":true,"jetpack_social_post_already_shared":true,"jetpack_social_options":{"image_generator_settings":{"template":"highway","default_image_id":0,"enabled":false},"version":2}},"categories":[1161,44,10],"tags":[],"class_list":["post-66303","post","type-post","status-publish","format-standard","has-post-thumbnail","hentry","category-ciudadania","category-noticias-de-hoy","category-salud"],"jetpack_publicize_connections":[],"jetpack_featured_media_url":"https:\/\/i0.wp.com\/miradordeatarfe.es\/wp-content\/uploads\/2024\/01\/Screenshot-2024-01-08-at-18-34-16-Gripe-espanola.png?fit=494%2C260&ssl=1","jetpack_likes_enabled":true,"jetpack_sharing_enabled":true,"_links":{"self":[{"href":"https:\/\/miradordeatarfe.es\/index.php?rest_route=\/wp\/v2\/posts\/66303","targetHints":{"allow":["GET"]}}],"collection":[{"href":"https:\/\/miradordeatarfe.es\/index.php?rest_route=\/wp\/v2\/posts"}],"about":[{"href":"https:\/\/miradordeatarfe.es\/index.php?rest_route=\/wp\/v2\/types\/post"}],"author":[{"embeddable":true,"href":"https:\/\/miradordeatarfe.es\/index.php?rest_route=\/wp\/v2\/users\/1"}],"replies":[{"embeddable":true,"href":"https:\/\/miradordeatarfe.es\/index.php?rest_route=%2Fwp%2Fv2%2Fcomments&post=66303"}],"version-history":[{"count":1,"href":"https:\/\/miradordeatarfe.es\/index.php?rest_route=\/wp\/v2\/posts\/66303\/revisions"}],"predecessor-version":[{"id":66305,"href":"https:\/\/miradordeatarfe.es\/index.php?rest_route=\/wp\/v2\/posts\/66303\/revisions\/66305"}],"wp:featuredmedia":[{"embeddable":true,"href":"https:\/\/miradordeatarfe.es\/index.php?rest_route=\/wp\/v2\/media\/66304"}],"wp:attachment":[{"href":"https:\/\/miradordeatarfe.es\/index.php?rest_route=%2Fwp%2Fv2%2Fmedia&parent=66303"}],"wp:term":[{"taxonomy":"category","embeddable":true,"href":"https:\/\/miradordeatarfe.es\/index.php?rest_route=%2Fwp%2Fv2%2Fcategories&post=66303"},{"taxonomy":"post_tag","embeddable":true,"href":"https:\/\/miradordeatarfe.es\/index.php?rest_route=%2Fwp%2Fv2%2Ftags&post=66303"}],"curies":[{"name":"wp","href":"https:\/\/api.w.org\/{rel}","templated":true}]}}