{"id":66321,"date":"2024-01-15T10:21:35","date_gmt":"2024-01-15T09:21:35","guid":{"rendered":"https:\/\/miradordeatarfe.es\/?p=66321"},"modified":"2024-01-14T10:06:19","modified_gmt":"2024-01-14T09:06:19","slug":"la-reina-de-granada","status":"publish","type":"post","link":"https:\/\/miradordeatarfe.es\/?p=66321","title":{"rendered":"La reina de Granada"},"content":{"rendered":"<h3 class=\"v-a-sub-t\" style=\"text-align: justify;\">Tras la \u00faltima restauraci\u00f3n, la colosal estatua que corona el edificio Isabel la Cat\u00f3lica luce en todo su esplendor, como se observa en las espectaculares fotos in\u00e9ditas tomadas a 30 metros de altura que aparecen en este reportaje<\/h3>\n<p class=\"v-p\" style=\"text-align: justify;\">Jos\u00e9 Manuel, portero del edificio Isabel la Cat\u00f3lica desde hace m\u00e1s de veinte a\u00f1os, escuch\u00f3 en 2019 un estruendo y se asom\u00f3 raudo a la calle. Un peque\u00f1o fragmento se hab\u00eda precipitado desde alg\u00fan lugar de la fachada. \u00abComprob\u00e9 que no hab\u00eda ning\u00fan accidentado y avis\u00e9 a la arquitecta\u00bb, recuerda. Tras una primera inspecci\u00f3n, no tardaron en confirmar la sospecha: el &#8216;aerolito&#8217; proced\u00eda de la escultura de la reina que corona este inmueble construido entre 1946 y 1952 para albergar, entre otras dependencias, el teatro Isabel la Cat\u00f3lica.<\/p>\n<p class=\"v-p\" style=\"text-align: justify;\">Se hab\u00eda desprendido un dedo de la colosal estatua de 4,5 metros de altura esculpida por Nicol\u00e1s Prados L\u00f3pez en 1948. Hay una fotograf\u00eda, realizada el 18 de enero de 1949 por el gran Manuel Torres Molina, donde se ve a cuatro hombres rematando el tallado y donde se observan tambi\u00e9n las dimensiones herc\u00faleas de la obra. R\u00e1pidamente se instal\u00f3 un mallado para evitar nuevos incidentes y la comunidad de propietarios puso en marcha el proceso de restauraci\u00f3n, que se acometi\u00f3 en el verano de 2022.<\/p>\n<div class=\"v-c-cmp \" style=\"text-align: justify;\">\n<div class=\"v-d-cmp-m\">\n<article class=\"v-a v-a--cmp-m \">\n<div class=\"v-a-img-c v-a-img-c--fw-xs\">\n<figure class=\"v-a-fig\"><img data-recalc-dims=\"1\" loading=\"lazy\" decoding=\"async\" class=\"v-a-img lzld\" src=\"https:\/\/i0.wp.com\/s3.ppllstatics.com\/ideal\/www\/multimedia\/2023\/12\/30\/estatua%20%281%29.jpg?resize=640%2C448&#038;ssl=1\" alt=\"Perspectiva trasera de la escultura.\" width=\"640\" height=\"448\" data-voc-vtm-id=\"in-text-traffic\" \/><figcaption class=\"v-fc\"><span class=\"v-fc__text\"> Perspectiva trasera de la escultura. <\/span><\/figcaption><\/figure>\n<\/div>\n<\/article>\n<\/div>\n<\/div>\n<p class=\"v-p\" style=\"text-align: justify;\">IDEAL ha logrado, gracias a la colaboraci\u00f3n de la Polic\u00eda Local de Granada, unas im\u00e1genes nunca vistas de esta Isabel la Cat\u00f3lica que desde hace setenta y cinco a\u00f1os &#8216;vigila&#8217; la capital desde m\u00e1s de treinta metros de altura. Tomas en alta resoluci\u00f3n obtenidas gracias a un dron de \u00faltima generaci\u00f3n operado por el agente Jorge Bol\u00edvar, de la Unidad Halc\u00f3n, que permite apreciar todos esos detalles que, desde abajo, son completamente inapreciables para los viandantes. Detalles como los exornos florales de la corona, la ondulaci\u00f3n del cabello, el medall\u00f3n que cuelga del pecho, los remates del b\u00e1culo, el anillo\u2026 adem\u00e1s del rictus hier\u00e1tico de la mujer poderosa que tom\u00f3 Granada en 1492 y cuyos restos yacen en la Capilla Real junto a los de su esposo Fernando.<\/p>\n<div class=\"v-c-cmp v-c-cmp--t1 v-c-cmp--ab-xs\" style=\"text-align: justify;\">\n<div class=\"v-cmp-smy\">\n<article class=\"v-a v-a--cmp-smy \">\n<div class=\"v-a-info-c\">\n<p class=\"v-a-t\"><strong>\u00abEsta figura simboliza el se\u00f1or\u00edo de un edificio en el mismo coraz\u00f3n de Granada\u00bb<\/strong> Celia Correa, Presidenta de honor del Centro Art\u00edstico<\/p>\n<\/div>\n<\/article>\n<\/div>\n<\/div>\n<p class=\"v-p\" style=\"text-align: justify;\">\u00bfQu\u00e9 otea Isabel I de Castilla desde el cielo? Pues b\u00e1sicamente todo Granada \u2013no hay ninguna construcci\u00f3n que entorpezca su visi\u00f3n\u2013. Ya se pueden hacer una idea. Todo el centro hist\u00f3rico, la Catedral, la Vega de Granada, la Torre de la Vela, Sierra Nevada, las calles m\u00e1s comerciales\u2026 una panor\u00e1mica de 360 grados que tiene mucho de emblem\u00e1tico. \u00abEsta figura simboliza el se\u00f1or\u00edo de un edificio enclavado en el mismo coraz\u00f3n de Granada y que alude, al mismo tiempo, al espacio esc\u00e9nico m\u00e1s representativo de la ciudad, el teatro Isabel la Cat\u00f3lica\u00bb, comenta la presidenta de honor del Centro Art\u00edstico, Celia Correa.<\/p>\n<p style=\"text-align: justify;\"><a href=\"https:\/\/i0.wp.com\/miradordeatarfe.es\/wp-content\/uploads\/2024\/01\/estatua-8.webp?ssl=1\"><img data-recalc-dims=\"1\" loading=\"lazy\" decoding=\"async\" class=\"alignnone wp-image-66322 size-full\" src=\"https:\/\/i0.wp.com\/miradordeatarfe.es\/wp-content\/uploads\/2024\/01\/estatua-8.webp?resize=640%2C479&#038;ssl=1\" alt=\"\" width=\"640\" height=\"479\" srcset=\"https:\/\/i0.wp.com\/miradordeatarfe.es\/wp-content\/uploads\/2024\/01\/estatua-8.webp?w=1374&amp;ssl=1 1374w, https:\/\/i0.wp.com\/miradordeatarfe.es\/wp-content\/uploads\/2024\/01\/estatua-8.webp?resize=300%2C225&amp;ssl=1 300w, https:\/\/i0.wp.com\/miradordeatarfe.es\/wp-content\/uploads\/2024\/01\/estatua-8.webp?resize=1024%2C767&amp;ssl=1 1024w, https:\/\/i0.wp.com\/miradordeatarfe.es\/wp-content\/uploads\/2024\/01\/estatua-8.webp?resize=768%2C575&amp;ssl=1 768w, https:\/\/i0.wp.com\/miradordeatarfe.es\/wp-content\/uploads\/2024\/01\/estatua-8.webp?resize=1320%2C989&amp;ssl=1 1320w\" sizes=\"auto, (max-width: 640px) 100vw, 640px\" \/><\/a><\/p>\n<div class=\"v-c-cmp v-c-cmp--t1 v-bdr-t-b\" style=\"text-align: justify;\">\n<div class=\"v-cmp-exp\">\n<article class=\"v-a v-a--cmp-exp v-a--p-t\">\n<div class=\"v-a-info-c \">\n<h3 class=\"v-a-t\">\u00abDesde la cercan\u00eda te sorprende la grandeza de esta estatua\u00bb<\/h3>\n<p class=\"v-p\">Jorge Bol\u00edvar, de la Unidad Halc\u00f3n de la Polic\u00eda Local de Granada, lleva desde el a\u00f1o 2015 volando drones por la capital granadina. \u00abA pesar de acumular tantas horas de vuelo \u2013asegura\u2013 todav\u00eda me fascina la perspectiva a vista de p\u00e1jaro\u00bb. \u00abEsta estatua de Isabel la Cat\u00f3lica te sorprende desde la cercan\u00eda porque, desde abajo, desde la posici\u00f3n de los viandantes, es completamente imposible observar todos los detalles\u00bb, asegura. Seg\u00fan Jorge Bol\u00edvar, este tipo de operaciones no son las habituales que realiza la Unidad Halc\u00f3n. \u00abTan solo hacemos aproximaciones as\u00ed cuando colaboramos con los bomberos para analizar un tejado o alg\u00fan elemento de un edificios\u00bb, dice. Lo normal, por las necesidades de la propia Polic\u00eda, es que el aparato se pilote para la obtenci\u00f3n de perspectivas m\u00e1s generales, muy \u00fatiles, por ejemplo, en caso de agloremaciones. La Polic\u00eda Local utiliza m\u00e1quinas de alta tecnolog\u00eda que permiten obtener im\u00e1genes de alt\u00edsima resoluci\u00f3n.<\/p>\n<\/div>\n<\/article>\n<\/div>\n<\/div>\n<p class=\"v-p\" style=\"text-align: justify;\">Este monumento a Isabel la Cat\u00f3lica fue realizado por Nicol\u00e1s Prados con la t\u00e9cnica del vaciado. Utiliz\u00f3 hormig\u00f3n con carga de \u00e1rido grueso y restos cer\u00e1micos. Posteriormente, aplic\u00f3 un revestimiento de color crema con textura rayada para imitar la terminaci\u00f3n p\u00e9trea. Seg\u00fan las fuentes documentales consultadas por Celia Correa, Prados ten\u00eda su estudio en el \u00e1tico del propio edificio Isabel la Cat\u00f3lica, por lo que tuvo que trabajar ah\u00ed. Anta\u00f1o exist\u00eda un acceso a la cubierta del torre\u00f3n donde se asienta la estatua, que posteriormente fue cegado. Por este agujero se introdujeron los diferentes bloques que luego se ensamblaron ya en la c\u00faspide. Es imposible hacerlo de otra manera.<\/p>\n<div class=\"v-c-cmp \" style=\"text-align: justify;\">\n<div class=\"v-d-cmp-m\">\n<article class=\"v-a v-a--cmp-m \">\n<div class=\"v-a-img-c v-a-img-c--fw-xs\">\n<figure class=\"v-a-fig\"><img data-recalc-dims=\"1\" loading=\"lazy\" decoding=\"async\" class=\"v-a-img lzld\" src=\"https:\/\/i0.wp.com\/s2.ppllstatics.com\/ideal\/www\/multimedia\/2023\/12\/30\/101368564.JPG?resize=640%2C448&#038;ssl=1\" alt=\"Esculpido de la escultura en enero de 1949.\" width=\"640\" height=\"448\" data-voc-vtm-id=\"in-text-traffic\" \/><figcaption class=\"v-fc\"><span class=\"v-fc__text\"> Esculpido de la escultura en enero de 1949. <\/span> <span class=\"v-fc__ath\"> Manuel Torres Molina <\/span><\/figcaption><\/figure>\n<\/div>\n<\/article>\n<\/div>\n<\/div>\n<p class=\"v-p\" style=\"text-align: justify;\">Nicol\u00e1s Prados L\u00f3pez, pintor, escultor e imaginero, naci\u00f3 en Granada en 1913 y muri\u00f3 en Granada en 1990. Empez\u00f3 a formarse junto su padre Nicol\u00e1s Prados Ben\u00edtez. Estudi\u00f3, entre otras instituciones, en la Escuela de Bellas Artes de San Fernando, en Madrid, donde obtuvo el t\u00edtulo de profesor de dibujo, y se desplaz\u00f3 a Italia y Francia para estudiar a maestros como Miguel \u00c1ngel o Rodin. Ejerci\u00f3 en la Escuela de Artes y Oficios de Granada y en el Centro de Formaci\u00f3n Profesional Virgen de las Nieves, donde se jubil\u00f3 en 1973. Tras la Guerra Civil, hizo numerosos tronos y tallas. En Granada ejecut\u00f3 varios conjuntos escult\u00f3ricos en el cementerio de San Jos\u00e9 y entidades como el colegio Ni\u00f1o Jes\u00fas. De \u00e9l tambi\u00e9n son los murales del pantano de los Bermejales.<\/p>\n<p class=\"v-p\" style=\"text-align: justify;\">Pero volvamos a la rehabilitaci\u00f3n de la escultura, realizada por dos profesionales de larga trayectoria: Luis Alberto Carretero y Pilar Arag\u00f3n. \u00abEl estado de conservaci\u00f3n era aceptable, aunque hab\u00eda faltas de soporte como el dedo \u00edndice de la mano derecha\u00bb, explica Carretero. \u00abTambi\u00e9n nos encontramos con desplacados y fisuras que no se corresponden con la uni\u00f3n de las piezas\u00bb, a\u00f1ade Carretero, quien tambi\u00e9n refiere \u00ablos ataques biol\u00f3gicos con presencia de l\u00edquenes y musgos generalizados\u00bb.<\/p>\n<div class=\"v-c-cmp \" style=\"text-align: justify;\">\n<div class=\"v-d-cmp-m\">\n<article class=\"v-a v-a--cmp-m \">\n<div class=\"v-a-img-c v-a-img-c--fw-xs\">\n<figure class=\"v-a-fig\"><img data-recalc-dims=\"1\" loading=\"lazy\" decoding=\"async\" class=\"v-a-img lzld\" src=\"https:\/\/i0.wp.com\/s3.ppllstatics.com\/ideal\/www\/multimedia\/2023\/12\/30\/estatua%20%284%29.jpg?resize=640%2C448&#038;ssl=1\" alt=\"Vista cenital.\" width=\"640\" height=\"448\" data-voc-vtm-id=\"in-text-traffic\" \/><figcaption class=\"v-fc\"><span class=\"v-fc__text\"> Vista cenital. <\/span><\/figcaption><\/figure>\n<\/div>\n<\/article>\n<\/div>\n<\/div>\n<p class=\"v-p\" style=\"text-align: justify;\">\u00bfOtras patolog\u00edas? B\u00e1sicamente grietas en los revestimientos, aunque no se aprecian faltas de adhesiones. \u00abS\u00ed ciertos movimientos en los morteros de rejuntado y costra negra en algunas zonas\u00bb. Y es que estamos ante un elemento patrimonial situado a treinta metros de altura, expuesto a las inclemencias del tiempo durante d\u00e9cadas \u2013las lluvias que se hielan son especialmente lesivas\u2013 y que sufren los efectos de los m\u00faltiples terremotos que se producen en Granada.<\/p>\n<div class=\"v-c-cmp \" style=\"text-align: justify;\">\n<div class=\"v-d-cmp-m\">\n<article class=\"v-a v-a--cmp-m \">\n<div class=\"v-a-img-c v-a-img-c--fw-xs\">\n<figure class=\"v-a-fig\"><img data-recalc-dims=\"1\" loading=\"lazy\" decoding=\"async\" class=\"v-a-img lzld\" src=\"https:\/\/i0.wp.com\/s1.ppllstatics.com\/ideal\/www\/multimedia\/2023\/12\/30\/estatua%20%285%29.jpg?resize=640%2C448&#038;ssl=1\" alt=\"Oteando Granada desde hace 75 a\u00f1os.\" width=\"640\" height=\"448\" data-voc-vtm-id=\"in-text-traffic\" \/><figcaption class=\"v-fc\"><span class=\"v-fc__text\"> Oteando Granada desde hace 75 a\u00f1os. <\/span><\/figcaption><\/figure>\n<\/div>\n<\/article>\n<\/div>\n<\/div>\n<p class=\"v-p\" style=\"text-align: justify;\">La intervenci\u00f3n realizada por Carretero y Arag\u00f3n consisti\u00f3 en la limpieza con agua del polvo superficial con brocha y cepillos y herramientas punzantes para quitar los dep\u00f3sitos. Adem\u00e1s, aplicaron biocidas y eliminaron todos los l\u00edquenes. La parte trasera estaba bastante afectada por los episodios de calima de los \u00faltimos a\u00f1os. A todo ello hay que sumar otras actuaciones como la eliminaci\u00f3n de disgregaciones, inhibici\u00f3n de los hierros de la estructura que no son visibles y erradicaci\u00f3n de toda la costa negra provocada por la poluci\u00f3n. Se ha reconstruido el dedo perdido, se ha inyectado resina acr\u00edlica en los desplacados y se ha implementado una p\u00e1tina de protecci\u00f3n con silicato de etilo y de hidrofugante para salvaguardar la superficie.<\/p>\n<div class=\"v-a-info-c \">\n<h3 class=\"v-a-t\" style=\"text-align: justify;\">Un edificio emblem\u00e1tico<\/h3>\n<p class=\"v-p\" style=\"text-align: justify;\">Celia Correa, presidenta de honor del Centro Art\u00edstico, es una de las personas que mejor conoce la historia del edificio Isabel la Cat\u00f3lica. El papeleo para su construcci\u00f3n comenz\u00f3 en 1946, aunque no se finaliz\u00f3 hasta 1952. Hablamos de la Manigua, una zona de Granada que en esa \u00e9poca se estaba revitalizando demoliendo viviendas antiguas y edificando sobre los solares. Esta finca fue promovida por la empresa Arrendamientos Urbanos de Granada. El arquitecto encargado fue Miguel Olmedo Collantes. El dise\u00f1o combina elementos cl\u00e1sicos (arcos, balconadas, columnas&#8230;) con toques modernistas. Tiene siete alturas, bajos y trasteros, aunque la joya de la corona es el teatro Isabel la Cat\u00f3lica \u2013de ah\u00ed la estatua\u2013. Las viviendas tienen una superficie de 200 metros cuadrados. Parte de la finca fue adquirida por el Ayuntamiento en los a\u00f1os ochenta por unos sesenta millones de pesetas para agrandar el teatro, que se hab\u00eda quedado peque\u00f1o. El Consistorio tambi\u00e9n se qued\u00f3 con las tres primeras plantas. El Centro Art\u00edstico se qued\u00f3 en la tercera a cambio de la cesi\u00f3n de los derechos hist\u00f3ricos. Entonces se acometi\u00f3 una gran reforma.<\/p>\n<\/div>\n<p><a href=\"https:\/\/www.ideal.es\/autor\/jorge-pastor-400.html\" data-mrf-link=\"https:\/\/www.ideal.es\/autor\/jorge-pastor-400.html\"><strong>Jorge Pastor<\/strong><\/a><\/p>\n<p><span class=\"v-fc__text\">FOTO: Imagen de la escultura de Isabel la Cat\u00f3lica donde se observan sus dimensiones reales, 4,5 metros de alto, con la Acera del Darro y Sierra Nevada en planos posteriores.<\/span> <span class=\"v-fc__ath\">Im\u00e1genes cedidas por la Polic\u00eda Local de Granada<\/span><\/p>\n<p>https:\/\/www.ideal.es\/culturas\/reina-granada-20240107233657-nt.html<\/p>\n<div class=\"v-d v-d--abc v-d--rpg\">\n<div class=\"v-mdl-ath \" data-voc-component=\"viewport-not-visible\">\n<div class=\"v-mdl-ath__c v-mdl-ath__c--1\">\n<div class=\"v-mdl-ath__img-c\">\u00a0<\/div>\n<div class=\"v-mdl-ath__inf\">\n<p class=\"v-mdl-ath__p v-mdl-ath__p--2\">\u00a0<\/p>\n<\/div>\n<\/div>\n<\/div>\n<\/div>\n","protected":false},"excerpt":{"rendered":"<p>Tras la \u00faltima restauraci\u00f3n, la colosal estatua que corona el edificio Isabel la Cat\u00f3lica luce&#8230;<\/p>\n","protected":false},"author":1,"featured_media":66324,"comment_status":"closed","ping_status":"closed","sticky":false,"template":"","format":"standard","meta":{"_coblocks_attr":"","_coblocks_dimensions":"","_coblocks_responsive_height":"","_coblocks_accordion_ie_support":"","jetpack_post_was_ever_published":false,"_jetpack_newsletter_access":"","_jetpack_dont_email_post_to_subs":false,"_jetpack_newsletter_tier_id":0,"_jetpack_memberships_contains_paywalled_content":false,"_jetpack_memberships_contains_paid_content":false,"footnotes":"","jetpack_publicize_message":"","jetpack_publicize_feature_enabled":true,"jetpack_social_post_already_shared":true,"jetpack_social_options":{"image_generator_settings":{"template":"highway","default_image_id":0,"enabled":false},"version":2}},"categories":[10781,7721,44],"tags":[],"class_list":["post-66321","post","type-post","status-publish","format-standard","has-post-thumbnail","hentry","category-granada","category-mujeres-que-cambiaron-la-historia","category-noticias-de-hoy"],"jetpack_publicize_connections":[],"jetpack_featured_media_url":"https:\/\/i0.wp.com\/miradordeatarfe.es\/wp-content\/uploads\/2024\/01\/estatua-2.webp?fit=1374%2C1029&ssl=1","jetpack_likes_enabled":true,"jetpack_sharing_enabled":true,"_links":{"self":[{"href":"https:\/\/miradordeatarfe.es\/index.php?rest_route=\/wp\/v2\/posts\/66321","targetHints":{"allow":["GET"]}}],"collection":[{"href":"https:\/\/miradordeatarfe.es\/index.php?rest_route=\/wp\/v2\/posts"}],"about":[{"href":"https:\/\/miradordeatarfe.es\/index.php?rest_route=\/wp\/v2\/types\/post"}],"author":[{"embeddable":true,"href":"https:\/\/miradordeatarfe.es\/index.php?rest_route=\/wp\/v2\/users\/1"}],"replies":[{"embeddable":true,"href":"https:\/\/miradordeatarfe.es\/index.php?rest_route=%2Fwp%2Fv2%2Fcomments&post=66321"}],"version-history":[{"count":2,"href":"https:\/\/miradordeatarfe.es\/index.php?rest_route=\/wp\/v2\/posts\/66321\/revisions"}],"predecessor-version":[{"id":66325,"href":"https:\/\/miradordeatarfe.es\/index.php?rest_route=\/wp\/v2\/posts\/66321\/revisions\/66325"}],"wp:featuredmedia":[{"embeddable":true,"href":"https:\/\/miradordeatarfe.es\/index.php?rest_route=\/wp\/v2\/media\/66324"}],"wp:attachment":[{"href":"https:\/\/miradordeatarfe.es\/index.php?rest_route=%2Fwp%2Fv2%2Fmedia&parent=66321"}],"wp:term":[{"taxonomy":"category","embeddable":true,"href":"https:\/\/miradordeatarfe.es\/index.php?rest_route=%2Fwp%2Fv2%2Fcategories&post=66321"},{"taxonomy":"post_tag","embeddable":true,"href":"https:\/\/miradordeatarfe.es\/index.php?rest_route=%2Fwp%2Fv2%2Ftags&post=66321"}],"curies":[{"name":"wp","href":"https:\/\/api.w.org\/{rel}","templated":true}]}}