{"id":66326,"date":"2024-01-11T09:00:57","date_gmt":"2024-01-11T08:00:57","guid":{"rendered":"https:\/\/miradordeatarfe.es\/?p=66326"},"modified":"2024-01-11T09:45:01","modified_gmt":"2024-01-11T08:45:01","slug":"el-defensor-andaluz-no-encuentra-justificacion-al-retraso-de-la-junta-en-el-bono-alquiler-joven","status":"publish","type":"post","link":"https:\/\/miradordeatarfe.es\/?p=66326","title":{"rendered":"El Defensor Andaluz no encuentra justificaci\u00f3n al retraso de la Junta en el Bono Alquiler Joven"},"content":{"rendered":"<h3 style=\"text-align: justify;\">Aunque cierra la segunda queja que abri\u00f3 de oficio por la demora y falta de transparencia por parte de la Consejer\u00eda de Fomento, vuelve a expresarse en t\u00e9rminos muy cr\u00edticos y espera que se tengan en cuenta sus aportaciones en pr\u00f3ximas convocatorias.<\/h3>\n<div class=\"cuerpo\">\n<p style=\"text-align: justify;\">No hay justificaci\u00f3n al retraso en la concesi\u00f3n de las ayudas del Bono Alquiler Joven por parte de la Junta de Andaluc\u00eda. As\u00ed lo expone el Defensor del Pueblo Andaluz en la resoluci\u00f3n con la que cierra <a href=\"http:\/\/www.elindependientedegranada.es\/politica\/defensor-andaluz-vuelve-pedir-explicaciones-junta-retraso-falta-transparencia-tramitacion\">la segunda queja que abri\u00f3 de oficio para interesarse por las razones de la demora y la falta de transparencia en los tr\u00e1mites<\/a>. Cierra su actuaci\u00f3n pero, como ya hizo en la anterior, se muestra muy cr\u00edtico con la gesti\u00f3n por parte de la Consejer\u00eda de Fomento, Articulaci\u00f3n del Territorio y Vivienda del Gobierno andaluz. Y conf\u00eda en que, en pr\u00f3ximas convocatorias se atiendan las sugerencias que ha planteado al Gobierno andaluz.\u00a0<\/p>\n<p class=\"sumari\" style=\"text-align: justify;\"><strong>El \u00abcolapso inicial\u00bb y la \u00aberr\u00e1tica situaci\u00f3n\u00bb no ha hecho m\u00e1s que aumentar<\/strong><\/p>\n<p style=\"text-align: justify;\">Como expuso al abrir la segunda actuaci\u00f3n de oficio, el Defensor decidi\u00f3 dar este paso por el aluvi\u00f3n de quejas que segu\u00eda recibiendo de j\u00f3venes que desconoc\u00edan el estado de sus solicitudes tras m\u00e1s de un a\u00f1o de espera. El \u00abcolapso inicial\u00bb y la \u00aberr\u00e1tica situaci\u00f3n\u00bb no ha hecho m\u00e1s que \u00abaumentar\u00bb. Y en este contexto, no le convencen las explicaciones de la Consejer\u00eda, como refleja su nuevo pronunciamiento.<\/p>\n<p style=\"text-align: justify;\">Ni la \u00abcomplejidad\u00bb de los procesos telem\u00e1ticos establecidos para acceder a estas ayudas, que alega la Junta, ni los \u00abesfuerzos\u00bb que dice haber realizado pueden servir para justificar este retraso, que provoca \u00abimpotencia\u00bb en los solicitantes y pone en evidencia a la Junta.\u00a0<\/p>\n<p style=\"text-align: justify;\">Porque, despu\u00e9s de meses esperando la convocatoria, fallos en la aplicaci\u00f3n colapsaron la web de acceso a esas ayudas, que solo pueden gestionarse telem\u00e1ticamente. Y ese \u00faltimo es uno de los aspectos que insiste en cuestionar el Defensor, pues advierte de que fomenta la desigualdad. No todos los j\u00f3venes tienen los mismos medios y competencias digitales. Existe una brecha digital que no puede pasarse por alto. Adem\u00e1s, los problemas que ha acumulado este proceso evidencian, seg\u00fan indica, que los medios electr\u00f3nicos utilizados no han dado como resultado \u00abuna m\u00e1xima agilidad y automatizaci\u00f3n\u00bb.<\/p>\n<p style=\"text-align: justify;\">Al Defensor tambi\u00e9n le produce \u00abextra\u00f1eza\u00bb que no se adoptaran en su momento las medidas tomadas a posteriori para resolver las deficiencias t\u00e9cnicas y el colapso, dada \u00abla previsible participaci\u00f3n masiva\u00bb en la convocatoria.<\/p>\n<p style=\"text-align: justify;\">Tampoco entiende las reticencias para elaborar un estudio previo para calcular a las personas que pueden beneficiarse de estas ayudas ni la explicaci\u00f3n al respecto de la Junta, que se\u00f1ala que \u00abes la disponibilidad presupuestaria la que define el n\u00famero de personas destinatarias, sin dar a conocer si hab\u00edan tenido en cuenta la poblaci\u00f3n diana para disponer el presupuesto necesario para satisfacerla\u00bb.<\/p>\n<p class=\"sumari\" style=\"text-align: justify;\">El Defensor hace p\u00fablicas sus \u00abdiscrepancias\u00bb con \u00abel \u00fanico objetivo de contribuir a la mejora de los procedimientos\u00bb<\/p>\n<p style=\"text-align: justify;\">En su exposici\u00f3n a\u00f1ade que hace p\u00fablicas sus \u00abdiscrepancias\u00bb respecto a las explicaciones de la Junta \u00abcon el \u00fanico objetivo de contribuir a la mejora de los procedimientos\u00bb, dado el \u00abpalpable descontento\u00bb que la poblaci\u00f3n joven tiene con respecto a estas ayudas.\u00a0<\/p>\n<p style=\"text-align: justify;\">\u00abConfiamos que para sucesivas convocatorias pueda ser tenidas en cuenta las cuestiones antes planteadas, referidas entre otras, a un an\u00e1lisis previo de la poblaci\u00f3n potencialmente beneficiaria de esta ayuda para poder adecuar el presupuesto; al sistema de acceso a la convocatoria que permita condiciones de igualdad entre la poblaci\u00f3n destinataria, as\u00ed como a realizar las mejoras necesarias en la aplicaci\u00f3n inform\u00e1tica que cumpla con los objetivos de dar celeridad a la tramitaci\u00f3n de los expedientes\u00bb, detalla.<\/p>\n<p style=\"text-align: justify;\">En su pronunciamiento hace especial hincapi\u00e9 a los t\u00e9rminos de \u00abvivienda digna\u00bb, as\u00ed como \u00aba la dimensi\u00f3n de este derecho de acceso como parte esencial de la intervenci\u00f3n p\u00fablica, cuando se encuentra ante situaciones de emergencia habitacional o grupos sociales especialmente vulnerables, como es la poblaci\u00f3n joven\u00bb. \u00abEn este sentido -subraya-, el Defensor se encuentra especialmente comprometido en la consecuci\u00f3n de los Objetivos de Desarrollo Sostenibles, y concretamente con todos aquellas medidas encaminadas a garantizar el derecho a la vivienda\u00bb.<\/p>\n<div class=\"media media-element-container media-default\" style=\"text-align: justify;\">\n<div id=\"file-98716\" class=\"file file-image file-image-jpeg\">\n<h2 class=\"element-invisible\"><img data-recalc-dims=\"1\" loading=\"lazy\" decoding=\"async\" class=\"media-element file-default\" src=\"https:\/\/i0.wp.com\/www.elindependientedegranada.es\/sites\/default\/files\/frjolmo.jpg?resize=640%2C426&#038;ssl=1\" alt=\"\" width=\"640\" height=\"426\" data-delta=\"2\" \/><\/h2>\n<\/div>\n<\/div>\n<p class=\"pie\" style=\"text-align: justify;\">Roc\u00edo D\u00edaz en una imagen de archivo.\u00a0<span class=\"firma\"><a class=\"vglnk\" href=\"http:\/\/f.j.olmo\/EP\" rel=\"nofollow\">f.j.olmo\/EP<\/a><\/span><\/p>\n<p style=\"text-align: justify;\">A mediados de diciembre el presidente de la Junta de Andaluc\u00eda, Juan Manuel Moreno, interpelado en el Parlamento por este retraso, defendi\u00f3 que su gobierno hab\u00eda puesto \u00abel turbo\u00bb a la hora de resolver y abonar las solicitudes del Bono Joven de Alquiler con \u00abefecto retroactivo\u00bb a fecha de enero de 2022.<\/p>\n<div>\n<p style=\"text-align: justify;\">Juan Manuel Moreno detall\u00f3 en su respuesta que ya se hab\u00edan resuelto 6.210 solicitudes del Bono Joven de Alquiler, lo que representa el 54%\u00bb del total, y se habi\u00e1n pagado 3.568.<\/p>\n<p style=\"text-align: justify;\">Puso de relieve que eso supon\u00ed \u00abun 25% m\u00e1s de resoluciones que la semana pasada, y el 42% m\u00e1s de los bonos abonados\u00bb. \u00abPor tanto, hemos puesto el turbo y esto se est\u00e1 pagando absolutamente\u00bb, valor\u00f3.<\/p>\n<p style=\"text-align: justify;\">La gesti\u00f3n del Bono Alquiler Joven, una iniciativa que impuls\u00f3 el Gobierno de Espa\u00f1a, que transfiere los fondos a las comunidades para que gestionen las convocatorias, fue iniciada por Marifr\u00e1n Carazo en su etapa como consejera de Fomento. La llegada de Roc\u00edo D\u00edaz no ha logrado hasta el momento acabar con el atasco y los fallos en la tramitaci\u00f3n<strong>.<\/strong><\/p>\n<div class=\"cuerpo\">\n<p><strong>M.A.<\/strong><\/p>\n<p class=\"pie\">FOTO: Imagen de archivo de una protesta de la plataforma de afectados por el retraso. <span class=\"firma\">eduardo briones\/EP archivo<\/span><\/p>\n<p>http:\/\/www.elindependientedegranada.es\/politica\/defensor-andaluz-no-encuentra-justificacion-retraso-junta-bono-alquiler-joven<\/p>\n<\/div>\n<\/div>\n<\/div>\n","protected":false},"excerpt":{"rendered":"<p>Aunque cierra la segunda queja que abri\u00f3 de oficio por la demora y falta de&#8230;<\/p>\n","protected":false},"author":1,"featured_media":66327,"comment_status":"closed","ping_status":"closed","sticky":false,"template":"","format":"standard","meta":{"_coblocks_attr":"","_coblocks_dimensions":"","_coblocks_responsive_height":"","_coblocks_accordion_ie_support":"","jetpack_post_was_ever_published":false,"_jetpack_newsletter_access":"","_jetpack_dont_email_post_to_subs":false,"_jetpack_newsletter_tier_id":0,"_jetpack_memberships_contains_paywalled_content":false,"_jetpack_memberships_contains_paid_content":false,"footnotes":"","jetpack_publicize_message":"","jetpack_publicize_feature_enabled":true,"jetpack_social_post_already_shared":true,"jetpack_social_options":{"image_generator_settings":{"template":"highway","default_image_id":0,"enabled":false},"version":2}},"categories":[1161,44,7671],"tags":[],"class_list":["post-66326","post","type-post","status-publish","format-standard","has-post-thumbnail","hentry","category-ciudadania","category-noticias-de-hoy","category-politica"],"jetpack_publicize_connections":[],"jetpack_featured_media_url":"https:\/\/i0.wp.com\/miradordeatarfe.es\/wp-content\/uploads\/2024\/01\/protesta_bono.jpg?fit=650%2C433&ssl=1","jetpack_likes_enabled":true,"jetpack_sharing_enabled":true,"_links":{"self":[{"href":"https:\/\/miradordeatarfe.es\/index.php?rest_route=\/wp\/v2\/posts\/66326","targetHints":{"allow":["GET"]}}],"collection":[{"href":"https:\/\/miradordeatarfe.es\/index.php?rest_route=\/wp\/v2\/posts"}],"about":[{"href":"https:\/\/miradordeatarfe.es\/index.php?rest_route=\/wp\/v2\/types\/post"}],"author":[{"embeddable":true,"href":"https:\/\/miradordeatarfe.es\/index.php?rest_route=\/wp\/v2\/users\/1"}],"replies":[{"embeddable":true,"href":"https:\/\/miradordeatarfe.es\/index.php?rest_route=%2Fwp%2Fv2%2Fcomments&post=66326"}],"version-history":[{"count":1,"href":"https:\/\/miradordeatarfe.es\/index.php?rest_route=\/wp\/v2\/posts\/66326\/revisions"}],"predecessor-version":[{"id":66328,"href":"https:\/\/miradordeatarfe.es\/index.php?rest_route=\/wp\/v2\/posts\/66326\/revisions\/66328"}],"wp:featuredmedia":[{"embeddable":true,"href":"https:\/\/miradordeatarfe.es\/index.php?rest_route=\/wp\/v2\/media\/66327"}],"wp:attachment":[{"href":"https:\/\/miradordeatarfe.es\/index.php?rest_route=%2Fwp%2Fv2%2Fmedia&parent=66326"}],"wp:term":[{"taxonomy":"category","embeddable":true,"href":"https:\/\/miradordeatarfe.es\/index.php?rest_route=%2Fwp%2Fv2%2Fcategories&post=66326"},{"taxonomy":"post_tag","embeddable":true,"href":"https:\/\/miradordeatarfe.es\/index.php?rest_route=%2Fwp%2Fv2%2Ftags&post=66326"}],"curies":[{"name":"wp","href":"https:\/\/api.w.org\/{rel}","templated":true}]}}