{"id":66329,"date":"2024-01-12T09:54:30","date_gmt":"2024-01-12T08:54:30","guid":{"rendered":"https:\/\/miradordeatarfe.es\/?p=66329"},"modified":"2024-01-08T20:00:34","modified_gmt":"2024-01-08T19:00:34","slug":"adios-a-la-piscina-miami","status":"publish","type":"post","link":"https:\/\/miradordeatarfe.es\/?p=66329","title":{"rendered":"Adi\u00f3s a la Piscina Miami"},"content":{"rendered":"<div class=\"mce-body \">\n<h3 class=\"pg-bkn-headline\" style=\"text-align: justify;\">Granada tendr\u00e1 un nuevo parque comercial y deportivo en 2025 junto a la Circunvalaci\u00f3n.El fen\u00f3meno de los <strong class=\"mce\">parques comerciales en Granada<\/strong> contin\u00faa expandi\u00e9ndose a un ritmo fren\u00e9tico.<\/h3>\n<ul style=\"text-align: justify;\">\n<li class=\"summary-entry fa-i\">\n<p>Se construir\u00e1\u00a0sobre el suelo que ocupa de forma parcial el dep\u00f3sito municipal de la gr\u00faa en el Camino de Purchil y la antigua instalaci\u00f3n deportiva y las naves de Ceballos, junto a la GR-30<\/p>\n<\/li>\n<li class=\"summary-entry fa-i\">\n<p align=\"left\">Contar\u00e1 con 197 plazas de parking en superficie y 200 plazas en parking subterr\u00e1neo, y ya busca a empresas que quieran instalarse en ella<\/p>\n<\/li>\n<\/ul>\n<p class=\"mce\" style=\"text-align: justify;\">El pr\u00f3ximo, que estar\u00e1 <strong class=\"mce\">listo a finales de 2025<\/strong>, estar\u00e1 situado en\u00a0los <strong class=\"mce\">terrenos de la antigua piscina Miami y las naves de Ceballos<\/strong>, al borde de la Autov\u00eda, justo al lado de la gr\u00faa municipal. Busca competir con los grandes complejos comerciales de Granada y prepara\u00a0incorporar, entre otros, <strong class=\"mce\">un supermercado<\/strong> y varias unidades de medianas superficies comerciales, <strong class=\"mce\">un gimnasio y zonas de servicios, ocio y restauraci\u00f3n<\/strong>.<\/p>\n<p class=\"mce\" style=\"text-align: justify;\">La promotora andaluza SUBA, perteneciente al Grupo Sinerba, ha iniciado ya la promoci\u00f3n de este nuevo Parque Comercial en Granada, tras obtener la <strong class=\"mce\">aprobaci\u00f3n inicial del Estudio de Detalle<\/strong> redactado sobre su solar por parte del Ayuntamiento de Granada, seg\u00fan los propios promotores han informado a <strong class=\"mce\">Granada<\/strong> <strong class=\"mce\">Hoy<\/strong>. Por el momento este espacio no tiene un nombre concreto definido, pero s\u00ed un proyecto preparado y ya busca a empresas que quieran asentarse en \u00e9l.<\/p>\n<p class=\"mce\" style=\"text-align: justify;\">El pasado mes de agosto, la Junta de Gobierno Local ya aprob\u00f3 un expediente para iniciar los tr\u00e1mites para la recuperaci\u00f3n de los terrenos de esta zona, que estaban en manos de propiedad privada, para levantar en ellos\u00a0<strong class=\"mce\">un supermercado y un centro deportivo, <\/strong>ya que\u00a0una de las naves tiene uso industrial y otro deportivo.\u00a0Para llegar a autorizar este cambio hab\u00eda que realizar un estudio de detalle del plan y contar tambi\u00e9n con autorizaci\u00f3n de carreteras, algo que ya se ha conseguido. <strong class=\"mce\">Como contraprestaci\u00f3n, la ciudad podr\u00e1 ampliar el acerado para conectar con la zona de la Huerta del Rasillo.<\/strong><\/p>\n<div class=\"inset inset-L inset-L-w7\" style=\"text-align: justify;\">\n<figure class=\"image-holder\"><span class=\"obj-img hmedia\"> <img data-recalc-dims=\"1\" loading=\"lazy\" decoding=\"async\" class=\"photo lazy\" src=\"https:\/\/i0.wp.com\/www.granadahoy.com\/2023\/02\/18\/granada\/Imagen-triangulo-autovia-forman-parcelas_1767433595_177330807_1200x675.jpg?resize=640%2C360&#038;ssl=1\" alt=\"Imagen a\u00e9rea del tri\u00e1ngulo junto a la autov\u00eda que forman la gr\u00faa y las dos parcelas.\" width=\"640\" height=\"360\" data-src=\"\/2023\/02\/18\/granada\/Imagen-triangulo-autovia-forman-parcelas_1767433595_177330807_1200x675.jpg\" \/><\/span><figcaption>\n<div class=\"footnote\">\n<p class=\"text\">Imagen a\u00e9rea del tri\u00e1ngulo junto a la autov\u00eda que forman la gr\u00faa y las dos parcelas. <wbr \/> \/ <span class=\"source\">maps<\/span><\/p>\n<\/div>\n<\/figcaption><\/figure>\n<\/div>\n<p class=\"mce\" style=\"text-align: justify;\">El parque constar\u00e1 de 8.443 metros cuadrados\u00a0de superficie edificable comercial y de 5.114 metros cuadrados de edificabilidad m\u00e1xima para el uso deportivo, y se ubicar\u00e1 sobre el suelo que ocupa actualmente, de forma parcial, el dep\u00f3sito municipal de la gr\u00faa en Camino de Purchil, junto a la GR-30, frente a las barriadas del Distrito de Ronda y rodeado de varios colegios e institutos, la sede de la Polic\u00eda Local y otras instalaciones p\u00fablicas y privadas, como la proximidad de los recintos universitarios. <strong class=\"mce\">As\u00ed mismo, contar\u00e1 con 197 plazas de parking en superficie y 200 plazas en parking subterr\u00e1neo.<\/strong><\/p>\n<p class=\"mce\" style=\"text-align: justify;\">\u00abA d\u00eda de hoy el proyecto se encuentra en <strong class=\"mce\">fase de comercializaci\u00f3n<\/strong> con los distintos operadores que este espacio albergar\u00e1, el cual incorporar\u00e1 un supermercado y varias unidades de medianas superficies comerciales, un gimnasio y zonas de servicios, ocio y restauraci\u00f3n\u00bb, han confirmado desde la promotora. Preguntados por las marcas que se instalar\u00e1n en el parque, aseguran que hay algunas ya cerradas, pero que por el momento no pueden dar a conocer cu\u00e1les ser\u00e1n.<\/p>\n<p class=\"mce\" style=\"text-align: justify;\">SUBA prev\u00e9<strong class=\"mce\"> iniciar las obras del complejo en el segundo trimestre de 2024<\/strong> <strong class=\"mce\">y abrir al p\u00fablico en el \u00faltimo trimestre de 2025<\/strong>. Este parque forma parte de los siete proyectos comerciales que la compa\u00f1\u00eda tiene en diferentes procesos de promoci\u00f3n para los pr\u00f3ximos tres a\u00f1os, con una previsi\u00f3n de inversi\u00f3n superior a los 250 <span class=\"obj-img hmedia\"> <img data-recalc-dims=\"1\" loading=\"lazy\" decoding=\"async\" class=\"photo lazy\" src=\"https:\/\/i0.wp.com\/www.granadahoy.com\/2023\/02\/18\/granada\/Triangulo-refleja-parcelas-actual-PGOU_1767433592_200578612_1200x868.jpg?resize=640%2C463&#038;ssl=1\" alt=\"Tri\u00e1ngulo que refleja las parcelas y su uso en el actual PGOU\" width=\"640\" height=\"463\" data-src=\"\/2023\/02\/18\/granada\/Triangulo-refleja-parcelas-actual-PGOU_1767433592_200578612_1200x868.jpg\" \/><\/span><\/p>\n<div class=\"inset inset-R inset-R-w7\" style=\"text-align: justify;\">\n<figure class=\"image-holder\"><figcaption>\n<div class=\"footnote\">\n<p class=\"text\">Tri\u00e1ngulo que refleja las parcelas y su uso en el actual PGOU <wbr \/> \/ <span class=\"source\">G. H.<\/span><\/p>\n<\/div>\n<\/figcaption><\/figure>\n<\/div>\n<p class=\"mce\" style=\"text-align: justify;\">Seg\u00fan el expediente del estudio de detalle de las parcelas, <strong class=\"mce\">fue el 27 de julio de este a\u00f1o cuando Suba Real Villalba SL present\u00f3 el documento t\u00e9cnico del estudio de detalle<\/strong>, que se fue completando con otros documentos en agosto. El objetivo del estudio de detalle era la ordenaci\u00f3n de vol\u00famenes y fijaci\u00f3n de alineaciones en cuatro parcelas catastrales entre las calles Huerta del Rasillo y Camino de Purchil. El 11 de agosto, el jefe de planeamiento no protegido del Ayuntamiento emiti\u00f3 informe sobre ese estudio de detalle, realizado por el arquitecto Antonio Miguel Vizuete Castillo, para la ordenaci\u00f3n de la manzana entre el Camino de Purchil, la calle Huerta del Rasillo y la autov\u00eda GR-30 (Bail\u00e9n-Motril).<\/p>\n<p class=\"mce\" style=\"text-align: justify;\">Con la nueva alineaci\u00f3n<strong class=\"mce\">\u00a0se fija una altura m\u00e1xima de diez metros (una o dos plantas) permiti\u00e9ndose la disposici\u00f3n de elementos publicitarios con una altura m\u00e1xima de 20 metros.<\/strong>\u00a0El estudio no modifica el uso urban\u00edstico del suelo, ni altera la edificabilidad ni el aprovechamiento urban\u00edstico.\u00a0<\/p>\n<h2 class=\"mce\" style=\"text-align: justify;\">Un reducto del pasado al pie de la Circunvalaci\u00f3n<\/h2>\n<p class=\"mce\" style=\"text-align: justify;\">Esta zona es un tri\u00e1ngulo de suelo urbanizable\u00a0<strong class=\"mce\">entre la ciudad y la Vega<\/strong>\u00a0de los pocos que quedan para poder hacer algo en la ciudad. Las\u00a0<strong class=\"mce\">antiguas naves de Ceballos y la antigua piscina Miami,<\/strong>\u00a0cerrada ya hace casi 22 a\u00f1os, eran un reducto del pasado en Granada y eran, hasta d\u00eda de hoy, un espacio sin uso, abandonado al pie de la Autov\u00eda y junto al Rasillo, donde est\u00e1 la sede de la Polic\u00eda Local y dos centros educativos. De hecho, como curiosidad, en la entrada se puede ver todav\u00eda el cartel de la piscina y al circular por la trasera del solar tambi\u00e9n las letras de esta instalaci\u00f3n deportiva resisten todav\u00eda en la pared encalada despu\u00e9s de d\u00e9cadas.<\/p>\n<p class=\"mce\" style=\"text-align: justify;\">Estas <strong class=\"mce\">eran parcelas de propiedad privada y hasta ahora no hab\u00eda plan para ellas<\/strong>. Urbanismo no ten\u00eda ning\u00fan proyecto encima de la mesa para su estudio hasta la llegada de la nueva promotora. En su d\u00eda se habl\u00f3 de una urbanizaci\u00f3n o de un hotel, pero nada fragu\u00f3.<\/p>\n<div class=\"inset inset-L inset-L-w7\" style=\"text-align: justify;\">\n<figure class=\"image-holder\"><span class=\"obj-img hmedia\">\u00a0<img data-recalc-dims=\"1\" loading=\"lazy\" decoding=\"async\" class=\"photo lazy\" src=\"https:\/\/i0.wp.com\/www.granadahoy.com\/2023\/02\/18\/granada\/Imagen-antiguas-Ceballos-primer-termino_1767433589_177330518_1200x675.jpg?resize=640%2C360&#038;ssl=1\" alt=\"Imagen con las naves antiguas de Ceballos en primer t\u00e9rmino\" width=\"640\" height=\"360\" data-src=\"\/2023\/02\/18\/granada\/Imagen-antiguas-Ceballos-primer-termino_1767433589_177330518_1200x675.jpg\" \/><\/span><figcaption>\n<div class=\"footnote\">\n<p class=\"text\">Imagen con las naves antiguas de Ceballos en primer t\u00e9rmino <wbr \/> \/ <span class=\"source\">Antonio L. Ju\u00e1rez \/ Photographerssports<\/span><\/p>\n<\/div>\n<\/figcaption><\/figure>\n<\/div>\n<p class=\"mce\" style=\"text-align: justify;\">Al pasar por all\u00ed, para lo que hay que entrar en un peque\u00f1o carril desde el Camino de Purchil antes de que este inicie la bajada al paso inferior, lo primero que llama la atenci\u00f3n en el <strong class=\"mce\">n\u00famero de coches aparcados en la zona, un parking improvisado a las puertas de la ciudad.<\/strong> No en vano, est\u00e1 all\u00ed la\u00a0<strong class=\"mce\">gr\u00faa municipal<\/strong>\u00a0y hay gente que se desplaza a este servicio. Pero tambi\u00e9n sirve de aparcamiento para gente que llega de los pueblos del Cintur\u00f3n y deja all\u00ed el coche para entrar andando por el paso inferior hasta la calle Arabial.\u00a0<\/p>\n<p class=\"mce\" style=\"text-align: justify;\">La primera parcela junto a la gr\u00faa es la industrial, la que ocupan las naves blancas y azules, ya deste\u00f1idas y llenas de pintadas, que <strong class=\"mce\">en su d\u00eda fueron sede de la empresa Ceballos<\/strong> hasta que se traslad\u00f3 a sus nuevas instalaciones del Parque Alb\u00e1n, en\u00a0<strong class=\"mce\">Armilla<\/strong>, frente a S\u00e1nchez. Todo est\u00e1 cerrado y chapados los huecos para su protecci\u00f3n, pero llama la atenci\u00f3n que todav\u00eda se puedan distinguir en sus carteles, ya blancos y vac\u00edos, las letras Comarex o que quede en pie un letrero, casi &#8216;incorrupto&#8217;, de la empresa Yedesa, dedicada a la fabricaci\u00f3n de yesos, escayolas y derivados.\u00a0<\/p>\n<h2 class=\"mce\" style=\"text-align: justify;\">Una piscina con historia que fue un oasis para la ciudad<\/h2>\n<p class=\"mce\" style=\"text-align: justify;\">Pegando a la nave, que ocupa el espacio principal a este lado de la parcela, se llega a lo que era la entrada de la\u00a0<strong class=\"mce\">Piscina<\/strong>\u00a0<strong class=\"mce\">Miami<\/strong>. Una peque\u00f1a entrada en tonos azules, totalmente abandonada y deteriorada, donde se puede ver todav\u00eda un cartel ya oxidado que anuncia la instalaci\u00f3n con letras sobre fondo amarillo. Dentro, desde hace unos a\u00f1os, hay un asentamiento chabolista que se puede ver tambi\u00e9n desde la autov\u00eda. Durante a\u00f1os siguieron en pie las construcciones interiores, como el restaurante (cuyos restos fueron afectados por un incendio) y edificios de instalaciones, pero ya fueron demolidos y hoy solo queda un solar.<\/p>\n<p class=\"mce\" style=\"text-align: justify;\">Si se da la vuelta para ver el otro lateral de las parcelas, ya en la calle Huerta del Rasillo, en este lado, tras la gr\u00faa y una peque\u00f1a nave, la mayor superficie la ocupa la parcela de la piscina y de hecho se puede leer todav\u00eda las letras de la misma sobre el muro blanco y algunos \u00e1rboles que sobresalen del recinto. Y al final, un cartel:<strong class=\"mce\">\u00a0\u00abAqu\u00ed Restaurante Bar Piscina Miami. Terrazas y Salones. Pub Los Manglares\u00bb.<\/strong><\/p>\n<div class=\"inset inset-R inset-R-w7\" style=\"text-align: justify;\">\n<figure class=\"image-holder\"><span class=\"obj-img hmedia\"> <a class=\"fn\" href=\"https:\/\/www.granadahoy.com\/2023\/02\/18\/granada\/actualidad-vallado-parte-frente-aparcamiento_1767433593_177330711_1200x675.jpg\" rel=\"enclosure\" type=\"image\/jpeg\">En la actualidad se ha vallado parte del suelo frente a las naves y hay menos aparcamiento.<\/a> <img data-recalc-dims=\"1\" loading=\"lazy\" decoding=\"async\" class=\"photo lazy\" src=\"https:\/\/i0.wp.com\/www.granadahoy.com\/2023\/02\/18\/granada\/actualidad-vallado-parte-frente-aparcamiento_1767433593_177330711_1200x675.jpg?resize=640%2C360&#038;ssl=1\" alt=\"En la actualidad se ha vallado parte del suelo frente a las naves y hay menos aparcamiento.\" width=\"640\" height=\"360\" data-src=\"\/2023\/02\/18\/granada\/actualidad-vallado-parte-frente-aparcamiento_1767433593_177330711_1200x675.jpg\" \/><\/span><figcaption>\n<div class=\"footnote\">\n<p class=\"text\">En la actualidad se ha vallado parte del suelo frente a las naves y hay menos aparcamiento. <wbr \/> \/ <span class=\"source\">Antonio L. Ju\u00e1rez \/ Photographerssports<\/span><\/p>\n<\/div>\n<\/figcaption><\/figure>\n<\/div>\n<p class=\"mce\" style=\"text-align: justify;\">Desde el aire, utilizando los navegadores, se puede ver que <strong class=\"mce\">el solar de la piscina est\u00e1 tomado por la vegetaci\u00f3n<\/strong>, es soporte para varias vallas publicitarias y se intuye a\u00fan el vaso de la piscina.<\/p>\n<p class=\"mce\" style=\"text-align: justify;\">Lo que en su d\u00eda fue un oasis de diversi\u00f3n para la ciudad, que naci\u00f3 en los a\u00f1os 70, con el <em class=\"mce\">boom<\/em> de las piscinas (como la Neptuno, tambi\u00e9n cerca) y estuvo activa hasta 2002, hoy es un erial abandonado. Llamaba mucho la atenci\u00f3n que no existiera un proyecto para reflotarlo cuando\u00a0<strong class=\"mce\">en los \u00faltimos a\u00f1os, debido a las altas temperaturas, aumentaban las peticiones de m\u00e1s piscinas p\u00fablicas en Granada.<\/strong> No ser\u00e1 una piscina, pero si se convertir\u00e1 en un <em class=\"mce\">oasis<\/em> en el que los granadinos podr\u00e1n pasar su tiempo libre, comprar, hacer deporte y visitar.<\/p>\n<h2 class=\"byline\"><small><\/small><small class=\"author\">Salva Rodr\u00edguez <\/small><\/h2>\n<p class=\"mce\">FOTO: Imagen a\u00e9rea del proyecto que se planea en la zona de la Piscina Miami <wbr \/> \/ <span class=\"source\">Suba<\/span><\/p>\n<div class=\"pg-media\">https:\/\/www.granadahoy.com\/granada\/Granada-nuevo-parque-comercial-deportivo-2025-Circunvalacion-Piscina-Miami_0_1863713883.html<\/div>\n<div class=\"pg-body\">\n<section class=\"nws-data\">\n<h3 class=\"byline\"><small> <br \/>\n<\/small><\/h3>\n<\/section>\n<\/div>\n<\/div>\n","protected":false},"excerpt":{"rendered":"<p>Granada tendr\u00e1 un nuevo parque comercial y deportivo en 2025 junto a la Circunvalaci\u00f3n.El fen\u00f3meno&#8230;<\/p>\n","protected":false},"author":1,"featured_media":66330,"comment_status":"closed","ping_status":"closed","sticky":false,"template":"","format":"standard","meta":{"_coblocks_attr":"","_coblocks_dimensions":"","_coblocks_responsive_height":"","_coblocks_accordion_ie_support":"","jetpack_post_was_ever_published":false,"_jetpack_newsletter_access":"","_jetpack_dont_email_post_to_subs":false,"_jetpack_newsletter_tier_id":0,"_jetpack_memberships_contains_paywalled_content":false,"_jetpack_memberships_contains_paid_content":false,"footnotes":"","jetpack_publicize_message":"","jetpack_publicize_feature_enabled":true,"jetpack_social_post_already_shared":true,"jetpack_social_options":{"image_generator_settings":{"template":"highway","default_image_id":0,"enabled":false},"version":2}},"categories":[1161,10781,9,44],"tags":[],"class_list":["post-66329","post","type-post","status-publish","format-standard","has-post-thumbnail","hentry","category-ciudadania","category-granada","category-medio-ambiente","category-noticias-de-hoy"],"jetpack_publicize_connections":[],"jetpack_featured_media_url":"https:\/\/i0.wp.com\/miradordeatarfe.es\/wp-content\/uploads\/2024\/01\/Imagen-proyecto-planea-Piscina-Miami_1863723825_200578523_667x375.jpg?fit=667%2C375&ssl=1","jetpack_likes_enabled":true,"jetpack_sharing_enabled":true,"_links":{"self":[{"href":"https:\/\/miradordeatarfe.es\/index.php?rest_route=\/wp\/v2\/posts\/66329","targetHints":{"allow":["GET"]}}],"collection":[{"href":"https:\/\/miradordeatarfe.es\/index.php?rest_route=\/wp\/v2\/posts"}],"about":[{"href":"https:\/\/miradordeatarfe.es\/index.php?rest_route=\/wp\/v2\/types\/post"}],"author":[{"embeddable":true,"href":"https:\/\/miradordeatarfe.es\/index.php?rest_route=\/wp\/v2\/users\/1"}],"replies":[{"embeddable":true,"href":"https:\/\/miradordeatarfe.es\/index.php?rest_route=%2Fwp%2Fv2%2Fcomments&post=66329"}],"version-history":[{"count":1,"href":"https:\/\/miradordeatarfe.es\/index.php?rest_route=\/wp\/v2\/posts\/66329\/revisions"}],"predecessor-version":[{"id":66331,"href":"https:\/\/miradordeatarfe.es\/index.php?rest_route=\/wp\/v2\/posts\/66329\/revisions\/66331"}],"wp:featuredmedia":[{"embeddable":true,"href":"https:\/\/miradordeatarfe.es\/index.php?rest_route=\/wp\/v2\/media\/66330"}],"wp:attachment":[{"href":"https:\/\/miradordeatarfe.es\/index.php?rest_route=%2Fwp%2Fv2%2Fmedia&parent=66329"}],"wp:term":[{"taxonomy":"category","embeddable":true,"href":"https:\/\/miradordeatarfe.es\/index.php?rest_route=%2Fwp%2Fv2%2Fcategories&post=66329"},{"taxonomy":"post_tag","embeddable":true,"href":"https:\/\/miradordeatarfe.es\/index.php?rest_route=%2Fwp%2Fv2%2Ftags&post=66329"}],"curies":[{"name":"wp","href":"https:\/\/api.w.org\/{rel}","templated":true}]}}