{"id":66332,"date":"2024-01-09T10:03:35","date_gmt":"2024-01-09T09:03:35","guid":{"rendered":"https:\/\/miradordeatarfe.es\/?p=66332"},"modified":"2024-01-08T20:12:30","modified_gmt":"2024-01-08T19:12:30","slug":"la-incidencia-de-los-virus-respiratorios-sigue-al-alza-en-granada","status":"publish","type":"post","link":"https:\/\/miradordeatarfe.es\/?p=66332","title":{"rendered":"La incidencia de los virus respiratorios sigue al alza en Granada"},"content":{"rendered":"<header class=\"pg-head\">\n<h3>La tasa de incidencia semanal por 100.000 habitantes ha repuntado tras las fechas navide\u00f1as y Sanidad ya recomienda el uso del cubrebocas en los centros sanitarios.De media, hay 470,1 contagios por cada 100.000 habitantes, aunque la capital y el norte de la provincia se han visto m\u00e1s afectados<\/h3>\n<\/header>\n<div class=\"gd\">\n<div class=\"gdu u16 u-first\">\n<div class=\"pg-body\">\n<div class=\"mce-body \">\n<p class=\"mce\" style=\"text-align: justify;\">El <strong class=\"mce\">c\u00f3ctel de virus respiratorios<\/strong> que se mueve por Granada en estos d\u00edas no para de crecer. La<strong class=\"mce\"> gripe, la gripe A y el Covid-19<\/strong>, considerados como\u00a0Infecciones Respiratorias Agudas (IRA), se han unido para volver a poner a prueba la salud de los ciudadanos y el sistema sanitario actual. Una <strong class=\"mce\">elevada incidencia<\/strong> ante la que el Gobierno ya ha pedido a las comunidades aut\u00f3nomas\u00a0la vuelta de las mascarillas a centros sanitarios, sociosanitarios y farmacias.<\/p>\n<p class=\"mce\" style=\"text-align: justify;\">S\u00f3lo hay que salir a la calle para comprobar cu\u00e1l es la situaci\u00f3n. <strong class=\"mce\">Toses, estornudos, mocos y mucha gente enferma.<\/strong> Las reuniones familiares y de amigos de la Navidad han ayudado a extender estas enfermedades, y <strong class=\"mce\">las urgencias de los centros sanitarios granadinos se encuentran muy saturadas<\/strong>. Algunos, ante la situaci\u00f3n, han vuelto a recurrir de forma voluntaria a la mascarilla, aunque por el momento son pocos.<\/p>\n<p class=\"mce\" style=\"text-align: justify;\">Seg\u00fan los datos del Informe Semanal de Vigilancia de Infecci\u00f3n Respiratoria Aguda en Andaluc\u00eda, de la Consejer\u00eda de Salud, <strong class=\"mce\">la incidencia de estos tres virus<\/strong> entre la \u00faltima semana de diciembre y la primera de enero de 2024 en la provincia <strong class=\"mce\">es de 470,1 personas contagiadas por cada 100.000 habitantes<\/strong>. A mediados de noviembre, este dato era de 311,8.<\/p>\n<p class=\"mce\" style=\"text-align: justify;\"><strong class=\"mce\">Y la tendencia es que siga creciendo<\/strong>. Estos datos avalan la versi\u00f3n de que es necesario comenzar a cuidarse, y a cuidar a los dem\u00e1s. Sobre todo para no colapsar a un servicio sanitario que todav\u00eda no se encuentra a pleno rendimiento tras vivir los peores momentos de la pandemia del Coronavirus.<\/p>\n<p class=\"mce\" style=\"text-align: justify;\">La incidencia var\u00eda en funci\u00f3n del distrito sanitario granadino. Los datos de la Consejer\u00eda de Salud muestran como <strong class=\"mce\">quienes m\u00e1s sufren la situaci\u00f3n son los habitantes de Granada capital<\/strong>, con una incidencia del <strong class=\"mce\">601,5\/100.000<\/strong> habitantes. (a este distrito sanitario tambi\u00e9n pertenecen los centros sanitarios del Poniente de la provincia). A estos hay que sumarles los datos del <strong class=\"mce\">distrito \u00c1rea Metropolitana, con una incidencia de 448,3.<\/strong><\/p>\n<p class=\"mce\" style=\"text-align: justify;\">El norte de la provincia, el distrito <strong class=\"mce\">Granada Nordeste<\/strong>, es el segundo m\u00e1s afectado, con una incidencia de <strong class=\"mce\">540,9 por cada 100.000 habitantes<\/strong>. La menor incidencia se encuentra en el Distrito Granada Sur, el correspondiente con la <strong class=\"mce\">Costa Tropical,<\/strong> en el que la incidencia es de <strong class=\"mce\">282,3<\/strong>, beneficiado por las temperaturas m\u00e1s suaves, aunque tambi\u00e9n mostrando crecimiento.<\/p>\n<h2 class=\"mce\" style=\"text-align: justify;\">Vuelta de las mascarillas y &#8216;autobajas&#8217;<\/h2>\n<p class=\"mce\" style=\"text-align: justify;\">Ante esta situaci\u00f3n de crecimiento, y a la espera de los nuevos datos de enero,<strong class=\"mce\"> el Gobierno ya ha propuesto a las comunidades aut\u00f3nomas la vuelta de las mascarillas<\/strong> a centros sanitarios, sociosanitarios y farmacias.\u00a0Otra de las medidas que tambi\u00e9n se han planteado es la \u00ab<strong class=\"mce\">autojustificaci\u00f3n de las bajas de tres d\u00edas<\/strong>, para aquellos que tengan una enfermedad leve\u00bb, ha se\u00f1alado la ministra M\u00f3nica Garc\u00eda.<\/p>\n<p class=\"mce\" style=\"text-align: justify;\">La ministra considera que la incidencia que se est\u00e1 produciendo de gripe en estos \u00faltimos d\u00edas<strong class=\"mce\"> \u00abes para preocuparse\u00bb ya que \u00abestamos en unos niveles de gripe de mayor intensidad que los \u00faltimos a\u00f1os\u00bb<\/strong>. Adem\u00e1s, ha afirmado que el problema no es tanto las infecciones como el colapso sanitario.<\/p>\n<p class=\"mce\" style=\"text-align: justify;\">En este sentido, ha recordado que <strong class=\"mce\">la medida m\u00e1s eficaz para evitar el virus es la mascarilla<\/strong>, adem\u00e1s de la ventilaci\u00f3n, y, por supuesto, la coordinaci\u00f3n. As\u00ed, ha valorado positivamente la iniciativa de otras comunidades aut\u00f3nomas como la Comunidad Valenciana, que ya la han impuesto en centros sanitarios. Asimismo, <strong class=\"mce\">no se baraja inicialmente implantar la medida en los centros educativos.<\/strong><\/p>\n<div class=\"inset inset-L inset-L-w7\" style=\"text-align: justify;\">\n<figure class=\"image-holder\"><span class=\"obj-img hmedia\"> <a class=\"fn\" href=\"https:\/\/www.granadahoy.com\/2024\/01\/08\/granada\/Tasa-incidencia-enfermedades-respiratorias-Andalucia_1864623825_200821391_1200x492.jpg\" rel=\"enclosure\" type=\"image\/jpeg\">Tasa de incidencia de las enfermedades respiratorias agudas en Andaluc\u00eda<\/a> <img data-recalc-dims=\"1\" loading=\"lazy\" decoding=\"async\" class=\"photo lazy\" src=\"https:\/\/i0.wp.com\/www.granadahoy.com\/2024\/01\/08\/granada\/Tasa-incidencia-enfermedades-respiratorias-Andalucia_1864623825_200821391_1200x492.jpg?resize=640%2C262&#038;ssl=1\" alt=\"Tasa de incidencia de las enfermedades respiratorias agudas en Andaluc\u00eda\" width=\"640\" height=\"262\" data-src=\"\/2024\/01\/08\/granada\/Tasa-incidencia-enfermedades-respiratorias-Andalucia_1864623825_200821391_1200x492.jpg\" \/><\/span><figcaption>\n<div class=\"footnote\">\n<p class=\"text\">Tasa de incidencia de las enfermedades respiratorias agudas en Andaluc\u00eda <wbr \/> \/ <span class=\"source\">G. H.<\/span><\/p>\n<\/div>\n<\/figcaption><\/figure>\n<\/div>\n<p class=\"mce\" style=\"text-align: justify;\">Al mismo tiempo, Garc\u00eda ha alabado que algunos ciudadanos ya salgan de casa con su mascarilla ante los primeros s\u00edntomas catarrales o los primeros s\u00edntomas respiratorios; \u00abse han hecho cargo de lo que aprendimos durante la pandemia\u00bb, ha se\u00f1alado, recordando que <strong class=\"mce\">\u00ablas medidas que aprendimos de la pandemia son muy claras\u00bb<\/strong>.<\/p>\n<p class=\"mce\" style=\"text-align: justify;\">Por tanto, siguiendo las recomendaciones, Garc\u00eda ha pedido a las personas con alg\u00fan s\u00edntoma <strong class=\"mce\">no acudan a su puesto de trabajo<\/strong>\u00a0si pueden trabajar a distancia, o que acudan con mascarilla para asegurarse, al menos, que no contagian a los dem\u00e1s.<\/p>\n<p class=\"mce\" style=\"text-align: justify;\">Ante la subida de la gripe y, sobre todo, ante el colapso sanitario, se ha decidido <strong class=\"mce\">\u00abtener una actitud proactiva y contar con el di\u00e1logo y con el resto de consejeros y consejeras<\/strong>\u00ab, porque, ha admitido, \u00abes verdad que la gripe est\u00e1 siendo muy dispar en las diferentes comunidades y est\u00e1 afectando a diferentes poblaciones\u00bb, lo que justifica adoptar unas bases comunes en todo el territorio nacional.<\/p>\n<h2 class=\"mce\" style=\"text-align: justify;\">La vacunaci\u00f3n ha descendido<\/h2>\n<p class=\"mce\" style=\"text-align: justify;\">Por otra parte, Garc\u00eda ha reconocido los bajos datos de vacunaci\u00f3n de este invierno en la poblaci\u00f3n general, aunque <strong class=\"mce\">ha destacado que ha sido \u00abexitosa\u00bb en gente mayor y<\/strong>\u00a0<strong class=\"mce\">la m\u00e1s vulnerable<\/strong>, as\u00ed como en los ni\u00f1os m\u00e1s peque\u00f1os.<\/p>\n<p class=\"mce\" style=\"text-align: justify;\">Actualmente, sin los datos definitivos, ha explicado que la vacunaci\u00f3n se encuentra en torno al 65% en las comunidades aut\u00f3nomas. Una vez se sepan los datos definitivos, Sanidad podr\u00e1 valorarlos para empezar a trabajar para el a\u00f1o que viene, ya que <strong class=\"mce\">\u00ablos problemas de gripe y las epidemias no se tratan cuando ya tienes la epidemia encima, sino que se trata meses antes<\/strong>. Entonces, vamos a ver qu\u00e9 es lo que ha pasado con las vacunaciones\u00bb.<\/p>\n<p class=\"mce\" style=\"text-align: justify;\">Garc\u00eda ha admitido que<strong class=\"mce\"> la gripe de este a\u00f1o \u00abha venido m\u00e1s fuerte, con mayor intensidad\u00bb<\/strong>, por este motivo tambi\u00e9n habr\u00e1 que estudiar al acabar la temporada si la vacuna ha generado los anticuerpos adecuados a los virus que est\u00e1n este a\u00f1o. \u00abHay muchas cosas que hay que valorar, que tendremos que valorar en el futuro, que ponen las bases tambi\u00e9n para hacerlo mejor todav\u00eda el a\u00f1o que viene\u00bb, ha se\u00f1alado.<\/p>\n<p class=\"mce\" style=\"text-align: justify;\">La Junta de Andaluc\u00eda, por su parte, ha informado de que a partir de este jueves va a habilitar<strong class=\"mce\"> la vacunaci\u00f3n tanto de la gripe como del Covid-19 sin cita en puntos habilitados<\/strong>, para que los ciudadanos que lo deseen puedan acudir a inmunizarse.<\/p>\n<h2><strong><small><\/small><small class=\"author\">Salva Rodr\u00edguez<\/small><\/strong><\/h2>\n<p>FOTO: Imagen de archivo de un reparto de mascarillas en Granada \/ <span class=\"source\">ANTONIO L. JU\u00c1REZ \/ PHOTOGRAPHERSSPORTS<\/span><\/p>\n<p>https:\/\/www.granadahoy.com\/granada\/incidencia-virus-respiratorios-aumentando-Granada-debate-mascarillas_0_1864614168.html<\/p>\n<div class=\"pg-body\">\n<section class=\"nws-data\">\n<p class=\"byline\"><small> <br \/>\n<\/small><\/p>\n<\/section>\n<\/div>\n<\/div>\n<\/div>\n<\/div>\n<\/div>\n","protected":false},"excerpt":{"rendered":"<p>La tasa de incidencia semanal por 100.000 habitantes ha repuntado tras las fechas navide\u00f1as y&#8230;<\/p>\n","protected":false},"author":1,"featured_media":66333,"comment_status":"closed","ping_status":"closed","sticky":false,"template":"","format":"standard","meta":{"_coblocks_attr":"","_coblocks_dimensions":"","_coblocks_responsive_height":"","_coblocks_accordion_ie_support":"","jetpack_post_was_ever_published":false,"_jetpack_newsletter_access":"","_jetpack_dont_email_post_to_subs":false,"_jetpack_newsletter_tier_id":0,"_jetpack_memberships_contains_paywalled_content":false,"_jetpack_memberships_contains_paid_content":false,"footnotes":"","jetpack_publicize_message":"","jetpack_publicize_feature_enabled":true,"jetpack_social_post_already_shared":true,"jetpack_social_options":{"image_generator_settings":{"template":"highway","default_image_id":0,"enabled":false},"version":2}},"categories":[1161,44,10],"tags":[],"class_list":["post-66332","post","type-post","status-publish","format-standard","has-post-thumbnail","hentry","category-ciudadania","category-noticias-de-hoy","category-salud"],"jetpack_publicize_connections":[],"jetpack_featured_media_url":"https:\/\/i0.wp.com\/miradordeatarfe.es\/wp-content\/uploads\/2024\/01\/Imagen-archivo-reparto-mascarillas-Granada_1864623823_200821271_667x375.jpg?fit=667%2C375&ssl=1","jetpack_likes_enabled":true,"jetpack_sharing_enabled":true,"_links":{"self":[{"href":"https:\/\/miradordeatarfe.es\/index.php?rest_route=\/wp\/v2\/posts\/66332","targetHints":{"allow":["GET"]}}],"collection":[{"href":"https:\/\/miradordeatarfe.es\/index.php?rest_route=\/wp\/v2\/posts"}],"about":[{"href":"https:\/\/miradordeatarfe.es\/index.php?rest_route=\/wp\/v2\/types\/post"}],"author":[{"embeddable":true,"href":"https:\/\/miradordeatarfe.es\/index.php?rest_route=\/wp\/v2\/users\/1"}],"replies":[{"embeddable":true,"href":"https:\/\/miradordeatarfe.es\/index.php?rest_route=%2Fwp%2Fv2%2Fcomments&post=66332"}],"version-history":[{"count":1,"href":"https:\/\/miradordeatarfe.es\/index.php?rest_route=\/wp\/v2\/posts\/66332\/revisions"}],"predecessor-version":[{"id":66334,"href":"https:\/\/miradordeatarfe.es\/index.php?rest_route=\/wp\/v2\/posts\/66332\/revisions\/66334"}],"wp:featuredmedia":[{"embeddable":true,"href":"https:\/\/miradordeatarfe.es\/index.php?rest_route=\/wp\/v2\/media\/66333"}],"wp:attachment":[{"href":"https:\/\/miradordeatarfe.es\/index.php?rest_route=%2Fwp%2Fv2%2Fmedia&parent=66332"}],"wp:term":[{"taxonomy":"category","embeddable":true,"href":"https:\/\/miradordeatarfe.es\/index.php?rest_route=%2Fwp%2Fv2%2Fcategories&post=66332"},{"taxonomy":"post_tag","embeddable":true,"href":"https:\/\/miradordeatarfe.es\/index.php?rest_route=%2Fwp%2Fv2%2Ftags&post=66332"}],"curies":[{"name":"wp","href":"https:\/\/api.w.org\/{rel}","templated":true}]}}