{"id":66338,"date":"2024-01-14T09:28:59","date_gmt":"2024-01-14T08:28:59","guid":{"rendered":"https:\/\/miradordeatarfe.es\/?p=66338"},"modified":"2024-01-12T11:06:39","modified_gmt":"2024-01-12T10:06:39","slug":"revive-tus-anos-escolares-con-la-enciclopedia-alvarez-en-linea","status":"publish","type":"post","link":"https:\/\/miradordeatarfe.es\/?p=66338","title":{"rendered":"Revive tus a\u00f1os escolares con la Enciclopedia \u00c1lvarez en l\u00ednea"},"content":{"rendered":"<h3 style=\"text-align: justify;\">El libro con el que estudiaron ocho millones de espa\u00f1oles ya tiene web y museo rural<\/h3>\n<div class=\"mce-body \">\n<p class=\"mce\" style=\"text-align: justify;\">El libro con el que estudiaron en su etapa escolar m\u00e1s de ocho millones de espa\u00f1oles en los a\u00f1os cincuenta y sesenta del siglo pasado, la Enciclopedia \u00c1lvarez, acaba de estrenar una p\u00e1gina web que complementa el museo que tiene en Ceadea, la aldea zamorana de la que era originario su autor, Antonio \u00c1lvarez P\u00e9rez, un maestro que dio clases en Asturias, Zamora y Valladolid.<\/p>\n<p><div class=\"jetpack-video-wrapper\"><iframe loading=\"lazy\" title=\"SPOT TV Casa del Maestro - Museo Antonio \u00c1lvarez\" width=\"640\" height=\"360\" src=\"https:\/\/www.youtube.com\/embed\/iy5kXEwrq-w?feature=oembed\" frameborder=\"0\" allow=\"accelerometer; autoplay; clipboard-write; encrypted-media; gyroscope; picture-in-picture; web-share\" referrerpolicy=\"strict-origin-when-cross-origin\" allowfullscreen><\/iframe><\/div>\n<\/p>\n<p class=\"mce\" style=\"text-align: justify;\">La nueva p\u00e1gina web, <a href=\"https:\/\/laenciclopediaalvarez.com\/recursos\/\">laenciclopediaalvarez.com<\/a>, alimenta la nostalgia del pasado, especialmente a los alumnos de entre 1952 y 1965 que siguieron ese manual, y que ahora podr\u00e1n descargarse en ese alojamiento de internet de forma gratuita ocho de los libros editados dentro de la colecci\u00f3n de la Enciclopedia \u00c1lvarez. De esa enciclopedia llegaron a imprimirse 34 millones de ejemplares entre libros de texto, libros de ejercicios, cartillas y libros del profesor, han informado a EFE promotores de la nueva web.<\/p>\n<p class=\"mce\" style=\"text-align: justify;\">El nuevo espacio monogr\u00e1fico en internet es complementario de la Casa del Maestro-Museo Antonio \u00c1lvarez que existe desde el a\u00f1o 2022 en Ceadea, el pueblo de la comarca zamorana de Aliste en el que naci\u00f3 Antonio \u00c1lvarez P\u00e9rez en el a\u00f1o 1921. Patrimonio escolar rural La p\u00e1gina web ofrece informaci\u00f3n sobre ese museo pedag\u00f3gico de Ceadea y las paradas de una ruta por el patrimonio escolar de esa localidad perteneciente al municipio de Fonfr\u00eda.<\/p>\n<div class=\"inset-auto\" style=\"text-align: justify;\">\n<figure class=\"image-holder\"><span class=\"obj-img hmedia\"> <a class=\"fn\" href=\"https:\/\/www.granadahoy.com\/2024\/01\/08\/sociedad\/Enciclopedia-Alvarez_1864623569_200808786_1200x799.jpg\" rel=\"enclosure\" type=\"image\/jpeg\">Enciclopedia \u00c1lvarez<\/a> <img data-recalc-dims=\"1\" loading=\"lazy\" decoding=\"async\" class=\"photo lazy\" src=\"https:\/\/i0.wp.com\/www.granadahoy.com\/2024\/01\/08\/sociedad\/Enciclopedia-Alvarez_1864623569_200808786_1200x799.jpg?resize=640%2C426&#038;ssl=1\" alt=\"Enciclopedia \u00c1lvarez\" width=\"640\" height=\"426\" data-src=\"\/2024\/01\/08\/sociedad\/Enciclopedia-Alvarez_1864623569_200808786_1200x799.jpg\" \/><\/span><figcaption>\n<div class=\"footnote\">\n<p class=\"text\">Enciclopedia \u00c1lvarez <wbr \/><\/p>\n<\/div>\n<\/figcaption><\/figure>\n<\/div>\n<p class=\"mce\" style=\"text-align: justify;\">Tambi\u00e9n dedica un apartado especial al patrimonio escolar rural, con im\u00e1genes de escuelas rurales y fotograf\u00edas antiguas de aulas escolares. El museo virtual que constituye ese apartado quiere engrandecerse, para lo que los promotores del museo invitan a quien tenga fotos de la escuela de su pueblo o im\u00e1genes antiguas de maestros y colegios rurales a enviarlas por correo electr\u00f3nico para incorporarlas a la p\u00e1gina web de la Enciclopedia \u00c1lvarez.<\/p>\n<p class=\"mce\" style=\"text-align: justify;\">Cartillas escolares en l\u00ednea Entre los contenidos descargables de ese espacio virtual dedicado a la obra pedag\u00f3gica de Antonio \u00c1lvarez P\u00e9rez figuran la Enciclopedia \u00c1lvarez de tercer grado completa, las publicaciones <em class=\"mce\">Mi cartilla<\/em> de los a\u00f1os 1959 y 1967, \u00abEl parvulito\u00bb de 1967, <em class=\"mce\">Fichas de Lengua Espa\u00f1ola<\/em> de 1972 y 1973, las <em class=\"mce\">Lecturas escolares<\/em> de sexto curso de 1977 y el <em class=\"mce\">libro de Matem\u00e1ticas<\/em> de cuarto de 1969. La web recoge igualmente informaci\u00f3n del I Premio Memoria Escolar Rural, que patrocinan y apoyan el Ayuntamiento de Fonfr\u00eda, la Diputaci\u00f3n de Zamora, el centro de la UNED de Zamora, la Universidad de Salamanca y la Fundaci\u00f3n Fomento Hispania y del que est\u00e1 abierta la convocatoria hasta el pr\u00f3ximo 31 de marzo.<\/p>\n<p class=\"mce\" style=\"text-align: justify;\">Este nuevo contenido en internet, a trav\u00e9s del cual se pueden adem\u00e1s hacer reservas de visitas guiadas al museo, ha contado con la asistencia cient\u00edfica de profesores de la Unidad de Salamanca y de la UNED de Zamora entre los que han destacado las aportaciones de los docentes Arsenio Dacosta, Carmen L\u00f3pez San Segunto y Ana Rodr\u00edguez Teixeira.<\/p>\n<p><strong>Agencias<\/strong><\/p>\n<p>FOTO: \/Mariam A. Montesinos<\/p>\n<p>https:\/\/www.granadahoy.com\/sociedad\/enciclopedia-alvarez-libro-estudiaron-millones-espanoles-museo-video_0_1864613703.html<\/p>\n<\/div>\n","protected":false},"excerpt":{"rendered":"<p>El libro con el que estudiaron ocho millones de espa\u00f1oles ya tiene web y museo&#8230;<\/p>\n","protected":false},"author":1,"featured_media":66339,"comment_status":"closed","ping_status":"closed","sticky":false,"template":"","format":"standard","meta":{"_coblocks_attr":"","_coblocks_dimensions":"","_coblocks_responsive_height":"","_coblocks_accordion_ie_support":"","jetpack_post_was_ever_published":false,"_jetpack_newsletter_access":"","_jetpack_dont_email_post_to_subs":false,"_jetpack_newsletter_tier_id":0,"_jetpack_memberships_contains_paywalled_content":false,"_jetpack_memberships_contains_paid_content":false,"footnotes":"","jetpack_publicize_message":"","jetpack_publicize_feature_enabled":true,"jetpack_social_post_already_shared":true,"jetpack_social_options":{"image_generator_settings":{"template":"highway","default_image_id":0,"enabled":false},"version":2}},"categories":[187,1161,44],"tags":[],"class_list":["post-66338","post","type-post","status-publish","format-standard","has-post-thumbnail","hentry","category-centros-educativos","category-ciudadania","category-noticias-de-hoy"],"jetpack_publicize_connections":[],"jetpack_featured_media_url":"https:\/\/i0.wp.com\/miradordeatarfe.es\/wp-content\/uploads\/2024\/01\/GRAF1616-ESPANA-EDUCACION-CURIOSIDADES.jpg?fit=900%2C600&ssl=1","jetpack_likes_enabled":true,"jetpack_sharing_enabled":true,"_links":{"self":[{"href":"https:\/\/miradordeatarfe.es\/index.php?rest_route=\/wp\/v2\/posts\/66338","targetHints":{"allow":["GET"]}}],"collection":[{"href":"https:\/\/miradordeatarfe.es\/index.php?rest_route=\/wp\/v2\/posts"}],"about":[{"href":"https:\/\/miradordeatarfe.es\/index.php?rest_route=\/wp\/v2\/types\/post"}],"author":[{"embeddable":true,"href":"https:\/\/miradordeatarfe.es\/index.php?rest_route=\/wp\/v2\/users\/1"}],"replies":[{"embeddable":true,"href":"https:\/\/miradordeatarfe.es\/index.php?rest_route=%2Fwp%2Fv2%2Fcomments&post=66338"}],"version-history":[{"count":1,"href":"https:\/\/miradordeatarfe.es\/index.php?rest_route=\/wp\/v2\/posts\/66338\/revisions"}],"predecessor-version":[{"id":66340,"href":"https:\/\/miradordeatarfe.es\/index.php?rest_route=\/wp\/v2\/posts\/66338\/revisions\/66340"}],"wp:featuredmedia":[{"embeddable":true,"href":"https:\/\/miradordeatarfe.es\/index.php?rest_route=\/wp\/v2\/media\/66339"}],"wp:attachment":[{"href":"https:\/\/miradordeatarfe.es\/index.php?rest_route=%2Fwp%2Fv2%2Fmedia&parent=66338"}],"wp:term":[{"taxonomy":"category","embeddable":true,"href":"https:\/\/miradordeatarfe.es\/index.php?rest_route=%2Fwp%2Fv2%2Fcategories&post=66338"},{"taxonomy":"post_tag","embeddable":true,"href":"https:\/\/miradordeatarfe.es\/index.php?rest_route=%2Fwp%2Fv2%2Ftags&post=66338"}],"curies":[{"name":"wp","href":"https:\/\/api.w.org\/{rel}","templated":true}]}}