{"id":66351,"date":"2024-01-10T09:01:46","date_gmt":"2024-01-10T08:01:46","guid":{"rendered":"https:\/\/miradordeatarfe.es\/?p=66351"},"modified":"2024-01-09T14:05:49","modified_gmt":"2024-01-09T13:05:49","slug":"el-papa-exige-prohibir-universalmente-la-gestacion-subrogada","status":"publish","type":"post","link":"https:\/\/miradordeatarfe.es\/?p=66351","title":{"rendered":"El Papa exige \u201cprohibir universalmente\u201d la gestaci\u00f3n subrogada"},"content":{"rendered":"<h3 style=\"text-align: justify;\">En su discurso al Cuerpo Diplom\u00e1tico, Bergoglio denunci\u00f3 la \u201cdeplorable pr\u00e1ctica\u201d de los vientres de alquiler, que \u201cofende gravemente la dignidad de la mujer y del ni\u00f1o, y se basa en la explotaci\u00f3n de la situaci\u00f3n de necesidad material de la madre\u201d<\/h3>\n<div class=\"second-col\">\n<p class=\"article-text\" style=\"text-align: justify;\">M\u00e1s all\u00e1 de los tradicionales llamamientos a la paz en un mundo en guerra, en el que incluy\u00f3 la petici\u00f3n de dos Estados en Palestina e Israel, el Papa Francisco tambi\u00e9n hizo referencia, en su discurso al Cuerpo Diplom\u00e1tico, a la \u201cdeplorable pr\u00e1ctica de la maternidad subrogada\u201d, que \u201cofende gravemente la dignidad de la mujer y del ni\u00f1o, y se basa en la explotaci\u00f3n de la situaci\u00f3n de necesidad material de la madre\u201d.\u00a0<\/p>\n<aside class=\"know-more know-more--with-image\">\n<p class=\"know-more__title\">Espa\u00f1a registra m\u00e1s de 2.500 beb\u00e9s nacidos por gestaci\u00f3n subrogada en una d\u00e9cada pese a que proh\u00edbe esa pr\u00e1ctica<\/p>\n<p><a href=\"https:\/\/www.eldiario.es\/sociedad\/espana-registra-2-500-bebes-nacidos-gestacion-subrogada-decada-pese-prohibe-practica_1_10079398.html\" data-mrf-recirculation=\"saber-mas\" data-mrf-link=\"https:\/\/www.eldiario.es\/sociedad\/espana-registra-2-500-bebes-nacidos-gestacion-subrogada-decada-pese-prohibe-practica_1_10079398.html\"><picture class=\"know-more__img\"><source srcset=\"https:\/\/static.eldiario.es\/clip\/b893f921-7e2e-4a85-938d-3c9eee6af9e9_16-9-aspect-ratio_50p_0.webp\" type=\"image\/webp\" media=\"(max-width: 767px)\" \/><source srcset=\"https:\/\/static.eldiario.es\/clip\/b893f921-7e2e-4a85-938d-3c9eee6af9e9_16-9-aspect-ratio_50p_0.jpg\" type=\"image\/jpg\" media=\"(max-width: 767px)\" \/><source srcset=\"https:\/\/static.eldiario.es\/clip\/b893f921-7e2e-4a85-938d-3c9eee6af9e9_16-9-aspect-ratio_50p_0.webp\" type=\"image\/webp\" media=\"(min-width: 768px)\" \/><source srcset=\"https:\/\/static.eldiario.es\/clip\/b893f921-7e2e-4a85-938d-3c9eee6af9e9_16-9-aspect-ratio_50p_0.jpg\" type=\"image\/jpg\" media=\"(min-width: 768px)\" \/><source srcset=\"https:\/\/static.eldiario.es\/clip\/b893f921-7e2e-4a85-938d-3c9eee6af9e9_16-9-aspect-ratio_default_0.webp\" type=\"image\/webp\" \/><img data-recalc-dims=\"1\" decoding=\"async\" class=\"lazy entered loaded alignleft\" src=\"https:\/\/i0.wp.com\/static.eldiario.es\/clip\/b893f921-7e2e-4a85-938d-3c9eee6af9e9_16-9-aspect-ratio_default_0.jpg?w=640&#038;ssl=1\" alt=\"Espa\u00f1a registra m\u00e1s de 2.500 beb\u00e9s nacidos por gestaci\u00f3n subrogada en una d\u00e9cada pese a que proh\u00edbe esa pr\u00e1ctica\" data-src=\"https:\/\/static.eldiario.es\/clip\/b893f921-7e2e-4a85-938d-3c9eee6af9e9_16-9-aspect-ratio_default_0.jpg\" data-ll-status=\"loaded\" \/> <\/picture> <\/a><\/aside>\n<p class=\"article-text\" style=\"text-align: justify;\">En este sentido, tras exigir \u201cel respeto de la vida, de toda vida humana, empezando por\u00a0la del ni\u00f1o no nacido en el seno materno, que no puede ser suprimida ni convertirse en un producto comercial\u201d, Bergoglio hizo \u201cun llamamiento para que la Comunidad internacional se comprometa a prohibir universalmente esta pr\u00e1ctica\u201d, dejando claro que \u201cun hijo es siempre un don y nunca el objeto de un contrato\u201d.<\/p>\n<div class=\"edi-advertising ad__no-dotted ad__no-legend ad-desktop-intext hide-in-mobile\" style=\"text-align: justify;\">\n<div class=\"advertising-wrapper\">\u00a0<\/div>\n<\/div>\n<p class=\"article-text\" style=\"text-align: justify;\">\u201cEn cada momento de su existencia, la vida humana debe ser preservada y tutelada, aunque constato, con pesar, especialmente en Occidente, la persistente difusi\u00f3n de una cultura de la muerte que, en nombre de una falsa compasi\u00f3n, descarta a los ni\u00f1os, los ancianos y los enfermos\u201d, culmin\u00f3 Bergoglio.\u00a0<\/p>\n<p class=\"article-text\" style=\"text-align: justify;\">En su discurso, que supone el primer encuentro del a\u00f1o del Papa con los 184 representantes diplom\u00e1ticos acreditados ante la Santa Sede, Francisco tambi\u00e9n rechaz\u00f3 la invasi\u00f3n rusa de Ucrania, critic\u00f3 la persecuci\u00f3n a la Iglesia por parte del r\u00e9gimen de Ortega, y record\u00f3, en referencia a los ataques de Israel en Gaza: \u201cNo debemos olvidarnos de que las violaciones graves del derecho internacional\u00a0humanitario son cr\u00edmenes de guerra, y que no es suficiente con evidenciarlos, sino es necesario prevenirlos\u201d.<\/p>\n<div id=\"container-after-news-outlook\" style=\"text-align: justify;\">\u00a0<\/div>\n<p class=\"article-text\" style=\"text-align: justify;\">Conf\u00edo en que la Comunidad internacional promueva con determinaci\u00f3n la soluci\u00f3n de dos Estados, uno israel\u00ed y uno palestino, as\u00ed como tambi\u00e9n un estatuto especial internacionalmente garantizado para la Ciudad de Jerusal\u00e9n, de modo que israel\u00edes y palestinos puedan por fin vivir en paz y con seguridad\u201d, incidi\u00f3 Bergoglio, quien tambi\u00e9n reclam\u00f3 la entrada de ayuda humanitaria sin restricciones, y la liberaci\u00f3n de los colonos israel\u00edes retenidos por Ham\u00e1s.<\/p>\n<p class=\"article-text\">Toda la informaci\u00f3n en <a class=\"link\" href=\"http:\/\/www.religiondigital.org\" target=\"_blank\" rel=\"noopener\" data-mrf-recirculation=\"links-noticia\" data-mrf-link=\"http:\/\/www.religiondigital.org\/\">www.religiondigital.org<\/a><\/p>\n<\/div>\n<p><a href=\"https:\/\/www.eldiario.es\/autores\/jesus_bastante\/\" data-mrf-link=\"https:\/\/www.eldiario.es\/autores\/jesus_bastante\/\"><strong>Jes\u00fas Bastante<\/strong><\/a><\/p>\n<p><span class=\"title\">FOTO: Imagen de Archivo del papa Francisco. <\/span><\/p>\n<footer class=\"news-info  has-button-follow\" data-mrf-recirculation=\"firma\">\n<div class=\"info-wrapper\">\n<p>https:\/\/www.eldiario.es\/sociedad\/papa-exige-prohibir-universalmente-gestacion-subrogada_1_10819187.html<\/p>\n<\/div>\n<\/footer>\n","protected":false},"excerpt":{"rendered":"<p>En su discurso al Cuerpo Diplom\u00e1tico, Bergoglio denunci\u00f3 la \u201cdeplorable pr\u00e1ctica\u201d de los vientres de&#8230;<\/p>\n","protected":false},"author":1,"featured_media":66352,"comment_status":"closed","ping_status":"closed","sticky":false,"template":"","format":"standard","meta":{"_coblocks_attr":"","_coblocks_dimensions":"","_coblocks_responsive_height":"","_coblocks_accordion_ie_support":"","jetpack_post_was_ever_published":false,"_jetpack_newsletter_access":"","_jetpack_dont_email_post_to_subs":false,"_jetpack_newsletter_tier_id":0,"_jetpack_memberships_contains_paywalled_content":false,"_jetpack_memberships_contains_paid_content":false,"footnotes":"","jetpack_publicize_message":"","jetpack_publicize_feature_enabled":true,"jetpack_social_post_already_shared":true,"jetpack_social_options":{"image_generator_settings":{"template":"highway","default_image_id":0,"enabled":false},"version":2}},"categories":[1161,44,7671],"tags":[],"class_list":["post-66351","post","type-post","status-publish","format-standard","has-post-thumbnail","hentry","category-ciudadania","category-noticias-de-hoy","category-politica"],"jetpack_publicize_connections":[],"jetpack_featured_media_url":"https:\/\/i0.wp.com\/miradordeatarfe.es\/wp-content\/uploads\/2024\/01\/0afa913f-462a-47b7-b2c1-15d033753c0f_16-9-discover-aspect-ratio_default_0.webp?fit=1200%2C675&ssl=1","jetpack_likes_enabled":true,"jetpack_sharing_enabled":true,"_links":{"self":[{"href":"https:\/\/miradordeatarfe.es\/index.php?rest_route=\/wp\/v2\/posts\/66351","targetHints":{"allow":["GET"]}}],"collection":[{"href":"https:\/\/miradordeatarfe.es\/index.php?rest_route=\/wp\/v2\/posts"}],"about":[{"href":"https:\/\/miradordeatarfe.es\/index.php?rest_route=\/wp\/v2\/types\/post"}],"author":[{"embeddable":true,"href":"https:\/\/miradordeatarfe.es\/index.php?rest_route=\/wp\/v2\/users\/1"}],"replies":[{"embeddable":true,"href":"https:\/\/miradordeatarfe.es\/index.php?rest_route=%2Fwp%2Fv2%2Fcomments&post=66351"}],"version-history":[{"count":1,"href":"https:\/\/miradordeatarfe.es\/index.php?rest_route=\/wp\/v2\/posts\/66351\/revisions"}],"predecessor-version":[{"id":66353,"href":"https:\/\/miradordeatarfe.es\/index.php?rest_route=\/wp\/v2\/posts\/66351\/revisions\/66353"}],"wp:featuredmedia":[{"embeddable":true,"href":"https:\/\/miradordeatarfe.es\/index.php?rest_route=\/wp\/v2\/media\/66352"}],"wp:attachment":[{"href":"https:\/\/miradordeatarfe.es\/index.php?rest_route=%2Fwp%2Fv2%2Fmedia&parent=66351"}],"wp:term":[{"taxonomy":"category","embeddable":true,"href":"https:\/\/miradordeatarfe.es\/index.php?rest_route=%2Fwp%2Fv2%2Fcategories&post=66351"},{"taxonomy":"post_tag","embeddable":true,"href":"https:\/\/miradordeatarfe.es\/index.php?rest_route=%2Fwp%2Fv2%2Ftags&post=66351"}],"curies":[{"name":"wp","href":"https:\/\/api.w.org\/{rel}","templated":true}]}}