{"id":66358,"date":"2024-01-10T10:00:40","date_gmt":"2024-01-10T09:00:40","guid":{"rendered":"https:\/\/miradordeatarfe.es\/?p=66358"},"modified":"2024-01-10T10:23:19","modified_gmt":"2024-01-10T09:23:19","slug":"concentracion-por-un-museo-arqueologico-digno","status":"publish","type":"post","link":"https:\/\/miradordeatarfe.es\/?p=66358","title":{"rendered":"LA CORA DE ILBIRA APOYA LA CONCENTRACI\u00d3N por un MUSEO ARQUEOL\u00d3GICO DIGNO"},"content":{"rendered":"<h3 style=\"text-align: justify;\">Sabado 13 a las 12h en la entrada del Museo.\u00a0 Por un museo a la altura de la extraordinaria riqueza\u00a0 arqueol\u00f3gica de Granada.<\/h3>\n<p style=\"text-align: justify;\">\u274c Contra el Cese arbitrario del actual director del Museo Manuel Ramos Lizana<\/p>\n<p><strong><em>LA CORA DE ILBIRA APOYA EL MANIFIESTO Y CONCENTRACI\u00d3N SOBRE EL MUSEO ARQUEOL\u00d3GICO, DONDE EST\u00c1N MUCHAS PIEZAS DE MADINAT ILBIRA<\/em><\/strong><\/p>\n<p style=\"text-align: justify;\">El Museo Arqueol\u00f3gico y Etnol\u00f3gico de Granada es una instituci\u00f3n centenaria. Creado en 1879, actualmente tiene su sede en el palacio renacentista de la Casa de Castril situado en Carrera del Darro. A lo largo de su dilatada trayectoria nunca ha sido un museo acorde con la entidad de Granada y de su rico patrimonio arqueol\u00f3gico. Como recientemente destacaba la que fue una de sus directoras el museo siempre ha estado a cola de las planificaciones culturales del estado y, posteriormente, tambi\u00e9n de la Junta de Andaluc\u00eda.<\/p>\n<p style=\"text-align: justify;\">El museo cerr\u00f3 en el a\u00f1o 2010 por las deficientes condiciones de conservaci\u00f3n del edificio. Pasados 8 a\u00f1os se reabri\u00f3 con una muy limitada y claramente insuficiente exposici\u00f3n de 120 piezas arqueol\u00f3gicas. Con el t\u00edtulo \u201cTesoros del Museo Arqueol\u00f3gico de Granada\u201d nac\u00eda una exposici\u00f3n que se supone ser\u00eda la base de un nuevo museo que actualmente ni est\u00e1 ni se le espera.<\/p>\n<p style=\"text-align: justify;\">La llegada\u00a0 hace poco m\u00e1s de un a\u00f1o a la direcci\u00f3n del Museo de Manuel Ramos Lizana ha supuesto el inicio de un proceso de revitalizaci\u00f3n del museo que ahora s\u00ed parec\u00eda salir de su letargo e iniciar una nueva etapa. Sin embargo, su cese ha supuesto un nuevo golpe a una instituci\u00f3n ya de por si maltratada.<\/p>\n<p style=\"text-align: justify;\">Granada necesita un museo a la altura de su extraordinaria riqueza arqueol\u00f3gica. Necesita de una exposici\u00f3n permanente adecuada, con un discurso museol\u00f3gico y museogr\u00e1fico moderno. Necesita de una plantilla de profesionales capaz de atender a los requerimientos de investigaci\u00f3n, conservaci\u00f3n, restauraci\u00f3n y divulgaci\u00f3n. Necesita de unos almacenes capaces de albergar en condiciones de \u00f3ptima conservaci\u00f3n los materiales arqueol\u00f3gicos y de recepcionar los miles de restos arqueol\u00f3gicos que desatiende por falta de espacio. Necesita laboratorios para los investigadores\/as y para la conservaci\u00f3n y restauraci\u00f3n de piezas. Necesita de un programa estable de difusi\u00f3n y divulgaci\u00f3n. Necesita de servicios para atender a los visitantes, climatizaci\u00f3n de las salas, accesibilidad, biblioteca, sal\u00f3n de actos y una sala de exposiciones temporales.<\/p>\n<p style=\"text-align: justify;\">En definitiva Granada necesita un museo digno. No se puede aspirar a Ciudad Europea de la Cultura\u00a0 en 2031 con un museo arqueol\u00f3gico en sus actuales condiciones. Con este manifiesto la ciudadan\u00eda de Granada exige a las instituciones responsables que se aborde de forma seria un proyecto que convierta al Museo Arqueol\u00f3gico y Etnol\u00f3gico de Granada en una instituci\u00f3n cultural central y de referencia en nuestra ciudad y provincia.<\/p>\n<p style=\"text-align: justify;\">\u2705 Por un Museo con una exposici\u00f3n permanente moderna.<br \/>\n\u2705 Por un Museo con una mayor plantilla. <br \/>\n\u2705 Por un Museo con almacenes adecuados <br \/>\n\u2705 Por un Museo con laboratorios, biblioteca y sala de estudios dignas. <br \/>\n\u2705 Por un Museo con\u00a0 un programa de difusi\u00f3n y divulgaci\u00f3n estable.<br \/>\n\u2705 Por un Museo con unas instalaciones dignas (climatizaci\u00f3n, accesibilidad, sal\u00f3n de actos, sala de exposiciones temporales&#8230;)<\/p>\n<p>En definitiva Por un Museo Arqueol\u00f3gico Digno<\/p>\n<p>\u00a0<strong>Te esperamos el S\u00e1bado 13 a las 12h en la entrada del Museo<\/strong><\/p>\n<p><a href=\"https:\/\/i0.wp.com\/miradordeatarfe.es\/wp-content\/uploads\/2024\/01\/Imagen-de-WhatsApp-2024-01-09-a-las-17.27.53_1a2a6e59.jpg?ssl=1\"><img data-recalc-dims=\"1\" loading=\"lazy\" decoding=\"async\" class=\"alignnone wp-image-66360 size-full\" src=\"https:\/\/i0.wp.com\/miradordeatarfe.es\/wp-content\/uploads\/2024\/01\/Imagen-de-WhatsApp-2024-01-09-a-las-17.27.53_1a2a6e59.jpg?resize=640%2C905&#038;ssl=1\" alt=\"\" width=\"640\" height=\"905\" srcset=\"https:\/\/i0.wp.com\/miradordeatarfe.es\/wp-content\/uploads\/2024\/01\/Imagen-de-WhatsApp-2024-01-09-a-las-17.27.53_1a2a6e59.jpg?w=1131&amp;ssl=1 1131w, https:\/\/i0.wp.com\/miradordeatarfe.es\/wp-content\/uploads\/2024\/01\/Imagen-de-WhatsApp-2024-01-09-a-las-17.27.53_1a2a6e59.jpg?resize=212%2C300&amp;ssl=1 212w, https:\/\/i0.wp.com\/miradordeatarfe.es\/wp-content\/uploads\/2024\/01\/Imagen-de-WhatsApp-2024-01-09-a-las-17.27.53_1a2a6e59.jpg?resize=724%2C1024&amp;ssl=1 724w, https:\/\/i0.wp.com\/miradordeatarfe.es\/wp-content\/uploads\/2024\/01\/Imagen-de-WhatsApp-2024-01-09-a-las-17.27.53_1a2a6e59.jpg?resize=768%2C1086&amp;ssl=1 768w, https:\/\/i0.wp.com\/miradordeatarfe.es\/wp-content\/uploads\/2024\/01\/Imagen-de-WhatsApp-2024-01-09-a-las-17.27.53_1a2a6e59.jpg?resize=1086%2C1536&amp;ssl=1 1086w, https:\/\/i0.wp.com\/miradordeatarfe.es\/wp-content\/uploads\/2024\/01\/Imagen-de-WhatsApp-2024-01-09-a-las-17.27.53_1a2a6e59.jpg?resize=1024%2C1449&amp;ssl=1 1024w\" sizes=\"auto, (max-width: 640px) 100vw, 640px\" \/><\/a><\/p>\n","protected":false},"excerpt":{"rendered":"<p>Sabado 13 a las 12h en la entrada del Museo.\u00a0 Por un museo a la&#8230;<\/p>\n","protected":false},"author":1,"featured_media":66359,"comment_status":"closed","ping_status":"closed","sticky":false,"template":"","format":"standard","meta":{"_coblocks_attr":"","_coblocks_dimensions":"","_coblocks_responsive_height":"","_coblocks_accordion_ie_support":"","jetpack_post_was_ever_published":false,"_jetpack_newsletter_access":"","_jetpack_dont_email_post_to_subs":false,"_jetpack_newsletter_tier_id":0,"_jetpack_memberships_contains_paywalled_content":false,"_jetpack_memberships_contains_paid_content":false,"footnotes":"","jetpack_publicize_message":"","jetpack_publicize_feature_enabled":true,"jetpack_social_post_already_shared":false,"jetpack_social_options":{"image_generator_settings":{"template":"highway","default_image_id":0,"enabled":false},"version":2}},"categories":[1161,10781,9029,10431,44],"tags":[],"class_list":["post-66358","post","type-post","status-publish","format-standard","has-post-thumbnail","hentry","category-ciudadania","category-granada","category-la-cora-de-ilbira","category-medina-elvira-2","category-noticias-de-hoy"],"jetpack_publicize_connections":[],"jetpack_featured_media_url":"https:\/\/i0.wp.com\/miradordeatarfe.es\/wp-content\/uploads\/2024\/01\/Imagen-de-WhatsApp-2024-01-09-a-las-17.27.53_1a2a6e59-2.jpg?fit=1127%2C677&ssl=1","jetpack_likes_enabled":true,"jetpack_sharing_enabled":true,"_links":{"self":[{"href":"https:\/\/miradordeatarfe.es\/index.php?rest_route=\/wp\/v2\/posts\/66358","targetHints":{"allow":["GET"]}}],"collection":[{"href":"https:\/\/miradordeatarfe.es\/index.php?rest_route=\/wp\/v2\/posts"}],"about":[{"href":"https:\/\/miradordeatarfe.es\/index.php?rest_route=\/wp\/v2\/types\/post"}],"author":[{"embeddable":true,"href":"https:\/\/miradordeatarfe.es\/index.php?rest_route=\/wp\/v2\/users\/1"}],"replies":[{"embeddable":true,"href":"https:\/\/miradordeatarfe.es\/index.php?rest_route=%2Fwp%2Fv2%2Fcomments&post=66358"}],"version-history":[{"count":4,"href":"https:\/\/miradordeatarfe.es\/index.php?rest_route=\/wp\/v2\/posts\/66358\/revisions"}],"predecessor-version":[{"id":66364,"href":"https:\/\/miradordeatarfe.es\/index.php?rest_route=\/wp\/v2\/posts\/66358\/revisions\/66364"}],"wp:featuredmedia":[{"embeddable":true,"href":"https:\/\/miradordeatarfe.es\/index.php?rest_route=\/wp\/v2\/media\/66359"}],"wp:attachment":[{"href":"https:\/\/miradordeatarfe.es\/index.php?rest_route=%2Fwp%2Fv2%2Fmedia&parent=66358"}],"wp:term":[{"taxonomy":"category","embeddable":true,"href":"https:\/\/miradordeatarfe.es\/index.php?rest_route=%2Fwp%2Fv2%2Fcategories&post=66358"},{"taxonomy":"post_tag","embeddable":true,"href":"https:\/\/miradordeatarfe.es\/index.php?rest_route=%2Fwp%2Fv2%2Ftags&post=66358"}],"curies":[{"name":"wp","href":"https:\/\/api.w.org\/{rel}","templated":true}]}}