{"id":66365,"date":"2024-01-14T10:00:21","date_gmt":"2024-01-14T09:00:21","guid":{"rendered":"https:\/\/miradordeatarfe.es\/?p=66365"},"modified":"2024-01-14T10:48:34","modified_gmt":"2024-01-14T09:48:34","slug":"atarfe-se-inaugura-la-exposicion-coleccion-galoplanetas-de-marianela-galo","status":"publish","type":"post","link":"https:\/\/miradordeatarfe.es\/?p=66365","title":{"rendered":"ATARFE: SE INAUGURA LA EXPOSICI\u00d3N \u00abCOLECCI\u00d3N GALOPLANETAS\u00bb DE MARIANELA GALO"},"content":{"rendered":"<div class=\"x11i5rnm xat24cr x1mh8g0r x1vvkbs xtlvy1s x126k92a\">\n<h2 dir=\"auto\" style=\"text-align: justify;\">Descubre la exposici\u00f3n \u00abColecci\u00f3n Galoplanetas\u00bb de Marianela Galo en el Centro Cultural Medina Elvira, desde el 15 de enero al 4 de febrero de 2024<\/h2>\n<\/div>\n<div class=\"x11i5rnm xat24cr x1mh8g0r x1vvkbs xtlvy1s x126k92a\" style=\"text-align: justify;\">\n<h3 dir=\"auto\">\u00a0Inauguraci\u00f3n: 15 de enero a las 18:30<\/h3>\n<\/div>\n<div class=\"x11i5rnm xat24cr x1mh8g0r x1vvkbs xtlvy1s x126k92a\" style=\"text-align: justify;\">\n<div dir=\"auto\">La dise\u00f1adora Marianela Galo teje el misterio del Universo en prendas de moda. Nueve dise\u00f1os \u00fanicos capturan la esencia de ocho planetas y la luna, fusionando arte tradicional y tem\u00e1ticas astron\u00f3micas.No te pierdas este recorrido espacial lleno de creatividad y aprendizaje. La exposici\u00f3n es apta para todos los p\u00fablicos.<\/div>\n<\/div>\n<div class=\"x11i5rnm xat24cr x1mh8g0r x1vvkbs xtlvy1s x126k92a\" style=\"text-align: justify;\">\n<div dir=\"auto\">\u00a1Sum\u00e9rgete en la fusi\u00f3n de moda y cosmos!\u00a0<\/div>\n<div dir=\"auto\"><span class=\"x193iq5w xeuugli x13faqbe x1vvkbs x1xmvt09 x1lliihq x1s928wv xhkezso x1gmr53x x1cpjm7i x1fgarty x1943h6x xudqn12 x3x7a5m x6prxxf xvq8zen xo1l8bm xzsf02u\" dir=\"auto\">Es una exposici\u00f3n donde sobre todo, con estas piezas quiero destacar el valor de tejer, entendido como arte tradicional, que adem\u00e1s de ser muy beneficioso para la salud, es una forma de expresi\u00f3n art\u00edstica que conecta generaciones.<\/span><\/div>\n<\/div>\n<h2 dir=\"auto\" style=\"text-align: justify;\"><a href=\"https:\/\/i0.wp.com\/miradordeatarfe.es\/wp-content\/uploads\/2024\/01\/419089972_688553166791956_3890449723086116316_n.jpg?ssl=1\"><img data-recalc-dims=\"1\" loading=\"lazy\" decoding=\"async\" class=\"wp-image-66371 size-full alignleft\" src=\"https:\/\/i0.wp.com\/miradordeatarfe.es\/wp-content\/uploads\/2024\/01\/419089972_688553166791956_3890449723086116316_n.jpg?resize=512%2C640&#038;ssl=1\" alt=\"\" width=\"512\" height=\"640\" srcset=\"https:\/\/i0.wp.com\/miradordeatarfe.es\/wp-content\/uploads\/2024\/01\/419089972_688553166791956_3890449723086116316_n.jpg?w=512&amp;ssl=1 512w, https:\/\/i0.wp.com\/miradordeatarfe.es\/wp-content\/uploads\/2024\/01\/419089972_688553166791956_3890449723086116316_n.jpg?resize=240%2C300&amp;ssl=1 240w\" sizes=\"auto, (max-width: 512px) 100vw, 512px\" \/><\/a>PERO \u00bfqui\u00e9n es MARIANELA GALO?<\/h2>\n<p style=\"text-align: justify;\">Me llamo Marianela y todas las decisiones tomadas en mi vida me han llevado a hacer lo que hago, digo esto porque hace veinte a\u00f1os, quien me hubiera contado que me iba a dedicar a ense\u00f1ar y dise\u00f1ar prendas de punto le hubiera dicho que estaba loco, pero sin ser consciente, estaba prepar\u00e1ndome para ello.Todo mi curriculum estaba enfocado a la qu\u00edmica, el laboratorio y la ense\u00f1anza de ciencias a ni\u00f1os pero siempre estaba deseando llegar a casa para coger mi proyecto creativo.<\/p>\n<p style=\"text-align: justify;\">En 2017, con el nacimiento de mi segundo beb\u00e9, cre\u00e9 mi canal de YouTube llamado <strong>\u00abknit es tejer\u00bb<\/strong> porque sent\u00ed que pod\u00eda acompa\u00f1ar a otras personas en su tejido, y as\u00ed, poco a poco, empec\u00e9 a grabar mis propios tutoriales, sacando mi vena de maestra.En mi trabajo como dise\u00f1adora siempre quiero que mis patrones y tutoriales sean muy claros, divertidos y con much\u00edsima inspiraci\u00f3n. Es mi pasi\u00f3n y mi refugio desde que tengo uso de raz\u00f3n y ahora estoy aqu\u00ed para ayudarte a tener tu ratito de tejido agradable y sin l\u00edmites.<\/p>\n<h2 style=\"text-align: justify;\">Uniendo mis dos pasiones, tejer y viajar<\/h2>\n<p style=\"text-align: justify;\">Inspir\u00e1ndome en lugares del mundo, me documento del lugar, siento su historia, sus lugares m\u00e1s bonitos y a la vez dise\u00f1o una prenda, con esta fusi\u00f3n dise\u00f1o-viaje estoy creando mi estilo propio que no es nada f\u00e1cil, en cada prenda intento que las y los tejedores viajen en cada elemento de dise\u00f1o y tengan una experiencia extra en su tejido. Mi nombre es Marianela y me encontrar\u00e1s en Ravelry como tejedora y como dise\u00f1adora con el sobrenombre de<strong> Marianelagalo<\/strong>.<\/p>\n<p style=\"text-align: justify;\">Me inspiro en ciudades de tal forma que cada dise\u00f1o tendr\u00e1 el nombre de una poblaci\u00f3n con algo de historia en mi vida y siempre intentar\u00e9 que sean originales y diferentes siendo fiel a mi estilo sencillo y pr\u00e1ctico.<\/p>\n<div class=\"et_pb_row et_pb_row_1\">\n<div class=\"et_pb_column et_pb_column_1_2 et_pb_column_2  et_pb_css_mix_blend_mode_passthrough\" style=\"text-align: justify;\">\n<div class=\"et_pb_module et_pb_text et_pb_text_1  et_pb_text_align_left et_pb_bg_layout_light\">\n<div class=\"et_pb_text_inner\">\n<h2>\u00a0<\/h2>\n<h2>\u00a0<\/h2>\n<h2>No es f\u00e1cil pero os voy a contar un poquito sobre m\u00ed.<\/h2>\n<p><a href=\"https:\/\/i0.wp.com\/miradordeatarfe.es\/wp-content\/uploads\/2024\/01\/Captura-de-pantalla-2020-02-19-a-las-12.49.29.webp?ssl=1\"><img data-recalc-dims=\"1\" loading=\"lazy\" decoding=\"async\" class=\"size-medium wp-image-66366 alignleft\" src=\"https:\/\/i0.wp.com\/miradordeatarfe.es\/wp-content\/uploads\/2024\/01\/Captura-de-pantalla-2020-02-19-a-las-12.49.29.webp?resize=220%2C300&#038;ssl=1\" alt=\"\" width=\"220\" height=\"300\" srcset=\"https:\/\/i0.wp.com\/miradordeatarfe.es\/wp-content\/uploads\/2024\/01\/Captura-de-pantalla-2020-02-19-a-las-12.49.29.webp?resize=220%2C300&amp;ssl=1 220w, https:\/\/i0.wp.com\/miradordeatarfe.es\/wp-content\/uploads\/2024\/01\/Captura-de-pantalla-2020-02-19-a-las-12.49.29.webp?w=438&amp;ssl=1 438w\" sizes=\"auto, (max-width: 220px) 100vw, 220px\" \/><\/a>Era una chica corriente, de las que les gustaba estudiar y terminar una carrera con toneladas de apuntes de mil colores, en el fondo sab\u00eda que nunca trabajar\u00eda de ello, pero mi orgullo me anim\u00f3 a terminar la licenciatura en qu\u00edmica, despu\u00e9s busqu\u00e9 alternativas de trabajo y por ello acab\u00e9 dos t\u00edtulos m\u00e1s: t\u00e9cnico en farmacia y t\u00e9cnico en control de calidad, pero en el fondo sab\u00eda que nunca trabajar\u00eda de ello a no ser que cogiera la maleta y me fuera del sur, y no lo hice.<\/p>\n<p>En mi familia hay mucho arte, pero yo era la que le gustaba estudiar y ten\u00eda el arte como desconexi\u00f3n de los libros, despu\u00e9s de tantas horas de biblioteca, lo que me apetec\u00eda era crear, salir corriendo del papel, y siempre ten\u00eda llegada la noche labores creativas; bordar, coser, tejer\u2026 alguna labor que adornara el rinc\u00f3n del sof\u00e1, mis c\u00f3mplices de mi relax.<\/p>\n<p>Tambi\u00e9n me gusta planificar viajes imposibles, me conozco el nombre y las traves\u00edas de todos los cruceros del mediterr\u00e1neo, antes de internet me gustaba coleccionar revistas que regalaban las agencias de viaje, fantasear es otro hobby y es que no tengo remedio, me encantar\u00eda ver todo lo que hay por all\u00ed.<\/p>\n<\/div>\n<\/div>\n<\/div>\n<div class=\"et_pb_column et_pb_column_1_2 et_pb_column_3  et_pb_css_mix_blend_mode_passthrough et-last-child\">\n<div class=\"et_pb_module et_pb_text et_pb_text_2  et_pb_text_align_left et_pb_bg_layout_light\">\n<div class=\"et_pb_text_inner\">\n<p style=\"text-align: justify;\">Quiz\u00e1 sea un bicho raro, no lo s\u00e9, pero en muchos sentidos tambi\u00e9n soy una chica corriente: me gusta el olor a caf\u00e9, el chocolate caliente y mi estaci\u00f3n favorita es el oto\u00f1o, me gustan las pel\u00edculas donde sabes a priori que el final va a ser feliz, me gusta madrugar y no me acuesto sin buscar la luna en el cielo, me encanta la cosm\u00e9tica pero soy un desastre con mi pelo, me encanta salir a bailar pero desde que soy madre lo hago en casa cuando mi cabeza me da un respiro con el \u201ctengo que\u201d. Me considero social, cari\u00f1osa, humana, soy as\u00ed, una chica corriente.<\/p>\n<p style=\"text-align: justify;\">Ahora tengo una vida \u201ctranquila\u201d, porque mi cabeza y mis ilusiones no paran, durante la ma\u00f1ana soy emprendedora, dise\u00f1o patrones en punto para marcas o para mi propia tienda en la plataforma Ravelry y por las tardes soy mam\u00e1 as\u00ed que los parques son mi segundo hogar. Acabo el d\u00eda agotada pero guardo tiempo nocturno para tejer, me recuerdo a m\u00ed misma que estoy haciendo lo que siempre me hizo estar viva, tejer, crear y viajar en mi cabeza, uniendo as\u00ed mis dos pasiones, tejer y viajar, \u00bfC\u00f3mo? inspir\u00e1ndome en lugares del mundo, as\u00ed me documento del lugar, siento su historia, sus lugares m\u00e1s bonitos y a la vez dise\u00f1o una prenda,\u00a0 con esta fusi\u00f3n dise\u00f1o-viaje estoy creando mi estilo propio que no es nada f\u00e1cil, en cada prenda intento que las y los tejedores viajen en cada elemento de dise\u00f1o y tengan una experiencia extra en su tejido.<\/p>\n<p>INFORMACI\u00d3N DE SU P\u00c1GINA WEB:<\/p>\n<h3><a href=\"https:\/\/marianelagalo.com\/sobre\/\">https:\/\/marianelagalo.com\/sobre\/<\/a><\/h3>\n<\/div>\n<h2>podcast<\/h2>\n<p><div class=\"jetpack-video-wrapper\"><iframe loading=\"lazy\" title=\"Trailer podcast 68, exclusivo para el recurso gratuito de arribalalana.com\" width=\"640\" height=\"360\" src=\"https:\/\/www.youtube.com\/embed\/wAVNEl6J5bs?feature=oembed\" frameborder=\"0\" allow=\"accelerometer; autoplay; clipboard-write; encrypted-media; gyroscope; picture-in-picture; web-share\" referrerpolicy=\"strict-origin-when-cross-origin\" allowfullscreen><\/iframe><\/div>\n<\/p>\n<p>&nbsp;<\/p>\n<\/div>\n<\/div>\n<\/div>\n","protected":false},"excerpt":{"rendered":"<p>Descubre la exposici\u00f3n \u00abColecci\u00f3n Galoplanetas\u00bb de Marianela Galo en el Centro Cultural Medina Elvira, desde&#8230;<\/p>\n","protected":false},"author":1,"featured_media":66367,"comment_status":"closed","ping_status":"closed","sticky":false,"template":"","format":"standard","meta":{"_coblocks_attr":"","_coblocks_dimensions":"","_coblocks_responsive_height":"","_coblocks_accordion_ie_support":"","jetpack_post_was_ever_published":false,"_jetpack_newsletter_access":"","_jetpack_dont_email_post_to_subs":false,"_jetpack_newsletter_tier_id":0,"_jetpack_memberships_contains_paywalled_content":false,"_jetpack_memberships_contains_paid_content":false,"footnotes":"","jetpack_publicize_message":"","jetpack_publicize_feature_enabled":true,"jetpack_social_post_already_shared":false,"jetpack_social_options":{"image_generator_settings":{"template":"highway","default_image_id":0,"enabled":false},"version":2}},"categories":[12,186,44,6539],"tags":[],"class_list":["post-66365","post","type-post","status-publish","format-standard","has-post-thumbnail","hentry","category-cultura","category-instituciones","category-noticias-de-hoy","category-personajes-de-ataref"],"jetpack_publicize_connections":[],"jetpack_featured_media_url":"https:\/\/i0.wp.com\/miradordeatarfe.es\/wp-content\/uploads\/2024\/01\/patagonia2-980x735-1.webp?fit=980%2C735&ssl=1","jetpack_likes_enabled":true,"jetpack_sharing_enabled":true,"_links":{"self":[{"href":"https:\/\/miradordeatarfe.es\/index.php?rest_route=\/wp\/v2\/posts\/66365","targetHints":{"allow":["GET"]}}],"collection":[{"href":"https:\/\/miradordeatarfe.es\/index.php?rest_route=\/wp\/v2\/posts"}],"about":[{"href":"https:\/\/miradordeatarfe.es\/index.php?rest_route=\/wp\/v2\/types\/post"}],"author":[{"embeddable":true,"href":"https:\/\/miradordeatarfe.es\/index.php?rest_route=\/wp\/v2\/users\/1"}],"replies":[{"embeddable":true,"href":"https:\/\/miradordeatarfe.es\/index.php?rest_route=%2Fwp%2Fv2%2Fcomments&post=66365"}],"version-history":[{"count":4,"href":"https:\/\/miradordeatarfe.es\/index.php?rest_route=\/wp\/v2\/posts\/66365\/revisions"}],"predecessor-version":[{"id":66372,"href":"https:\/\/miradordeatarfe.es\/index.php?rest_route=\/wp\/v2\/posts\/66365\/revisions\/66372"}],"wp:featuredmedia":[{"embeddable":true,"href":"https:\/\/miradordeatarfe.es\/index.php?rest_route=\/wp\/v2\/media\/66367"}],"wp:attachment":[{"href":"https:\/\/miradordeatarfe.es\/index.php?rest_route=%2Fwp%2Fv2%2Fmedia&parent=66365"}],"wp:term":[{"taxonomy":"category","embeddable":true,"href":"https:\/\/miradordeatarfe.es\/index.php?rest_route=%2Fwp%2Fv2%2Fcategories&post=66365"},{"taxonomy":"post_tag","embeddable":true,"href":"https:\/\/miradordeatarfe.es\/index.php?rest_route=%2Fwp%2Fv2%2Ftags&post=66365"}],"curies":[{"name":"wp","href":"https:\/\/api.w.org\/{rel}","templated":true}]}}