{"id":66374,"date":"2024-01-13T09:30:50","date_gmt":"2024-01-13T08:30:50","guid":{"rendered":"https:\/\/miradordeatarfe.es\/?p=66374"},"modified":"2024-01-13T10:15:50","modified_gmt":"2024-01-13T09:15:50","slug":"tienes-covid-resfriado-o-gripe-a","status":"publish","type":"post","link":"https:\/\/miradordeatarfe.es\/?p=66374","title":{"rendered":"\u00bfTienes covid, resfriado o gripe A?"},"content":{"rendered":"<h2 class=\"v-a-sub-t\" style=\"text-align: justify;\">La incidencia por este tipo de infecciones respiratorias aumenta, no obstante, es dif\u00edcil diferenciarla.<\/h2>\n<p style=\"text-align: justify;\">Las afecciones respiratorias se disparan en invierno por las bajas temperaturas. Estas pueden ir desde un resfriado hasta infecciones o virus m\u00e1s fuertes como el Covid o la Gripe A. Tras las navidades y fiestas de fin de a\u00f1o, puntualmente, la incidencia de estas enfermedades aumenta mucho m\u00e1s. Por lo general, las celebraciones, al concentrar un mayor n\u00famero de personas en ambientes cerrados y con mayor contacto f\u00edsico, irremediablemente disparan el n\u00famero o probabilidad de transmisiones. En los casos en el que el contagio se haya efectuado, basta con algunos d\u00edas para que aparezcan los s\u00edntomas. \u00bfC\u00f3mo diferenciar entre gripe A, resfriado o covid? Te lo contamos en este v\u00eddeo.<\/p>\n<p style=\"text-align: justify;\">No es tarea f\u00e1cil, ya que los <strong>s\u00edntomas<\/strong> de las <strong>tres patolog\u00edas<\/strong> pueden ser <strong>similares<\/strong>. Sin embargo, existen algunos muy concretos que ayudan a diferenciar con claridad si el paciente sufre Covid-19, gripe o un resfriado:<\/p>\n<ul style=\"text-align: justify;\">\n<li><strong>Resfriado: <\/strong>el cuadro de un catarro com\u00fan se caracteriza por un <strong>malestar leve<\/strong> generalizado, <strong>ocasionalmente d\u00e9cimas de fiebre<\/strong>, <strong>dolor de garganta<\/strong> y con <strong>congesti\u00f3n y secreci\u00f3n nasal<\/strong>.<\/li>\n<\/ul>\n<ul style=\"text-align: justify;\">\n<li><strong>Gripe:<\/strong> tambi\u00e9n es una infecci\u00f3n v\u00edrica con s\u00edntomas como <strong>fiebre, dolor general, fatiga, tos o escalofr\u00edos.<\/strong> A diferencia de un resfriado com\u00fan, los s\u00edntomas de la gripe aparecen de golpe, vienen acompa\u00f1ados de fiebre y dolores de cabeza. Adem\u00e1s, suele durar entre 7 y 14 d\u00edas.<\/li>\n<\/ul>\n<ul>\n<li style=\"text-align: justify;\"><strong>Covid-19:<\/strong> las infecciones por coronavirus suelen <strong>causar fiebre y s\u00edntomas respiratorios como los de la gripe: tos o falta de aire<\/strong>. Algunos pacientes tambi\u00e9n pueden presentar <strong>dolor de garganta, cansancio o diarrea<\/strong>. Adem\u00e1s, la <strong>p\u00e9rdida de gusto y olfato<\/strong> son s\u00edntomas caracter\u00edsticos de los pacientes infectados por coronavirus, mientras que el <strong>dolor muscular<\/strong> se puede presentar de forma ocasional.<\/li>\n<\/ul>\n<p><div class=\"jetpack-video-wrapper\"><iframe loading=\"lazy\" title=\"C\u00f3mo diferenciar el coronavirus de la gripe y del resfriado\" width=\"640\" height=\"360\" src=\"https:\/\/www.youtube.com\/embed\/mPmzCBSHkOw?feature=oembed\" frameborder=\"0\" allow=\"accelerometer; autoplay; clipboard-write; encrypted-media; gyroscope; picture-in-picture; web-share\" referrerpolicy=\"strict-origin-when-cross-origin\" allowfullscreen><\/iframe><\/div>\n<\/p>\n<p>video: diario.es<\/p>\n<p>FOTO: https:\/\/www.corachan.com\/es\/blog\/cuales-son-las-diferencias-entre-un-resfriado-la-gripe-y-el-coronavirus_87281<\/p>\n","protected":false},"excerpt":{"rendered":"<p>La incidencia por este tipo de infecciones respiratorias aumenta, no obstante, es dif\u00edcil diferenciarla. Las&#8230;<\/p>\n","protected":false},"author":1,"featured_media":66375,"comment_status":"closed","ping_status":"closed","sticky":false,"template":"","format":"standard","meta":{"_coblocks_attr":"","_coblocks_dimensions":"","_coblocks_responsive_height":"","_coblocks_accordion_ie_support":"","jetpack_post_was_ever_published":false,"_jetpack_newsletter_access":"","_jetpack_dont_email_post_to_subs":false,"_jetpack_newsletter_tier_id":0,"_jetpack_memberships_contains_paywalled_content":false,"_jetpack_memberships_contains_paid_content":false,"footnotes":"","jetpack_publicize_message":"","jetpack_publicize_feature_enabled":true,"jetpack_social_post_already_shared":false,"jetpack_social_options":{"image_generator_settings":{"template":"highway","default_image_id":0,"enabled":false},"version":2}},"categories":[1161,44,10],"tags":[],"class_list":["post-66374","post","type-post","status-publish","format-standard","has-post-thumbnail","hentry","category-ciudadania","category-noticias-de-hoy","category-salud"],"jetpack_publicize_connections":[],"jetpack_featured_media_url":"https:\/\/i0.wp.com\/miradordeatarfe.es\/wp-content\/uploads\/2024\/01\/blog_entry.png?fit=759%2C375&ssl=1","jetpack_likes_enabled":true,"jetpack_sharing_enabled":true,"_links":{"self":[{"href":"https:\/\/miradordeatarfe.es\/index.php?rest_route=\/wp\/v2\/posts\/66374","targetHints":{"allow":["GET"]}}],"collection":[{"href":"https:\/\/miradordeatarfe.es\/index.php?rest_route=\/wp\/v2\/posts"}],"about":[{"href":"https:\/\/miradordeatarfe.es\/index.php?rest_route=\/wp\/v2\/types\/post"}],"author":[{"embeddable":true,"href":"https:\/\/miradordeatarfe.es\/index.php?rest_route=\/wp\/v2\/users\/1"}],"replies":[{"embeddable":true,"href":"https:\/\/miradordeatarfe.es\/index.php?rest_route=%2Fwp%2Fv2%2Fcomments&post=66374"}],"version-history":[{"count":1,"href":"https:\/\/miradordeatarfe.es\/index.php?rest_route=\/wp\/v2\/posts\/66374\/revisions"}],"predecessor-version":[{"id":66376,"href":"https:\/\/miradordeatarfe.es\/index.php?rest_route=\/wp\/v2\/posts\/66374\/revisions\/66376"}],"wp:featuredmedia":[{"embeddable":true,"href":"https:\/\/miradordeatarfe.es\/index.php?rest_route=\/wp\/v2\/media\/66375"}],"wp:attachment":[{"href":"https:\/\/miradordeatarfe.es\/index.php?rest_route=%2Fwp%2Fv2%2Fmedia&parent=66374"}],"wp:term":[{"taxonomy":"category","embeddable":true,"href":"https:\/\/miradordeatarfe.es\/index.php?rest_route=%2Fwp%2Fv2%2Fcategories&post=66374"},{"taxonomy":"post_tag","embeddable":true,"href":"https:\/\/miradordeatarfe.es\/index.php?rest_route=%2Fwp%2Fv2%2Ftags&post=66374"}],"curies":[{"name":"wp","href":"https:\/\/api.w.org\/{rel}","templated":true}]}}