{"id":66377,"date":"2024-01-12T10:11:50","date_gmt":"2024-01-12T09:11:50","guid":{"rendered":"https:\/\/miradordeatarfe.es\/?p=66377"},"modified":"2024-01-12T16:19:49","modified_gmt":"2024-01-12T15:19:49","slug":"deseos-por-juan-de-dios-villanueva-roa","status":"publish","type":"post","link":"https:\/\/miradordeatarfe.es\/?p=66377","title":{"rendered":"\u00abDESEOS\u00bb por Juan de Dios Villanueva Roa"},"content":{"rendered":"<h3 style=\"text-align: justify;\">Acabadas las fiestas, saturados los accesos a las grandes superficies, volcados los ayuntamientos en cabalgatas para hacer llegar a sus gentes el sabor de la ilusi\u00f3n, gastados los recursos propios y ajenos, gozado por decreto, callados los pol\u00edticos unos d\u00edas, pasadas las jornadas de felicidad obligada\u2026 empezamos la cuesta de enero.<\/h3>\n<p style=\"text-align: justify;\">Lleg\u00f3 la loter\u00eda a algunas gentes granadinas, otras se quedaron con el reintegro, la mayor\u00eda vimos que, como dice el dicho, la mejor loter\u00eda es la salud y el trabajo de cada d\u00eda, sobre todo para no ampliar m\u00e1s las insostenibles listas en la sanidad andaluza que parecen solo ver quienes las padecen, y las cuentas de los empresarios que, como es natural en ellos, frenan lo posible las subidas<br \/>\nsalariales de sus empleados.<\/p>\n<p style=\"text-align: justify;\">Y es que la riqueza va por arterias para quienes la disfrutan y por capilares en aquellos que la sue\u00f1an. Lo normal es que cada cual acomode sus gastos a sus ingresos, que dir\u00eda un afamado economista al que nunca falt\u00f3 nada, pues le ven\u00eda de herencia.<\/p>\n<p>Y s\u00ed, ya estamos subiendo la cuesta de enero, este mes templado que sigue con las guerras del a\u00f1o pasado, con las escaladas de enfermedades v\u00edricas y en el que vuelven los improperios de<br \/>\nestos vividores de la cosa p\u00fablica que solo trabajan para sus intereses y de los que los han puesto ah\u00ed. Por pedir algo a este a\u00f1o, solo pedir\u00eda dos cosas, inteligencia para acabar de una<br \/>\nvez con estas absurdas guerras, y capacidad de acordar que nuestro pa\u00eds sea lo primero, y no las necedades que algunos anteponen a los intereses generales. Luz en las cabezas, soluciones<br \/>\nen los despachos, pragmatismo en las decisiones, seriedad y respeto a las personas que aqu\u00ed vivimos. Nada m\u00e1s. <\/p>\n<p>FOTO: KEYNES<\/p>\n","protected":false},"excerpt":{"rendered":"<p>Acabadas las fiestas, saturados los accesos a las grandes superficies, volcados los ayuntamientos en cabalgatas&#8230;<\/p>\n","protected":false},"author":1,"featured_media":66378,"comment_status":"closed","ping_status":"closed","sticky":false,"template":"","format":"standard","meta":{"_coblocks_attr":"","_coblocks_dimensions":"","_coblocks_responsive_height":"","_coblocks_accordion_ie_support":"","jetpack_post_was_ever_published":false,"_jetpack_newsletter_access":"","_jetpack_dont_email_post_to_subs":false,"_jetpack_newsletter_tier_id":0,"_jetpack_memberships_contains_paywalled_content":false,"_jetpack_memberships_contains_paid_content":false,"footnotes":"","jetpack_publicize_message":"","jetpack_publicize_feature_enabled":true,"jetpack_social_post_already_shared":false,"jetpack_social_options":{"image_generator_settings":{"template":"highway","default_image_id":0,"enabled":false},"version":2}},"categories":[1161,9772,44,7671],"tags":[],"class_list":["post-66377","post","type-post","status-publish","format-standard","has-post-thumbnail","hentry","category-ciudadania","category-opinion-de-juan-de-dios-villanueva","category-noticias-de-hoy","category-politica"],"jetpack_publicize_connections":[],"jetpack_featured_media_url":"https:\/\/i0.wp.com\/miradordeatarfe.es\/wp-content\/uploads\/2024\/01\/50cd3540-bf49-41c8-8103-f6c47e633974-750x375-1.jpg?fit=750%2C375&ssl=1","jetpack_likes_enabled":true,"jetpack_sharing_enabled":true,"_links":{"self":[{"href":"https:\/\/miradordeatarfe.es\/index.php?rest_route=\/wp\/v2\/posts\/66377","targetHints":{"allow":["GET"]}}],"collection":[{"href":"https:\/\/miradordeatarfe.es\/index.php?rest_route=\/wp\/v2\/posts"}],"about":[{"href":"https:\/\/miradordeatarfe.es\/index.php?rest_route=\/wp\/v2\/types\/post"}],"author":[{"embeddable":true,"href":"https:\/\/miradordeatarfe.es\/index.php?rest_route=\/wp\/v2\/users\/1"}],"replies":[{"embeddable":true,"href":"https:\/\/miradordeatarfe.es\/index.php?rest_route=%2Fwp%2Fv2%2Fcomments&post=66377"}],"version-history":[{"count":1,"href":"https:\/\/miradordeatarfe.es\/index.php?rest_route=\/wp\/v2\/posts\/66377\/revisions"}],"predecessor-version":[{"id":66379,"href":"https:\/\/miradordeatarfe.es\/index.php?rest_route=\/wp\/v2\/posts\/66377\/revisions\/66379"}],"wp:featuredmedia":[{"embeddable":true,"href":"https:\/\/miradordeatarfe.es\/index.php?rest_route=\/wp\/v2\/media\/66378"}],"wp:attachment":[{"href":"https:\/\/miradordeatarfe.es\/index.php?rest_route=%2Fwp%2Fv2%2Fmedia&parent=66377"}],"wp:term":[{"taxonomy":"category","embeddable":true,"href":"https:\/\/miradordeatarfe.es\/index.php?rest_route=%2Fwp%2Fv2%2Fcategories&post=66377"},{"taxonomy":"post_tag","embeddable":true,"href":"https:\/\/miradordeatarfe.es\/index.php?rest_route=%2Fwp%2Fv2%2Ftags&post=66377"}],"curies":[{"name":"wp","href":"https:\/\/api.w.org\/{rel}","templated":true}]}}