{"id":66388,"date":"2024-01-12T10:55:51","date_gmt":"2024-01-12T09:55:51","guid":{"rendered":"https:\/\/miradordeatarfe.es\/?p=66388"},"modified":"2024-01-12T11:04:44","modified_gmt":"2024-01-12T10:04:44","slug":"torre-de-toma-del-pantano-de-cubillas","status":"publish","type":"post","link":"https:\/\/miradordeatarfe.es\/?p=66388","title":{"rendered":"ATARFE: Torre de toma del pantano de Cubillas"},"content":{"rendered":"<h3>Torre de toma y control de la presa del pantano de Cubillas, de finales de 1960. Formado por la torre y el camino de acceso a ella, con una primera arcada de obra de f\u00e1brica y hormig\u00f3n y un segundo tramo consistente en una pasarela apoyada en cerchas met\u00e1licas de dos vanos con una pila intermedia.<\/h3>\n<p style=\"text-align: justify;\">La torre tiene un fuste blanco, cil\u00edndrico de dos plantas con huecos alargados a partir de la cota de acceso donde se desarrolla una terraza a su alrededor. Se corona con un torre\u00f3n de planta cuadrada y cubierta a cuatro aguas de teja \u00e1rabe. Es una estructura hidr\u00e1ulica que permite retirar el agua del embalse para conducirla por gravedad a la planta de tratamiento o estaci\u00f3n de bombeo, por lo tanto deben estar ubicadas de tal forma que permitan obtener el agua a varios niveles en el embalse y que a su vez retiren el agua por gravedad hacia su destino pr\u00f3ximo y adem\u00e1s asegurar su estabilidad y econom\u00eda.<\/p>\n<p style=\"text-align: justify;\">Estas torres se construyen a una suficiente profundidad y una lejan\u00eda de la orilla \u00f3ptima que garantice en la toma la calidad de agua a utilizar. En su interior contiene un pozo h\u00famedo, que sirve para la captaci\u00f3n, y un pozo seco que sirve para la inspecci\u00f3n y operaci\u00f3n.<\/p>\n<p><strong>Rese\u00f1a Hist\u00f3rica<\/strong><\/p>\n<p style=\"text-align: justify;\">El embalse del Cubillas comenz\u00f3 a construirse en 1948 terminando sus obras en marzo de 1955. Se construy\u00f3 para mejorar el regad\u00edo que afectaba a la zona de Pinos Puente, Valderrubio, Fuente Vaqueros, Atarfe, Albolote y Maracena. Ofreciendo adem\u00e1s un buen aprovechamiento hidroel\u00e9ctrico.<\/p>\n<p>La construcci\u00f3n fue dirigida por el arquitecto Don Manuel Prieto Moreno, y la ejecuci\u00f3n de obras por la Secci\u00f3n de Granada de la Confederaci\u00f3n Hidrogr\u00e1fica del Guadalquivir.<i><\/i><i><\/i><\/p>\n<p><strong>Bibliograf\u00eda y documentaci\u00f3n de esta secci\u00f3n<\/strong><\/p>\n<p>&#8211; GARC\u00cdA DE LOS REYES (2005). Plan General de Ordenaci\u00f3n Urban\u00edstica. Ayuntamiento de Atarfe.<\/p>\n<p>&#8211; Luis de Vicente \u00abGranada\u00bb. ABC Madrid 23 de Septiembre de 1953 Edici\u00f3n de la ma\u00f1ana, p. 23. Hemeroteca ABC<\/p>\n<p style=\"text-align: justify;\">&#8211; \u00abLos servicios del Pantano del Cubillas empezar\u00e1n a funcionar el 1954\u00bb. Hoja oficial del lunes Cronolog\u00eda XVII N\u00famero 843 &#8211; 1953 Agosto 31, p. 8. Biblioteca de Prensa Hist\u00f3rica del Ministerio de Educaci\u00f3n, Cultura y Deporte.<\/p>\n<p style=\"text-align: justify;\">&#8211; Wikipedia<\/p>\n<p>&#8211; \u00abLa Ley de Obras P\u00fablicas aprobada por el Consejo de Ministros de 11 de Abril de 1939\u00bb. ABC Sevilla de 27 de Abril de 1939, p. 10. Hemeroteca ABC- Centro de documentaci\u00f3n de la Biblioteca del CEHOPU (Centro de Estudios Hist\u00f3ricos de Obras P\u00fablicas y Urbanismo del Ministerio de Fomento). Disponible: http:\/\/www.cehopu.cedex.es<\/p>\n<p>&#8211; Centro de documentaci\u00f3n de la Biblioteca del CEHOPU (Centro de Estudios Hist\u00f3ricos de Obras P\u00fablicas y Urbanismo del Ministerio de Fomento). Disponible: http:\/\/www.cehopu.cedex.es<\/p>\n<p>&#8211; \u201cEl Ministro de Obras P\u00fablicas de Granada visita los Pantanos del Cubillas y los Bermejales\u201d. ABC Madrid ,30 Enero de 1959, p. 34. Disponible en: http:\/\/hemeroteca.abc.es<\/p>\n<p>&#8211; Luis de Vicente \u201cDos nuevos pantanos en servicio\u201d ABC Madrid 20\/03\/1955, p. 8-9. Disponible: http:\/\/hemeroteca.abc.es<\/p>\n<p>&#8211; Captaci\u00f3n del agua. Capitulo 4. Master de Ingenier\u00eda del Agua (Mod. Ing. Hidr\u00e1ulica) Disponible: http:\/\/aula.aguapedia.org<\/p>\n<p><a href=\"https:\/\/i0.wp.com\/miradordeatarfe.es\/wp-content\/uploads\/2024\/01\/torre-del-pantano-de-cubillas-.jpg?ssl=1\"><img data-recalc-dims=\"1\" loading=\"lazy\" decoding=\"async\" class=\"alignnone wp-image-66389 \" src=\"https:\/\/i0.wp.com\/miradordeatarfe.es\/wp-content\/uploads\/2024\/01\/torre-del-pantano-de-cubillas-.jpg?resize=640%2C243&#038;ssl=1\" alt=\"\" width=\"640\" height=\"243\" srcset=\"https:\/\/i0.wp.com\/miradordeatarfe.es\/wp-content\/uploads\/2024\/01\/torre-del-pantano-de-cubillas-.jpg?w=954&amp;ssl=1 954w, https:\/\/i0.wp.com\/miradordeatarfe.es\/wp-content\/uploads\/2024\/01\/torre-del-pantano-de-cubillas-.jpg?resize=300%2C114&amp;ssl=1 300w, https:\/\/i0.wp.com\/miradordeatarfe.es\/wp-content\/uploads\/2024\/01\/torre-del-pantano-de-cubillas-.jpg?resize=768%2C291&amp;ssl=1 768w\" sizes=\"auto, (max-width: 640px) 100vw, 640px\" \/><\/a><\/p>\n<p><strong>PUBLICADO EN EL LIBRO \u00bb ATARFE PATRIMONIO CULTURAL Y NATURAL\u00bb (2015) FRANCISCA L\u00d3PEZ, I\u00d1AKI NIEVA Y MANUEL GUERRERO<\/strong><\/p>\n","protected":false},"excerpt":{"rendered":"<p>Torre de toma y control de la presa del pantano de Cubillas, de finales de&#8230;<\/p>\n","protected":false},"author":1,"featured_media":66390,"comment_status":"closed","ping_status":"closed","sticky":false,"template":"","format":"standard","meta":{"_coblocks_attr":"","_coblocks_dimensions":"","_coblocks_responsive_height":"","_coblocks_accordion_ie_support":"","jetpack_post_was_ever_published":false,"_jetpack_newsletter_access":"","_jetpack_dont_email_post_to_subs":false,"_jetpack_newsletter_tier_id":0,"_jetpack_memberships_contains_paywalled_content":false,"_jetpack_memberships_contains_paid_content":false,"footnotes":"","jetpack_publicize_message":"","jetpack_publicize_feature_enabled":true,"jetpack_social_post_already_shared":true,"jetpack_social_options":{"image_generator_settings":{"template":"highway","default_image_id":0,"enabled":false},"version":2}},"categories":[1225,186,44],"tags":[],"class_list":["post-66388","post","type-post","status-publish","format-standard","has-post-thumbnail","hentry","category-ha-de-atarfe","category-instituciones","category-noticias-de-hoy"],"jetpack_publicize_connections":[],"jetpack_featured_media_url":"https:\/\/i0.wp.com\/miradordeatarfe.es\/wp-content\/uploads\/2024\/01\/torre-del-pantabno-de-cubillas.png?fit=330%2C181&ssl=1","jetpack_likes_enabled":true,"jetpack_sharing_enabled":true,"_links":{"self":[{"href":"https:\/\/miradordeatarfe.es\/index.php?rest_route=\/wp\/v2\/posts\/66388","targetHints":{"allow":["GET"]}}],"collection":[{"href":"https:\/\/miradordeatarfe.es\/index.php?rest_route=\/wp\/v2\/posts"}],"about":[{"href":"https:\/\/miradordeatarfe.es\/index.php?rest_route=\/wp\/v2\/types\/post"}],"author":[{"embeddable":true,"href":"https:\/\/miradordeatarfe.es\/index.php?rest_route=\/wp\/v2\/users\/1"}],"replies":[{"embeddable":true,"href":"https:\/\/miradordeatarfe.es\/index.php?rest_route=%2Fwp%2Fv2%2Fcomments&post=66388"}],"version-history":[{"count":4,"href":"https:\/\/miradordeatarfe.es\/index.php?rest_route=\/wp\/v2\/posts\/66388\/revisions"}],"predecessor-version":[{"id":66401,"href":"https:\/\/miradordeatarfe.es\/index.php?rest_route=\/wp\/v2\/posts\/66388\/revisions\/66401"}],"wp:featuredmedia":[{"embeddable":true,"href":"https:\/\/miradordeatarfe.es\/index.php?rest_route=\/wp\/v2\/media\/66390"}],"wp:attachment":[{"href":"https:\/\/miradordeatarfe.es\/index.php?rest_route=%2Fwp%2Fv2%2Fmedia&parent=66388"}],"wp:term":[{"taxonomy":"category","embeddable":true,"href":"https:\/\/miradordeatarfe.es\/index.php?rest_route=%2Fwp%2Fv2%2Fcategories&post=66388"},{"taxonomy":"post_tag","embeddable":true,"href":"https:\/\/miradordeatarfe.es\/index.php?rest_route=%2Fwp%2Fv2%2Ftags&post=66388"}],"curies":[{"name":"wp","href":"https:\/\/api.w.org\/{rel}","templated":true}]}}