{"id":66416,"date":"2024-01-13T10:00:40","date_gmt":"2024-01-13T09:00:40","guid":{"rendered":"https:\/\/miradordeatarfe.es\/?p=66416"},"modified":"2024-01-13T10:23:13","modified_gmt":"2024-01-13T09:23:13","slug":"atarfe-sostenible-y-los-sentipaseos","status":"publish","type":"post","link":"https:\/\/miradordeatarfe.es\/?p=66416","title":{"rendered":"ATARFE SOSTENIBLE Y LOS SENTIPASEOS"},"content":{"rendered":"<h3 style=\"text-align: justify;\">El pasado mi\u00e9rcoles 10 de enero alrededor de treinta personas fueron citados por ATARFE SOSTENIBLE para tratar una iniciativa\u00a0 puesta en marcha en Granada como son LOS SENTIPASEOS. El t\u00e9rmino \u201csentipensar\u201d, creado por Saturnino de la Torre en 1997, y que une coraz\u00f3n y cerebro, emoci\u00f3n y raz\u00f3n, la vida al completo, enamorar\u2026 podr\u00eda darnos algunas pistas\u2026 \u00bfPor qu\u00e9 no llamar a nuestros paseos \u201csentipaseos\u201d?<\/h3>\n<p>Fue la reuni\u00f3n de Atarfe Sostenible para promover los \u00abSentipaseos (pasear con razonamiento y sentimientos)\u00bb, en la que asistieron unas 30 personas, la mayor\u00eda en representaci\u00f3n de asociaciones, coles e institutos, centro de adultos, el ayuntamiento,&#8230;<br \/>\nNos acompa\u00f1aron miembros de<strong> Somos Vega<\/strong>, para explicar la experiencia que ellos tienen sobre esta actividad que pretende dar a conocer de forma integral lugares, costumbres, paisajes significativos, con el \u00e1nimo de mejorarlos, como querer y crear entidad y conciencia de pueblo, as\u00ed como que puedan convertirse en recursos escolares para j\u00f3venes y ni\u00f1os. El ayuntamiento inform\u00f3 que tiene una serie de rutas de inter\u00e9s hist\u00f3rico, cultural y natural. Se hizo una lluvia de ideas sobre posibles itinerarios por el t\u00e9rmino de Atarfe y acord\u00f3 formar una comisi\u00f3n con representantes de distintas entidades con participaci\u00f3n del ayuntamiento. Se va a comenzar activando los itinerarios ya existentes incorporando esta enfoque de Sentipaseos.<\/p>\n<p>\nPaco Caceres de <strong>SOMOS VEGA<\/strong> NOS EXPLICO EN QUE CONSISTE ESTA INICIATIVA Y NOS LO EXPLICO DE LA SIGUIENTE MANERA:<\/p>\n<p>&nbsp;<\/p>\n<p style=\"text-align: justify;\"><em><strong>\u00bb Sentipaseos y Visiticas para conocer nuestros lugares y comprometernos con ellos<\/strong><\/em><\/p>\n<p style=\"text-align: justify;\"><em>La primera pregunta obligada;<strong> \u00bfqu\u00e9 es un sentipaseo?<\/strong> \u00bfQu\u00e9 lo distingue de un paseo normal? No caminamos de forma pasiva para perder colesterol. Estamos vinculados al lugar y gentes donde vivimos y con nuestros paseos fortalecemos el cord\u00f3n umbilical que nos une a ellos, adquiriendo compromisos para mejorarlo para las generaciones venideras. Por ello, nuestros sentipaseos est\u00e1n organizados por los actores locales, las gentes que conocen y trabajan o trabajaron por mejorar nuestros territorios, por ancianos que son nuestra memoria viva, por colectivos comprometidos. Con todos ellos descubrimos nuestro territorio, lo disfrutamos, pero tambi\u00e9n pensamos los cuidados o transformaciones que necesitan.<\/em><\/p>\n<p style=\"text-align: justify;\"><em>Otra caracter\u00edstica de nuestros sentipaseos es la integralidad. No queremos conocerlos de forma parcial, por ello, incorporamos todas las miradas; la econ\u00f3mica, social, cultural, ecol\u00f3gica, la del deportista y el caminante, la de j\u00f3venes, ni\u00f1os, ancianos, inmigrantes\u2026 Si faltan miradas, el conocimiento es incompleto. En definitiva, nuestros sentipaseos no son contemplativos, que tambi\u00e9n, miramos con ojos cr\u00edticos, transformadores, que nos conducen a compromisos con el territorio, para ello, anotamos si un espacio est\u00e1 degradado, si se puede potenciar econ\u00f3mica, culturalmente\u2026 si creemos que puede mejorarse en alg\u00fan sentido y despu\u00e9s estudiamos posibles soluciones. \u00a0<\/em><\/p>\n<h3 style=\"text-align: justify;\"><em><strong><a href=\"https:\/\/i0.wp.com\/miradordeatarfe.es\/wp-content\/uploads\/2024\/01\/3.jpg?ssl=1\"><img data-recalc-dims=\"1\" loading=\"lazy\" decoding=\"async\" class=\"alignnone wp-image-66424 size-full\" src=\"https:\/\/i0.wp.com\/miradordeatarfe.es\/wp-content\/uploads\/2024\/01\/3.jpg?resize=640%2C361&#038;ssl=1\" alt=\"\" width=\"640\" height=\"361\" srcset=\"https:\/\/i0.wp.com\/miradordeatarfe.es\/wp-content\/uploads\/2024\/01\/3.jpg?w=1452&amp;ssl=1 1452w, https:\/\/i0.wp.com\/miradordeatarfe.es\/wp-content\/uploads\/2024\/01\/3.jpg?resize=300%2C169&amp;ssl=1 300w, https:\/\/i0.wp.com\/miradordeatarfe.es\/wp-content\/uploads\/2024\/01\/3.jpg?resize=1024%2C577&amp;ssl=1 1024w, https:\/\/i0.wp.com\/miradordeatarfe.es\/wp-content\/uploads\/2024\/01\/3.jpg?resize=768%2C433&amp;ssl=1 768w, https:\/\/i0.wp.com\/miradordeatarfe.es\/wp-content\/uploads\/2024\/01\/3.jpg?resize=1320%2C744&amp;ssl=1 1320w\" sizes=\"auto, (max-width: 640px) 100vw, 640px\" \/><\/a><\/strong><\/em><\/h3>\n<h3 style=\"text-align: justify;\"><em><strong>Las estaciones de un sentipaseo<\/strong><\/em><\/h3>\n<p style=\"text-align: justify;\"><em>En cada ruta tenemos una estaci\u00f3n que es un espacio significativo donde nos paramos y abordamos la econom\u00eda (por ejemplo, un espacio cultivado), paisaje, plantas (un parque por ejemplo), basuras, o el local de un colectivo para que nos explique su experiencia. El planeta tambi\u00e9n entra en nuestros sentipaseos porque vemos coches, tenemos m\u00f3viles\u2026 Hablamos de los materiales que necesitan, la escasez de \u00e9stos\u2026En cada paseo tienen mucha importancia nuestros \u201cind\u00edgenas\u201d. Nuestros ancianos son nuestras bibliotecas, nuestros tesoros vivientes. Por ello, recurrimos a ellos para que nos hablen de la Vega, de las acequias, de la evoluci\u00f3n de un barrio o pueblo\u2026 Son una parte esencial del sentipaseo para unir generaciones y recoger ense\u00f1anzas.<\/em><\/p>\n<h3 style=\"text-align: justify;\"><em><strong>Las Visiticas, una modalidad de sentipaseo<\/strong><\/em><\/h3>\n<p style=\"text-align: justify;\"><em>Hay muchas modalidades de sentipaseo. Los hay espec\u00edficos; el de las generaciones, el de los j\u00f3venes, el de las mujeres, ni\u00f1os, inmigrantes o el de la naturaleza\u2026 \u00daltimamente estamos organizando lo que llamamos \u201cLas Visiticas\u201d (Voy de visitica, se dec\u00eda anta\u00f1o). Nacen al ver que no conocemos nuestros barrios o pueblos vecinos. \u00bfRemedio? Organizar sentipaseos en barrios y pueblos e invitamos a los dem\u00e1s. Con ellos, los colectivos comprometidos con el territorio visitado nos dan a conocer el lugar en el que viven, sus peculiaridades, sitios de encuentro, problem\u00e1ticas, sue\u00f1os. luchas\u2026 As\u00ed, podemos conocer los barrios y pueblos vecinos; haci\u00e9ndoles una Visitica. Ya hemos disfrutado de decenas de sentipaseos por la Vega, barrios, r\u00edos&#8230; Esperamos con ganas la la Visitica que nos muestre Atarfe con los ojos de sus colectivos.\u00bb<\/em><\/p>\n<h3><strong>PACO C\u00c1CERES<\/strong><\/h3>\n<p>&nbsp;<\/p>\n<p><a href=\"https:\/\/i0.wp.com\/miradordeatarfe.es\/wp-content\/uploads\/2024\/01\/IMG20240110192735-scaled.jpg?ssl=1\"><img data-recalc-dims=\"1\" loading=\"lazy\" decoding=\"async\" class=\"alignnone wp-image-66418 size-large\" src=\"https:\/\/i0.wp.com\/miradordeatarfe.es\/wp-content\/uploads\/2024\/01\/IMG20240110192735.jpg?resize=640%2C482&#038;ssl=1\" alt=\"\" width=\"640\" height=\"482\" srcset=\"https:\/\/i0.wp.com\/miradordeatarfe.es\/wp-content\/uploads\/2024\/01\/IMG20240110192735-scaled.jpg?resize=1024%2C771&amp;ssl=1 1024w, https:\/\/i0.wp.com\/miradordeatarfe.es\/wp-content\/uploads\/2024\/01\/IMG20240110192735-scaled.jpg?resize=300%2C226&amp;ssl=1 300w, https:\/\/i0.wp.com\/miradordeatarfe.es\/wp-content\/uploads\/2024\/01\/IMG20240110192735-scaled.jpg?resize=768%2C578&amp;ssl=1 768w, https:\/\/i0.wp.com\/miradordeatarfe.es\/wp-content\/uploads\/2024\/01\/IMG20240110192735-scaled.jpg?resize=1536%2C1157&amp;ssl=1 1536w, https:\/\/i0.wp.com\/miradordeatarfe.es\/wp-content\/uploads\/2024\/01\/IMG20240110192735-scaled.jpg?resize=2048%2C1542&amp;ssl=1 2048w, https:\/\/i0.wp.com\/miradordeatarfe.es\/wp-content\/uploads\/2024\/01\/IMG20240110192735-scaled.jpg?resize=1320%2C994&amp;ssl=1 1320w, https:\/\/i0.wp.com\/miradordeatarfe.es\/wp-content\/uploads\/2024\/01\/IMG20240110192735-scaled.jpg?w=1920&amp;ssl=1 1920w\" sizes=\"auto, (max-width: 640px) 100vw, 640px\" \/><\/a> <a href=\"https:\/\/i0.wp.com\/miradordeatarfe.es\/wp-content\/uploads\/2024\/01\/IMG20240110194921-scaled.jpg?ssl=1\"><img data-recalc-dims=\"1\" loading=\"lazy\" decoding=\"async\" class=\"alignnone wp-image-66420 size-large\" src=\"https:\/\/i0.wp.com\/miradordeatarfe.es\/wp-content\/uploads\/2024\/01\/IMG20240110194921.jpg?resize=640%2C482&#038;ssl=1\" alt=\"\" width=\"640\" height=\"482\" srcset=\"https:\/\/i0.wp.com\/miradordeatarfe.es\/wp-content\/uploads\/2024\/01\/IMG20240110194921-scaled.jpg?resize=1024%2C771&amp;ssl=1 1024w, https:\/\/i0.wp.com\/miradordeatarfe.es\/wp-content\/uploads\/2024\/01\/IMG20240110194921-scaled.jpg?resize=300%2C226&amp;ssl=1 300w, https:\/\/i0.wp.com\/miradordeatarfe.es\/wp-content\/uploads\/2024\/01\/IMG20240110194921-scaled.jpg?resize=768%2C578&amp;ssl=1 768w, https:\/\/i0.wp.com\/miradordeatarfe.es\/wp-content\/uploads\/2024\/01\/IMG20240110194921-scaled.jpg?resize=1536%2C1157&amp;ssl=1 1536w, https:\/\/i0.wp.com\/miradordeatarfe.es\/wp-content\/uploads\/2024\/01\/IMG20240110194921-scaled.jpg?resize=2048%2C1542&amp;ssl=1 2048w, https:\/\/i0.wp.com\/miradordeatarfe.es\/wp-content\/uploads\/2024\/01\/IMG20240110194921-scaled.jpg?resize=1320%2C994&amp;ssl=1 1320w, https:\/\/i0.wp.com\/miradordeatarfe.es\/wp-content\/uploads\/2024\/01\/IMG20240110194921-scaled.jpg?w=1920&amp;ssl=1 1920w\" sizes=\"auto, (max-width: 640px) 100vw, 640px\" \/><\/a> <a href=\"https:\/\/i0.wp.com\/miradordeatarfe.es\/wp-content\/uploads\/2024\/01\/Imagen-de-WhatsApp-2024-01-10-a-las-19.28.58_afb37d34.jpg?ssl=1\"><img data-recalc-dims=\"1\" loading=\"lazy\" decoding=\"async\" class=\"alignnone wp-image-66421 size-large\" src=\"https:\/\/i0.wp.com\/miradordeatarfe.es\/wp-content\/uploads\/2024\/01\/Imagen-de-WhatsApp-2024-01-10-a-las-19.28.58_afb37d34.jpg?resize=640%2C360&#038;ssl=1\" alt=\"\" width=\"640\" height=\"360\" srcset=\"https:\/\/i0.wp.com\/miradordeatarfe.es\/wp-content\/uploads\/2024\/01\/Imagen-de-WhatsApp-2024-01-10-a-las-19.28.58_afb37d34.jpg?resize=1024%2C576&amp;ssl=1 1024w, https:\/\/i0.wp.com\/miradordeatarfe.es\/wp-content\/uploads\/2024\/01\/Imagen-de-WhatsApp-2024-01-10-a-las-19.28.58_afb37d34.jpg?resize=300%2C169&amp;ssl=1 300w, https:\/\/i0.wp.com\/miradordeatarfe.es\/wp-content\/uploads\/2024\/01\/Imagen-de-WhatsApp-2024-01-10-a-las-19.28.58_afb37d34.jpg?resize=768%2C432&amp;ssl=1 768w, https:\/\/i0.wp.com\/miradordeatarfe.es\/wp-content\/uploads\/2024\/01\/Imagen-de-WhatsApp-2024-01-10-a-las-19.28.58_afb37d34.jpg?resize=1536%2C864&amp;ssl=1 1536w, https:\/\/i0.wp.com\/miradordeatarfe.es\/wp-content\/uploads\/2024\/01\/Imagen-de-WhatsApp-2024-01-10-a-las-19.28.58_afb37d34.jpg?resize=1320%2C743&amp;ssl=1 1320w, https:\/\/i0.wp.com\/miradordeatarfe.es\/wp-content\/uploads\/2024\/01\/Imagen-de-WhatsApp-2024-01-10-a-las-19.28.58_afb37d34.jpg?w=1600&amp;ssl=1 1600w\" sizes=\"auto, (max-width: 640px) 100vw, 640px\" \/><\/a> <a href=\"https:\/\/i0.wp.com\/miradordeatarfe.es\/wp-content\/uploads\/2024\/01\/Imagen-de-WhatsApp-2024-01-10-a-las-19.29.17_a2f467af.jpg?ssl=1\"><img data-recalc-dims=\"1\" loading=\"lazy\" decoding=\"async\" class=\"alignnone wp-image-66422 size-large\" src=\"https:\/\/i0.wp.com\/miradordeatarfe.es\/wp-content\/uploads\/2024\/01\/Imagen-de-WhatsApp-2024-01-10-a-las-19.29.17_a2f467af.jpg?resize=640%2C360&#038;ssl=1\" alt=\"\" width=\"640\" height=\"360\" srcset=\"https:\/\/i0.wp.com\/miradordeatarfe.es\/wp-content\/uploads\/2024\/01\/Imagen-de-WhatsApp-2024-01-10-a-las-19.29.17_a2f467af.jpg?resize=1024%2C576&amp;ssl=1 1024w, https:\/\/i0.wp.com\/miradordeatarfe.es\/wp-content\/uploads\/2024\/01\/Imagen-de-WhatsApp-2024-01-10-a-las-19.29.17_a2f467af.jpg?resize=300%2C169&amp;ssl=1 300w, https:\/\/i0.wp.com\/miradordeatarfe.es\/wp-content\/uploads\/2024\/01\/Imagen-de-WhatsApp-2024-01-10-a-las-19.29.17_a2f467af.jpg?resize=768%2C432&amp;ssl=1 768w, https:\/\/i0.wp.com\/miradordeatarfe.es\/wp-content\/uploads\/2024\/01\/Imagen-de-WhatsApp-2024-01-10-a-las-19.29.17_a2f467af.jpg?resize=1536%2C864&amp;ssl=1 1536w, https:\/\/i0.wp.com\/miradordeatarfe.es\/wp-content\/uploads\/2024\/01\/Imagen-de-WhatsApp-2024-01-10-a-las-19.29.17_a2f467af.jpg?resize=1320%2C743&amp;ssl=1 1320w, https:\/\/i0.wp.com\/miradordeatarfe.es\/wp-content\/uploads\/2024\/01\/Imagen-de-WhatsApp-2024-01-10-a-las-19.29.17_a2f467af.jpg?w=1600&amp;ssl=1 1600w\" sizes=\"auto, (max-width: 640px) 100vw, 640px\" \/><\/a> <a href=\"https:\/\/i0.wp.com\/miradordeatarfe.es\/wp-content\/uploads\/2024\/01\/Imagen-de-WhatsApp-2024-01-10-a-las-19.29.30_aa66bde4.jpg?ssl=1\"><img data-recalc-dims=\"1\" loading=\"lazy\" decoding=\"async\" class=\"alignnone wp-image-66423 size-large\" src=\"https:\/\/i0.wp.com\/miradordeatarfe.es\/wp-content\/uploads\/2024\/01\/Imagen-de-WhatsApp-2024-01-10-a-las-19.29.30_aa66bde4.jpg?resize=640%2C360&#038;ssl=1\" alt=\"\" width=\"640\" height=\"360\" srcset=\"https:\/\/i0.wp.com\/miradordeatarfe.es\/wp-content\/uploads\/2024\/01\/Imagen-de-WhatsApp-2024-01-10-a-las-19.29.30_aa66bde4.jpg?resize=1024%2C576&amp;ssl=1 1024w, https:\/\/i0.wp.com\/miradordeatarfe.es\/wp-content\/uploads\/2024\/01\/Imagen-de-WhatsApp-2024-01-10-a-las-19.29.30_aa66bde4.jpg?resize=300%2C169&amp;ssl=1 300w, https:\/\/i0.wp.com\/miradordeatarfe.es\/wp-content\/uploads\/2024\/01\/Imagen-de-WhatsApp-2024-01-10-a-las-19.29.30_aa66bde4.jpg?resize=768%2C432&amp;ssl=1 768w, https:\/\/i0.wp.com\/miradordeatarfe.es\/wp-content\/uploads\/2024\/01\/Imagen-de-WhatsApp-2024-01-10-a-las-19.29.30_aa66bde4.jpg?resize=1536%2C864&amp;ssl=1 1536w, https:\/\/i0.wp.com\/miradordeatarfe.es\/wp-content\/uploads\/2024\/01\/Imagen-de-WhatsApp-2024-01-10-a-las-19.29.30_aa66bde4.jpg?resize=1320%2C743&amp;ssl=1 1320w, https:\/\/i0.wp.com\/miradordeatarfe.es\/wp-content\/uploads\/2024\/01\/Imagen-de-WhatsApp-2024-01-10-a-las-19.29.30_aa66bde4.jpg?w=1600&amp;ssl=1 1600w\" sizes=\"auto, (max-width: 640px) 100vw, 640px\" \/><\/a><\/p>\n<p>FOTOS: A. Machado y Manuel Codian<\/p>\n<p>&nbsp;<\/p>\n","protected":false},"excerpt":{"rendered":"<p>El pasado mi\u00e9rcoles 10 de enero alrededor de treinta personas fueron citados por ATARFE SOSTENIBLE&#8230;<\/p>\n","protected":false},"author":1,"featured_media":66417,"comment_status":"closed","ping_status":"closed","sticky":false,"template":"","format":"standard","meta":{"_coblocks_attr":"","_coblocks_dimensions":"","_coblocks_responsive_height":"","_coblocks_accordion_ie_support":"","jetpack_post_was_ever_published":false,"_jetpack_newsletter_access":"","_jetpack_dont_email_post_to_subs":false,"_jetpack_newsletter_tier_id":0,"_jetpack_memberships_contains_paywalled_content":false,"_jetpack_memberships_contains_paid_content":false,"footnotes":"","jetpack_publicize_message":"","jetpack_publicize_feature_enabled":true,"jetpack_social_post_already_shared":false,"jetpack_social_options":{"image_generator_settings":{"template":"highway","default_image_id":0,"enabled":false},"version":2}},"categories":[12,7725,44],"tags":[],"class_list":["post-66416","post","type-post","status-publish","format-standard","has-post-thumbnail","hentry","category-cultura","category-atarfe-sostenible","category-noticias-de-hoy"],"jetpack_publicize_connections":[],"jetpack_featured_media_url":"https:\/\/i0.wp.com\/miradordeatarfe.es\/wp-content\/uploads\/2024\/01\/IMG20240110192748-scaled.jpg?fit=2560%2C1928&ssl=1","jetpack_likes_enabled":true,"jetpack_sharing_enabled":true,"_links":{"self":[{"href":"https:\/\/miradordeatarfe.es\/index.php?rest_route=\/wp\/v2\/posts\/66416","targetHints":{"allow":["GET"]}}],"collection":[{"href":"https:\/\/miradordeatarfe.es\/index.php?rest_route=\/wp\/v2\/posts"}],"about":[{"href":"https:\/\/miradordeatarfe.es\/index.php?rest_route=\/wp\/v2\/types\/post"}],"author":[{"embeddable":true,"href":"https:\/\/miradordeatarfe.es\/index.php?rest_route=\/wp\/v2\/users\/1"}],"replies":[{"embeddable":true,"href":"https:\/\/miradordeatarfe.es\/index.php?rest_route=%2Fwp%2Fv2%2Fcomments&post=66416"}],"version-history":[{"count":6,"href":"https:\/\/miradordeatarfe.es\/index.php?rest_route=\/wp\/v2\/posts\/66416\/revisions"}],"predecessor-version":[{"id":66432,"href":"https:\/\/miradordeatarfe.es\/index.php?rest_route=\/wp\/v2\/posts\/66416\/revisions\/66432"}],"wp:featuredmedia":[{"embeddable":true,"href":"https:\/\/miradordeatarfe.es\/index.php?rest_route=\/wp\/v2\/media\/66417"}],"wp:attachment":[{"href":"https:\/\/miradordeatarfe.es\/index.php?rest_route=%2Fwp%2Fv2%2Fmedia&parent=66416"}],"wp:term":[{"taxonomy":"category","embeddable":true,"href":"https:\/\/miradordeatarfe.es\/index.php?rest_route=%2Fwp%2Fv2%2Fcategories&post=66416"},{"taxonomy":"post_tag","embeddable":true,"href":"https:\/\/miradordeatarfe.es\/index.php?rest_route=%2Fwp%2Fv2%2Ftags&post=66416"}],"curies":[{"name":"wp","href":"https:\/\/api.w.org\/{rel}","templated":true}]}}