{"id":66447,"date":"2024-01-15T09:52:06","date_gmt":"2024-01-15T08:52:06","guid":{"rendered":"https:\/\/miradordeatarfe.es\/?p=66447"},"modified":"2024-01-14T13:01:31","modified_gmt":"2024-01-14T12:01:31","slug":"pedro-sanchez-expulsar-a-migrantes-compete-a-la-administracion-central","status":"publish","type":"post","link":"https:\/\/miradordeatarfe.es\/?p=66447","title":{"rendered":"Pedro S\u00e1nchez: \u201cExpulsar a migrantes compete a la Administraci\u00f3n central\u201d"},"content":{"rendered":"<div class=\"a_e_txt _df\">\n<h2 class=\"a_st\" style=\"text-align: justify;\">El presidente del Gobierno destaca que \u201clos independentistas ahora discuten sobre el IVA del aceite o el transporte\u201d<\/h2>\n<div class=\"a_c clearfix\" style=\"text-align: justify;\" data-dtm-region=\"articulo_cuerpo\">\n<p class=\"\">A lo largo de la entrevista nos dir\u00e1 que tiene todo el tiempo, la paciencia y la determinaci\u00f3n del mundo para acompa\u00f1ar el proceso de normalizaci\u00f3n total de Catalu\u00f1a tras la grave crisis territorial del a\u00f1o 2017. Lo que traducido viene a ser comprender que Junts tiene que terminar de hacer su viaje tras el fracaso del <i>proc\u00e9s <\/i>y sus consecuencias. Y as\u00ed, el presidente Pedro S\u00e1nchez (nacido en Madrid hace 51 a\u00f1os) respond\u00eda a EL PA\u00cdS el viernes como el hombre tranquilo tras una semana al borde del abismo para conseguir que los de Puigdemont no tumbaran <a href=\"https:\/\/elpais.com\/espana\/2024-01-08\/el-gobierno-se-abre-a-tramitar-los-decretos-como-proyectos-de-ley-para-incorporar-cambios-de-junts-y-pp.html\" target=\"_blank\" rel=\"noopener\" data-link-track-dtm=\"\" data-mrf-link=\"https:\/\/elpais.com\/espana\/2024-01-08\/el-gobierno-se-abre-a-tramitar-los-decretos-como-proyectos-de-ley-para-incorporar-cambios-de-junts-y-pp.html\">el paquete de medidas sociales<\/a> con el que arranca la legislatura. S\u00e1nchez est\u00e1 de vuelta de muchas batallas pol\u00edticas al l\u00edmite, la oposici\u00f3n ha contribuido a construir un personaje reconocido hoy como l\u00edder por distintos sectores de la izquierda m\u00e1s all\u00e1 de las siglas del PSOE, y navega con un pragmatismo socialdem\u00f3crata a prueba de contradicciones o cambios de opini\u00f3n, acogido al principio de que \u201cla \u00fanica verdad es la realidad\u201d.<\/p>\n<p class=\"\"><b>Pregunta. <\/b>\u00bfSe puede gobernar as\u00ed? \u00bfNo cree que el Gobierno dio una imagen de extrema debilidad el mi\u00e9rcoles, con esa negociaci\u00f3n ag\u00f3nica?<\/p>\n<p class=\"\"><b>Respuesta.<\/b> Yo entiendo el inter\u00e9s medi\u00e1tico por el suspense en el resultado de las votaciones, pero creo que lo importante para los ciudadanos es lo que se aprueba. Estamos hablando de reformas para lograr el cuarto desembolso de los fondos europeos, 10.000 millones de euros. Lo que se jugaba en esa votaci\u00f3n era la pol\u00edtica econ\u00f3mica del Gobierno. Es una buena noticia para los pensionistas, porque se revaloriza la pensi\u00f3n; para los estudiantes que cogen el transporte p\u00fablico, porque se contin\u00faa bonificando. Son pol\u00edticas en beneficio de la mayor\u00eda social.<\/p>\n<p class=\"\"><b>P.<\/b> Pero su vicepresidenta, a quien Podemos le tumb\u00f3 la reforma del subsidio de desempleo, dijo literalmente: <a href=\"https:\/\/elpais.com\/espana\/2024-01-10\/podemos-tumba-el-decreto-impulsado-por-el-ministerio-yolanda-diaz-y-ahonda-la-guerra-con-sumar.html\" target=\"_blank\" rel=\"noopener\" data-link-track-dtm=\"\" data-mrf-link=\"https:\/\/elpais.com\/espana\/2024-01-10\/podemos-tumba-el-decreto-impulsado-por-el-ministerio-yolanda-diaz-y-ahonda-la-guerra-con-sumar.html\">\u201cAs\u00ed no se puede gobernar\u201d.<\/a> \u00bfVan a cambiar algo?<\/p>\n<p class=\"\"><b>R.<\/b> Vivimos un tiempo en Europa y en Espa\u00f1a de mayor\u00edas parlamentarias fragmentadas. En Espa\u00f1a, si no se asume la pluralidad pol\u00edtica y la diversidad territorial de nuestro pa\u00eds, es imposible gobernar. Cuatro de cada cinco pa\u00edses en Europa cuentan con gobiernos de coalici\u00f3n y muchos de ellos son con minor\u00edas parlamentarias. Tenemos que asumir la realidad, operar sobre ella y sacar adelante con humildad, con trabajo y con capacidad de di\u00e1logo pol\u00edticas que son beneficiosas para la mayor\u00eda social.<\/p>\n<p class=\"\"><b>P.<\/b> \u00bfImprovisando la negociaci\u00f3n, como se percibi\u00f3 el mi\u00e9rcoles en el Congreso?<\/p>\n<p class=\"\"><b>R.<\/b> A ver, el objetivo es claro, y se resume en tres pilares: el primero, la creaci\u00f3n de empleo; el segundo, los derechos sociales, y el tercero, la convivencia. Estamos haciendo algo muy importante para la convivencia: que partidos independentistas que antes de ayer se negaban a investir a un presidente del Gobierno espa\u00f1ol, o incluso a participar en la gobernabilidad del pa\u00eds, hoy lo est\u00e1n haciendo. Hoy no est\u00e1n discutiendo sobre la declaraci\u00f3n de independencia, est\u00e1n discutiendo sobre cu\u00e1l va a ser el IVA del aceite de oliva, o cu\u00e1l va a ser el abono y la bonificaci\u00f3n al transporte p\u00fablico en los distintos territorios.<\/p>\n<blockquote class=\"a_q\">\n<div><strong>La \u00fanica verdad es la realidad, tenemos mayor\u00edas parlamentarias fragmentadas\u201d<\/strong><\/div>\n<\/blockquote>\n<p class=\"\"><b>P.<\/b> \u00bfVa a seguir haciendo tantos decretos? Le pregunto por salud democr\u00e1tica y por propia supervivencia, porque con el decreto se lo juega todo a una \u00fanica votaci\u00f3n.<\/p>\n<p class=\"\"><b>R. <\/b>Nuestra intenci\u00f3n es legislar con proyectos de ley. Tambi\u00e9n es cierto que la investidura tan tard\u00eda que se celebr\u00f3 a finales del a\u00f1o pasado nos llev\u00f3 a que estuvi\u00e9ramos muy cerca del momento de vencimiento de las medidas vinculadas con el real decreto de Ucrania y con los compromisos con la Comisi\u00f3n Europea para poder percibir esos 10.000 millones de euros de los fondos europeos.<\/p>\n<p class=\"\"><b>P.<\/b> \u00bfSe siente usted chantajeado, como dice Alberto N\u00fa\u00f1ez Feij\u00f3o?<\/p>\n<p class=\"\"><b>R.<\/b> Esto es bastante curioso. La derecha cuando gobierna y pacta con el nacionalismo perif\u00e9rico, resulta que es sin\u00f3nimo de sentido de Estado. Cuando lo hace la izquierda, lo que estamos haciendo es poco menos que chantajear o vender a trozos Espa\u00f1a. No, lo que estamos haciendo es ser coherentes con el T\u00edtulo VIII de nuestra Constituci\u00f3n. Estamos en un Estado auton\u00f3mico y tenemos que compartir competencias sobre pol\u00edticas que nos afectan a todos, como la migratoria. Lo que estamos haciendo respecto a Catalu\u00f1a desde hace cinco a\u00f1os es caminar en una senda de superaci\u00f3n de la crisis territorial m\u00e1s grave que hemos vivido en estos \u00faltimos 40 a\u00f1os. Y la alternativa que tenemos enfrente, la del Partido Popular y la de Vox, es un estado de excepci\u00f3n permanente, es el 155 permanente, o la ilegalizaci\u00f3n de partidos pol\u00edticos. Eso s\u00ed que va en contra de los intereses de Espa\u00f1a.<\/p>\n<p class=\"\"><b>P.<\/b> Despu\u00e9s de lo que vimos el mi\u00e9rcoles, \u00bfva a haber Presupuestos, vamos a una legislatura larga o a una inestabilidad permanente?<\/p>\n<p class=\"\"><b>R.<\/b> Yo soy presidente del Gobierno desde hace cinco a\u00f1os. Si echa usted un vistazo a las veces que se me ha preguntado sobre esta cuesti\u00f3n, han sido bastantes. Por supuesto que vamos a gobernar durante cuatro a\u00f1os y vamos a resolver muchos de los problemas que tiene nuestra ciudadan\u00eda. No se puede gobernar Espa\u00f1a si no se asume la pluralidad pol\u00edtica, y tambi\u00e9n la diversidad territorial. Hay un axioma que yo me aplico mucho en la pol\u00edtica, como tambi\u00e9n en la vida. La verdad, la verdad de las cosas, es la realidad. Y la realidad, en Espa\u00f1a, la de verdad, es la que expresaron los ciudadanos con su voto y que se ve representada en un Parlamento con esas mayor\u00edas parlamentarias fragmentadas. Y a partir de ah\u00ed, la \u00fanica organizaci\u00f3n pol\u00edtica capaz de articular toda esa fragmentaci\u00f3n para poder avanzar es el PSOE. Ojal\u00e1 pudiera entenderme con el PP para sacar adelante pol\u00edticas que son beneficiosas tambi\u00e9n para sus propios votantes. \u00bfC\u00f3mo explica el PP a sus votantes mayores de 65 a\u00f1os que han votado en contra de revalorizar las pensiones? Por cierto, con un l\u00edder que cobra tres sueldos.<\/p>\n<p class=\"\"><b>P.<\/b> Despu\u00e9s de lo que ha pasado esta semana, \u00bfse f\u00eda de Junts?<\/p>\n<p class=\"\"><b>R.<\/b> En pol\u00edtica no se plantean las preguntas en esos t\u00e9rminos. La pregunta es la siguiente: \u00bfmerece la pena volcar todos los esfuerzos en pol\u00edticas que tienen efectos positivos en la mayor\u00eda social de este pa\u00eds, s\u00ed o no? Para m\u00ed, la respuesta es que s\u00ed. \u00bfMerece la pena que nuestra democracia sea mejor, m\u00e1s completa, incorporando al sistema a partidos pol\u00edticos que hasta antes de ayer impulsaron una declaraci\u00f3n unilateral de independencia? La respuesta es rotundamente que s\u00ed. Ahora bien, yo lo he dicho siempre, desde hace cinco a\u00f1os: vamos a necesitar tiempo, mucha paciencia y determinaci\u00f3n. Pero paciencia, determinaci\u00f3n y tiempo, yo tengo todos los del mundo.<\/p>\n<blockquote class=\"a_q\">\n<div><strong>Es imposible gobernar Espa\u00f1a si no se asume la pluralidad pol\u00edtica y territorial\u201d<\/strong><\/div>\n<\/blockquote>\n<p class=\"\"><b>P.<\/b> Hubo un decreto que no sali\u00f3 porque lo tumb\u00f3 Podemos. Visto con perspectiva, \u00bffue un error dejar a Podemos fuera del Gobierno?<\/p>\n<p class=\"\"><b>R.<\/b> No, con todos los respetos hacia una organizaci\u00f3n de izquierdas como Podemos, yo creo que, en pol\u00edtica, las decisiones personales no deben de primar sobre las decisiones en beneficio de <a href=\"https:\/\/elpais.com\/economia\/2024-01-11\/claves-del-decreto-de-la-discordia-recortaba-o-no-las-cotizaciones-del-subsidio-de-paro-y-por-que-el-gobierno-defiende-la-reforma.html\" target=\"_blank\" rel=\"noopener\" data-link-track-dtm=\"\" data-mrf-link=\"https:\/\/elpais.com\/economia\/2024-01-11\/claves-del-decreto-de-la-discordia-recortaba-o-no-las-cotizaciones-del-subsidio-de-paro-y-por-que-el-gobierno-defiende-la-reforma.html\">un colectivo de 700.000 personas que son los parados de m\u00e1s de 52 a\u00f1os.<\/a> Por tanto, yo creo que la m\u00e1xima de no tomar decisiones en base a las tripas, sino con la cabeza y el coraz\u00f3n, es una de las lecciones que tiene que plantearse Podemos en este caso. Lo digo con todos los respetos.<\/p>\n<p class=\"\"><b>P.<\/b> \u00bfUsted cree que Yolanda D\u00edaz deber\u00eda recomponer esas relaciones o usted mismo va a hacer algo para intentar acercarse a Podemos?<\/p>\n<p class=\"\"><b>R.<\/b> Hemos mantenido las relaciones que nos corresponden como grupo parlamentario que es con cinco diputados. Y respecto a Sumar y a Yolanda como vicepresidenta del Gobierno, tiene todo mi apoyo, mi comprensi\u00f3n y, por supuesto, la colaboraci\u00f3n del socio mayoritario del Gobierno para antes o despu\u00e9s poder sacar adelante esta importante reforma del subsidio de desempleo.<\/p>\n<p class=\"\"><b>P.<\/b> Con las competencias en inmigraci\u00f3n que se han comprometido con <a href=\"https:\/\/elpais.com\/espana\/catalunya\/2024-01-13\/la-direccion-de-junts-prioriza-la-apuesta-por-controlar-la-inmigracion-es-indigno-que-nos-acusen-de-xenofobos.html\" target=\"_blank\" rel=\"noopener\" data-link-track-dtm=\"\" data-mrf-link=\"https:\/\/elpais.com\/espana\/catalunya\/2024-01-13\/la-direccion-de-junts-prioriza-la-apuesta-por-controlar-la-inmigracion-es-indigno-que-nos-acusen-de-xenofobos.html\">Junts <\/a>a ceder, \u00bfCatalu\u00f1a podr\u00e1 expulsar inmigrantes, podr\u00e1 regular el flujo migratorio, podr\u00e1 dar permisos de residencia? Eso es lo que est\u00e1 diciendo Junts.<\/p>\n<p class=\"\"><b>R.<\/b> Es que es un partido independentista. Por supuesto que el programa de m\u00e1ximos de un partido independentista ya sabemos cu\u00e1l es. Pero yo le hago la siguiente pregunta: \u00bflas pol\u00edticas de inmigraci\u00f3n est\u00e1n o no recogidas en el Estatuto de Autonom\u00eda de Catalu\u00f1a? Lo est\u00e1n. \u00bfAcabamos o no en Europa de aprobar un pacto de inmigraci\u00f3n y asilo despu\u00e9s de muchos a\u00f1os dentro de la presidencia espa\u00f1ola rotatoria del Consejo de la Uni\u00f3n Europea? Tambi\u00e9n.<\/p>\n<p class=\"\"><b>P. <\/b>\u00bfEst\u00e1 diciendo que Catalu\u00f1a va a poder expulsar inmigrantes para regular los flujos?<\/p>\n<p class=\"\"><b>R.<\/b> Yo no estoy diciendo eso, al contrario. El Pacto de Migraci\u00f3n y Asilo de la Uni\u00f3n Europea es bastante claro. Vamos hacia una pol\u00edtica comunitaria.<\/p>\n<p class=\"\"><b>P.<\/b> \u00bfQu\u00e9 es lo que ceden?<\/p>\n<p class=\"\"><b>R.<\/b> Pues lo que est\u00e1 reconocido en el Estatuto de Autonom\u00eda de Catalu\u00f1a en materia de pol\u00edtica migratoria. Ellos pedir\u00e1n l\u00f3gicamente las competencias que consideren. Evidentemente, tendremos que hablar con la Generalitat de Catalu\u00f1a, con el Govern. Pero, finalmente, es un tr\u00e1mite parlamentario que exigir\u00e1 que todas las fuerzas pol\u00edticas pongamos en marcha todas nuestras pol\u00edticas y lleguemos a un punto de acuerdo.<\/p>\n<blockquote class=\"a_q\">\n<div><strong>La derecha se ha quedado congelada en un sistema que no existe. Ni hay CiU ni ETA\u201d<\/strong><\/div>\n<\/blockquote>\n<p class=\"\"><b>P.<\/b> Usted ha dicho reiteradamente que sus pactos ser\u00edan transparentes, que los ciudadanos sabr\u00edan lo que pactan con cualquiera de los socios o aliados que necesitan. Nadie sabe hoy qu\u00e9 han pactado ustedes con Junts en relaci\u00f3n a la inmigraci\u00f3n. No hay transparencia, presidente.<\/p>\n<p class=\"\"><b>R. <\/b>Perdone, la hay. Primero, porque el acuerdo es transparente, es conocido, usted est\u00e1 opinando sobre \u00e9l. En segundo lugar, hay referencias al art\u00edculo 150.2 de la Constituci\u00f3n espa\u00f1ola. Por tanto, Junts est\u00e1 reconociendo que debe estar incardinado en la Constituci\u00f3n. \u00bfNos creemos realmente que vivimos en un Estado auton\u00f3mico, s\u00ed o no? Si nos lo creemos, no podemos concebir que las competencias compartidas son una cesi\u00f3n y un chantaje.<\/p>\n<p class=\"\"><b>P.<\/b> \u00bfComparte el planteamiento de Junts, que, nada m\u00e1s obtener este compromiso del PSOE, habla de expulsar inmigrantes y relaciona inmigraci\u00f3n con delincuencia?<\/p>\n<p class=\"\"><b>R.<\/b> Desde luego no puedo estar de acuerdo en absoluto con que se identifique o se equipare la migraci\u00f3n con la delincuencia. En absoluto. Espa\u00f1a en materia de pol\u00edtica migratoria es un ejemplo para Europa. Lo escucho cuando hablo con dirigentes europeos. Hemos aumentado los recursos econ\u00f3micos vinculados con todo lo que tiene que ver con el asilo y con el reasentamiento. Hemos reforzado y ampliado el n\u00famero de lugares de acogida para los migrantes irregulares que nos llegan, particularmente del norte de \u00c1frica. Estamos teniendo una pol\u00edtica migratoria humanista y esa es la intenci\u00f3n, la voluntad del Gobierno de Espa\u00f1a.<\/p>\n<p class=\"\"><b>P.<\/b> Pero precisamente por eso, mucha gente se pregunta si Catalu\u00f1a va a poder expulsar inmigrantes o gestionar esa pol\u00edtica de asilo. No es lo mismo gestionarla con unas ideas u otras.<\/p>\n<p class=\"\"><b>R.<\/b> Disc\u00falpeme que le diga, si uno lee el p\u00e1rrafo del acuerdo, yo creo que es bastante evidente lo que estamos diciendo.<\/p>\n<p class=\"\"><b>P.<\/b> El acuerdo dice delegaci\u00f3n integral de las competencias y recursos de la pol\u00edtica de inmigraci\u00f3n.<\/p>\n<p class=\"\"><b>R.<\/b> Hay que leer lo que dice el articulado del Estatuto de Autonom\u00eda de Catalu\u00f1a sobre la migraci\u00f3n. Que un partido independentista diga que se asume el que se puedan delegar determinadas competencias en materia de migraci\u00f3n en el marco de la Constituci\u00f3n, me parece que es un cambio de una enorme trascendencia.<\/p>\n<figure class=\"a_m a_m-h \"><span class=\"_db a_m_w _pr lb_btn\"><img data-recalc-dims=\"1\" loading=\"lazy\" decoding=\"async\" class=\"_re lazyload a_m-h alignleft\" src=\"https:\/\/i0.wp.com\/imagenes.elpais.com\/resizer\/wMOjMB8M5T8IVUUtvnr4b7q0VtA%3D\/414x0\/cloudfront-eu-central-1.images.arcpublishing.com\/prisa\/NO7FR4WE7JCRBOLQSE733IKYCE.jpg?resize=414%2C276&#038;ssl=1\" sizes=\"auto, (min-width:1199px) 1155px,(min-width:1001px) calc(100vw - 44px),(min-width:768px) 767px, 100vw\" srcset=\"https:\/\/imagenes.elpais.com\/resizer\/wMOjMB8M5T8IVUUtvnr4b7q0VtA=\/414x0\/cloudfront-eu-central-1.images.arcpublishing.com\/prisa\/NO7FR4WE7JCRBOLQSE733IKYCE.jpg 414w,https:\/\/imagenes.elpais.com\/resizer\/QuSVL4Vmm-vQ7kZnXCedQwN5ijY=\/828x0\/cloudfront-eu-central-1.images.arcpublishing.com\/prisa\/NO7FR4WE7JCRBOLQSE733IKYCE.jpg 640w,https:\/\/imagenes.elpais.com\/resizer\/LrGP-g067O6jWDvbsbQjUr5qOO0=\/980x0\/cloudfront-eu-central-1.images.arcpublishing.com\/prisa\/NO7FR4WE7JCRBOLQSE733IKYCE.jpg 1000w,https:\/\/imagenes.elpais.com\/resizer\/eaWgG1cL_OAI0NiJaYT2nPXAReI=\/1960x0\/cloudfront-eu-central-1.images.arcpublishing.com\/prisa\/NO7FR4WE7JCRBOLQSE733IKYCE.jpg 1960w\" alt=\"El presidente S\u00e1nchez, la directora de EL PA\u00cdS, Pepa Bueno, y el periodista Carlos E. Cu\u00e9, durante la entrevista en La Moncloa \" width=\"414\" height=\"276\" \/><\/span><figcaption class=\"a_m_p\">El presidente S\u00e1nchez, la directora de EL PA\u00cdS, Pepa Bueno, y el periodista Carlos E. Cu\u00e9, durante la entrevista en La Moncloa <span class=\"a_m_m\">Samuel S\u00e1nchez<\/span><\/figcaption><\/figure>\n<p class=\"\"><b>P.<\/b> \u00bfCatalu\u00f1a va a poder expulsar o no? Es que no queda claro.<\/p>\n<p class=\"\"><b>R.<\/b> Pero vamos a ver d\u00f3nde est\u00e1n las materias. Las materias vinculadas con la expulsi\u00f3n de los migrantes est\u00e1n residenciadas en la Administraci\u00f3n General del Estado. Tenemos un pacto de migraci\u00f3n y asilo firmado con Europa, donde a lo que vamos precisamente no es a una centrifugaci\u00f3n, sino a una mayor coordinaci\u00f3n de las pol\u00edticas de migraci\u00f3n. Pero, insisto, esto no es que lo diga yo, lo dice la Constituci\u00f3n, lo dice el Estatuto de autonom\u00eda de Catalu\u00f1a y lo dice el pacto de migraci\u00f3n y asilo que acabamos de firmar hace dos meses.<\/p>\n<blockquote class=\"a_q\">\n<div>\u00a0<\/div>\n<div>\u00a0<\/div>\n<div>\u00a0<\/div>\n<div><strong>Somos una inspiraci\u00f3n para muchas fuerzas progresistas en Europa\u201d<\/strong><\/div>\n<\/blockquote>\n<p class=\"\"><b>P.<\/b> Si el PSOE ha negociado todo este paquete de medidas para una abstenci\u00f3n en dos decretos, \u00bfqu\u00e9 les va a conceder para unos Presupuestos, que vienen ahora en dos meses?<\/p>\n<p class=\"\"><b>R.<\/b> Los esfuerzos del Gobierno est\u00e1n al nivel de los efectos positivos que tienen estas pol\u00edticas sobre los ciudadanos. Y yo lo dije durante la campa\u00f1a electoral. No he enga\u00f1ado a nadie. Yo voy a buscar votos hasta debajo de las piedras para <a href=\"https:\/\/elpais.com\/economia\/2023-12-12\/asi-subiran-las-pensiones-en-2024-desde-el-38-las-generales-al-14-las-de-viudedad.html\" target=\"_blank\" rel=\"noopener\" data-link-track-dtm=\"\" data-mrf-link=\"https:\/\/elpais.com\/economia\/2023-12-12\/asi-subiran-las-pensiones-en-2024-desde-el-38-las-generales-al-14-las-de-viudedad.html\">revalorizar las pensiones<\/a> conforme al IPC, o para poder tener los 10.000 millones de euros que nos permitan continuar creciendo, creando empleo y reindustrializar nuestro pa\u00eds en verde y en digital. Lo voy a seguir haciendo. Y la pregunta es por qu\u00e9 la derecha se niega a votar a favor de la revalorizaci\u00f3n de las pensiones. Porque todo lo dem\u00e1s es una cortina de humo. En la pasada legislatura, <a href=\"https:\/\/elpais.com\/opinion\/2023-06-27\/que-te-vote-txapote-el-verdadero-origen-del-eslogan-contra-sanchez.html\" target=\"_blank\" rel=\"noopener\" data-link-track-dtm=\"\" data-mrf-link=\"https:\/\/elpais.com\/opinion\/2023-06-27\/que-te-vote-txapote-el-verdadero-origen-del-eslogan-contra-sanchez.html\">\u201cQue te vote Txapote\u201d,<\/a> y en esta legislatura, ya sabemos cu\u00e1l es la l\u00ednea: Junts. A m\u00ed me parece una extraordinaria noticia que las formaciones pol\u00edticas que rechazaban cualquier tipo de participaci\u00f3n constructiva en la gobernabilidad hoy lo est\u00e9n haciendo. Y eso no es un signo de debilidad. Es, al contrario, un signo de fortaleza. Este jueves recordaba con algunos interlocutores en el Investors Day que cuando yo llegu\u00e9 al Gobierno, entre las cinco principales preocupaciones de los ciudadanos, la segunda era la corrupci\u00f3n y la quinta era la independencia de Catalu\u00f1a. Hoy, cinco a\u00f1os despu\u00e9s, el 95% de la ciudadan\u00eda espa\u00f1ola piensa que la corrupci\u00f3n no es un problema. Y el 98% de la ciudadan\u00eda, casi el 99%, piensa que la independencia de Catalu\u00f1a no es un problema. Bueno, algo habremos hecho bien. La alternativa es un estado de excepci\u00f3n permanente por parte de la derecha y la ultraderecha.<\/p>\n<p class=\"\"><b>P.<\/b> En solo unos meses han dado un salto mortal argumental. Ustedes y Junts. Ustedes pasaron del no a la amnist\u00eda, al s\u00ed a la amnist\u00eda; y Junts, de lo que ellos llaman el exilio a estar negociando un decreto con medidas para los ciudadanos. \u00bfUsted cree que se puede saldar la explicaci\u00f3n, la rendici\u00f3n de cuentas de un salto argumental de ese calibre, con un \u201chacemos de la necesidad virtud\u201d? La mayor\u00eda de las encuestas <a href=\"https:\/\/elpais.com\/espana\/2023-12-04\/un-60-de-los-espanoles-considera-que-la-amnistia-es-injusta-y-supone-un-privilegio.html\" target=\"_blank\" rel=\"noopener\" data-link-track-dtm=\"\" data-mrf-link=\"https:\/\/elpais.com\/espana\/2023-12-04\/un-60-de-los-espanoles-considera-que-la-amnistia-es-injusta-y-supone-un-privilegio.html\">\u2014la que publican EL PA\u00cdS y la SER tambi\u00e9n\u2014,<\/a> recogen rechazo e incomodidad de una mayor\u00eda de espa\u00f1oles con la ley de amnist\u00eda.<\/p>\n<p class=\"\"><b>R.<\/b> La Espa\u00f1a real es la que votaron los espa\u00f1oles el pasado 23 de julio. Y despu\u00e9s, m\u00e1s de 50 diputados pidieron al PSOE una ley de amnist\u00eda. Yo tuve que responder a una disyuntiva, que era si segu\u00edamos con un Gobierno de coalici\u00f3n progresista, con todas las dificultades que evidentemente entra\u00f1a el sacar adelante las leyes en un Parlamento fragmentado, como estamos viendo, o le d\u00e1bamos la oportunidad a que gobernara Feij\u00f3o con Abascal.<\/p>\n<p class=\"\"><b>P.<\/b> El PSOE pasa de puntillas ahora por la pedagog\u00eda territorial. Se pone l\u00edneas rojas que luego ese principio de realidad pol\u00edtica le obliga a saltarse. Con la amnist\u00eda ha pasado y tambi\u00e9n con el apoyo a Bildu en el Ayuntamiento de Pamplona. Si Bildu es un operador pol\u00edtico que tiene plenos derechos en Espa\u00f1a en este momento, \u00bfpor qu\u00e9 no lo explican? \u00bfpor qu\u00e9 no lo dicen? Nos dicen \u201cno, es una decisi\u00f3n local\u201d.<\/p>\n<p class=\"\"><b>R.<\/b> Es que en este caso es una decisi\u00f3n local.<\/p>\n<p class=\"\"><b>P.<\/b> Ya, pero con enorme trascendencia pol\u00edtica.<\/p>\n<p class=\"\"><b>R.<\/b> Enorme trascendencia pol\u00edtica, efectivamente, para los ciudadanos de Pamplona. Tiene una enorme trascendencia para esos ciudadanos que llevaban un Ayuntamiento, durante cinco a\u00f1os, sin presupuestos.<\/p>\n<p class=\"\"><b>P.<\/b> Le formulo la pregunta de otra manera. \u00bfQu\u00e9 tiene que hacer o decir Bildu para ser un operador pol\u00edtico con el que ustedes puedan gobernar, por ejemplo?<\/p>\n<p class=\"\"><b>R.<\/b> Bueno, nos queda much\u00edsimo.<\/p>\n<p class=\"\"><b>P.<\/b> \u00bfQu\u00e9 queda?<\/p>\n<p class=\"\"><b>R. <\/b>Hay, desde luego, un reconocimiento y un rechazo total y absoluto a lo acontecido durante estos \u00faltimos 40 a\u00f1os en relaci\u00f3n con la violencia de ETA en Euskadi. Y, en segundo lugar, creo que su participaci\u00f3n con votos y con pol\u00edtica es un \u00e9xito de la democracia espa\u00f1ola. A m\u00ed lo que me resulta bastante interesante desde el punto de vista del an\u00e1lisis pol\u00edtico es ver una derecha que se ha quedado congelada en un sistema pol\u00edtico que ya no existe. Habla de Convergencia cuando hoy tenemos otro operador que se llama Junts. Habla de ETA, cuando ETA dej\u00f3 de existir hace 13 a\u00f1os, gracias a ese triunfo de la democracia espa\u00f1ola. Nosotros en Euskadi tenemos una relaci\u00f3n estrat\u00e9gica con el Partido Nacionalista Vasco y, yo lo he dicho en muchas ocasiones, con Bildu nos separa un abismo en todo lo que tiene que ver con la convivencia. Pero, desde el punto de vista de las pol\u00edticas que pone en marcha este Gobierno, yo voy a pedir el voto de todos los grupos parlamentarios que sean posibles para avanzar en derechos sociales.<\/p>\n<blockquote class=\"a_q\">\n<div><strong>\u00abPodemos debe plantearse no tomar decisiones personales, en base a las tripas\u201d<\/strong><\/div>\n<\/blockquote>\n<p class=\"\"><b>P.<\/b> Queda otro tab\u00fa que es reunirse con Puigdemont. \u00bfLo har\u00e1 antes de que se apruebe la ley de amnist\u00eda?<\/p>\n<p class=\"\"><b>R.<\/b> Mi intenci\u00f3n es hacerlo despu\u00e9s. Y tambi\u00e9n con Junqueras. Es l\u00f3gico. Si estamos normalizando la situaci\u00f3n en Catalu\u00f1a, si nosotros hemos indultado previamente a estos l\u00edderes independentistas y a otros, efectivamente, junto con otra mucha gente, si vamos a proceder a un hecho trascendente como es la amnist\u00eda, pues es evidente que tendremos que encontrarnos y hablar.<\/p>\n<p class=\"\"><b>P.<\/b> \u00bfVa a recomponer la relaci\u00f3n con el mundo de la empresa? \u00bfVa a aprovechar Davos para reunirse con las grandes empresas del Ibex?<\/p>\n<p class=\"\"><b>R.<\/b> No creo que tengamos que recomponer nada. Creo que, si uno mira, por ejemplo, el desempe\u00f1o de la cotizaci\u00f3n en el Ibex de estas grandes empresas durante el a\u00f1o 2023, es extraordinario. Yo acabo de tener una reuni\u00f3n ahora tambi\u00e9n con una gran empresa, en este caso no espa\u00f1ola, que reconoce el acierto de la pol\u00edtica econ\u00f3mica de este Gobierno. Sobre todo por la soluci\u00f3n ib\u00e9rica, que nos ha beneficiado en t\u00e9rminos de ganancias de competitividad.<\/p>\n<p class=\"\"><b>P.<\/b> Acaba de acordar <a href=\"https:\/\/elpais.com\/economia\/2024-01-12\/trabajo-y-los-sindicatos-acuerdan-subir-el-salario-minimo-un-5-hasta-los-1134-euros.html\" target=\"_blank\" rel=\"noopener\" data-link-track-dtm=\"\" data-mrf-link=\"https:\/\/elpais.com\/economia\/2024-01-12\/trabajo-y-los-sindicatos-acuerdan-subir-el-salario-minimo-un-5-hasta-los-1134-euros.html\">una subida del salario m\u00ednimo interprofesional solo con el acuerdo de los sindicatos.<\/a> No ha sido posible hacerlo con la CEOE.<\/p>\n<p class=\"\"><b>R.<\/b> Bueno, no es la primera vez. En todo caso, creo que es una extraordinaria noticia, porque estamos hablando de millones de trabajadores y trabajadoras que van a verse beneficiados por este aumento del 5%. Sobre todo gente joven y mujeres.<\/p>\n<blockquote class=\"a_q\">\n<div><strong>\u00bfC\u00f3mo explica el PP a sus votantes que han rechazado revalorizar las pensiones?\u201d<\/strong><\/div>\n<\/blockquote>\n<p class=\"\"><b>P.<\/b> En econom\u00eda vienen tiempos con datos menos buenos. Europa est\u00e1 a punto de entrar en recesi\u00f3n, vuelven las reglas fiscales. Usted tiene un programa social muy ambicioso. \u00bfTendremos Presupuestos expansivos finalmente?<\/p>\n<p class=\"\"><b>R. <\/b>S\u00ed, ser\u00e1n expansivos. No creo que sea una mala noticia que vuelvan las reglas fiscales. Pero redefinidas, no son las de antes de la pandemia. En Espa\u00f1a hemos reducido la deuda p\u00fablica en cinco puntos al a\u00f1o y la previsi\u00f3n es que cerremos este a\u00f1o con un 106% de deuda p\u00fablica del PIB y que lleguemos al 3% del PIB en d\u00e9ficit p\u00fablico. Tenemos niveles r\u00e9cord de inversi\u00f3n, tambi\u00e9n de creaci\u00f3n de empleo y de exportaciones.<\/p>\n<p class=\"\"><b>P. <\/b>Un presidente que ha hecho del escudo social una bandera, \u00bfest\u00e1 dispuesto a hacer ajustes si hay que hacerlos en el marco europeo?<\/p>\n<p class=\"\"><b>R.<\/b> Yo creo que no estamos ahora mismo en Europa en esa l\u00ednea. Creo que se ha demostrado que se puede crecer con pol\u00edticas expansivas, reducir el d\u00e9ficit p\u00fablico y la deuda p\u00fablica como estamos haciendo. La gran lecci\u00f3n que tenemos que extraer de la crisis financiera es que si deprime uno la econom\u00eda, no reduce el d\u00e9ficit p\u00fablico y la deuda p\u00fablica, sino que la aumenta, que es lo que hizo Rajoy.<\/p>\n<p class=\"\"><b>P.<\/b> Una gran preocupaci\u00f3n social es la vivienda. Catalu\u00f1a va a empezar a limitar alquileres. \u00bfCree que esa es la v\u00eda para el gran problema?<\/p>\n<p class=\"\"><b>R.<\/b> Nosotros, con la ley estatal de Vivienda, estamos trabajando en ese \u00edndice de referencia para las grandes ciudades y las zonas tensionadas. Pero lo m\u00e1s importante es que no tengamos un parque de vivienda p\u00fablica irrisorio en nuestro pa\u00eds de menos de un 3%, cuando la media europea es de un 9% y hay pa\u00edses n\u00f3rdicos que est\u00e1n por encima del 15%. Lo que hemos visto durante estos \u00faltimos a\u00f1os, particularmente en aquellas administraciones gobernadas por el PP, es una desamortizaci\u00f3n de los pisos p\u00fablicos.<\/p>\n<figure class=\"a_m a_m-h \"><span class=\"_db a_m_w _pr lb_btn\"><img data-recalc-dims=\"1\" loading=\"lazy\" decoding=\"async\" class=\"_re lazyload a_m-h alignleft\" src=\"https:\/\/i0.wp.com\/imagenes.elpais.com\/resizer\/KrSo3dBw89P8Y0FtThZmtBwJh94%3D\/414x0\/cloudfront-eu-central-1.images.arcpublishing.com\/prisa\/OPRIF2HVYFHGZJVRF4ZV3VVBRI.jpg?resize=414%2C276&#038;ssl=1\" sizes=\"auto, (min-width:1199px) 1155px,(min-width:1001px) calc(100vw - 44px),(min-width:768px) 767px, 100vw\" srcset=\"https:\/\/imagenes.elpais.com\/resizer\/KrSo3dBw89P8Y0FtThZmtBwJh94=\/414x0\/cloudfront-eu-central-1.images.arcpublishing.com\/prisa\/OPRIF2HVYFHGZJVRF4ZV3VVBRI.jpg 414w,https:\/\/imagenes.elpais.com\/resizer\/NNec04xgKgGtZlaEN_hDxm_65Ns=\/828x0\/cloudfront-eu-central-1.images.arcpublishing.com\/prisa\/OPRIF2HVYFHGZJVRF4ZV3VVBRI.jpg 640w,https:\/\/imagenes.elpais.com\/resizer\/BvZURdJaYhT0HshmPro214S_tbM=\/980x0\/cloudfront-eu-central-1.images.arcpublishing.com\/prisa\/OPRIF2HVYFHGZJVRF4ZV3VVBRI.jpg 1000w,https:\/\/imagenes.elpais.com\/resizer\/ag1lBK7YAWIlyi5L1PZlGJ5Ay1U=\/1960x0\/cloudfront-eu-central-1.images.arcpublishing.com\/prisa\/OPRIF2HVYFHGZJVRF4ZV3VVBRI.jpg 1960w\" alt=\"El presidente S\u00e1nchez, durante la entrevista. \" width=\"414\" height=\"276\" \/><\/span><figcaption class=\"a_m_p\">El presidente S\u00e1nchez, durante la entrevista. <span class=\"a_m_m\">Samuel S\u00e1nchez<\/span><\/figcaption><\/figure>\n<p class=\"\"><b>P.<\/b> Esta madrugada, Estados Unidos y Reino Unido han lanzado <a href=\"https:\/\/elpais.com\/internacional\/2024-01-12\/claves-quienes-son-los-huties-de-yemen-y-por-que-ee-uu-y-el-reino-unido-los-han-atacado.html\" target=\"_blank\" rel=\"noopener\" data-link-track-dtm=\"\" data-mrf-link=\"https:\/\/elpais.com\/internacional\/2024-01-12\/claves-quienes-son-los-huties-de-yemen-y-por-que-ee-uu-y-el-reino-unido-los-han-atacado.html\">una operaci\u00f3n militar contra posiciones hut\u00edes<\/a> en Yemen. \u00bfLa temida escalada en Oriente Pr\u00f3ximo ya est\u00e1 aqu\u00ed?<\/p>\n<p class=\"\"><b>R. <\/b>Hay conatos de esa temida escalada, no solamente en el mar Rojo, sino tambi\u00e9n en el norte de Israel, en su frontera con L\u00edbano. Nosotros estamos liderando la misi\u00f3n multilateral de Naciones Unidas en L\u00edbano. Hemos mantenido desde el principio una actitud absolutamente coherente. Hemos defendido lo mismo que en Ucrania, aunque sean dos conflictos completamente distintos. En Israel estamos hablando de un atentado terrorista que condenamos. Hemos exigido, adem\u00e1s, la liberaci\u00f3n de todos los rehenes que mantiene la banda terrorista Ham\u00e1s. Pero con la misma determinaci\u00f3n decimos que el derecho internacional se tiene que respetar. En Ucrania, vinculado a la integridad territorial, y en Israel y Palestina, el respeto al derecho internacional humanitario.<\/p>\n<blockquote class=\"a_q\">\n<div>\u00a0<\/div>\n<div><strong>Desde que llegu\u00e9 la corrupci\u00f3n y la independencia han dejado de ser preocupantes\u201d<\/strong><\/div>\n<\/blockquote>\n<p class=\"\"><b>P.<\/b> \u00bfLa vuelta de la embajadora significa que da por cerrada la crisis diplom\u00e1tica?<\/p>\n<p class=\"\"><b>R. <\/b>Nosotros nunca hemos tenido una crisis diplom\u00e1tica con Israel.<\/p>\n<p class=\"\"><b>P. <\/b>\u00bfSe unir\u00e1 Espa\u00f1a a la misi\u00f3n europea que les van a proponer a los Estados miembros para patrullar all\u00ed?<\/p>\n<p class=\"\"><b>R.<\/b> No es nuestra intenci\u00f3n.<\/p>\n<p class=\"\"><b>P.<\/b> \u00bfPor qu\u00e9?<\/p>\n<p class=\"\"><b>R.<\/b> Nosotros tenemos m\u00e1s de 3.000 soldados desplegados en distintas misiones. Estamos liderando la operaci\u00f3n Atalanta en el \u00cdndico para luchar contra el fen\u00f3meno de la pirater\u00eda. Nosotros, por supuesto, no nos vamos a oponer a que el Consejo de la Uni\u00f3n Europea ponga en marcha esta nueva misi\u00f3n. Pero nuestra intenci\u00f3n no es participar porque consideramos que ya tenemos presencia en otras misiones internacionales y que deben ser otros pa\u00edses los que lideren esta misi\u00f3n.<\/p>\n<p class=\"\"><b>P.<\/b> Le llam\u00f3 incluso el presidente Biden. Entiendo que hablaron de esto y le pidi\u00f3 que entrara&#8230;<\/p>\n<p class=\"\"><b>R.<\/b> Bueno, me felicit\u00f3 por mi reelecci\u00f3n y yo le dese\u00e9 tambi\u00e9n suerte en su reelecci\u00f3n. Hablamos de la situaci\u00f3n en el mar Rojo y tambi\u00e9n hablamos de la situaci\u00f3n en Israel y en Palestina. Yo le expliqu\u00e9 cu\u00e1l era la posici\u00f3n del Gobierno de Espa\u00f1a, y tambi\u00e9n creo que es la posici\u00f3n del presidente Biden en esta cuesti\u00f3n, sobre todo en lo referente a la ayuda humanitaria, y tambi\u00e9n a la necesidad de que haya el reconocimiento por parte de Occidente del Estado de Palestina.<\/p>\n<blockquote class=\"a_q\">\n<div><strong>Espa\u00f1a no se unir\u00e1 a la misi\u00f3n europea para patrullar el mar Rojo. Deben ser otros pa\u00edses\u201d<\/strong><\/div>\n<\/blockquote>\n<p class=\"\"><b>P.<\/b> Desde 2018, la conversaci\u00f3n pol\u00edtica espa\u00f1ola est\u00e1 muy centrada en el Gobierno progresista que usted preside y se ha quedado al margen de lo que es la verdadera preocupaci\u00f3n democr\u00e1tica europea en este momento, la emergencia de la extrema derecha, esta misma semana ha habido un acto fascista en Italia. Parece que aqu\u00ed esa emergencia sea solo una preocupaci\u00f3n de la izquierda.<\/p>\n<p class=\"\"><b>R.<\/b> Yo creo este Gobierno de coalici\u00f3n progresista es una inspiraci\u00f3n para muchas fuerzas progresistas en Europa, eso me consta. Hay algunos cambios pol\u00edticos importantes que se pueden producir en el continente europeo, por ejemplo en Reino Unido, dentro de poco, en las elecciones. Y tambi\u00e9n tenemos unas elecciones europeas a las puertas en donde se dilucida tener una mayor\u00eda progresista en el Parlamento Europeo y o una mayor\u00eda parasitada de una u otra manera por la ultraderecha. Ah\u00ed el Partido Popular Europeo tiene todav\u00eda que deshojar la margarita: si quiere ser Tusk o quiere ser Feij\u00f3o.<\/p>\n<p class=\"\"><b>P.<\/b> Viendo <a href=\"https:\/\/elpais.com\/espana\/2023-12-13\/sanchez-ataca-al-pp-europeo-en-estrasburgo-devolverian-a-berlin-las-calles-del-tercer-reich-como-hace-vox-con-los-franquistas.html\" target=\"_blank\" rel=\"noopener\" data-link-track-dtm=\"\" data-mrf-link=\"https:\/\/elpais.com\/espana\/2023-12-13\/sanchez-ataca-al-pp-europeo-en-estrasburgo-devolverian-a-berlin-las-calles-del-tercer-reich-como-hace-vox-con-los-franquistas.html\">su enfrentamiento con Manfred Weber,<\/a> \u00bfeste es el eje en el que se van a dilucidar las elecciones europeas? \u00bfSe va a implicar?<\/p>\n<p class=\"\"><b>R.<\/b> S\u00ed me voy a implicar porque somos referencia de la socialdemocracia europea. Cuando empezamos a negociar los fondos europeos, el PP espa\u00f1ol fue a Bruselas a pedir que estos fondos europeos se otorgaran a cambio de contrarreformas. Las elecciones europeas tambi\u00e9n dilucidan qu\u00e9 pol\u00edtica econ\u00f3mica se va a hacer; si queremos volver a una pol\u00edtica de recortes, que es lo que defiende la derecha y la ultraderecha, o una pol\u00edtica de redistribuci\u00f3n de la renta que genera un c\u00edrculo virtuoso en relaci\u00f3n con las pol\u00edticas de crecimiento, de creaci\u00f3n de empleo, de cohesi\u00f3n y de consolidaci\u00f3n fiscal.<\/p>\n<blockquote class=\"a_q\">\n<div><strong>Mi intenci\u00f3n es reunirme con Puigdemont despu\u00e9s de la amnist\u00eda. Y con Junqueras\u201d<\/strong><\/div>\n<\/blockquote>\n<p class=\"\"><b>P. <\/b>Argentina, Holanda, quiz\u00e1s EE UU. Hay una ola ultra muy fuerte en todo el mundo. \u00bfEs la nueva revoluci\u00f3n que arrastra a los j\u00f3venes? \u00bfQu\u00e9 puede hacer la izquierda?<\/p>\n<p class=\"\"><b>R. <\/b>Yo no ser\u00eda tan pesimista en ese an\u00e1lisis. Lo de nueva&#8230; los postulados que defiende esta derecha o la ultraderecha son absolutamente del siglo XX, por ser pol\u00edticamente correctos. Pero en Espa\u00f1a se ha visto en las elecciones que una amplia mayor\u00eda de los j\u00f3venes ha votado por opciones progresistas. Hay j\u00f3venes conservadores, j\u00f3venes progresistas, pero si uno mira cu\u00e1l es la evoluci\u00f3n en el voto de los j\u00f3venes en nuestro pa\u00eds, son mayoritariamente progresistas. Los j\u00f3venes saben que los desaf\u00edos son la transici\u00f3n ecol\u00f3gica, la emergencia clim\u00e1tica, el empleo, el acceso a la vivienda, la igualdad real entre hombres y mujeres, la educaci\u00f3n p\u00fablica. La gran paradoja es que, desde el punto de vista de las ideas, la izquierda tiene las soluciones a los desaf\u00edos presentes y futuros de nuestras sociedades; y la derecha lo \u00fanico que tiene es poder econ\u00f3mico para financiar a sus terminales medi\u00e1ticas y hacer que se condicionen los debates y se hable m\u00e1s de las cortinas de humo que ponen encima de la mesa que de los contenidos de las pol\u00edticas que se aprueban.<\/p>\n<p class=\"\"><b>P. <\/b>\u00bfConsidera peligroso no solo que algunos partidos conservadores cl\u00e1sicos europeos, sino tambi\u00e9n algunos socialdem\u00f3cratas, como en Dinamarca, est\u00e9n dej\u00e1ndose contagiar en el discurso y en las pol\u00edticas por los postulados de la extrema derecha?<\/p>\n<p class=\"\"><b>R.<\/b> S\u00ed. Incluso con partidos de mi familia pol\u00edtica tuvimos serias desavenencias y debates sobre los fondos europeos y la necesidad de que se mutualizara la deuda a escala comunitaria para poder financiar una salida en positivo de la crisis de la pandemia. Esos debates se dan tambi\u00e9n dentro de las familias ideol\u00f3gicas. Pero m\u00e1s all\u00e1 de esto, yo creo que la respuesta que hemos dado a la pandemia, y tambi\u00e9n a los efectos econ\u00f3micos de la guerra de Ucrania, son netamente socialdem\u00f3cratas. Creo que lo que es relevante es que Europa, que al principio dijo que no a reformar el mercado el\u00e9ctrico, ha asumido que hay que intervenir el mercado cuando no funciona. Y esto es una victoria socialdem\u00f3crata, como lo es tambi\u00e9n, desde el punto de vista de la migraci\u00f3n y asilo, poner recursos econ\u00f3micos en la dimensi\u00f3n exterior o hacer que aquellos pa\u00edses que se niegan a ser solidarios pues paguen recursos econ\u00f3micos.<\/p>\n<p class=\"\"><b>P.<\/b> La oposici\u00f3n, pero tambi\u00e9n algunos exdirigentes del PSOE, han criticado su idea de levantar un muro frente a la derecha y la ultraderecha. \u00bfUsted se considera un presidente divisivo?<\/p>\n<p class=\"\"><b>R.<\/b> Yo estoy haciendo pol\u00edticas para la mayor\u00eda social de este pa\u00eds. Cuando le preguntan en cualquiera de las encuestas a un jubilado si usted est\u00e1 o no de acuerdo en revalorizar las pensiones, probablemente estemos hablando de un 80 o 90%. Estamos haciendo pol\u00edticas para la mayor\u00eda social, vote lo que vote. Aqu\u00ed hay una polarizaci\u00f3n asim\u00e9trica. Yo no insulto, soy insultado. Mi partido no asedia sedes de otras formaciones pol\u00edticas. Mi partido s\u00ed sufre el asedio de otras formaciones pol\u00edticas a las sedes y las casas del pueblo del PSOE. Yo reconozco la legitimidad de los gobiernos, aunque no me gusten, del PP con Vox, de coaliciones reaccionarias. Pero no veo que haya esa correspondencia por parte del PP. Si la derecha y la ultraderecha han decidido ese camino, perfecto, yo he decidido el camino desde hace cinco a\u00f1os de respetar al adversario, de no insultar y de trabajar por el beneficio de la mayor\u00eda.<\/p>\n<blockquote class=\"a_q\">\n<div><strong>A partir de ahora legislaremos a trav\u00e9s de proyectos de ley\u201d<\/strong><\/div>\n<\/blockquote>\n<p class=\"\"><b>P.<\/b> Al fin ha habido un acuerdo con el PP para reformar el art\u00edculo 49 de la Constituci\u00f3n. \u00bfHay alguna posibilidad tambi\u00e9n de pactar la renovaci\u00f3n del CGPJ?<\/p>\n<p class=\"\"><b>R.<\/b> Yo he llegado a tres acuerdos con el PP, los tres rotos unilateralmente por el PP. Tengo un diagn\u00f3stico un tanto crudo del liderazgo del se\u00f1or Feij\u00f3o. No creo que sea un l\u00edder aut\u00f3nomo. Creo que es un l\u00edder que est\u00e1 m\u00e1s pendiente de la portada del medio de comunicaci\u00f3n de derechas que le indique por d\u00f3nde tiene que ir. Mira a ver qu\u00e9 es lo que opina Vox y cu\u00e1l es tambi\u00e9n la opini\u00f3n de la se\u00f1ora Ayuso. Lo que sabemos, y esa es la realidad, es que desde que yo soy presidente del Gobierno, los independentistas no han incumplido la Constituci\u00f3n, y solo lo ha hecho el PP.<\/p>\n<p class=\"\"><b>P.<\/b> Entiendo que cree que no habr\u00e1 acuerdo. \u00bfAceptar\u00eda la <a href=\"https:\/\/elpais.com\/espana\/2023-12-27\/la-reforma-de-la-ley-del-cgpj-que-reclama-el-pp-complica-el-acuerdo-sobre-la-renovacion.html\" target=\"_blank\" rel=\"noopener\" data-link-track-dtm=\"\" data-mrf-link=\"https:\/\/elpais.com\/espana\/2023-12-27\/la-reforma-de-la-ley-del-cgpj-que-reclama-el-pp-complica-el-acuerdo-sobre-la-renovacion.html\">reforma <\/a>para que los jueces elijan directamente a los jueces?<\/p>\n<p class=\"\"><b>R.<\/b> Estamos hablando sobre un m\u00e9todo de elecci\u00f3n que viene desde principios de 2000. No se ha planteado este debate cuando el PP gobernaba, solo cuando gobierna la izquierda. No hay mayor intervenci\u00f3n en el Poder Judicial que la que est\u00e1 haciendo el PP. Pero ojal\u00e1 podamos llegar a un acuerdo, aunque sea con la mediaci\u00f3n de la Comisi\u00f3n Europea.<\/p>\n<blockquote class=\"a_q\">\n<div><strong>Nos queda much\u00edsimo para poder gobernar con Bildu. Nuestra alianza es con el PNV\u201d<\/strong><\/div>\n<\/blockquote>\n<p class=\"\"><b>P.<\/b> Usted habla siempre de defender las instituciones. \u00bfCree que benefician a la imagen de las instituciones nombramientos como el de <a href=\"https:\/\/elpais.com\/espana\/2023-12-06\/sanchez-propone-a-su-ex-secretario-de-estado-de-comunicacion-miguel-angel-oliver-como-presidente-de-la-agencia-efe.html\" target=\"_blank\" rel=\"noopener\" data-link-track-dtm=\"\" data-mrf-link=\"https:\/\/elpais.com\/espana\/2023-12-06\/sanchez-propone-a-su-ex-secretario-de-estado-de-comunicacion-miguel-angel-oliver-como-presidente-de-la-agencia-efe.html\">un secretario de Estado al frente de la agencia Efe<\/a> o mantener a Tezanos al frente del CIS? Al margen de la capacitaci\u00f3n profesional de las personas, \u00bfcree que mejoran la imagen de las instituciones estos nombramientos partidistas?<\/p>\n<p class=\"\"><b>R. <\/b>Yo niego la mayor. Si no, va a dar la sensaci\u00f3n de que nadie va a poder hacer pol\u00edtica. Este debate, por ejemplo, no se produjo cuando se supo que el presidente del Tribunal Supremo, Carlos Lesmes, antes hab\u00eda sido director general de Justicia con Gallard\u00f3n. Lo que hay que reprochar, por ejemplo, es que el presidente del Tribunal Constitucional, como ocurri\u00f3 con Mariano Rajoy al frente del Gobierno, fuera una persona con el carn\u00e9 del Partido Popular. Pero que una persona haya sido secretario de Estado, luego vuelva a su puesto de trabajo, est\u00e9 dos a\u00f1os trabajando en su puesto de trabajo como periodista, que yo creo que adem\u00e1s tiene todo el cr\u00e9dito del mundo, y luego vuelva a la funci\u00f3n p\u00fablica&#8230;<\/p>\n<blockquote class=\"a_q\">\n<div><strong>No acepto que se vincule inmigraci\u00f3n y delincuencia. Nuestra pol\u00edtica es humanista\u201d<\/strong><\/div>\n<\/blockquote>\n<p class=\"\"><b>P.<\/b> Da la impresi\u00f3n de que, en esta legislatura, est\u00e1 dispuesto a usar parte de las cartas que la oposici\u00f3n usa contra usted. Ha elegido portavoces m\u00e1s contundentes. Tiene a su Gobierno muy movilizado en la batalla pol\u00edtica. Aunque sea un movimiento defensivo, \u00bfno corremos el riesgo de que la confrontaci\u00f3n se nos vaya de las manos en Espa\u00f1a, que acabe siendo muy canalla la vida pol\u00edtica?<\/p>\n<p class=\"\"><b>R. <\/b>Yo creo que la derecha juega a polarizar. Yo recuerdo mucho un v\u00eddeo que hicieron durante la campa\u00f1a electoral y era una radio con la voz en off de un se\u00f1or mientras hab\u00eda unas cuantas personas sentadas en la playa y dec\u00eda: \u201cVote usted el 23 de julio y al d\u00eda siguiente olv\u00eddese de la pol\u00edtica\u201d. Esta siempre ha sido la estrategia de la derecha: tratar de desmovilizar al electorado progresista que sabe que es mayoritario en Espa\u00f1a generando desafecci\u00f3n. Partimos de una asimetr\u00eda. El dominio medi\u00e1tico en Espa\u00f1a es abrumadoramente conservador. Pero no se insulta por parte de las fuerzas progresistas, se razona con convicci\u00f3n, pero sin insultos.<\/p>\n<figure class=\"a_m a_m-h \"><span class=\"_db a_m_w _pr lb_btn\"><img data-recalc-dims=\"1\" loading=\"lazy\" decoding=\"async\" class=\"_re lazyload a_m-h\" src=\"https:\/\/i0.wp.com\/imagenes.elpais.com\/resizer\/YbPDb4DrAbfqzgOnMVEvNzlN9Zo%3D\/414x0\/cloudfront-eu-central-1.images.arcpublishing.com\/prisa\/E4VQQ57TWJDCDHNZCEONZPTUQY.jpg?resize=414%2C276&#038;ssl=1\" sizes=\"auto, (min-width:1199px) 1155px,(min-width:1001px) calc(100vw - 44px),(min-width:768px) 767px, 100vw\" srcset=\"https:\/\/imagenes.elpais.com\/resizer\/YbPDb4DrAbfqzgOnMVEvNzlN9Zo=\/414x0\/cloudfront-eu-central-1.images.arcpublishing.com\/prisa\/E4VQQ57TWJDCDHNZCEONZPTUQY.jpg 414w,https:\/\/imagenes.elpais.com\/resizer\/Z4bFDH7DFrICH3XVOJft5ZrY_c0=\/828x0\/cloudfront-eu-central-1.images.arcpublishing.com\/prisa\/E4VQQ57TWJDCDHNZCEONZPTUQY.jpg 640w,https:\/\/imagenes.elpais.com\/resizer\/Vw-WByp5h1iqLAV92BhGce90SIU=\/980x0\/cloudfront-eu-central-1.images.arcpublishing.com\/prisa\/E4VQQ57TWJDCDHNZCEONZPTUQY.jpg 1000w,https:\/\/imagenes.elpais.com\/resizer\/IXQa8iFsf3e0ZzDCTEEyNGccI04=\/1960x0\/cloudfront-eu-central-1.images.arcpublishing.com\/prisa\/E4VQQ57TWJDCDHNZCEONZPTUQY.jpg 1960w\" alt=\"El presidente S\u00e1nchez, en la entrada del edificio del Consejo en La Moncloa. \" width=\"414\" height=\"276\" \/><\/span><figcaption class=\"a_m_p\">El presidente S\u00e1nchez, en la entrada del edificio del Consejo en La Moncloa. <span class=\"a_m_m\">Samuel S\u00e1nchez<\/span><\/figcaption><\/figure>\n<\/div>\n<\/div>\n<p style=\"text-align: justify;\">\u00a0<\/p>\n<p style=\"text-align: justify;\"><strong><a class=\"a_md_a_n\" title=\"Ver todas las noticias de Pepa Bueno\" href=\"https:\/\/elpais.com\/autor\/pepa-bueno\/#?rel=author_top\" data-mrf-link=\"https:\/\/elpais.com\/autor\/pepa-bueno\/\">Pepa Bueno<\/a><a class=\"a_md_a_n\" title=\"Ver todas las noticias de Carlos E. Cu\u00e9\" href=\"https:\/\/elpais.com\/autor\/carlos-elordi-cue\/#?rel=author_top\" data-mrf-link=\"https:\/\/elpais.com\/autor\/carlos-elordi-cue\/\"> Carlos E. Cu\u00e9<\/a><\/strong><\/p>\n<p style=\"text-align: justify;\">FOTO: El presidente del Gobierno, Pedro S\u00e1nchez, el viernes en la sala de reuni\u00f3n del Consejo de Ministros en La Moncloa.<span class=\"a_m_m\">Foto: SAMUEL S\u00c1NCHEZ | V\u00eddeo: EPV<\/span><\/p>\n<div class=\"a_md _g _g-xs ni\" style=\"text-align: justify;\">\n<div class=\"a_md_txt\">\n<div class=\"a_md_a\" data-dtm-region=\"articulo_firma\">https:\/\/elpais.com\/espana\/2024-01-14\/pedro-sanchez-expulsar-a-migrantes-compete-a-la-administracion-central.html<\/div>\n<\/div>\n<\/div>\n<div class=\"a_e_m\" style=\"text-align: justify;\">\n<figure class=\"a_m\">\n<div class=\"videoTop videoTop-v\">\n<div id=\"video_2024011319531314\">\n<div>\n<div class=\"_pa _df ph-v_b ph-v_b-xl\">\u00a0<\/div>\n<\/div>\n<\/div>\n<\/div>\n<\/figure>\n<\/div>\n<div class=\"videoTop videoTop-v\">\n<div id=\"video_2024011319531314\">\n<div>\n<div class=\"_pa _df ph-v_b ph-v_b-xl\" style=\"text-align: justify;\">\n<div class=\"_df ph-v_c\">\n<div class=\"ph-v_t\">\u00a0<\/div>\n<\/div>\n<\/div>\n<\/div>\n<\/div>\n<\/div>\n","protected":false},"excerpt":{"rendered":"<p>El presidente del Gobierno destaca que \u201clos independentistas ahora discuten sobre el IVA del aceite&#8230;<\/p>\n","protected":false},"author":1,"featured_media":66448,"comment_status":"closed","ping_status":"closed","sticky":false,"template":"","format":"standard","meta":{"_coblocks_attr":"","_coblocks_dimensions":"","_coblocks_responsive_height":"","_coblocks_accordion_ie_support":"","jetpack_post_was_ever_published":false,"_jetpack_newsletter_access":"","_jetpack_dont_email_post_to_subs":false,"_jetpack_newsletter_tier_id":0,"_jetpack_memberships_contains_paywalled_content":false,"_jetpack_memberships_contains_paid_content":false,"footnotes":"","jetpack_publicize_message":"","jetpack_publicize_feature_enabled":true,"jetpack_social_post_already_shared":true,"jetpack_social_options":{"image_generator_settings":{"template":"highway","default_image_id":0,"enabled":false},"version":2}},"categories":[1161,44,7671],"tags":[],"class_list":["post-66447","post","type-post","status-publish","format-standard","has-post-thumbnail","hentry","category-ciudadania","category-noticias-de-hoy","category-politica"],"jetpack_publicize_connections":[],"jetpack_featured_media_url":"https:\/\/i0.wp.com\/miradordeatarfe.es\/wp-content\/uploads\/2024\/01\/Screenshot-2024-01-14-at-13-00-26-Pedro-Sanchez-Expulsar-a-migrantes-compete-a-la-Administracion-central.png?fit=810%2C515&ssl=1","jetpack_likes_enabled":true,"jetpack_sharing_enabled":true,"_links":{"self":[{"href":"https:\/\/miradordeatarfe.es\/index.php?rest_route=\/wp\/v2\/posts\/66447","targetHints":{"allow":["GET"]}}],"collection":[{"href":"https:\/\/miradordeatarfe.es\/index.php?rest_route=\/wp\/v2\/posts"}],"about":[{"href":"https:\/\/miradordeatarfe.es\/index.php?rest_route=\/wp\/v2\/types\/post"}],"author":[{"embeddable":true,"href":"https:\/\/miradordeatarfe.es\/index.php?rest_route=\/wp\/v2\/users\/1"}],"replies":[{"embeddable":true,"href":"https:\/\/miradordeatarfe.es\/index.php?rest_route=%2Fwp%2Fv2%2Fcomments&post=66447"}],"version-history":[{"count":1,"href":"https:\/\/miradordeatarfe.es\/index.php?rest_route=\/wp\/v2\/posts\/66447\/revisions"}],"predecessor-version":[{"id":66449,"href":"https:\/\/miradordeatarfe.es\/index.php?rest_route=\/wp\/v2\/posts\/66447\/revisions\/66449"}],"wp:featuredmedia":[{"embeddable":true,"href":"https:\/\/miradordeatarfe.es\/index.php?rest_route=\/wp\/v2\/media\/66448"}],"wp:attachment":[{"href":"https:\/\/miradordeatarfe.es\/index.php?rest_route=%2Fwp%2Fv2%2Fmedia&parent=66447"}],"wp:term":[{"taxonomy":"category","embeddable":true,"href":"https:\/\/miradordeatarfe.es\/index.php?rest_route=%2Fwp%2Fv2%2Fcategories&post=66447"},{"taxonomy":"post_tag","embeddable":true,"href":"https:\/\/miradordeatarfe.es\/index.php?rest_route=%2Fwp%2Fv2%2Ftags&post=66447"}],"curies":[{"name":"wp","href":"https:\/\/api.w.org\/{rel}","templated":true}]}}