{"id":66462,"date":"2024-01-15T10:48:17","date_gmt":"2024-01-15T09:48:17","guid":{"rendered":"https:\/\/miradordeatarfe.es\/?p=66462"},"modified":"2024-01-31T12:47:22","modified_gmt":"2024-01-31T11:47:22","slug":"la-venganza-morada-por-remedios-sanchez","status":"publish","type":"post","link":"https:\/\/miradordeatarfe.es\/?p=66462","title":{"rendered":"\u00abLA VENGANZA MORADA\u00bb por  Remedios S\u00e1nchez"},"content":{"rendered":"<h3>Cuando cre\u00edamos que lo hab\u00edamos visto casi todo en este culebr\u00f3n venezolano que es la pol\u00edtica espa\u00f1ola tras las elecciones del 23J, han llegado las se\u00f1oras de Podemos y, desde el caj\u00f3n de sastre en que se ha convertido el Grupo Mixto, han apretado el bot\u00f3n rojo para demostrarnos que la revancha ser\u00e1 refinada y tortuosa.<\/h3>\n<p style=\"text-align: justify;\">No ha dado margen Belarra a que pasen las rebajas de enero ni el febrerillo loco de sequ\u00eda cuando ya se han vestido de nazarenas todas anunciando que llega la cuaresma (con min\u00fascula intencional), el inicio de la penitencia para el gobierno de S\u00e1nchez&amp;D\u00edaz. El pecado cometido de no mantenerlas como ministras estaba claro que tendr\u00eda consecuencias y aqu\u00ed llega la primera, con esta bofetada a la Ministra Yolanda D\u00edaz que han dado en la cara de los espa\u00f1olitos que est\u00e1n en paro no apoyando el nuevo decreto laboral para aumentar el subsidio de desempleo.<\/p>\n<p style=\"text-align: justify;\">Y ah\u00ed hemos visto c\u00f3mo se entremezclaban los votos de las herederas de Pablo Iglesias (el amado l\u00edder siempre en la sombra que marca los designios podemitas) con los de Vox, formando una p\u00f3cima que andamos tratando de comprender en t\u00e9rminos de lo que hasta ahora ha sido la pol\u00edtica. Y ah\u00ed est\u00e1 el error: en que en este tiempo no hay pol\u00edtica de estadistas defendiendo Espa\u00f1a; son negocios extra\u00f1os, una ofensiva sin cuartel que se va a llevar por delante aquel totum revolutum que sali\u00f3 del 15M cuando Pablo, Monedero y Errej\u00f3n planearon tomar los cielos por asalto y montaron unos c\u00edrculos que ya se ha visto que s\u00f3lo sirvieron cuando les daban la raz\u00f3n. \u00a0<\/p>\n<p style=\"text-align: justify;\">Luego ha ido viniendo la debacle por fasc\u00edculos, porque esta gente crey\u00f3 que gobernar era un juego delirante donde s\u00f3lo cab\u00edan dos opciones: victoria o muerte. Y ellos piensan morir matando a quienes anta\u00f1o fueron sus compa\u00f1eros de viaje, incapaces de olvidar el desprecio de Yolanda estos meses, esa voluntad de hacerlas transparentes. A la gallega, ahora renegada de la fuerza morada, se le ha olvidado que esta gente se ha le\u00eddo simult\u00e1neamente y a saltos \u2018El arte de la guerra\u2019 de Sun Tzu y la saga de \u2018Juego de tronos\u2019 de George R. R. Martin y parecen tener un caos mental que parece una versi\u00f3n castiza de \u2018Los Buddenbrook\u2019 de Thomas Mann. O sea, un sindi\u00f3s que no hay por donde cogerlo. Mira que ya lo avisaba Iglesias Turri\u00f3n cuando, en los buenos tiempos de coche oficial y poder chulesco, identificaba a su partido con\u00a0Khaleesi, protagonista de \u2018Juego de tronos\u2019, un personaje pleno de ambici\u00f3n y sin principios que no se ajustaran a su beneficio. Digo, Khaleesi, naturalmente, vayamos a confusiones.<\/p>\n<p style=\"text-align: justify;\">Lo cual que, ahora m\u00e1s que nunca y con la guerra entre sus socias de anta\u00f1o Pedro S\u00e1nchez va a tener que sobrevivir al manoseado proverbio estoico de \u201chacer de la necesidad virtud\u201d, pero ya no s\u00f3lo aplicado a los deseos descabellados de Puigdemont, sino de algo m\u00e1s de medio hemiciclo que exige una parte del bot\u00edn poselectoral. Sin olvidar, naturalmente, las venganzas, los pu\u00f1ales por la espalda y la oposici\u00f3n PP-Vox, que resulta lo m\u00e1s llevadero de estos d\u00edas. Si hubiera sabido que el trasfondo de la frase era esta, lo mismo ahora estar\u00eda liderando la OTAN o en otro cargo de relumbr\u00f3n internacional. Cualquier cosa antes que soportar esta agon\u00eda que s\u00f3lo acaba de comenzar.<\/p>\n","protected":false},"excerpt":{"rendered":"<p>Cuando cre\u00edamos que lo hab\u00edamos visto casi todo en este culebr\u00f3n venezolano que es la&#8230;<\/p>\n","protected":false},"author":1,"featured_media":66463,"comment_status":"closed","ping_status":"closed","sticky":false,"template":"","format":"standard","meta":{"_coblocks_attr":"","_coblocks_dimensions":"","_coblocks_responsive_height":"","_coblocks_accordion_ie_support":"","jetpack_post_was_ever_published":false,"_jetpack_newsletter_access":"","_jetpack_dont_email_post_to_subs":false,"_jetpack_newsletter_tier_id":0,"_jetpack_memberships_contains_paywalled_content":false,"_jetpack_memberships_contains_paid_content":false,"footnotes":"","jetpack_publicize_message":"","jetpack_publicize_feature_enabled":true,"jetpack_social_post_already_shared":false,"jetpack_social_options":{"image_generator_settings":{"template":"highway","default_image_id":0,"enabled":false},"version":2}},"categories":[1161,44,7671,6914,6937],"tags":[],"class_list":["post-66462","post","type-post","status-publish","format-standard","has-post-thumbnail","hentry","category-ciudadania","category-noticias-de-hoy","category-politica","category-opinion-de-reme-sanchez","category-sociedad"],"jetpack_publicize_connections":[],"jetpack_featured_media_url":"https:\/\/i0.wp.com\/miradordeatarfe.es\/wp-content\/uploads\/2024\/01\/eup_20231212_153618009.webp?fit=768%2C431&ssl=1","jetpack_likes_enabled":true,"jetpack_sharing_enabled":true,"_links":{"self":[{"href":"https:\/\/miradordeatarfe.es\/index.php?rest_route=\/wp\/v2\/posts\/66462","targetHints":{"allow":["GET"]}}],"collection":[{"href":"https:\/\/miradordeatarfe.es\/index.php?rest_route=\/wp\/v2\/posts"}],"about":[{"href":"https:\/\/miradordeatarfe.es\/index.php?rest_route=\/wp\/v2\/types\/post"}],"author":[{"embeddable":true,"href":"https:\/\/miradordeatarfe.es\/index.php?rest_route=\/wp\/v2\/users\/1"}],"replies":[{"embeddable":true,"href":"https:\/\/miradordeatarfe.es\/index.php?rest_route=%2Fwp%2Fv2%2Fcomments&post=66462"}],"version-history":[{"count":1,"href":"https:\/\/miradordeatarfe.es\/index.php?rest_route=\/wp\/v2\/posts\/66462\/revisions"}],"predecessor-version":[{"id":66464,"href":"https:\/\/miradordeatarfe.es\/index.php?rest_route=\/wp\/v2\/posts\/66462\/revisions\/66464"}],"wp:featuredmedia":[{"embeddable":true,"href":"https:\/\/miradordeatarfe.es\/index.php?rest_route=\/wp\/v2\/media\/66463"}],"wp:attachment":[{"href":"https:\/\/miradordeatarfe.es\/index.php?rest_route=%2Fwp%2Fv2%2Fmedia&parent=66462"}],"wp:term":[{"taxonomy":"category","embeddable":true,"href":"https:\/\/miradordeatarfe.es\/index.php?rest_route=%2Fwp%2Fv2%2Fcategories&post=66462"},{"taxonomy":"post_tag","embeddable":true,"href":"https:\/\/miradordeatarfe.es\/index.php?rest_route=%2Fwp%2Fv2%2Ftags&post=66462"}],"curies":[{"name":"wp","href":"https:\/\/api.w.org\/{rel}","templated":true}]}}