{"id":66486,"date":"2024-01-17T11:00:35","date_gmt":"2024-01-17T10:00:35","guid":{"rendered":"https:\/\/miradordeatarfe.es\/?p=66486"},"modified":"2024-01-17T10:41:28","modified_gmt":"2024-01-17T09:41:28","slug":"el-tesorillo-de-sierra-elvira-2","status":"publish","type":"post","link":"https:\/\/miradordeatarfe.es\/?p=66486","title":{"rendered":"El tesorillo de Sierra Elvira"},"content":{"rendered":"<h3 style=\"text-align: justify;\">En la comarca de la Vega de Granada, a medio camino entre los municipios de Atarfe y Pinos Puente, se encuentra <strong>Sierra Elvira,<\/strong> monta\u00f1a de la cordillera B\u00e9tica en cuya estribaciones meridionales se sit\u00faa <strong>Mad\u012bnat Ilb\u012bra <\/strong>(Medina Elvira).<\/h3>\n<p style=\"text-align: justify;\">Este n\u00facleo urbano estuvo conformado por barrios, tal vez como resultado de la existencia de varias <strong>alquer\u00edas rurales<\/strong> cuya uni\u00f3n acab\u00f3 dando lugar a la ciudad. Cont\u00f3 con una <strong>mezquita aljama<\/strong> y una <strong>alcazaba,<\/strong> levantadas probablamente en el siglo IX en la \u00e9poca de Abd al-Rahman II. Entre los <strong>siglos VIII y X<\/strong> fue \u00e9sta una ciudad de pujante riqueza econ\u00f3mica gracias a la producci\u00f3n agr\u00edcola de la vega granadina; importancia administrativa al ser capital de la\u00a0<em>k\u016bra<\/em> de <em>llb\u012bra (<\/em>una demarcaci\u00f3n territorial del Califato de C\u00f3rdoba de gran tama\u00f1o); y punto de distribuci\u00f3n de productos comerciales gracias a su buena ubicaci\u00f3n en rutas mercantiles. La <strong>desintegraci\u00f3n del califato cordob\u00e9s<\/strong> dio lugar a que Mad\u012bnat Ilb\u012bra fuera progresivamente decayendo y despobl\u00e1ndose, hasta que la capitalidad\u00a0 se traslada\u00a0al cercano poblamiento de Mad\u012bnat Garnata (Granada) por la nueva dinast\u00eda de los Zir\u00edes en los primeros a\u00f1os del siglo XI. La ciudad de Ilvira fue saqueada y expoliada, aunque siglos despu\u00e9s algunos autores a\u00fan referencian la existencia de vestigios visibles de la misma. El lugar cay\u00f3 en el olvido hasta que en el<strong> siglo XIX<\/strong> empezar\u00f3n a aparecer de forma casual algunos restos arqueol\u00f3gicos, lo que dio lugar a las primeras investigaciones y excavaciones. Este yacimiento fue declarado <strong>Bien de Inter\u00e9s Cultural<\/strong> (BIC) en el a\u00f1o 2004 y desde 2005 se realizan <a class=\"broken_link\" href=\"http:\/\/www.medinaelvira.org\/\" target=\"_blank\" rel=\"noopener noreferrer\">campa\u00f1as de excavaci\u00f3n sistem\u00e1tica<\/a>. Entre los restos arqueol\u00f3gicos del lugar, en concreto en las<strong> canteras de m\u00e1rmol de Sierra Elvira<\/strong>, fue hallado un <strong>tesorillo de plata,<\/strong> es decir un peque\u00f1o dep\u00f3sito de materiales valiosos que forma parte de la exposici\u00f3n permanente del Museo de la Alhambra y se puede ver la sala II. Est\u00e1 compuesto por tres monedas emirales, una ajorca o pulsera de plata y un asa de una jarra del mismo material. Junto a estas piezas fueron adem\u00e1s encontrados una pata de bronce incompleta y un candil de cer\u00e1mica.<\/p>\n<p style=\"text-align: justify;\">Las monedas son tres <strong>dirham<\/strong> de plata, uno realizado en el a\u00f1o 204H.\/ 819 d.C. (R 10703), durante el reinado de\u00a0Al-Hakam I; y los otros dos del a\u00f1o 243H.\/ 857 d.C (R 10704) y del 260 H. \/873 d.C (R 10702), en \u00e9poca de Muhammad I. La aparici\u00f3n de las monedas permite <strong>datar<\/strong> con exactitud este hallazgo, ya que en ellas aparece la <strong>fecha de acu\u00f1aci\u00f3n<\/strong>. Tambi\u00e9n est\u00e1 inscrita la <strong>ceca gen\u00e9rica de \u201cal-Andalus\u201d<\/strong>, aunque existe un consenso a la hora de situar en C\u00f3rdoba el lugar material de producci\u00f3n. Las tres piezas presentan epigraf\u00eda \u00e1rabe en las dos caras de las monedas y, adem\u00e1s de los datos rese\u00f1ados, aparecen textos del Cor\u00e1n, en concreto en el anverso presentan la profesi\u00f3n de fe unitaria o kalima, escrita en \u00e1rabe: \u201cNo hay dios sino Allah, s\u00f3lo \u00c9l. No tiene igual?.\u00a0 En el reverso\u00a0 aparece inscrito en \u00e1rabe la sura 112, 1-4 del Cor\u00e1n: \u201cDios es uno, Dios es eterno, no engendr\u00f3 y no fue engendrado, y nadie es semejante a \u00c9l\u201d y la misi\u00f3n prof\u00e9tica de Mahoma (Cor\u00e1n 61, 9 p.): \u201cMahoma es el enviado de Dios, al que mand\u00f3 con la gu\u00eda y la religi\u00f3n verdadera para hacerla prevalecer sobre toda otra religi\u00f3n, a despecho de los polite\u00edstas\u201d. Dos de las monedas han sido perforadas para poder insertarla en una anilla de plata, que servir\u00eda para llevarla colgada o para facilitar su transporte. Y las tres presentan peque\u00f1os recortes en las orlas. Estas <a class=\"broken_link\" href=\"https:\/\/www.alhambra-patronato.es\/elblogdelmuseo\/index.php\/alteraciones-dirham\/\" target=\"_blank\" rel=\"noopener noreferrer\">alteraciones en las monedas<\/a> las encontramos en otras piezas de la colecci\u00f3n del museo de similar \u00e9poca. <a class=\"broken_link\" href=\"https:\/\/i0.wp.com\/www.alhambra-patronato.es\/wp-content\/uploads\/2018\/11\/tesorillo-medina-elvira.014.png?ssl=1\" data-featherlight=\"image\"><img data-recalc-dims=\"1\" loading=\"lazy\" decoding=\"async\" class=\"wp-image-3604 aligncenter jetpack-lazy-image jetpack-lazy-image--handled\" src=\"https:\/\/i0.wp.com\/www.alhambra-patronato.es\/wp-content\/uploads\/2018\/11\/tesorillo-medina-elvira.014.png?resize=600%2C373&#038;ssl=1\" alt=\"tesorillo medina elvira.014\" width=\"600\" height=\"373\" data-lazy-loaded=\"1\" \/><\/a> Tambi\u00e9n formaban parte de este hallazgo tres fragmento de una <strong>ajorca de plata<\/strong>. Esta joya pod\u00eda colocarse tanto en brazos como en mu\u00f1ecas o tobillos, siendo un adorno femenino habitual en al-Andalus. La pieza ha sido realizada en plata chapada mediante la uni\u00f3n de tres l\u00e1minas huecas que se retuercen a modo de cord\u00f3n formando cilindros. Estos cilindros huecos y entorchados es probable que estuvieran originalmente rellenos de una pasta a base de resina, de la que se han encontrado restos en piezas similares. Presenta decoraci\u00f3n en filigrana, con hilos de plata torcidos sobre si mismos a un tiempo, imitando una forma de cuerda. En uno de los extremos se aprecia el sistema de cierre de la ajorca con una anilla circular.\u00a0 <a class=\"broken_link\" href=\"https:\/\/i0.wp.com\/www.alhambra-patronato.es\/wp-content\/uploads\/2018\/11\/tesorillo-medina-elvira.012.png?ssl=1\" data-featherlight=\"image\"><img data-recalc-dims=\"1\" loading=\"lazy\" decoding=\"async\" class=\"wp-image-3603 aligncenter jetpack-lazy-image jetpack-lazy-image--handled\" src=\"https:\/\/i0.wp.com\/www.alhambra-patronato.es\/wp-content\/uploads\/2018\/11\/tesorillo-medina-elvira.012.png?resize=600%2C283&#038;ssl=1\" alt=\"tesorillo medina elvira.012\" width=\"600\" height=\"283\" data-lazy-loaded=\"1\" \/><\/a> Estos objetos, junto al resto de piezas halladas, son un ejemplo que muestran la importancia que ya en el siglo IX ten\u00eda este lugar como encrucijada de caminos y centro comercial. Otras piezas procedentes de Medina Elvira est\u00e1n en el Museo Arqueol\u00f3gico de Granada, como una <a href=\"http:\/\/www.museosdeandalucia.es\/cultura\/museos\/MAEGR\/index.jsp?redirect=S2_3_1_1.jsp&amp;idpieza=864&amp;pagina=2\" target=\"_blank\" rel=\"noopener noreferrer\">l\u00e1mpara de platillo <\/a>o el <a href=\"http:\/\/www.museosdeandalucia.es\/cultura\/museos\/MAEGR\/index.jsp?redirect=S2_3_1_1.jsp&amp;idpieza=870&amp;pagina=2\" target=\"_blank\" rel=\"noopener noreferrer\">ataifor del caballo<\/a>. M\u00e1s informaci\u00f3n sobre este yacimiento en el <a href=\"http:\/\/www.juntadeandalucia.es\/cultura\/blog\/la-ciudad-de-medina-elvira-atarfe-granada\/\" target=\"_blank\" rel=\"noopener noreferrer\">Blog de la Cultura de Andaluc\u00eda<\/a>\u00a0 y en la <a class=\"broken_link\" href=\"http:\/\/www.medinaelvira.org\/\" target=\"_blank\" rel=\"noopener noreferrer\">web del proyecto Medina Elvira<\/a>.<\/p>\n<h3 style=\"text-align: justify;\">EL PATRONATO DE LA ALHAMBRA Y GENERALIFE<\/h3>\n<p>fotos : JUNTA DE ANDALUCIA<\/p>\n<blockquote class=\"wp-embedded-content\" data-secret=\"qZj5l6S3UW\"><p><a href=\"https:\/\/www.alhambra-patronato.es\/tesorillo-sierra-elvira\">El tesorillo de Sierra Elvira<\/a><\/p><\/blockquote>\n<p><iframe loading=\"lazy\" class=\"wp-embedded-content\" sandbox=\"allow-scripts\" security=\"restricted\" style=\"position: absolute; visibility: hidden;\" title=\"\u00abEl tesorillo de Sierra Elvira\u00bb \u2014 Patronato de la Alhambra y Generalife\" src=\"https:\/\/www.alhambra-patronato.es\/tesorillo-sierra-elvira\/embed#?secret=iVcvk59CU1#?secret=qZj5l6S3UW\" data-secret=\"qZj5l6S3UW\" width=\"600\" height=\"338\" frameborder=\"0\" marginwidth=\"0\" marginheight=\"0\" scrolling=\"no\"><\/iframe><\/p>\n","protected":false},"excerpt":{"rendered":"<p>En la comarca de la Vega de Granada, a medio camino entre los municipios de&#8230;<\/p>\n","protected":false},"author":1,"featured_media":66487,"comment_status":"closed","ping_status":"closed","sticky":false,"template":"","format":"standard","meta":{"_coblocks_attr":"","_coblocks_dimensions":"","_coblocks_responsive_height":"","_coblocks_accordion_ie_support":"","jetpack_post_was_ever_published":false,"_jetpack_newsletter_access":"","_jetpack_dont_email_post_to_subs":false,"_jetpack_newsletter_tier_id":0,"_jetpack_memberships_contains_paywalled_content":false,"_jetpack_memberships_contains_paid_content":false,"footnotes":"","jetpack_publicize_message":"","jetpack_publicize_feature_enabled":true,"jetpack_social_post_already_shared":true,"jetpack_social_options":{"image_generator_settings":{"template":"highway","default_image_id":0,"enabled":false},"version":2}},"categories":[2,5359,10431,44],"tags":[],"class_list":["post-66486","post","type-post","status-publish","format-standard","has-post-thumbnail","hentry","category-atarfe","category-madinat-ilbira","category-medina-elvira-2","category-noticias-de-hoy"],"jetpack_publicize_connections":[],"jetpack_featured_media_url":"https:\/\/i0.wp.com\/miradordeatarfe.es\/wp-content\/uploads\/2024\/01\/tesorillo-medina-elvira.013.png?fit=1024%2C768&ssl=1","jetpack_likes_enabled":true,"jetpack_sharing_enabled":true,"_links":{"self":[{"href":"https:\/\/miradordeatarfe.es\/index.php?rest_route=\/wp\/v2\/posts\/66486","targetHints":{"allow":["GET"]}}],"collection":[{"href":"https:\/\/miradordeatarfe.es\/index.php?rest_route=\/wp\/v2\/posts"}],"about":[{"href":"https:\/\/miradordeatarfe.es\/index.php?rest_route=\/wp\/v2\/types\/post"}],"author":[{"embeddable":true,"href":"https:\/\/miradordeatarfe.es\/index.php?rest_route=\/wp\/v2\/users\/1"}],"replies":[{"embeddable":true,"href":"https:\/\/miradordeatarfe.es\/index.php?rest_route=%2Fwp%2Fv2%2Fcomments&post=66486"}],"version-history":[{"count":1,"href":"https:\/\/miradordeatarfe.es\/index.php?rest_route=\/wp\/v2\/posts\/66486\/revisions"}],"predecessor-version":[{"id":66488,"href":"https:\/\/miradordeatarfe.es\/index.php?rest_route=\/wp\/v2\/posts\/66486\/revisions\/66488"}],"wp:featuredmedia":[{"embeddable":true,"href":"https:\/\/miradordeatarfe.es\/index.php?rest_route=\/wp\/v2\/media\/66487"}],"wp:attachment":[{"href":"https:\/\/miradordeatarfe.es\/index.php?rest_route=%2Fwp%2Fv2%2Fmedia&parent=66486"}],"wp:term":[{"taxonomy":"category","embeddable":true,"href":"https:\/\/miradordeatarfe.es\/index.php?rest_route=%2Fwp%2Fv2%2Fcategories&post=66486"},{"taxonomy":"post_tag","embeddable":true,"href":"https:\/\/miradordeatarfe.es\/index.php?rest_route=%2Fwp%2Fv2%2Ftags&post=66486"}],"curies":[{"name":"wp","href":"https:\/\/api.w.org\/{rel}","templated":true}]}}