{"id":66515,"date":"2024-01-18T08:17:39","date_gmt":"2024-01-18T07:17:39","guid":{"rendered":"https:\/\/miradordeatarfe.es\/?p=66515"},"modified":"2024-01-15T17:27:02","modified_gmt":"2024-01-15T16:27:02","slug":"inaki-gabilondo-hace-reflexionar-al-independentismo","status":"publish","type":"post","link":"https:\/\/miradordeatarfe.es\/?p=66515","title":{"rendered":"I\u00f1aki Gabilondo hace reflexionar al independentismo"},"content":{"rendered":"<header>\n<h3 style=\"text-align: justify;\">\u00a0\u00abCatalunya no deber\u00eda esperar m\u00e1s, lleva mucho tiempo esperando\u00bb<\/h3>\n<h3 style=\"text-align: justify;\">La Cadena SER inaugura con el especial de \u2018Aqu\u00ed Catalunya\u2019, desde el Palau Robert, la celebraci\u00f3n de su centenario y los 100 a\u00f1os de la radio<\/h3>\n<\/header>\n<div class=\"cnt-data-art\" style=\"text-align: justify;\">\n<div class=\"c-i\">\n<div class=\"lead-art\">\n<div>\n<div id=\"player-1705310230888\" class=\"c-pl-a pl-i \">\u00a0<\/div>\n<\/div>\n<\/div>\n<\/div>\n<\/div>\n<div class=\"lead-art\" style=\"text-align: justify;\">\n<div>\u00a0<\/div>\n<\/div>\n<div class=\"cnt-byline\" style=\"text-align: justify;\">\n<div>\u00a0<\/div>\n<\/div>\n<div class=\"cnt-txt\" style=\"text-align: justify;\">\n<p>&#8216;Aqu\u00ed Catalunya&#8217; ha realizado una edici\u00f3n especial este lunes desde el Palau Robert para celebrar los 100 a\u00f1os de Radio Barcelona, de la Cadena SER y el centenario de la radio en Espa\u00f1a. Uno de los invitados ha sido I\u00f1aki Gabilondo, el gran referente de la radio y del periodismo, el hombre que en el 86 pone en marcha el Hoy por Hoy y que durante 19 a\u00f1os el bal\u00f3n convirti\u00e9ndolo en el programa l\u00edder de la radio. Ha hablado de su vida profesional, de la radio y de la situaci\u00f3n pol\u00edtica.<\/p>\n<div id=\"cadenaser_gpt-INTEXT\" data-google-query-id=\"CL2A38Ll34MDFSYC-wMddckDcQ\">\n<div id=\"google_ads_iframe_7811748\/cadenaser_web\/sercat\/articulo_6__container__\"><iframe id=\"google_ads_iframe_7811748\/cadenaser_web\/sercat\/articulo_6\" tabindex=\"0\" title=\"3rd party ad content\" name=\"google_ads_iframe_7811748\/cadenaser_web\/sercat\/articulo_6\" width=\"1\" height=\"1\" frameborder=\"0\" marginwidth=\"0\" marginheight=\"0\" scrolling=\"no\" aria-label=\"Advertisement\" data-google-container-id=\"7\" data-load-complete=\"true\" data-mce-fragment=\"1\"><\/iframe>Gabilondo ha asegurado que ha disfrutado mucho de la radio, pero que no la echa de menos: \u00abno la echo de menos ni un poco. He disfrutado mucho, pero tambi\u00e9n he sufrido y tengo claro que hay que hacerse a un lado, que la vida es un juego de relevos\u00bb.<\/div>\n<\/div>\n<section class=\"c-sum fotx\">\n<figure><picture><source srcset=\"https:\/\/cadenaser.com\/resizer\/BUsMmcY5Hm5oc7_AGYjiEvTSWHs=\/1200x675\/filters:quality(70)\/cloudfront-eu-central-1.images.arcpublishing.com\/prisaradio\/XSEU2ZRDURGMLDBJFA4NVOBVLQ.jpeg\" media=\"(min-width: 1200px)\" \/><source srcset=\"https:\/\/cadenaser.com\/resizer\/RNPO24wwHVvef_FvgEo5sbJjmxw=\/990x557\/filters:quality(70)\/cloudfront-eu-central-1.images.arcpublishing.com\/prisaradio\/XSEU2ZRDURGMLDBJFA4NVOBVLQ.jpeg\" media=\"(min-width: 990px)\" \/><source srcset=\"https:\/\/cadenaser.com\/resizer\/Z8DaM8JG87UdLjBhuxMijyHoZho=\/983x553\/filters:quality(70)\/cloudfront-eu-central-1.images.arcpublishing.com\/prisaradio\/XSEU2ZRDURGMLDBJFA4NVOBVLQ.jpeg\" media=\"(min-width: 990px)\" \/><source srcset=\"https:\/\/cadenaser.com\/resizer\/dLRTc3vgboVx4t8djNcnA7V95Zo=\/768x432\/filters:quality(70)\/cloudfront-eu-central-1.images.arcpublishing.com\/prisaradio\/XSEU2ZRDURGMLDBJFA4NVOBVLQ.jpeg\" media=\"(max-width: 768px)\" \/><source srcset=\"https:\/\/cadenaser.com\/resizer\/ELHHRZZJo9x-LTFQWNYRlh-SXVg=\/736x414\/filters:quality(70)\/cloudfront-eu-central-1.images.arcpublishing.com\/prisaradio\/XSEU2ZRDURGMLDBJFA4NVOBVLQ.jpeg\" media=\"(max-width: 768px)\" \/><source srcset=\"https:\/\/cadenaser.com\/resizer\/jrhm3rfK6zGF0EFhWYq2QecLhEw=\/414x233\/filters:quality(70)\/cloudfront-eu-central-1.images.arcpublishing.com\/prisaradio\/XSEU2ZRDURGMLDBJFA4NVOBVLQ.jpeg\" media=\"(max-width: 414px)\" \/><source srcset=\"https:\/\/cadenaser.com\/resizer\/izEluJsZ_5K6utC2c5TRuwHGy6Q=\/382x215\/filters:quality(70)\/cloudfront-eu-central-1.images.arcpublishing.com\/prisaradio\/XSEU2ZRDURGMLDBJFA4NVOBVLQ.jpeg\" media=\"(max-width: 414px)\" \/><source srcset=\"https:\/\/cadenaser.com\/resizer\/lgsqE4qLF8HbJdbkr41EN0XCcqU=\/343x193\/filters:quality(70)\/cloudfront-eu-central-1.images.arcpublishing.com\/prisaradio\/XSEU2ZRDURGMLDBJFA4NVOBVLQ.jpeg\" media=\"(max-width: 375px)\" \/><source srcset=\"https:\/\/cadenaser.com\/resizer\/fFai32sm7Uk9tTOoyNcA9ncOSZA=\/288x162\/filters:quality(70)\/cloudfront-eu-central-1.images.arcpublishing.com\/prisaradio\/XSEU2ZRDURGMLDBJFA4NVOBVLQ.jpeg\" media=\"(max-width: 320px)\" \/><\/picture><\/figure>\n<h3>Sobre la situaci\u00f3n pol\u00edtica en Catalu\u00f1a<\/h3>\n<\/section>\n<p>Gabilondo se refiri\u00f3 a la ley de amnist\u00eda que se est\u00e1 tramitando en el Congreso. Dice que una de las pegas que se le est\u00e1 poniendo a esta iniciativa es que no est\u00e1 pareciendo una acci\u00f3n capaz de cerrar un cap\u00edtulo para abrir otro distinto. El periodista ha asegurado: \u00abDudamos que tenga la envergadura suficiente para tener ese car\u00e1cter de punto y aparte\u00bb.<\/p>\n<p>El periodista ha explicado que al independentismo le falta hacer esta reflexi\u00f3n y dice que parece que son los \u00fanicos que no se han dado cuenta de lo ocurrido. De hecho, I\u00f1aki Gabilondo cree que el independentismo deber\u00eda cerrar el cap\u00edtulo del proceso y empezar una nueva etapa: \u00abCon todas las generosidades que sea necesario, pero para empezar un tiempo diferente y una nueva relaci\u00f3n. Si tenemos que seguir caminando por los mismos caminos , tropezando con las mismas piedras, volviendo a las mismas historias y sin abdicar de nada&#8230; Adem\u00e1s, Catalu\u00f1a no puede seguir siendo Pen\u00e9lope, hace mucho tiempo que espera en la estaci\u00f3n, durante todo el proceso ha estado esperando. . ahora espera a la amnist\u00eda, espera a las elecciones, espera a Puigdemont\u00bb.<\/p>\n<div class=\"oembed-twitter  container_row margin_top_md margin_bottom_md block-margin-bottom\">\n<div>\n<div>\n<div class=\"twitter-tweet twitter-tweet-rendered\"><iframe id=\"twitter-widget-0\" class=\"\" title=\"X Post\" src=\"https:\/\/platform.twitter.com\/embed\/Tweet.html?dnt=false&amp;embedId=twitter-widget-0&amp;features=eyJ0ZndfdGltZWxpbmVfbGlzdCI6eyJidWNrZXQiOltdLCJ2ZXJzaW9uIjpudWxsfSwidGZ3X2ZvbGxvd2VyX2NvdW50X3N1bnNldCI6eyJidWNrZXQiOnRydWUsInZlcnNpb24iOm51bGx9LCJ0ZndfdHdlZXRfZWRpdF9iYWNrZW5kIjp7ImJ1Y2tldCI6Im9uIiwidmVyc2lvbiI6bnVsbH0sInRmd19yZWZzcmNfc2Vzc2lvbiI6eyJidWNrZXQiOiJvbiIsInZlcnNpb24iOm51bGx9LCJ0ZndfZm9zbnJfc29mdF9pbnRlcnZlbnRpb25zX2VuYWJsZWQiOnsiYnVja2V0Ijoib24iLCJ2ZXJzaW9uIjpudWxsfSwidGZ3X21peGVkX21lZGlhXzE1ODk3Ijp7ImJ1Y2tldCI6InRyZWF0bWVudCIsInZlcnNpb24iOm51bGx9LCJ0ZndfZXhwZXJpbWVudHNfY29va2llX2V4cGlyYXRpb24iOnsiYnVja2V0IjoxMjA5NjAwLCJ2ZXJzaW9uIjpudWxsfSwidGZ3X3Nob3dfYmlyZHdhdGNoX3Bpdm90c19lbmFibGVkIjp7ImJ1Y2tldCI6Im9uIiwidmVyc2lvbiI6bnVsbH0sInRmd19kdXBsaWNhdGVfc2NyaWJlc190b19zZXR0aW5ncyI6eyJidWNrZXQiOiJvbiIsInZlcnNpb24iOm51bGx9LCJ0ZndfdXNlX3Byb2ZpbGVfaW1hZ2Vfc2hhcGVfZW5hYmxlZCI6eyJidWNrZXQiOiJvbiIsInZlcnNpb24iOm51bGx9LCJ0ZndfdmlkZW9faGxzX2R5bmFtaWNfbWFuaWZlc3RzXzE1MDgyIjp7ImJ1Y2tldCI6InRydWVfYml0cmF0ZSIsInZlcnNpb24iOm51bGx9LCJ0ZndfbGVnYWN5X3RpbWVsaW5lX3N1bnNldCI6eyJidWNrZXQiOnRydWUsInZlcnNpb24iOm51bGx9LCJ0ZndfdHdlZXRfZWRpdF9mcm9udGVuZCI6eyJidWNrZXQiOiJvbiIsInZlcnNpb24iOm51bGx9fQ%3D%3D&amp;frame=false&amp;hideCard=false&amp;hideThread=false&amp;id=1746819256807772226&amp;lang=es&amp;origin=https%3A%2F%2Fcadenaser.com%2Fcataluna%2F2024%2F01%2F15%2Finaki-gabilondo-catalunya-no-deberia-esperar-mas-lleva-mucho-tiempo-esperando-sercat%2F&amp;sessionId=2c065c609b00150e81f4826a06eb84afa3e26614&amp;siteScreenName=La_SER&amp;theme=light&amp;widgetsVersion=2615f7e52b7e0%3A1702314776716&amp;width=550px\" frameborder=\"0\" scrolling=\"no\" allowfullscreen=\"allowfullscreen\" data-tweet-id=\"1746819256807772226\" data-mce-fragment=\"1\"><\/iframe><\/div>\n<\/div>\n<\/div>\n<\/div>\n<h3>El futuro de la radio<\/h3>\n<p>En la conversaci\u00f3n con Pablo Tallon, I\u00f1aki Gabilondo ha explicado: \u00abCuando era peque\u00f1o no hab\u00eda televisi\u00f3n, la radio era nuestra ventana a otro sitio, el tecnicolor y la esperanza de la vida nos llegaba a trav\u00e9s de la radio. Pasaba siempre delante de Radio San Sebasti\u00e1n y ve\u00eda aquello como la puerta de Disneyland. A mis veintis\u00e9is a\u00f1os me hicieron director de esa radio y no he vuelto a tener tanta sensaci\u00f3n de \u00e9xito como esa\u00bb.<\/p>\n<p>Gabilondo ha asegurado que a lo largo de su dilatada carrera siempre ha procurado jugar limpio, decirle al oyente lo que est\u00e1 sucediendo, y no enredarle dando como algo lo que al periodista le gustar\u00eda que ocurriera.<\/p>\n<p>El periodista ha reflexionado en torno a los 100 a\u00f1os de radio y la evoluci\u00f3n de este medio para concluir: \u00abMientras haya una persona que tenga algo que decir, y alguien que tenga ganas de escucharlo, seguir\u00e1 la radio. Se descubrir\u00e1n nuevas v\u00edas que en estos momentos ni pensamos por el cambio que estamos viviendo\u00bb.<\/p>\n<h3>Momentos clave de la historia: 23-F y 11-M<\/h3>\n<p>I\u00f1aki Gabilondo vivi\u00f3 en directo muchos momentos clave de la historia espa\u00f1ola. El fallido golpe de estado del 23 de febrero de 1981 y los atentados del 11 de marzo de 2004 en Madrid quedan en su recuerdo.<\/p>\n<p>En 1981, \u00abno est\u00e1bamos dando en directo la sesi\u00f3n parlamentaria, era un acto rutinario, estaba en mi despacho con los monitores. Cuando se produjo el asalto, yo lo vi en directo, imagina ver esa escena sin saber c\u00f3mo termina. Llam\u00e9 al director de la cadena y poco despu\u00e9s ya llegaron los tanques. Pensaba que todo acabar\u00eda\u00bb explica Gabilondo sobre el 23F.<\/p>\n<p>El 11 de marzo de 2004, Gabilondo estaba en directo cuando sucedieron los atentados: \u00abUna jornada que comienza como tantas otras, parece que ha habido una explosi\u00f3n en la estaci\u00f3n, parece que hay heridos, sigue la ma\u00f1ana, parece que hay muertos, y van aumentando los muertos, frente a un micr\u00f3fono esto era una alucinaci\u00f3n, con todos los trasfondos que hab\u00eda, est\u00e1bamos viviendo todo aquello desde el drama, el d\u00eda 11 vi en la Espa\u00f1a m\u00e1s unida que nunca y el 14 la m\u00e1s desunida\u00bb.<\/p>\n<\/div>\n<p class=\"tit\" style=\"text-align: justify;\">I\u00f1aki Gabilondo: \u00abLa radio seguir\u00e1 mientras haya gente que tenga cosas que contar y alguien dispuesto a escuchar y necesitado de compa\u00f1\u00eda\u00bb<\/p>\n<h3 style=\"text-align: justify;\">Mientras haya una persona que tenga algo que decir, y alguien con ganas de escucharle, seguir\u00e1 la radio<\/h3>\n<p style=\"text-align: justify;\">El periodista afirma que siempre ha procurado jugar limpio, decirle al oyente lo que est\u00e1 sucediendo, nunca convertir en algo lo que te gustar\u00eda que ocurriera.<\/p>\n<p style=\"text-align: justify;\">Sobre la continuidad de la radio, ahora que hace 100 a\u00f1os, Gabilondo afirma contundente: \u00abMientras haya una persona que tenga algo que decir, y alguien que tenga ganas de escucharle, seguir\u00e1 la radio. Se descubrir\u00e1n nuevas v\u00edas que ahora mismo ni pensamos por el cambio que estamos viviendo\u00bb.<\/p>\n<p style=\"text-align: justify;\"><strong><a class=\"au-wb\" title=\"Andrea Ruiz Garc\u00eda\" href=\"https:\/\/cadenaser.com\/autor\/andrea_ruiz_garcia\/a\/\">Andrea Ruiz Garc\u00eda<\/a><\/strong><\/p>\n<p>https:\/\/cadenaser.com\/cataluna\/2024\/01\/15\/inaki-gabilondo-catalunya-no-deberia-esperar-mas-lleva-mucho-tiempo-esperando-sercat\/<\/p>\n","protected":false},"excerpt":{"rendered":"<p>\u00a0\u00abCatalunya no deber\u00eda esperar m\u00e1s, lleva mucho tiempo esperando\u00bb La Cadena SER inaugura con el&#8230;<\/p>\n","protected":false},"author":1,"featured_media":66516,"comment_status":"closed","ping_status":"closed","sticky":false,"template":"","format":"standard","meta":{"_coblocks_attr":"","_coblocks_dimensions":"","_coblocks_responsive_height":"","_coblocks_accordion_ie_support":"","jetpack_post_was_ever_published":false,"_jetpack_newsletter_access":"","_jetpack_dont_email_post_to_subs":false,"_jetpack_newsletter_tier_id":0,"_jetpack_memberships_contains_paywalled_content":false,"_jetpack_memberships_contains_paid_content":false,"footnotes":"","jetpack_publicize_message":"","jetpack_publicize_feature_enabled":true,"jetpack_social_post_already_shared":true,"jetpack_social_options":{"image_generator_settings":{"template":"highway","default_image_id":0,"enabled":false},"version":2}},"categories":[44,6937,6920],"tags":[],"class_list":["post-66515","post","type-post","status-publish","format-standard","has-post-thumbnail","hentry","category-noticias-de-hoy","category-sociedad","category-tecnologia"],"jetpack_publicize_connections":[],"jetpack_featured_media_url":"https:\/\/i0.wp.com\/miradordeatarfe.es\/wp-content\/uploads\/2024\/01\/Screenshot-2024-01-15-at-17-20-40-Inaki-Gabilondo-hace-reflexionar-al-independentismo-Catalunya-no-deberia-esperar-mas-lleva-mucho-tiempo-esperando.png?fit=483%2C288&ssl=1","jetpack_likes_enabled":true,"jetpack_sharing_enabled":true,"_links":{"self":[{"href":"https:\/\/miradordeatarfe.es\/index.php?rest_route=\/wp\/v2\/posts\/66515","targetHints":{"allow":["GET"]}}],"collection":[{"href":"https:\/\/miradordeatarfe.es\/index.php?rest_route=\/wp\/v2\/posts"}],"about":[{"href":"https:\/\/miradordeatarfe.es\/index.php?rest_route=\/wp\/v2\/types\/post"}],"author":[{"embeddable":true,"href":"https:\/\/miradordeatarfe.es\/index.php?rest_route=\/wp\/v2\/users\/1"}],"replies":[{"embeddable":true,"href":"https:\/\/miradordeatarfe.es\/index.php?rest_route=%2Fwp%2Fv2%2Fcomments&post=66515"}],"version-history":[{"count":1,"href":"https:\/\/miradordeatarfe.es\/index.php?rest_route=\/wp\/v2\/posts\/66515\/revisions"}],"predecessor-version":[{"id":66517,"href":"https:\/\/miradordeatarfe.es\/index.php?rest_route=\/wp\/v2\/posts\/66515\/revisions\/66517"}],"wp:featuredmedia":[{"embeddable":true,"href":"https:\/\/miradordeatarfe.es\/index.php?rest_route=\/wp\/v2\/media\/66516"}],"wp:attachment":[{"href":"https:\/\/miradordeatarfe.es\/index.php?rest_route=%2Fwp%2Fv2%2Fmedia&parent=66515"}],"wp:term":[{"taxonomy":"category","embeddable":true,"href":"https:\/\/miradordeatarfe.es\/index.php?rest_route=%2Fwp%2Fv2%2Fcategories&post=66515"},{"taxonomy":"post_tag","embeddable":true,"href":"https:\/\/miradordeatarfe.es\/index.php?rest_route=%2Fwp%2Fv2%2Ftags&post=66515"}],"curies":[{"name":"wp","href":"https:\/\/api.w.org\/{rel}","templated":true}]}}