{"id":66518,"date":"2024-01-16T08:28:12","date_gmt":"2024-01-16T07:28:12","guid":{"rendered":"https:\/\/miradordeatarfe.es\/?p=66518"},"modified":"2024-01-15T17:32:13","modified_gmt":"2024-01-15T16:32:13","slug":"los-proximos-cuatro-o-cinco-anos-van-a-ser-muy-duros","status":"publish","type":"post","link":"https:\/\/miradordeatarfe.es\/?p=66518","title":{"rendered":"\u00abLos pr\u00f3ximos cuatro o cinco a\u00f1os van a ser muy duros\u00bb"},"content":{"rendered":"<h3 style=\"text-align: justify;\">Jos\u00e9 Mill\u00e1n no es un astr\u00f3logo al uso: analista de sistemas y licenciado en F\u00edsica, trabaj\u00f3 durante 27 a\u00f1os en la Comisi\u00f3n Europea hasta que, tras jubilarse, pudo dedicarse a tiempo completo a la astrolog\u00eda.<\/h3>\n<p style=\"text-align: justify;\">Ha publicado \u2018Astrolog\u00eda para el nuevo orden mundial\u2019 (Planeta), libro en el que desvela los ciclos planetarios que marcar\u00e1n el rumbo geopol\u00edtico de los pr\u00f3ximos a\u00f1os.<\/p>\n<div id=\"\" style=\"text-align: justify;\">\n<p class=\"v-p\">Seg\u00fan Mill\u00e1n, el paso de la Era de la Tierra a la Era del Aire provocar\u00e1 un cambio brutal y profundo que provocar\u00e1 que los actuales sistemas econ\u00f3micos y pol\u00edticos sean sustituidos por el convencimiento de que lo colectivo es mucho m\u00e1s importante que lo individual. \u00abEl precio a pagar depende de nosotros: si somos capaces de generar ese cambio psicoespiritual, ser\u00e1 duro pero factible; Si no somos capaces, el precio ser\u00e1 muy alto. Que las estrellas nos sean favorables.<\/p>\n<p class=\"v-p\"><strong>-\u00bfQu\u00e9 dice la astrolog\u00eda para el domingo?<\/strong><\/p>\n<p class=\"v-p\">-Como tal no hay nada extraordinario que pase en domingo por ser domingo. S\u00ed, es el d\u00eda regido por el Sol, y por lo tanto tiene una connotaci\u00f3n astrol\u00f3gica en el sentido de que es el d\u00eda que te dedicas a ti, a cuidarte, que est\u00e1s en casa en pantuflas o como quieras. y eres t\u00fa. mismo.<\/p>\n<p class=\"v-p\"><strong>-\u00bfY sobre m\u00ed? Soy escorpio. <\/strong><\/p>\n<p class=\"v-p\">-Bueno, es mejor no tenerte como enemigo, es mejor no enga\u00f1arte y es mejor decirte las cosas tal como son, porque las vas a intuir por mucho que te las quieran ocultar. t\u00fa. Con los Escorpio hay que ser muy honesto, porque van al fondo de las cosas y te llevan en un viaje al centro de ti mismo; Un viaje muy sanador y terap\u00e9utico, pero muy duro. No es fr\u00edvolo relacionarse con un Escorpio.<\/p>\n<p class=\"v-p\"><strong>-\u00a1Oh! No pens\u00e9 que fuera intenso. <\/strong><\/p>\n<p class=\"v-p\">-Lo sabr\u00e1s, lo sabr\u00e1s (risas).<\/p>\n<p class=\"v-p\"><strong>-Es licenciado en F\u00edsica. \u00bfNo es la ciencia incompatible con la astrolog\u00eda?<\/strong><\/p>\n<p class=\"v-p\">-No, no hay ning\u00fan conflicto. La f\u00edsica moderna es f\u00edsica no determinista, es f\u00edsica cu\u00e1ntica. Hay conceptos de f\u00edsica que desaf\u00edan la l\u00f3gica, y la astrolog\u00eda se refleja mucho en la f\u00edsica moderna, en la teor\u00eda del caos, en la teor\u00eda de sistemas complejos\u2026 Nunca he tenido problemas para conciliar ambas materias, al contrario, ser f\u00edsico me ha ayudado. mucho para asimilar conceptos astrol\u00f3gicos.<\/p>\n<p class=\"v-p\"><strong>-Practicar la astrolog\u00eda humanista. \u00bfQu\u00e9 es eso? <\/strong><\/p>\n<p class=\"v-p\">-Poner al ser humano en el centro de la astrolog\u00eda, hacerlo responsable. Dejamos de ser v\u00edctimas y de culpar al universo por lo que nos pasa. S\u00ed, es cierto que existe una determinada estructura astrol\u00f3gica y una serie de tr\u00e1nsitos que pueden resultar duros, incluso dolorosos, pero eso no quiere decir que no tengas responsabilidad en c\u00f3mo gestionarlos.<\/p>\n<p class=\"v-p\"><strong>-En su libro revela las claves astrol\u00f3gicas que marcar\u00e1n el rumbo geopol\u00edtico. \u00bfQu\u00e9 pasar\u00e1 entre Rusia y Ucrania?<\/strong><\/p>\n<p class=\"v-p\">-El futuro de Rusia es muy incierto: en 2025-2026 habr\u00e1 una conjunci\u00f3n Saturno-Neptuno que est\u00e1 muy ligada a todo lo que ha sido la historia de Rusia; Va a haber un colapso del que no habr\u00e1 salida. Preveo un futuro al estilo \u2018Mad Max\u2019: con Putin ca\u00eddo, es un pa\u00eds que no tiene estructura porque es una dictadura pura y dura, y cuando estos pa\u00edses caen no tienen estructura que los sostenga. Acabar\u00e1 destrozado en manos de los se\u00f1ores de la guerra, y eso ser\u00e1 muy peligroso, y Europa y todo el mundo occidental tendr\u00e1n que implicarse para evitar que se convierta en un polvor\u00edn.<\/p>\n<p class=\"v-p\"><strong>-\u00bfY con Israel y Palestina?<\/strong><\/p>\n<p class=\"v-p\">-Es curioso ver c\u00f3mo la era cristiana comienza con una masacre de ni\u00f1os, la de Herodes, y termina con otra masacre de ni\u00f1os, la de Gaza. Es el fin de la Era de Piscis, la era del cristianismo. El \u00fanico pron\u00f3stico estable es algo que parece incre\u00edble: una federaci\u00f3n de Estados. Hasta no hace mucho en Europa nos cort\u00e1bamos el cuello, pero miren ahora. El \u00fanico futuro es un modelo europeo.<\/p>\n<p class=\"v-p\"><strong>-Afirma que el cambio clim\u00e1tico no se puede revertir. \u00bfNo es eso un poco catastr\u00f3fico?<\/strong><\/p>\n<p class=\"v-p\">-No, es realismo puro y duro. La cat\u00e1strofe clim\u00e1tica est\u00e1 ah\u00ed. Son procesos no lineales, es decir, que se aceleran, y nosotros estamos viviendo una aceleraci\u00f3n. He trabajado durante varios a\u00f1os en la Direcci\u00f3n General de Medio Ambiente de la Comisi\u00f3n Europea, as\u00ed que s\u00e9 de lo que hablo. En este momento, los esfuerzos deben dirigirse a ver c\u00f3mo nos adaptamos a este cambio en lugar de revertirlo.<\/p>\n<p class=\"v-p\"><strong>-Tambi\u00e9n habla del fin del capitalismo y del patriarcado.<\/strong><\/p>\n<p class=\"v-p\">-El patriarcado es la concentraci\u00f3n brutal de recursos en muy pocas manos, y para eso es necesaria una estructura piramidal, y esa estructura fue creada por el capitalismo. Cuando Plut\u00f3n entre en Acuario, el capitalismo caer\u00e1 por su propio peso. La entrada en la Era del Aire va a ser el cambio fundamental de esta sociedad, que va a estar mucho m\u00e1s orientada hacia las cosas humanas y las pol\u00edticas sociales. Pero el viejo mundo de la Era de la Tierra, del patriarcado y la acumulaci\u00f3n de capital, no se dejar\u00e1 arrebatar tan f\u00e1cilmente. Los pr\u00f3ximos cuatro o cinco a\u00f1os van a ser muy duros, muy tensos.<\/p>\n<p class=\"v-p\"><strong>-Estos cambios los provocar\u00e1n los millennials.<\/strong><\/p>\n<p class=\"v-p\">-Vienen con el cuchillo entre los dientes, s\u00ed.<\/p>\n<p class=\"v-p\"><strong>-Tampoco se lo hemos puesto f\u00e1cil.<\/strong><\/p>\n<p class=\"v-p\">-Pero que bueno que lo hayan pasado tan mal y se sientan decepcionados porque les prometimos el oro y el moro y se hayan encontrado con precariedad y falta de perspectivas. Por eso los \u2018millennials\u2019, que llegar\u00e1n al poder en los pr\u00f3ximos 20 a\u00f1os, no est\u00e1n dispuestos a pactar ni a hacer peque\u00f1os cambios cosm\u00e9ticos, sino m\u00e1s bien a tomar atajos. Se van a producir cambios radicales y muy sangrientos.<\/p>\n<\/div>\n<p style=\"text-align: justify;\">\u00a0<\/p>\n","protected":false},"excerpt":{"rendered":"<p>Jos\u00e9 Mill\u00e1n no es un astr\u00f3logo al uso: analista de sistemas y licenciado en F\u00edsica,&#8230;<\/p>\n","protected":false},"author":1,"featured_media":66519,"comment_status":"closed","ping_status":"closed","sticky":false,"template":"","format":"standard","meta":{"_coblocks_attr":"","_coblocks_dimensions":"","_coblocks_responsive_height":"","_coblocks_accordion_ie_support":"","jetpack_post_was_ever_published":false,"_jetpack_newsletter_access":"","_jetpack_dont_email_post_to_subs":false,"_jetpack_newsletter_tier_id":0,"_jetpack_memberships_contains_paywalled_content":false,"_jetpack_memberships_contains_paid_content":false,"footnotes":"","jetpack_publicize_message":"","jetpack_publicize_feature_enabled":true,"jetpack_social_post_already_shared":true,"jetpack_social_options":{"image_generator_settings":{"template":"highway","default_image_id":0,"enabled":false},"version":2}},"categories":[1161,44,6937],"tags":[],"class_list":["post-66518","post","type-post","status-publish","format-standard","has-post-thumbnail","hentry","category-ciudadania","category-noticias-de-hoy","category-sociedad"],"jetpack_publicize_connections":[],"jetpack_featured_media_url":"https:\/\/i0.wp.com\/miradordeatarfe.es\/wp-content\/uploads\/2024\/01\/jose-millan-astrologo-k0rB-U21012393612427rC-1200x840%40RC.webp?fit=1198%2C840&ssl=1","jetpack_likes_enabled":true,"jetpack_sharing_enabled":true,"_links":{"self":[{"href":"https:\/\/miradordeatarfe.es\/index.php?rest_route=\/wp\/v2\/posts\/66518","targetHints":{"allow":["GET"]}}],"collection":[{"href":"https:\/\/miradordeatarfe.es\/index.php?rest_route=\/wp\/v2\/posts"}],"about":[{"href":"https:\/\/miradordeatarfe.es\/index.php?rest_route=\/wp\/v2\/types\/post"}],"author":[{"embeddable":true,"href":"https:\/\/miradordeatarfe.es\/index.php?rest_route=\/wp\/v2\/users\/1"}],"replies":[{"embeddable":true,"href":"https:\/\/miradordeatarfe.es\/index.php?rest_route=%2Fwp%2Fv2%2Fcomments&post=66518"}],"version-history":[{"count":1,"href":"https:\/\/miradordeatarfe.es\/index.php?rest_route=\/wp\/v2\/posts\/66518\/revisions"}],"predecessor-version":[{"id":66520,"href":"https:\/\/miradordeatarfe.es\/index.php?rest_route=\/wp\/v2\/posts\/66518\/revisions\/66520"}],"wp:featuredmedia":[{"embeddable":true,"href":"https:\/\/miradordeatarfe.es\/index.php?rest_route=\/wp\/v2\/media\/66519"}],"wp:attachment":[{"href":"https:\/\/miradordeatarfe.es\/index.php?rest_route=%2Fwp%2Fv2%2Fmedia&parent=66518"}],"wp:term":[{"taxonomy":"category","embeddable":true,"href":"https:\/\/miradordeatarfe.es\/index.php?rest_route=%2Fwp%2Fv2%2Fcategories&post=66518"},{"taxonomy":"post_tag","embeddable":true,"href":"https:\/\/miradordeatarfe.es\/index.php?rest_route=%2Fwp%2Fv2%2Ftags&post=66518"}],"curies":[{"name":"wp","href":"https:\/\/api.w.org\/{rel}","templated":true}]}}