{"id":66521,"date":"2024-01-17T10:40:56","date_gmt":"2024-01-17T09:40:56","guid":{"rendered":"https:\/\/miradordeatarfe.es\/?p=66521"},"modified":"2024-01-17T10:40:56","modified_gmt":"2024-01-17T09:40:56","slug":"atarfe-ii-concurso-fotografia-caparacena","status":"publish","type":"post","link":"https:\/\/miradordeatarfe.es\/?p=66521","title":{"rendered":"ATARFE: II CONCURSO FOTOGRAF\u00cdA CAPARACENA"},"content":{"rendered":"<h3>Con motivo de las Fiestas de Caparacena 2024 en honor a San Ant\u00f3n se va a realizar el II Concurso de Fotograf\u00eda, para poner en valor el patrimonio natural, hist\u00f3rico y art\u00edstico de Caparacena. Es por ello, que las mayordomas organizamos dicho concurso que se encuentra regulado por las siguientes bases y que se llevar\u00e1 a cabo en las Fiestas que se celebrar\u00e1n en los<br \/>\nd\u00edas 19,20 y 21 de enero de 2024, concretamente el domingo 20 de enero a las 12:00 horas.<\/h3>\n<p><strong>1a PARTICIPANTES:<\/strong><br \/>\nPodr\u00e1 participar en el concurso cualquier persona interesada, con la excepci\u00f3n de los miembros del Jurado, as\u00ed como los empleados\/as y familiares directos de la entidad organizadora del concurso.<\/p>\n<p><strong>2a TEM\u00c1TICA:<\/strong><br \/>\nEl tema principal ser\u00e1 Caparacena como patrimonio natural en todos sus \u00e1mbitos: Arquitectura, jardines y naturaleza, sostenibilidad, entorno de trabajo, etc.<\/p>\n<p><strong>3a OBRAS:<\/strong><br \/>\nCada participante podr\u00e1 presentar un m\u00e1ximo de 3 obras, siendo est\u00e1s originales e in\u00e9ditas y no habi\u00e9ndose presentado con anterioridad a otros concursos.<br \/>\nLos participantes se responsabilizan totalmente de ser los \u00fanicos autores, la fotograf\u00edas no podr\u00e1n ser alteradas electr\u00f3nicamente, ni por cualquier otro medio. Tampoco se aceptar\u00e1n fotomontajes. Se permitir\u00e1n m\u00ednimas correcciones de color y luminosidad. En caso de duda, el Jurado podr\u00eda solicitar al autor el archivo Raw para su comprobaci\u00f3n.<\/p>\n<p><strong>4a PRESENTACI\u00d3N:<\/strong><br \/>\nSe trata de un concurso de fotograf\u00eda digital por lo que las obras se presentar\u00e1n en formato JPG a trav\u00e9s de correo electr\u00f3nico, siendo el nombre del archivo el mismo que el t\u00edtulo de la obra.<\/p>\n<p><strong>5a ENV\u00cdO:<\/strong><br \/>\nLas obras se mandar\u00e1n por correo electr\u00f3nico a la siguiente direcci\u00f3n: <a href=\"mailto:Benjaminfm438@gmail.com\">Benjaminfm438@gmail.com<\/a><\/p>\n<p>Y en asunto se escribir\u00e1 \u201cII Concurso Fotograf\u00eda CAPARACENA NATURAL 2024\u201d<\/p>\n<p>En el correo se escribir\u00e1 tambi\u00e9n los siguientes datos del autor: Nombre, apellido, fecha de nacimiento, direcci\u00f3n, c\u00f3digo postal, municipio, provincia, pa\u00eds y correo electr\u00f3nico)<\/p>\n<p><strong>6a PLAZO DE ADMISION:<\/strong><br \/>\nEl plazo para presentar las obras estar\u00e1 abierto hasta el 19 de enero de 2024 a las 20:00h. No se admitir\u00e1n obras presentadas con posterioridad a esta fecha.<\/p>\n<p><strong>7a PREMIOS:<\/strong><br \/>\nPrimer Premio: Una paletilla,<br \/>\nSegundo Premio: Una Jarra sangr\u00eda grande.<br \/>\nTercer Premio: Una jarra sangr\u00eda peque\u00f1a<\/p>\n<p><strong>8a FALLO:<\/strong><br \/>\nEl fallo del jurado ser\u00e1 el domingo 21 de ENERO de 2024 a las 12:00h, y ser\u00e1 comunicado directamente por la organizaci\u00f3n a los premiados.<\/p>\n<p><strong>9a EL JURADO:<\/strong><br \/>\nEl jurado estar\u00e1 formado por LAS MAYORDOMAS de las fiestas, que atendiendo a criterios de creatividad y calidad t\u00e9cnica, seleccionar\u00e1 dentro de las obras presentadas, las que resultan<br \/>\npremiadas.<\/p>\n<p>ROCIO LOPEZ GARC\u00cdA MARIANA<br \/>\nHERN\u00c1NDEZ MARTINEZ Ma REYES<br \/>\nFUNES GUERRERO<\/p>\n<p>Las obras ser\u00e1n expuestas al p\u00fablico en la casa bioclim\u00e1tica, sita en Caparacena (justo detr\u00e1s del centro cultural) el mismo d\u00eda del fallo, domingo 21 de enero a las 12:00h<\/p>\n<p>10a ACEPTACI\u00d3N DE LAS BASES:<br \/>\nLa participaci\u00f3n en este concurso supone la plena aceptaci\u00f3n de todas y cada una de estas bases y del fallo inapelable del Jurado.<\/p>\n","protected":false},"excerpt":{"rendered":"<p>Con motivo de las Fiestas de Caparacena 2024 en honor a San Ant\u00f3n se va&#8230;<\/p>\n","protected":false},"author":1,"featured_media":66522,"comment_status":"closed","ping_status":"closed","sticky":false,"template":"","format":"standard","meta":{"_coblocks_attr":"","_coblocks_dimensions":"","_coblocks_responsive_height":"","_coblocks_accordion_ie_support":"","jetpack_post_was_ever_published":false,"_jetpack_newsletter_access":"","_jetpack_dont_email_post_to_subs":false,"_jetpack_newsletter_tier_id":0,"_jetpack_memberships_contains_paywalled_content":false,"_jetpack_memberships_contains_paid_content":false,"footnotes":"","jetpack_publicize_message":"","jetpack_publicize_feature_enabled":true,"jetpack_social_post_already_shared":true,"jetpack_social_options":{"image_generator_settings":{"template":"highway","default_image_id":0,"enabled":false},"version":2}},"categories":[12,186,44],"tags":[],"class_list":["post-66521","post","type-post","status-publish","format-standard","has-post-thumbnail","hentry","category-cultura","category-instituciones","category-noticias-de-hoy"],"jetpack_publicize_connections":[],"jetpack_featured_media_url":"https:\/\/i0.wp.com\/miradordeatarfe.es\/wp-content\/uploads\/2024\/01\/419201229_751105327066985_5354173597947202383_n.jpg?fit=526%2C526&ssl=1","jetpack_likes_enabled":true,"jetpack_sharing_enabled":true,"_links":{"self":[{"href":"https:\/\/miradordeatarfe.es\/index.php?rest_route=\/wp\/v2\/posts\/66521","targetHints":{"allow":["GET"]}}],"collection":[{"href":"https:\/\/miradordeatarfe.es\/index.php?rest_route=\/wp\/v2\/posts"}],"about":[{"href":"https:\/\/miradordeatarfe.es\/index.php?rest_route=\/wp\/v2\/types\/post"}],"author":[{"embeddable":true,"href":"https:\/\/miradordeatarfe.es\/index.php?rest_route=\/wp\/v2\/users\/1"}],"replies":[{"embeddable":true,"href":"https:\/\/miradordeatarfe.es\/index.php?rest_route=%2Fwp%2Fv2%2Fcomments&post=66521"}],"version-history":[{"count":1,"href":"https:\/\/miradordeatarfe.es\/index.php?rest_route=\/wp\/v2\/posts\/66521\/revisions"}],"predecessor-version":[{"id":66523,"href":"https:\/\/miradordeatarfe.es\/index.php?rest_route=\/wp\/v2\/posts\/66521\/revisions\/66523"}],"wp:featuredmedia":[{"embeddable":true,"href":"https:\/\/miradordeatarfe.es\/index.php?rest_route=\/wp\/v2\/media\/66522"}],"wp:attachment":[{"href":"https:\/\/miradordeatarfe.es\/index.php?rest_route=%2Fwp%2Fv2%2Fmedia&parent=66521"}],"wp:term":[{"taxonomy":"category","embeddable":true,"href":"https:\/\/miradordeatarfe.es\/index.php?rest_route=%2Fwp%2Fv2%2Fcategories&post=66521"},{"taxonomy":"post_tag","embeddable":true,"href":"https:\/\/miradordeatarfe.es\/index.php?rest_route=%2Fwp%2Fv2%2Ftags&post=66521"}],"curies":[{"name":"wp","href":"https:\/\/api.w.org\/{rel}","templated":true}]}}