{"id":66542,"date":"2024-01-19T08:40:25","date_gmt":"2024-01-19T07:40:25","guid":{"rendered":"https:\/\/miradordeatarfe.es\/?p=66542"},"modified":"2024-01-18T11:49:06","modified_gmt":"2024-01-18T10:49:06","slug":"moreno-no-dijo-que-iba-a-desmantelar-la-sanidad-publica-parte-1","status":"publish","type":"post","link":"https:\/\/miradordeatarfe.es\/?p=66542","title":{"rendered":"MORENO NO DIJO QUE IBA A DESMANTELAR LA SANIDAD P\u00daBLICA (PARTE 1)"},"content":{"rendered":"<h2 style=\"text-align: justify;\">\u00abMoreno Bonilla nunca le dijo a esa mayor\u00eda que le vot\u00f3 que iba a tener que esperar a\u00f1os en una lista de espera, ni que iba a destinar a la privada el dinero que necesita la sanidad p\u00fablica\u00bb<\/h2>\n<div id=\"main\">\n<div class=\"item\">\n<div class=\"cols2-2\">\n<div class=\"colA\">\n<div class=\"entrad\" style=\"text-align: justify;\">Un nuevo &#8216;Habladur\u00edas&#8217; y muy especial, en el que el experto en Salud P\u00fablica conversa con la diputada y portavoz socialista de Salud en el Parlamento andaluz, Mar\u00eda \u00c1ngeles Prieto, en un profunda reflexi\u00f3n sobre su labor y sobre el cr\u00edtico estado de la sanidad p\u00fablica andaluz.<\/div>\n<div>\n<div class=\"divdest\" style=\"text-align: justify;\"><strong>Mar\u00eda \u00c1ngeles Prieto<\/strong> es la portavoz de salud del grupo socialista en el Parlamento andaluz. Forma parte de los 30 parlamentarios del Partido Socialista Obrero Espa\u00f1ol en Andaluc\u00eda y se ha convertido en el azote (desde una perspectiva profesional, como dice ella) del trabajo (muy cuestionado en estos momentos) de la Consejer\u00eda de Salud y Consumo.<\/p>\n<p>Su trabajo previo en la <strong>Escuela Andaluza de Salud P\u00fablica<\/strong> (EASP) ha sido muy intenso, en el \u00e1rea de consultor\u00eda nacional (a nivel del ministerio y en la mayor\u00eda de CCAA) e internacional. Es adem\u00e1s, fundadora de la <strong>Escuela de Pacientes<\/strong>, uno de los proyectos estrella de la EASP hasta hace muy poco.<\/div>\n<p style=\"text-align: justify;\">Ella dice que el cambio no es f\u00e1cil: \u201cEl trabajo en la escuela lo quiero y lo echo de menos. El trabajo en la escuela ha sido muy intenso y muy satisfactorio. Estar al frente de la escuela de pacientes ha sido un lujo\u201d.<\/p>\n<p class=\"sumari\" style=\"text-align: justify;\">\u00abAnte la evidencia de lo que estaba pasando en Andaluc\u00eda, por el deterioro intencionado de la sanidad p\u00fablica que pone en riesgo un derecho fundamental, el pase a un espacio m\u00e1s claro y m\u00e1s directo para frenar el deterioro y construir para el futuro, reconstruir para el futuro, la sanidad nuestra que nos la est\u00e1n destrozando. Era un compromiso y casi una necesidad\u201d<\/p>\n<p style=\"text-align: justify;\">A\u00f1ade: \u201cFue un paso natural, muy natural. Era una obligaci\u00f3n y un compromiso. Yo desde la EASP he trabajado por la sanidad p\u00fablica, por la mejora de la sanidad andaluza. Mi trabajo en la escuela era un trabajo de acci\u00f3n. Yo soy una mujer de acci\u00f3n. He trabajado en proyectos para reforzar y mejorar los servicios p\u00fablicos en Andaluc\u00eda, en CCAA y en Am\u00e9rica Latina. Ante la evidencia de lo que estaba pasando en Andaluc\u00eda, por el deterioro intencionado de la sanidad p\u00fablica que pone en riesgo un derecho fundamental, el pase a un espacio m\u00e1s claro y m\u00e1s directo para frenar el deterioro y construir para el futuro, reconstruir para el futuro, la sanidad nuestra que nos la est\u00e1n destrozando. Era un compromiso y casi una necesidad\u201d.\u00a0<\/p>\n<p style=\"text-align: justify;\">Y termina en esta primera cuesti\u00f3n del cambio de profesional en la EASP al cambio pol\u00edtico: \u201cF\u00e1cil no ha sido. Es un cambio de perspectiva. Es un cambio de herramientas de trabajo, que tienes que aprender y tienes que incorporar. Mi grupo parlamentario, mis compa\u00f1eros y compa\u00f1eras me lo ha hecho muy f\u00e1cil. He aprendido mucho y me est\u00e1n ayudando mucho. Est\u00e1 siendo una etapa apasionante\u201d.\u00a0<\/p>\n<h4 style=\"text-align: justify;\">El trabajo en el Parlamento andaluz<\/h4>\n<p style=\"text-align: justify;\">Hablando del d\u00eda a d\u00eda, del trabajo de una parlamentaria nos cuenta: \u201cDesde la oposici\u00f3n hay un trabajo s\u00faper intenso. Yo no conoc\u00eda este \u00e1mbito. Me ha sorprendido la intensidad del trabajo. Me quito el sombrero y admiro a mis compa\u00f1eros y mis compa\u00f1eras. Somos un grupo peque\u00f1o. La actividad es 24 horas al d\u00eda\u201d.<\/p>\n<div class=\"media media-element-container media-default\" style=\"text-align: justify;\">\n<div id=\"file-98911\" class=\"file file-image file-image-jpeg\">\n<div class=\"content\"><img data-recalc-dims=\"1\" loading=\"lazy\" decoding=\"async\" class=\"media-element file-default alignright\" src=\"https:\/\/i0.wp.com\/www.elindependientedegranada.es\/sites\/default\/files\/ma2.jpg?resize=640%2C673&#038;ssl=1\" alt=\"\" width=\"640\" height=\"673\" data-delta=\"1\" \/><\/div>\n<\/div>\n<\/div>\n<p class=\"pie\" style=\"text-align: justify;\"><span style=\"font-size: 10pt;\"><em>\u00a0\u00a0\u00a0\u00a0\u00a0\u00a0\u00a0\u00a0\u00a0\u00a0\u00a0\u00a0\u00a0\u00a0\u00a0\u00a0\u00a0\u00a0\u00a0\u00a0\u00a0\u00a0\u00a0\u00a0\u00a0\u00a0\u00a0\u00a0\u00a0\u00a0 Mar\u00eda \u00c1ngeles Prieto, azote del PP con la sanidad p\u00fablica andaluza en el Parlamento andaluz.<\/em><\/span><\/p>\n<p style=\"text-align: justify;\">Nos cuenta que el trabajo tiene varias vertientes: el trabajo en el parlamento y adem\u00e1s el trabajo extraparlamentario, que valora como fundamental e important\u00edsimo.<\/p>\n<p class=\"sumari\" style=\"text-align: justify;\">\u201cPendiente -contin\u00faa- de que los programas se lleven a cabo, pendiente de los tiempos de espera que sufrimos ahora, pendiente, denunciando la privatizaci\u00f3n de la sanidad p\u00fablica, con desv\u00edo de ingentes cantidades de dinero a la sanidad privada, de hacer propuestas alternativas, de proponer, de c\u00f3mo habr\u00eda que hacer las cosas\u00bb<\/p>\n<p style=\"text-align: justify;\">\u201cEl trabajo en el parlamento es presentar iniciativas, ejercer el control al gobierno, estar pendiente de los temas, de si se cumplen los plazos, si se llevan a cabo determinadas promesas electorales, si se da respuesta a lo que la ciudadan\u00eda tiene derecho en el \u00e1mbito sanitario\u201d.<\/p>\n<p style=\"text-align: justify;\">\u201cPendiente -contin\u00faa- de que los programas se lleven a cabo, pendiente de los tiempos de espera que sufrimos ahora, pendiente, denunciando la privatizaci\u00f3n de la sanidad p\u00fablica, con desv\u00edo de ingentes cantidades de dinero a la sanidad privada, de hacer propuestas alternativas, de proponer, de c\u00f3mo habr\u00eda que hacer las cosas. Y una tercera dimensi\u00f3n es estar cerca de la gente, de los profesionales, de la ciudadan\u00eda, de los pacientes, recoger sus expectativas, sus necesidades y transformarlas en iniciativas a plantar en el pleno o en la comisi\u00f3n de salud, que puedan ser debatidas y tenidas en cuenta. Y si no denunciar p\u00fablicamente determinadas necesidades, determinados colectivos, pacientes que no est\u00e1n siendo atendidos, que est\u00e1n sufriendo problemas.<\/p>\n<p class=\"sumari\" style=\"text-align: justify;\">\u201cEn ese trabajo, yo me siento muy c\u00f3moda. Despu\u00e9s de m\u00e1s de 10 a\u00f1os al frente de la Escuela de Pacientes, me es muy f\u00e1cil contactar con la ciudadan\u00eda, con los pacientes, con las asociaciones. Me es muy f\u00e1cil ponerme en su lugar, sentirme parte de la sociedad, y me es muy f\u00e1cil entender qu\u00e9 es lo que est\u00e1 pasando, qu\u00e9 es lo que est\u00e1 sufriendo, cu\u00e1l es la angustia, la desesperaci\u00f3n de la gente que no puede acceder a su m\u00e9dico de familia o su m\u00e9dica de familia\u00bb<\/p>\n<p style=\"text-align: justify;\">\u201cEn ese trabajo, yo me siento muy c\u00f3moda. Despu\u00e9s de m\u00e1s de 10 a\u00f1os al frente de la Escuela de Pacientes, me es muy f\u00e1cil contactar con la ciudadan\u00eda, con los pacientes, con las asociaciones. Me es muy f\u00e1cil ponerme en su lugar, sentirme parte de la sociedad, y me es muy f\u00e1cil entender qu\u00e9 es lo que est\u00e1 pasando, qu\u00e9 es lo que est\u00e1 sufriendo, cu\u00e1l es la angustia, la desesperaci\u00f3n de la gente que no puede acceder a su m\u00e9dico de familia o su m\u00e9dica de familia, porque no hay cita o no puede acceder a su centro de salud, o que llevan meses y a\u00f1os en una lista de espera con todas las incertidumbres que me est\u00e1 pasando, qu\u00e9 es lo que tengo y si en el tiempo que estoy esperando est\u00e1 poniendo en riesgo mi vida como as\u00ed sucede\u201d, se\u00f1ala en su reflexi\u00f3n, Mar\u00eda \u00c1ngeles Prieto.<\/p>\n<p style=\"text-align: justify;\">Y ahonda en lo anterior: \u201cEsa funci\u00f3n de escuchar, de empatizar y de poner el foco, tenemos la responsabilidad y la posibilidad de poner el foco de la atenci\u00f3n social y medi\u00e1tica en aquellos problemas que necesitan con urgencia, medidas y soluciones que el gobierno no ve, no quiere ver y no las soluciona\u201d.<\/p>\n<h4 style=\"text-align: justify;\">El desmantelamiento de la sanidad p\u00fablica andaluza por el PP<\/h4>\n<p style=\"text-align: justify;\">Alrededor de escuchar, proponer y denunciar, nos cuenta estar orgullosa, s\u00faper orgullosos del trabajo en equipo, de las 5 personas del grupo socialista de la comisi\u00f3n de salud y de la gente en cada provincia que escucha y m\u00e1s para una \u201cnovata \u201ccomo ella, a la que le cuesta mucho esfuerzo personal.<\/p>\n<p style=\"text-align: justify;\">Y nos dice que hay una muy reciente de la que merece la pena: \u201cEl gobierno de Moreno Bonilla ha dado marcha atr\u00e1s, ya ha publicado la rectificaci\u00f3n de la orden que public\u00f3 el 23 de febrero del 2023 (incluso la fecha era fea) para privatizar la atenci\u00f3n primaria, para poner la atenci\u00f3n primaria en manos de las compa\u00f1\u00edas privadas. Ello ha sido una de las l\u00edneas m\u00e1s importantes de trabajo del grupo socialista y tambi\u00e9n de Por Andaluc\u00eda, un tema en el que los profesionales, las asociaciones, las mareas, los municipales, los sindicatos y se ha conseguido\u201d.<\/p>\n<p class=\"sumari\" style=\"text-align: justify;\">\u00abQuer\u00edan privatizar las consultas de atenci\u00f3n primaria, poner la atenci\u00f3n primaria en manos de la sanidad privada. Hubiera sido destrozar la atenci\u00f3n primaria, modelo andaluz de atenci\u00f3n primaria, modelo de \u00e9xito, modelo que los pa\u00edses m\u00e1s avanzados tiene un modelo de atenci\u00f3n primaria fuerte, modelo que la gente necesita, modelo que disminuye las desigualdades, modelo que en estos momentos est\u00e1 pasando una situaci\u00f3n muy cr\u00edtica\u00bb<\/p>\n<p style=\"text-align: justify;\">\u201cEstoy convencida de que todo el trabajo parlamentario hecho en pleno, en comisi\u00f3n, con las sociedades cient\u00edficas, con los colegios profesionales para parar esta idea demencial, que ser\u00eda un torpedo a la l\u00ednea de flotaci\u00f3n de la sanidad p\u00fablica. Quer\u00edan privatizar las consultas de atenci\u00f3n primaria, poner la atenci\u00f3n primaria en manos de la sanidad privada. Hubiera sido destrozar la atenci\u00f3n primaria, modelo andaluz de atenci\u00f3n primaria, modelo de \u00e9xito, modelo que los pa\u00edses m\u00e1s avanzados tiene un modelo de atenci\u00f3n primaria fuerte, modelo que la gente necesita, modelo que disminuye las desigualdades, modelo que en estos momentos est\u00e1 pasando una situaci\u00f3n muy cr\u00edtica, un mal momento, con problemas serios de funcionamiento, como sucede en la actualidad, con las plantillas que no las refuerzan, despiden a profesionales, ofrecen contratos a los profesionales de pocos d\u00edas, muy precarios y los profesionales se van fuera de Andaluc\u00eda a trabajar a otros sitios\u201d.<\/p>\n<p style=\"text-align: justify;\">\u201cLos centros de salud est\u00e1n con la mitad de la plantilla que ten\u00edan hace cinco a\u00f1os, con menos horario que hace cinco a\u00f1os, con demoras de semanas o que no hay citas, centros de salud cerrados por la tarde y en el medio rural es una aut\u00e9ntica mascare lo que est\u00e1 haciendo este gobierno de la Junta, pueblos que han perdido su consultorio, han perdido las urgencias y todo ello generando desigualdades important\u00edsimas\u201d.<\/p>\n<p class=\"sumari\" style=\"text-align: justify;\">Y afirma Mar\u00eda \u00c1ngeles: \u201cMe preocupa much\u00edsimo lo que est\u00e1 pasando en el medio rural y si ya es dif\u00edcil y ya se est\u00e1 sufriendo el desastre sanitario, el caos sanitario en las grandes capitales, en los pueblos la situaci\u00f3n es absolutamente dram\u00e1tica. Era su intenci\u00f3n y lo est\u00e1 consiguiendo: debilitar la sanidad p\u00fablica para justificar favorecer a la privada. Est\u00e1 pasando que hoy en d\u00eda la salud y la atenci\u00f3n sanitaria depende del c\u00f3digo postal, depende de d\u00f3nde vivas y de la tarjeta de cr\u00e9dito\u201d<\/p>\n<p style=\"text-align: justify;\">Y afirma Mar\u00eda \u00c1ngeles: \u201cMe preocupa much\u00edsimo lo que est\u00e1 pasando en el medio rural y si ya es dif\u00edcil y ya se est\u00e1 sufriendo el desastre sanitario, el caos sanitario en las grandes capitales, en los pueblos la situaci\u00f3n es absolutamente dram\u00e1tica. Era su intenci\u00f3n y lo est\u00e1 consiguiendo: debilitar la sanidad p\u00fablica para justificar favorecer a la privada. Est\u00e1 pasando que hoy en d\u00eda la salud y la atenci\u00f3n sanitaria depende del c\u00f3digo postal, depende de d\u00f3nde vivas y de la tarjeta de cr\u00e9dito\u201d.<\/p>\n<p style=\"text-align: justify;\">\u201cHoy en d\u00eda el que tiene posibilidades econ\u00f3micas recibe atenci\u00f3n sanitaria a tiempo y qui\u00e9n no, est\u00e1 en la lista de espera. Por eso uno de cada cinco en Andaluc\u00eda se ha tenido que sacar un seguro privado. La gente hace lo que haga falta para poder ser atendido y si tiene s\u00edntomas y no sabe lo que tiene y no puede acceder a recibir atenci\u00f3n sanitaria, hace lo que haga falta y si es necesario se hace un seguro privado. As\u00ed, uno de cada cinco ha tenido que sacarse un seguro privado, incluso, hipotec\u00e1ndose. Esta es la sanidad del partido popular, del partido de Moreno Bonilla. Es el modelo del partido popular del PP donde gobierna\u201d.<\/p>\n<p style=\"text-align: justify;\">Las listas de espera ha sido otro de los temas tratados. Y Mar\u00eda \u00c1ngeles Prieto nos cuenta que vienen denunciando desde el partido socialista el problema de las listas de espera desde hace muchos meses. \u201cLas listas de espera han estado un a\u00f1o y pico sin publicarse en Andaluc\u00eda. Nos preocupaba lo que nos trasladaban los profesionales, que denunciaban lo que estaba pasando. Nos dec\u00edan los pacientes que pasaban meses o a\u00f1os esperando y no acced\u00edan a una intervenci\u00f3n quir\u00fargica o a una prueba diagn\u00f3stica, pacientes que les propon\u00edan desplazarse a otras provincias para operarse o para una prueba diagn\u00f3stica. Las listas de espera han estado ocultas. Y ahora hemos sabido que las ten\u00edan escondidas porque las listas de espera en Andaluc\u00eda son las peores de nuestra historia\u00bb.<\/p>\n<div class=\"media media-element-container media-default\" style=\"text-align: justify;\">\n<div id=\"file-98912\" class=\"file file-image file-image-jpeg\">\n<div class=\"content\"><img data-recalc-dims=\"1\" loading=\"lazy\" decoding=\"async\" class=\"media-element file-default alignleft\" src=\"https:\/\/i0.wp.com\/www.elindependientedegranada.es\/sites\/default\/files\/ma1.jpg?resize=640%2C456&#038;ssl=1\" alt=\"\" width=\"640\" height=\"456\" data-delta=\"2\" \/><\/div>\n<\/div>\n<\/div>\n<p class=\"pie\" style=\"text-align: justify;\"><span style=\"font-size: 10pt;\"><em>La diputada socialista por Granada interviene en comisi\u00f3n de Salud.<\/em><\/span><\/p>\n<p style=\"text-align: justify;\">\u201cDesde el 2018, las listas de espera para la consulta del especialista del hospital han aumentado casi un 300%. Los tiempos de espera se han triplicado. Hay m\u00e1s de un mill\u00f3n de andaluces y andaluzas en lista de espera. Tenemos la tasa m\u00e1s alta en lista de espera. Es un verdadero desastre, una verdadera barbaridad, esperable porque conocemos los recortes en las plantillas, conocemos la situaci\u00f3n de los profesionales a los que no se sustituye ni en vacaciones, ni en permisos, ni en bajas por enfermedad y porque no se han renovado miles de contratos de la plantilla\u201d.<\/p>\n<p class=\"sumari\" style=\"text-align: justify;\">Estos recortes de plantilla brutales ligados a la falta de inversi\u00f3n, porque se est\u00e1 desviando a la sanidad privada cantidad ingentes de dinero que no est\u00e1n sirviendo para nada, sumado al incremento de necesidades de los pacientes que durante la pandemia fueron muy pacientes y estuvieron esperando poder acceder a los servicios sanitarios\u201d<\/p>\n<p style=\"text-align: justify;\">12.000 profesionales que se contrataron con el covid, que hac\u00edan funciones estructurales, que ya no hac\u00edan funciones relacionadas con el covid y este gobierno despidi\u00f3 a 8.000 y luego ha ido despidiendo progresivamente a estos profesionales. En enero ha renovado en algunos casos por un mes o por dos meses, en muy pocos casos un poquito m\u00e1s a 7.000 y ha puesto en la calle a 5.000 profesionales. Estos recortes de plantilla brutales ligados a la falta de inversi\u00f3n, porque se est\u00e1 desviando a la sanidad privada cantidad ingentes de dinero que no est\u00e1n sirviendo para nada, sumado al incremento de necesidades de los pacientes que durante la pandemia fueron muy pacientes y estuvieron esperando poder acceder a los servicios sanitarios\u201d.<\/p>\n<p style=\"text-align: justify;\">Estamos juntando tres cosas nos cuenta Mar\u00eda \u00c1ngeles: \u201cUn aumento de necesidades de atenci\u00f3n, porque la gente llevaba esperando mucho tiempo poder ser atendido, sumamos a eso, recortes brutales de plantilla y sumamos a eso que el dinero que ten\u00eda que invertirse en la sanidad p\u00fablica para que el sistema volviera a funcionar, en lugar de invertirla en la sanidad p\u00fablica, lo estoy sacando de aqu\u00ed y lo estoy invirtiendo en la sanidad privada nos da como resultado, una sanidad colapsada, una sanidad desmantelada, unas listas de espera que son reflejo de una sanidad con una falta de profesionales porque si no hay profesionales para hacer las pruebas diagn\u00f3sticas, no hay profesionales para hacer las consultas en el hospital, no hay profesionales que pueden hacer las intervenciones quir\u00fargicas, entonces las listas de espera se disparan y est\u00e1n preocupantemente disparadas, porque la inmensa mayor\u00eda de los pacientes, dependiendo de los procesos, est\u00e1n fuera de los plazos de garant\u00eda\u201d.<\/p>\n<p class=\"sumari\" style=\"text-align: justify;\">\u00abY est\u00e1n superando estos plazos se est\u00e1 poniendo en riesgo tu vida. Garantizar la vida de la gente para que la gente reciba la atenci\u00f3n sanitaria en plazos razonables es la funci\u00f3n de un gobierno y eso no est\u00e1 pasando\u201d<\/p>\n<p style=\"text-align: justify;\">\u201cEn Andaluc\u00eda existe por ley, est\u00e1n garantizados los tiempos que una persona puede esperar para una prueba diagn\u00f3stica o para una intervenci\u00f3n quir\u00fargica. Para una prueba diagn\u00f3stica te la tienen que hacer en 30 d\u00edas (las personas que nos escuchan se van a escandalizar y viendo las personas que esperan meses y meses para una resonancia) o una intervenci\u00f3n quir\u00fargica tambi\u00e9n tiene unos plazos y depende del tipo de intervenci\u00f3n, una persona puede esperar 30, 60, 90 o 180 d\u00edas. Y se est\u00e1n superando con creces. Y est\u00e1n superando estos plazos se est\u00e1 poniendo en riesgo tu vida. Garantizar la vida de la gente para que la gente reciba la atenci\u00f3n sanitaria en plazos razonables es la funci\u00f3n de un gobierno y eso no est\u00e1 pasando\u201d.<\/p>\n<p class=\"sumari\" style=\"text-align: justify;\">\u00abEsto pasa en un momento en el que \u201chay m\u00e1s dinero que nunca, la Junta de Andaluc\u00eda tiene m\u00e1s presupuesto que nunca por los fondos europeos, por la trasferencia del Gobierno de Espa\u00f1a y tenemos los mayores problemas de la historia. Y eso es porque la Junta no apuesta por la sanidad p\u00fablica, su apuesta es por la sanidad privada y est\u00e1 debilitando intencionadamente la sanidad p\u00fablica y esto no se puede consentir\u00bb<\/p>\n<p style=\"text-align: justify;\">Y nos sigue contando nuestra parlamentaria de Granada que eso pasa en un momento en el que \u201chay m\u00e1s dinero que nunca, la Junta de Andaluc\u00eda tiene m\u00e1s presupuesto que nunca por los fondos europeos, por la trasferencia del Gobierno de Espa\u00f1a y tenemos los mayores problemas de la historia. Y eso es porque la Junta no apuesta por la sanidad p\u00fablica, su apuesta es por la sanidad privada y est\u00e1 debilitando intencionadamente la sanidad p\u00fablica y esto no se puede consentir. Porque la sanidad es un derecho, porque la gente quiere un modelo de sanidad p\u00fablica. El Partido Popular nunca le dijo que iba a privatizar la sanidad, nunca le dijo a la ciudadan\u00eda que iba a tener que pagarse un seguro privado o un pediatra privado para atender a su hijo.<\/p>\n<p style=\"text-align: justify;\">Y a\u00f1ade Mar\u00eda \u00c1ngeles de forma muy contundente: \u201cMoreno Bonilla nunca le dijo a esa mayor\u00eda que le vot\u00f3 que iban a tener que esperar a\u00f1os en una lista de espera, nunca les dijo que iban a destinar a la privada el dinero que iba a necesitar la sanidad p\u00fablica. Hay que decir basta y decir NO. Y nos quedan muchas batallas que ganar en estos dos a\u00f1os y medio de legislatura y un ejemplo es c\u00f3mo se ha parado lo de la privatizaci\u00f3n de la atenci\u00f3n primaria\u201d.<\/p>\n<p class=\"sumari\" style=\"text-align: justify;\">Y Mar\u00eda \u00c1ngeles nos cuenta que nuestro sistema sanitario\u00bb tiene muchas necesidades, el sistema sanitario andaluz con todos sus problemas y con la intenci\u00f3n de destrozo del partido popular, a pesar de ello el sistema se est\u00e1 manteniendo gracias a los profesionales excelentes que tiene el sistema sanitario porque el sistema tiene m\u00fasculo\u201d<\/p>\n<p style=\"text-align: justify;\">Hablamos ahora sobre la privatizaci\u00f3n, m\u00e1s recursos para la privada y menos recursos para la p\u00fablica y c\u00f3mo afecta a la ciudadan\u00eda. Y Mar\u00eda \u00c1ngeles nos cuenta que nuestro sistema sanitario\u00bb tiene muchas necesidades, el sistema sanitario andaluz con todos sus problemas y con la intenci\u00f3n de destrozo del partido popular, a pesar de ello el sistema se est\u00e1 manteniendo gracias a los profesionales excelentes que tiene el sistema sanitario porque el sistema tiene m\u00fasculo\u201d.<\/p>\n<p style=\"text-align: justify;\">Y nos a\u00f1ade: \u201cEl sistema sanitario andaluz estaba a la cabeza de los sistemas sanitarios de las CCAA. Hace 5 a\u00f1os la sanidad p\u00fablica andaluza estaba en las primeras posiciones del ranking de las CCAA. La sanidad p\u00fablica andaluza ahora ocupa el \u00faltimo lugar en el ranking de calidad de los servicios sanitarios las CCAA, seg\u00fan el informe de la FADSP. Me entristece y me enrabia. He trabajado en el \u00e1rea de consultor\u00eda de la EASP muchos a\u00f1os y he viajado por toda Espa\u00f1a haciendo consultor\u00eda en muchos sitios, y viv\u00ed en primera persona la envidia que hab\u00eda en las CCAA por el sistema sanitario en Andaluc\u00eda, con todos los problemas que ten\u00eda y las \u00e1reas de mejoras que las hab\u00eda porque en la crisis anterior sufri\u00f3 Andaluc\u00eda con toda la dureza, con especial dureza. Moreno Bonilla y su consejera nos ha llevado a la \u00faltima posici\u00f3n\u201d.<\/p>\n<p style=\"text-align: justify;\">Y a\u00f1ade: \u201cEn esta situaci\u00f3n, cualquier sistema sanitario de cualquier lugar del mundo necesita muchos recursos y la situaci\u00f3n actual es clara y evidente. Dos problemas importantes: uno, el presupuesto que necesita la sanidad p\u00fablica se est\u00e1 destinando a la privada no sabemos muy bien para qu\u00e9, porque las listas de espera no han mejorado ni un \u00e1pice despu\u00e9s del dinero destinado a la privada, muchos de ellos de forma irregular con contratos de emergencia sin estar justificados y la lista de espera no ha mejorado, al contrario, ha seguido empeorando. Y sigue apuntando: hay un dinero que se est\u00e1 enviando a la privada que no est\u00e1 mejorando las listas de espera y la sanidad p\u00fablica lo necesita porque necesita personal\u00bb.<\/p>\n<p><strong> <span class=\"autor\"> Joan Carles March<\/span><\/strong><\/p>\n<\/div>\n<p>FOTO: Manifestaci\u00f3n, con presencia de los sindicatos, en defensa de la sanidad p\u00fablica en Sevilla, imagen de archivo.<\/p>\n<p>https:\/\/www.elindependientedegranada.es\/politica\/moreno-bonilla-nunca-le-dijo-esa-mayoria-que-le-voto-que-iba-tener-que-esperar-anos-lista<\/p>\n<\/div>\n<\/div>\n<\/div>\n<\/div>\n","protected":false},"excerpt":{"rendered":"<p>\u00abMoreno Bonilla nunca le dijo a esa mayor\u00eda que le vot\u00f3 que iba a tener&#8230;<\/p>\n","protected":false},"author":1,"featured_media":66543,"comment_status":"closed","ping_status":"closed","sticky":false,"template":"","format":"standard","meta":{"_coblocks_attr":"","_coblocks_dimensions":"","_coblocks_responsive_height":"","_coblocks_accordion_ie_support":"","jetpack_post_was_ever_published":false,"_jetpack_newsletter_access":"","_jetpack_dont_email_post_to_subs":false,"_jetpack_newsletter_tier_id":0,"_jetpack_memberships_contains_paywalled_content":false,"_jetpack_memberships_contains_paid_content":false,"footnotes":"","jetpack_publicize_message":"","jetpack_publicize_feature_enabled":true,"jetpack_social_post_already_shared":true,"jetpack_social_options":{"image_generator_settings":{"template":"highway","default_image_id":0,"enabled":false},"version":2}},"categories":[10791,1161,186,44],"tags":[],"class_list":["post-66542","post","type-post","status-publish","format-standard","has-post-thumbnail","hentry","category-andalucia","category-ciudadania","category-instituciones","category-noticias-de-hoy"],"jetpack_publicize_connections":[],"jetpack_featured_media_url":"https:\/\/i0.wp.com\/miradordeatarfe.es\/wp-content\/uploads\/2024\/01\/sanidad-sevilla-190222-02_5_659x378.jpeg?fit=659%2C378&ssl=1","jetpack_likes_enabled":true,"jetpack_sharing_enabled":true,"_links":{"self":[{"href":"https:\/\/miradordeatarfe.es\/index.php?rest_route=\/wp\/v2\/posts\/66542","targetHints":{"allow":["GET"]}}],"collection":[{"href":"https:\/\/miradordeatarfe.es\/index.php?rest_route=\/wp\/v2\/posts"}],"about":[{"href":"https:\/\/miradordeatarfe.es\/index.php?rest_route=\/wp\/v2\/types\/post"}],"author":[{"embeddable":true,"href":"https:\/\/miradordeatarfe.es\/index.php?rest_route=\/wp\/v2\/users\/1"}],"replies":[{"embeddable":true,"href":"https:\/\/miradordeatarfe.es\/index.php?rest_route=%2Fwp%2Fv2%2Fcomments&post=66542"}],"version-history":[{"count":1,"href":"https:\/\/miradordeatarfe.es\/index.php?rest_route=\/wp\/v2\/posts\/66542\/revisions"}],"predecessor-version":[{"id":66544,"href":"https:\/\/miradordeatarfe.es\/index.php?rest_route=\/wp\/v2\/posts\/66542\/revisions\/66544"}],"wp:featuredmedia":[{"embeddable":true,"href":"https:\/\/miradordeatarfe.es\/index.php?rest_route=\/wp\/v2\/media\/66543"}],"wp:attachment":[{"href":"https:\/\/miradordeatarfe.es\/index.php?rest_route=%2Fwp%2Fv2%2Fmedia&parent=66542"}],"wp:term":[{"taxonomy":"category","embeddable":true,"href":"https:\/\/miradordeatarfe.es\/index.php?rest_route=%2Fwp%2Fv2%2Fcategories&post=66542"},{"taxonomy":"post_tag","embeddable":true,"href":"https:\/\/miradordeatarfe.es\/index.php?rest_route=%2Fwp%2Fv2%2Ftags&post=66542"}],"curies":[{"name":"wp","href":"https:\/\/api.w.org\/{rel}","templated":true}]}}