{"id":66557,"date":"2024-01-25T09:21:36","date_gmt":"2024-01-25T08:21:36","guid":{"rendered":"https:\/\/miradordeatarfe.es\/?p=66557"},"modified":"2024-01-22T20:34:31","modified_gmt":"2024-01-22T19:34:31","slug":"mi-habitacion-son-4x2-metros-sin-ventanas-estoy-intentando-ahorrar-para-irme-a-vivir-sola","status":"publish","type":"post","link":"https:\/\/miradordeatarfe.es\/?p=66557","title":{"rendered":"\u00abMi habitaci\u00f3n son 4&#215;2 metros sin ventanas. Estoy intentando ahorrar para irme a vivir sola\u00bb"},"content":{"rendered":"<h3 style=\"text-align: justify;\">&#8216;Hora 25&#8217; analiza la realidad de la emancipaci\u00f3n en Espa\u00f1a. Aimar Bretos dirige una edici\u00f3n especial del programa desde el sal\u00f3n de unos chavales emancipados. Solo el 16,3% de los j\u00f3venes espa\u00f1oles ha podido irse de casa de sus padres.<\/h3>\n<p style=\"text-align: justify;\">Mi habitaci\u00f3n son 4&#215;2 metros y no tiene ventanas. Pago unos 200 euros. No est\u00e1 pensado para que viva nadie, pero mi situaci\u00f3n es temporal. Estoy aceptando esta situaci\u00f3n para ahorrar y permitirme una entrada para una hipoteca\u00bb. Esta es la realidad de miles de j\u00f3venes en nuestro pa\u00eds. Ella es Carmen, una chica que vive en Madrid, y lleva 12 a\u00f1os compartiendo piso. Ella ha participado en la edici\u00f3n especial de &#8216;Hora 25&#8217; desde el sal\u00f3n de unos chavales emancipados. Emancipaci\u00f3n: una palabra que para mucha gente no es m\u00e1s que un animal mitol\u00f3gico.<\/p>\n<p style=\"text-align: justify;\">Emanciparse en Espa\u00f1a es casi una misi\u00f3n imposible para los j\u00f3venes. Solo <a href=\"https:\/\/cadenaser.com\/nacional\/2024\/01\/16\/solo-16-de-cada-100-jovenes-en-espana-vive-emancipado-de-sus-padres-cadena-ser\/\" target=\"_blank\" rel=\"noopener\">el 16,3% de esta poblaci\u00f3n<\/a>, formada por m\u00e1s de siete millones de personas de entre 16 y 29 a\u00f1os, ha podido irse de casa de sus padres. Un porcentaje que est\u00e1 lejos de la media de la Uni\u00f3n Europea, situada en el 31,9%, tal y como recoge el \u00faltimo informe del <a href=\"https:\/\/www.cje.org\/observatorio-de-emancipacion\/\" target=\"_blank\" rel=\"nofollow noopener\">Observatorio de la Emancipaci\u00f3n<\/a> del Consejo de la Juventud de Espa\u00f1a.<\/p>\n<p style=\"text-align: justify;\">El estudio, publicado este martes, se\u00f1ala que el problema estructural de vivienda hace que nuestro pa\u00eds tenga una de las edades medias de emancipaci\u00f3n m\u00e1s altas de Europa, a los 30,3 a\u00f1os. El precio de los alquileres, la forma m\u00e1s habitual de los j\u00f3venes para emanciparse, se han disparado y est\u00e1n por encima de los salarios. Seg\u00fan este estudio, los precios est\u00e1n tan altos que si una persona joven quisiera vivir sola tendr\u00eda que dedicar el 93% de su salario a los gastos de la vivienda. De hecho, en 7 comunidades aut\u00f3nomas (Andaluc\u00eda, Cantabria, Euskadi, Catalu\u00f1a, Canarias, Baleares y Madrid) habr\u00eda que destinar el 100% del salario.<\/p>\n<p style=\"text-align: justify;\">Aimar Bretos ha convocado a varios j\u00f3venes en la casa de Elena. Son tres habitaciones, en el centro de Madrid, por unos 1.400 euros. Ella paga 630 euros por habitaci\u00f3n, que comparte con su novio. Brais, por ejemplo, tiene 28 a\u00f1os y vive con dos compa\u00f1eras de piso. \u00abAhora mismo irme a vivir solo es imposible. Pago unos 400 euros. Es un 38% de mi salario. Me independic\u00e9 con 18 a\u00f1os. Irme a vivir solo es un sue\u00f1o, pero no puedo\u00bb, asegura.<\/p>\n<div class=\"c-sum\" style=\"text-align: justify;\">\n<div class=\"twitter-tweet twitter-tweet-rendered\"><iframe id=\"twitter-widget-0\" class=\"\" title=\"X Post\" src=\"https:\/\/platform.twitter.com\/embed\/Tweet.html?dnt=false&amp;embedId=twitter-widget-0&amp;features=eyJ0ZndfdGltZWxpbmVfbGlzdCI6eyJidWNrZXQiOltdLCJ2ZXJzaW9uIjpudWxsfSwidGZ3X2ZvbGxvd2VyX2NvdW50X3N1bnNldCI6eyJidWNrZXQiOnRydWUsInZlcnNpb24iOm51bGx9LCJ0ZndfdHdlZXRfZWRpdF9iYWNrZW5kIjp7ImJ1Y2tldCI6Im9uIiwidmVyc2lvbiI6bnVsbH0sInRmd19yZWZzcmNfc2Vzc2lvbiI6eyJidWNrZXQiOiJvbiIsInZlcnNpb24iOm51bGx9LCJ0ZndfZm9zbnJfc29mdF9pbnRlcnZlbnRpb25zX2VuYWJsZWQiOnsiYnVja2V0Ijoib24iLCJ2ZXJzaW9uIjpudWxsfSwidGZ3X21peGVkX21lZGlhXzE1ODk3Ijp7ImJ1Y2tldCI6InRyZWF0bWVudCIsInZlcnNpb24iOm51bGx9LCJ0ZndfZXhwZXJpbWVudHNfY29va2llX2V4cGlyYXRpb24iOnsiYnVja2V0IjoxMjA5NjAwLCJ2ZXJzaW9uIjpudWxsfSwidGZ3X3Nob3dfYmlyZHdhdGNoX3Bpdm90c19lbmFibGVkIjp7ImJ1Y2tldCI6Im9uIiwidmVyc2lvbiI6bnVsbH0sInRmd19kdXBsaWNhdGVfc2NyaWJlc190b19zZXR0aW5ncyI6eyJidWNrZXQiOiJvbiIsInZlcnNpb24iOm51bGx9LCJ0ZndfdXNlX3Byb2ZpbGVfaW1hZ2Vfc2hhcGVfZW5hYmxlZCI6eyJidWNrZXQiOiJvbiIsInZlcnNpb24iOm51bGx9LCJ0ZndfdmlkZW9faGxzX2R5bmFtaWNfbWFuaWZlc3RzXzE1MDgyIjp7ImJ1Y2tldCI6InRydWVfYml0cmF0ZSIsInZlcnNpb24iOm51bGx9LCJ0ZndfbGVnYWN5X3RpbWVsaW5lX3N1bnNldCI6eyJidWNrZXQiOnRydWUsInZlcnNpb24iOm51bGx9LCJ0ZndfdHdlZXRfZWRpdF9mcm9udGVuZCI6eyJidWNrZXQiOiJvbiIsInZlcnNpb24iOm51bGx9fQ%3D%3D&amp;frame=false&amp;hideCard=false&amp;hideThread=false&amp;id=1747360329242214685&amp;lang=es&amp;origin=https%3A%2F%2Fcadenaser.com%2Fnacional%2F2024%2F01%2F16%2Fla-realidad-de-los-jovenes-la-vivienda-y-los-salarios-hora-25-se-mete-en-el-salon-de-unos-chavales-emancipados-cadena-ser%2F&amp;sessionId=ec4c8251b054b8e31a130644514db756b0881157&amp;siteScreenName=La_SER&amp;theme=light&amp;widgetsVersion=2615f7e52b7e0%3A1702314776716&amp;width=550px\" frameborder=\"0\" scrolling=\"no\" allowfullscreen=\"allowfullscreen\" data-tweet-id=\"1747360329242214685\" data-mce-fragment=\"1\"><\/iframe><\/div>\n<\/div>\n<div style=\"text-align: justify;\">\u00a0<\/div>\n<p style=\"text-align: justify;\">Elena no se podr\u00eda ir tampoco a vivir sola. \u00abCon mi novio quiz\u00e1 s\u00ed, pero queremos guardar un poco. \u00c9l es franc\u00e9s y me llama mucho la atenci\u00f3n cuando hablo con sus amigos que nos cuentan que estamos \u00abperdiendo el dinero\u00bb con el alquiler. Conozco a cero personas que se planteen comprarse una vivienda ahora mismo\u00bb, relata. Por su parte, Alejandro Ortega paga 410 euros de alquiler porque su habitaci\u00f3n es la m\u00e1s peque\u00f1a de la casa. En muchos pisos los compa\u00f1eros eligen la habitaci\u00f3n en la que vivir\u00e1n seg\u00fan su precio, mientras que en otros, como el de Brais, directamente se sortea.<\/p>\n<p style=\"text-align: justify;\">\u00abMe da un poco de v\u00e9rtigo pensar en cinco a\u00f1os vista. Espero no compartir piso\u00bb, concuerdan los tres.<\/p>\n<p style=\"text-align: justify;\">\u00abEl principal problema de los salarios hurta la capacidad de tener control de tu propio tiempo. Esto se asocia con la incapacidad para construir un proyecto vital\u00bb, analiza Pablo Sim\u00f3n, polit\u00f3logo de la Universidad Carlos III. \u00abSi no puedes desarrollar ese proyecto vital, luego lloramos como sociedad. Decimos \u00abes que la gente no tiene hijos\u00bb. El pa\u00eds es menos productivo, uno no puede encontrar trabajo en cualquier sitio y tienes que incorporar el coste de la vivienda all\u00e1 donde vas. No hay mayor riesgo que nos convirtamos en un pa\u00eds de rentistas: que nos hagamos con la propiedad de casas y las alquilemos para obtener beneficios\u00bb, se\u00f1ala.<\/p>\n<div class=\"c-sum\" style=\"text-align: justify;\">\n<div class=\"twitter-tweet twitter-tweet-rendered\"><iframe id=\"twitter-widget-1\" class=\"\" title=\"X Post\" src=\"https:\/\/platform.twitter.com\/embed\/Tweet.html?dnt=false&amp;embedId=twitter-widget-1&amp;features=eyJ0ZndfdGltZWxpbmVfbGlzdCI6eyJidWNrZXQiOltdLCJ2ZXJzaW9uIjpudWxsfSwidGZ3X2ZvbGxvd2VyX2NvdW50X3N1bnNldCI6eyJidWNrZXQiOnRydWUsInZlcnNpb24iOm51bGx9LCJ0ZndfdHdlZXRfZWRpdF9iYWNrZW5kIjp7ImJ1Y2tldCI6Im9uIiwidmVyc2lvbiI6bnVsbH0sInRmd19yZWZzcmNfc2Vzc2lvbiI6eyJidWNrZXQiOiJvbiIsInZlcnNpb24iOm51bGx9LCJ0ZndfZm9zbnJfc29mdF9pbnRlcnZlbnRpb25zX2VuYWJsZWQiOnsiYnVja2V0Ijoib24iLCJ2ZXJzaW9uIjpudWxsfSwidGZ3X21peGVkX21lZGlhXzE1ODk3Ijp7ImJ1Y2tldCI6InRyZWF0bWVudCIsInZlcnNpb24iOm51bGx9LCJ0ZndfZXhwZXJpbWVudHNfY29va2llX2V4cGlyYXRpb24iOnsiYnVja2V0IjoxMjA5NjAwLCJ2ZXJzaW9uIjpudWxsfSwidGZ3X3Nob3dfYmlyZHdhdGNoX3Bpdm90c19lbmFibGVkIjp7ImJ1Y2tldCI6Im9uIiwidmVyc2lvbiI6bnVsbH0sInRmd19kdXBsaWNhdGVfc2NyaWJlc190b19zZXR0aW5ncyI6eyJidWNrZXQiOiJvbiIsInZlcnNpb24iOm51bGx9LCJ0ZndfdXNlX3Byb2ZpbGVfaW1hZ2Vfc2hhcGVfZW5hYmxlZCI6eyJidWNrZXQiOiJvbiIsInZlcnNpb24iOm51bGx9LCJ0ZndfdmlkZW9faGxzX2R5bmFtaWNfbWFuaWZlc3RzXzE1MDgyIjp7ImJ1Y2tldCI6InRydWVfYml0cmF0ZSIsInZlcnNpb24iOm51bGx9LCJ0ZndfbGVnYWN5X3RpbWVsaW5lX3N1bnNldCI6eyJidWNrZXQiOnRydWUsInZlcnNpb24iOm51bGx9LCJ0ZndfdHdlZXRfZWRpdF9mcm9udGVuZCI6eyJidWNrZXQiOiJvbiIsInZlcnNpb24iOm51bGx9fQ%3D%3D&amp;frame=false&amp;hideCard=false&amp;hideThread=false&amp;id=1747362427203699136&amp;lang=es&amp;origin=https%3A%2F%2Fcadenaser.com%2Fnacional%2F2024%2F01%2F16%2Fla-realidad-de-los-jovenes-la-vivienda-y-los-salarios-hora-25-se-mete-en-el-salon-de-unos-chavales-emancipados-cadena-ser%2F&amp;sessionId=ec4c8251b054b8e31a130644514db756b0881157&amp;siteScreenName=La_SER&amp;theme=light&amp;widgetsVersion=2615f7e52b7e0%3A1702314776716&amp;width=550px\" frameborder=\"0\" scrolling=\"no\" allowfullscreen=\"allowfullscreen\" data-tweet-id=\"1747362427203699136\" data-mce-fragment=\"1\"><\/iframe><\/div>\n<\/div>\n<div style=\"text-align: justify;\">\u00a0<\/div>\n<p style=\"text-align: justify;\">El problema de la emancipaci\u00f3n no solo tiene que ver con los j\u00f3venes. Va de muchas familias que soportan gastos importantes, en parte porque en el momento en el que se independizan sus hijos todav\u00eda tienen que sostenerlos econ\u00f3micamente o porque directamente los chavales no salen de la casa y se hunden. La hija de Mar\u00eda tiene 25 a\u00f1os, es periodista y no puede plantearse irse de casa. Cobra 500 euros al mes. \u00abNo le dar\u00eda ni para alquilar una habitaci\u00f3n en un piso compartido\u00bb, confiesa. \u00abCon un contrato de dos meses no pueden plantearse un futuro. Nadie sabe qu\u00e9 pasar\u00e1 despu\u00e9s\u00bb, a\u00f1ade.<\/p>\n<div class=\"c-sum\" style=\"text-align: justify;\">\n<div class=\"twitter-tweet twitter-tweet-rendered\"><iframe id=\"twitter-widget-2\" class=\"\" title=\"X Post\" src=\"https:\/\/platform.twitter.com\/embed\/Tweet.html?dnt=false&amp;embedId=twitter-widget-2&amp;features=eyJ0ZndfdGltZWxpbmVfbGlzdCI6eyJidWNrZXQiOltdLCJ2ZXJzaW9uIjpudWxsfSwidGZ3X2ZvbGxvd2VyX2NvdW50X3N1bnNldCI6eyJidWNrZXQiOnRydWUsInZlcnNpb24iOm51bGx9LCJ0ZndfdHdlZXRfZWRpdF9iYWNrZW5kIjp7ImJ1Y2tldCI6Im9uIiwidmVyc2lvbiI6bnVsbH0sInRmd19yZWZzcmNfc2Vzc2lvbiI6eyJidWNrZXQiOiJvbiIsInZlcnNpb24iOm51bGx9LCJ0ZndfZm9zbnJfc29mdF9pbnRlcnZlbnRpb25zX2VuYWJsZWQiOnsiYnVja2V0Ijoib24iLCJ2ZXJzaW9uIjpudWxsfSwidGZ3X21peGVkX21lZGlhXzE1ODk3Ijp7ImJ1Y2tldCI6InRyZWF0bWVudCIsInZlcnNpb24iOm51bGx9LCJ0ZndfZXhwZXJpbWVudHNfY29va2llX2V4cGlyYXRpb24iOnsiYnVja2V0IjoxMjA5NjAwLCJ2ZXJzaW9uIjpudWxsfSwidGZ3X3Nob3dfYmlyZHdhdGNoX3Bpdm90c19lbmFibGVkIjp7ImJ1Y2tldCI6Im9uIiwidmVyc2lvbiI6bnVsbH0sInRmd19kdXBsaWNhdGVfc2NyaWJlc190b19zZXR0aW5ncyI6eyJidWNrZXQiOiJvbiIsInZlcnNpb24iOm51bGx9LCJ0ZndfdXNlX3Byb2ZpbGVfaW1hZ2Vfc2hhcGVfZW5hYmxlZCI6eyJidWNrZXQiOiJvbiIsInZlcnNpb24iOm51bGx9LCJ0ZndfdmlkZW9faGxzX2R5bmFtaWNfbWFuaWZlc3RzXzE1MDgyIjp7ImJ1Y2tldCI6InRydWVfYml0cmF0ZSIsInZlcnNpb24iOm51bGx9LCJ0ZndfbGVnYWN5X3RpbWVsaW5lX3N1bnNldCI6eyJidWNrZXQiOnRydWUsInZlcnNpb24iOm51bGx9LCJ0ZndfdHdlZXRfZWRpdF9mcm9udGVuZCI6eyJidWNrZXQiOiJvbiIsInZlcnNpb24iOm51bGx9fQ%3D%3D&amp;frame=false&amp;hideCard=false&amp;hideThread=false&amp;id=1747365320933687668&amp;lang=es&amp;origin=https%3A%2F%2Fcadenaser.com%2Fnacional%2F2024%2F01%2F16%2Fla-realidad-de-los-jovenes-la-vivienda-y-los-salarios-hora-25-se-mete-en-el-salon-de-unos-chavales-emancipados-cadena-ser%2F&amp;sessionId=ec4c8251b054b8e31a130644514db756b0881157&amp;siteScreenName=La_SER&amp;theme=light&amp;widgetsVersion=2615f7e52b7e0%3A1702314776716&amp;width=550px\" frameborder=\"0\" scrolling=\"no\" allowfullscreen=\"allowfullscreen\" data-tweet-id=\"1747365320933687668\" data-mce-fragment=\"1\"><\/iframe><\/div>\n<div class=\"twitter-tweet twitter-tweet-rendered\">Aday C\u00e1rdenas est\u00e1 en paro. Comparte piso y la mitad de lo que cobra por la prestaci\u00f3n por desempleo van para el alquiler. \u00abSi te resignas a trabajar en seg\u00fan qu\u00e9 campos vas a cobrar mejor y puedes so\u00f1ar con comprarte un piso en Madrid. Con el alquiler, si pones en perspectiva lo que estamos pagando, no s\u00e9 qu\u00e9 hacemos diciendo que est\u00e1 bien, pero tienes la realidad totalmente desvirtuada\u00bb, reflexiona.<\/div>\n<\/div>\n<p style=\"text-align: justify;\">\u00abHay rasgos que son singulares de esta generaci\u00f3n, aunque el problema de la emancipaci\u00f3n no es nuevo. Quienes nacieron en 1992, cumplieron 16 a\u00f1os en 2008. Desde esa fecha hasta 2022 la renta per c\u00e1pita, adem\u00e1s de subir y bajar, la renta apenas ha subido un 2%. En esa etapa de la vida, resulta que la memoria que tienes es que si te comparas con la generaci\u00f3n de tus padres, viv\u00edan mejor, se pod\u00edan proyectar a futuro. Esta idea de no poder proyectarse es lo que es singular de esta generaci\u00f3n\u00bb, argumenta el doctor en Econom\u00eda, Daniel Fuentes.<\/p>\n<p style=\"text-align: justify;\">El economista lanza un mensaje optimista a los j\u00f3venes: \u00abSi vuestra generaci\u00f3n hace de causa social la vivienda, el mercado laboral o el medio ambiente, no baj\u00e9is los brazos. Ten\u00e9is influencia en la materializaci\u00f3n de la agenda pol\u00edtica como han tenido todas las generaciones\u00bb<\/p>\n<p style=\"text-align: justify;\">Por su parte, el columnista habitual de &#8216;Hora 25&#8217;, Joaqu\u00edn Estefan\u00eda, tambi\u00e9n ha querido reflexionar sobre el asunto. \u00abConozco bien el problema. Tengo tres hijos, dos de ellos han compartido piso mientras estudiaban y uno a\u00fan no se ha podido emancipar. El problema est\u00e1 cuando juntas el precio con los salarios. Necesitamos un pacto intergeneracional urgente\u00bb, sentencia.<\/p>\n<div class=\"cnt-iframe-16-9\" style=\"text-align: justify;\"><a href=\"https:\/\/www.youtube.com\/live\/hdN6fA95joI?feature=shared\">https:\/\/www.youtube.com\/live\/hdN6fA95joI?feature=shared<\/a><\/div>\n","protected":false},"excerpt":{"rendered":"<p>&#8216;Hora 25&#8217; analiza la realidad de la emancipaci\u00f3n en Espa\u00f1a. Aimar Bretos dirige una edici\u00f3n&#8230;<\/p>\n","protected":false},"author":1,"featured_media":66558,"comment_status":"closed","ping_status":"closed","sticky":false,"template":"","format":"standard","meta":{"_coblocks_attr":"","_coblocks_dimensions":"","_coblocks_responsive_height":"","_coblocks_accordion_ie_support":"","jetpack_post_was_ever_published":false,"_jetpack_newsletter_access":"","_jetpack_dont_email_post_to_subs":false,"_jetpack_newsletter_tier_id":0,"_jetpack_memberships_contains_paywalled_content":false,"_jetpack_memberships_contains_paid_content":false,"footnotes":"","jetpack_publicize_message":"","jetpack_publicize_feature_enabled":true,"jetpack_social_post_already_shared":true,"jetpack_social_options":{"image_generator_settings":{"template":"highway","default_image_id":0,"enabled":false},"version":2}},"categories":[1161,44,7671,10],"tags":[],"class_list":["post-66557","post","type-post","status-publish","format-standard","has-post-thumbnail","hentry","category-ciudadania","category-noticias-de-hoy","category-politica","category-salud"],"jetpack_publicize_connections":[],"jetpack_featured_media_url":"https:\/\/i0.wp.com\/miradordeatarfe.es\/wp-content\/uploads\/2024\/01\/Screenshot-2024-01-18-at-12-22-30-Mi-habitacion-son-4x2-metros-sin-ventanas.-Estoy-intentando-ahorrar-para-irme-a-vivir-sola-Hora-25-analiza-la-realidad-de-la-emancipacion-en-Espana.png?fit=529%2C227&ssl=1","jetpack_likes_enabled":true,"jetpack_sharing_enabled":true,"_links":{"self":[{"href":"https:\/\/miradordeatarfe.es\/index.php?rest_route=\/wp\/v2\/posts\/66557","targetHints":{"allow":["GET"]}}],"collection":[{"href":"https:\/\/miradordeatarfe.es\/index.php?rest_route=\/wp\/v2\/posts"}],"about":[{"href":"https:\/\/miradordeatarfe.es\/index.php?rest_route=\/wp\/v2\/types\/post"}],"author":[{"embeddable":true,"href":"https:\/\/miradordeatarfe.es\/index.php?rest_route=\/wp\/v2\/users\/1"}],"replies":[{"embeddable":true,"href":"https:\/\/miradordeatarfe.es\/index.php?rest_route=%2Fwp%2Fv2%2Fcomments&post=66557"}],"version-history":[{"count":1,"href":"https:\/\/miradordeatarfe.es\/index.php?rest_route=\/wp\/v2\/posts\/66557\/revisions"}],"predecessor-version":[{"id":66559,"href":"https:\/\/miradordeatarfe.es\/index.php?rest_route=\/wp\/v2\/posts\/66557\/revisions\/66559"}],"wp:featuredmedia":[{"embeddable":true,"href":"https:\/\/miradordeatarfe.es\/index.php?rest_route=\/wp\/v2\/media\/66558"}],"wp:attachment":[{"href":"https:\/\/miradordeatarfe.es\/index.php?rest_route=%2Fwp%2Fv2%2Fmedia&parent=66557"}],"wp:term":[{"taxonomy":"category","embeddable":true,"href":"https:\/\/miradordeatarfe.es\/index.php?rest_route=%2Fwp%2Fv2%2Fcategories&post=66557"},{"taxonomy":"post_tag","embeddable":true,"href":"https:\/\/miradordeatarfe.es\/index.php?rest_route=%2Fwp%2Fv2%2Ftags&post=66557"}],"curies":[{"name":"wp","href":"https:\/\/api.w.org\/{rel}","templated":true}]}}