{"id":66597,"date":"2024-01-24T11:00:35","date_gmt":"2024-01-24T10:00:35","guid":{"rendered":"https:\/\/miradordeatarfe.es\/?p=66597"},"modified":"2024-01-22T19:47:10","modified_gmt":"2024-01-22T18:47:10","slug":"atarfe-antigua-fabrica-de-cemento-ntra-sra-de-los-dolores-la-porla","status":"publish","type":"post","link":"https:\/\/miradordeatarfe.es\/?p=66597","title":{"rendered":"ATARFE: Antigua f\u00e1brica de cemento Ntra. Sra. De los Dolores (\u00abLa Porla\u00bb)"},"content":{"rendered":"<h3>Este complejo fabril est\u00e1 situado en las proximidades de Sierra Elvira, y se puede divisar f\u00e1cilmente desde la carretera de C\u00f3rdoba a su paso entre las localidades de Atarfe y Pinos Puente.<\/h3>\n<p>Sus instalaciones y edificios est\u00e1n en desuso y presentan un aspecto de ruinoso. La F\u00e1brica Nuestra Se\u00f1ora de los Dolores (La Porla) estaba dedicada a la producci\u00f3n y elaboraci\u00f3n de cemento y cal hidr\u00e1ulica. Fue una de las primeras f\u00e1bricas de este tipo que se construye en Andaluc\u00eda junto con la f\u00e1brica de La Ara\u00f1a, en M\u00e1laga, de 1918.<\/p>\n<p>La empresa fue fundada en 1903 por D\u00aa. Dolores Romero Pozo, con un capital social de 1.500.000. M\u00e1s adelante, se har\u00edan cargo de la empresa sus sobrinos Indalecio e Inocencio Romero de la Cruz; Inocencio, tras el fallecimiento de su hermano, se har\u00eda cargo de la direcci\u00f3n de la f\u00e1brica hasta su clausura.<\/p>\n<p>En 1923 empez\u00f3 a comercializar sus productos bajo la marca de Cementos Centauro. En esta \u00e9poca se produjo un gran auge de la industria cementera debido al impulso de la construcci\u00f3n de infraestructuras en los primeros a\u00f1os de la Dictadura de Primo de Rivera (1923-1930). <\/p>\n<p>La f\u00e1brica perteneci\u00f3 a la compa\u00f1\u00eda Cementos Centauro hasta finales de 1968, cuando dicha compa\u00f1\u00eda fue absorbida por Cementos Alba S.A. Al poco tiempo de ser adquirida por Cementos Alba S.A. fue cerrada y desde entonces sus instalaciones permanecen abandonadas, pudi\u00e9ndose apreciar hoy en d\u00eda a\u00fan la estructura principal de hormig\u00f3n de la f\u00e1brica.<\/p>\n<p><a href=\"https:\/\/i0.wp.com\/miradordeatarfe.es\/wp-content\/uploads\/2024\/01\/LLA-PORLA-fabrica-de-cemento.png?ssl=1\"><img data-recalc-dims=\"1\" loading=\"lazy\" decoding=\"async\" class=\"alignnone wp-image-66598 \" src=\"https:\/\/i0.wp.com\/miradordeatarfe.es\/wp-content\/uploads\/2024\/01\/LLA-PORLA-fabrica-de-cemento.png?resize=447%2C464&#038;ssl=1\" alt=\"\" width=\"447\" height=\"464\" srcset=\"https:\/\/i0.wp.com\/miradordeatarfe.es\/wp-content\/uploads\/2024\/01\/LLA-PORLA-fabrica-de-cemento.png?w=338&amp;ssl=1 338w, https:\/\/i0.wp.com\/miradordeatarfe.es\/wp-content\/uploads\/2024\/01\/LLA-PORLA-fabrica-de-cemento.png?resize=289%2C300&amp;ssl=1 289w\" sizes=\"auto, (max-width: 447px) 100vw, 447px\" \/><\/a><\/p>\n<p><strong>Bibliograf\u00eda y documentaci\u00f3n<\/strong><\/p>\n<p>&#8211; Extrafiestas de Atarfe, mi\u00e9rcoles 25 de Julio de 2007 |IDEAL. Miguel Gim\u00e9nez Yanguas y Jos\u00e9 Miguel Reyes Mesa (Grupo de Investigaci\u00f3n de Patrimonio Industrial Universidad de Granada).<\/p>\n<p>&#8211; http:\/\/granadapedia.wikanda.es<\/p>\n","protected":false},"excerpt":{"rendered":"<p>Este complejo fabril est\u00e1 situado en las proximidades de Sierra Elvira, y se puede divisar&#8230;<\/p>\n","protected":false},"author":1,"featured_media":66599,"comment_status":"closed","ping_status":"closed","sticky":false,"template":"","format":"standard","meta":{"_coblocks_attr":"","_coblocks_dimensions":"","_coblocks_responsive_height":"","_coblocks_accordion_ie_support":"","jetpack_post_was_ever_published":false,"_jetpack_newsletter_access":"","_jetpack_dont_email_post_to_subs":false,"_jetpack_newsletter_tier_id":0,"_jetpack_memberships_contains_paywalled_content":false,"_jetpack_memberships_contains_paid_content":false,"footnotes":"","jetpack_publicize_message":"","jetpack_publicize_feature_enabled":true,"jetpack_social_post_already_shared":true,"jetpack_social_options":{"image_generator_settings":{"template":"highway","default_image_id":0,"enabled":false},"version":2}},"categories":[2,1225,186,44],"tags":[],"class_list":["post-66597","post","type-post","status-publish","format-standard","has-post-thumbnail","hentry","category-atarfe","category-ha-de-atarfe","category-instituciones","category-noticias-de-hoy"],"jetpack_publicize_connections":[],"jetpack_featured_media_url":"https:\/\/i0.wp.com\/miradordeatarfe.es\/wp-content\/uploads\/2024\/01\/la-porla-1.png?fit=466%2C298&ssl=1","jetpack_likes_enabled":true,"jetpack_sharing_enabled":true,"_links":{"self":[{"href":"https:\/\/miradordeatarfe.es\/index.php?rest_route=\/wp\/v2\/posts\/66597","targetHints":{"allow":["GET"]}}],"collection":[{"href":"https:\/\/miradordeatarfe.es\/index.php?rest_route=\/wp\/v2\/posts"}],"about":[{"href":"https:\/\/miradordeatarfe.es\/index.php?rest_route=\/wp\/v2\/types\/post"}],"author":[{"embeddable":true,"href":"https:\/\/miradordeatarfe.es\/index.php?rest_route=\/wp\/v2\/users\/1"}],"replies":[{"embeddable":true,"href":"https:\/\/miradordeatarfe.es\/index.php?rest_route=%2Fwp%2Fv2%2Fcomments&post=66597"}],"version-history":[{"count":1,"href":"https:\/\/miradordeatarfe.es\/index.php?rest_route=\/wp\/v2\/posts\/66597\/revisions"}],"predecessor-version":[{"id":66600,"href":"https:\/\/miradordeatarfe.es\/index.php?rest_route=\/wp\/v2\/posts\/66597\/revisions\/66600"}],"wp:featuredmedia":[{"embeddable":true,"href":"https:\/\/miradordeatarfe.es\/index.php?rest_route=\/wp\/v2\/media\/66599"}],"wp:attachment":[{"href":"https:\/\/miradordeatarfe.es\/index.php?rest_route=%2Fwp%2Fv2%2Fmedia&parent=66597"}],"wp:term":[{"taxonomy":"category","embeddable":true,"href":"https:\/\/miradordeatarfe.es\/index.php?rest_route=%2Fwp%2Fv2%2Fcategories&post=66597"},{"taxonomy":"post_tag","embeddable":true,"href":"https:\/\/miradordeatarfe.es\/index.php?rest_route=%2Fwp%2Fv2%2Ftags&post=66597"}],"curies":[{"name":"wp","href":"https:\/\/api.w.org\/{rel}","templated":true}]}}