{"id":66615,"date":"2024-01-23T09:02:17","date_gmt":"2024-01-23T08:02:17","guid":{"rendered":"https:\/\/miradordeatarfe.es\/?p=66615"},"modified":"2024-01-23T09:32:13","modified_gmt":"2024-01-23T08:32:13","slug":"como-evitar-que-las-soledades-de-la-mediana-edad-sean-perjudiciales","status":"publish","type":"post","link":"https:\/\/miradordeatarfe.es\/?p=66615","title":{"rendered":"C\u00f3mo evitar que las soledades de la mediana edad sean perjudiciales"},"content":{"rendered":"<h2 class=\"a_st\">Entre los 40 y los 60, con las insatisfacciones vitales al acecho, pueden aparecer las soledades no deseadas. Comprenderlas y combatirlas van de la mano<\/h2>\n<p class=\"\" style=\"text-align: justify;\">La mediana edad \u2014entre los 40 y los 60 a\u00f1os, aproximadamente\u2014 es una fase vital de adaptaci\u00f3n continua a cambios que pueden ser elegidos o no. En esta etapa conviven sentimientos contradictorios: la satisfacci\u00f3n de haber concluido proyectos personales, la sensaci\u00f3n de que las expectativas no se han cumplido o la incertidumbre ante un futuro a\u00fan en desarrollo o transici\u00f3n. Es considerada como la \u00e9poca m\u00e1s baja de satisfacci\u00f3n vital, porque, como dec\u00eda <a href=\"https:\/\/elpais.com\/eps\/2023-11-04\/la-vida-encoge-sobre-la-crisis-de-la-mediana-edad.html\" target=\"_blank\" rel=\"noopener\" data-link-track-dtm=\"\" data-mrf-link=\"https:\/\/elpais.com\/eps\/2023-11-04\/la-vida-encoge-sobre-la-crisis-de-la-mediana-edad.html\">Ignacio Peyr\u00f3 en una de sus recientes columnas<\/a>: \u201cEl tiempo va redimensionando la felicidad hasta que ya consiste en que no te pase nada horrible\u201d.<\/p>\n<p class=\"\" style=\"text-align: justify;\">Este periodo de la vida es un momento sensible a la soledad no deseada. Expertos como Weiss o Cacioppo la definen como una condici\u00f3n psicol\u00f3gica caracterizada por una profunda sensaci\u00f3n de vac\u00edo, inutilidad, falta de control y amenaza personal. La repercusi\u00f3n emocional de la soledad no deseada depende de que se trate de un sentimiento frecuente, incluso cr\u00f3nico, o puntual. En Espa\u00f1a, se ha impulsado un observatorio estatal para su estudio (<a href=\"https:\/\/www.soledades.es\/\" data-link-track-dtm=\"\" data-mrf-link=\"https:\/\/www.soledades.es\/\">soledades.es<\/a>). Seg\u00fan sus c\u00e1lculos, esta afectar\u00eda al 13,4% de la poblaci\u00f3n general y al 12% de la de mediana edad. <a href=\"https:\/\/elpais.com\/smoda\/noreena-hertz-la-clase-alta-parece-estar-mejor-con-la-crisis.html\" target=\"_blank\" rel=\"noopener\" data-link-track-dtm=\"\" data-mrf-link=\"https:\/\/elpais.com\/smoda\/noreena-hertz-la-clase-alta-parece-estar-mejor-con-la-crisis.html\">La economista Noreena Hertz<\/a> se\u00f1ala en <i>El siglo de la soledad<\/i> m\u00faltiples cambios sociales y culturales asociados a estas cifras: el auge de las redes sociales que disminuye el n\u00famero de contactos cara a cara, el avance del individualismo por encima de la conexi\u00f3n profunda con los dem\u00e1s, el teletrabajo, los cambios en el modelo familiar, la dispersi\u00f3n geogr\u00e1fica, el aumento de las personas que viven solas, el poco compromiso con las actividades comunitarias y la p\u00e9rdida de los ritos sociales.<\/p>\n<p class=\"\" style=\"text-align: justify;\">El sentimiento de soledad var\u00eda entre las personas porque tiene un componente subjetivo. Ser\u00eda m\u00e1s conveniente hablar, por tanto, de soledades que de soledad. Pero existe cierto consenso en categorizar tres tipos: la social, la existencial y la emocional. La soledad social caracteriza m\u00e1s a aquellos con dificultades en las habilidades sociales, con tendencia al aislamiento y con una carencia en la red de apoyo. Est\u00e1 vinculada a los tipos de apego y a traumas. Le influyen las desigualdades sociales y econ\u00f3micas, y est\u00e1 relacionada con la exclusi\u00f3n social, seg\u00fan el experto en psicogerontolog\u00eda Feliciano Villar.<\/p>\n<p class=\"\" style=\"text-align: justify;\">La soledad existencial se caracteriza por una desconexi\u00f3n de uno mismo, adem\u00e1s de los otros. Predominan sentimientos de aislamiento, alienaci\u00f3n, vac\u00edo, abandono o miedo. Existe una falta de sentido o de proyecto vital. Prevalece m\u00e1s entre los que se enfrentan a p\u00e9rdidas, como separaciones y divorcios, desempleo y dificultades en asumirlo (que afecta especialmente a los varones), viudedad temprana, cambios de residencia o problemas de salud. Hay otro perfil que, aunque no haya tenido p\u00e9rdidas, siente que su proyecto de vida no se ha cumplido en la pareja, familia o empleo. Estas personas hacen una comparaci\u00f3n constante entre la vida que llevan y la vida que deseaban.<\/p>\n<p class=\"\" style=\"text-align: justify;\">Por \u00faltimo, la soledad emocional la experimentan los que acarrean una sobrecarga de responsabilidades en diferentes \u00e1mbitos. Por ejemplo, <a href=\"https:\/\/elpais.com\/opinion\/2023-03-08\/la-tercera-transicion-la-economia-de-los-cuidados-y-la-igualdad-de-genero.html\" target=\"_blank\" rel=\"noopener\" data-link-track-dtm=\"\" data-mrf-link=\"https:\/\/elpais.com\/opinion\/2023-03-08\/la-tercera-transicion-la-economia-de-los-cuidados-y-la-igualdad-de-genero.html\">los cuidadores<\/a>, que tienen la sensaci\u00f3n de no llegar a todo: sufren porque el bienestar personal depende del bienestar de los otros (hijos, amigos, padres). Esto genera una sensaci\u00f3n de sentirse atrapados. Tambi\u00e9n se relaciona con la sensaci\u00f3n de sentirse solo a pesar de estar acompa\u00f1ado.<\/p>\n<p class=\"\" style=\"text-align: justify;\">Si este sentimiento de soledad no deseada en la mediana edad se cronifica, puede ocasionar que la vejez no se viva de manera plena, afectando a la salud y al bienestar. El libro <i>La soledad: Comprenderla y gestionarla<\/i> para no sentirse solo, de Giorgio Nardone, aporta algunas recomendaciones. La primera ser\u00eda reconocer la soledad y aceptarla. La segunda, comprender por qu\u00e9 uno se siente as\u00ed y pensar en los comportamientos que perpet\u00faan el problema. La tercera, fomentar experiencias de conexi\u00f3n, vinculaci\u00f3n, pertenencia, cercan\u00eda e intimidad.<\/p>\n<p class=\"\" style=\"text-align: justify;\">Para las personas que experimentan mayor soledad social puede ser conveniente el aprendizaje de habilidades sociales o la modificaci\u00f3n de patrones cognitivos desadaptativos (\u201cnadie va a hablar conmigo\u201d). Los que sufren soledad existencial, la soluci\u00f3n no pasa solo por fomentar relaciones, sino por ser capaces de vivir mejor con la propia soledad o empoderarse teniendo nuevos proyectos de vida. Esto significa reconvertirla en una experiencia m\u00e1s serena, como se\u00f1ala Francesc Torralba en El arte de saber estar solo. Tambi\u00e9n resulta \u00fatil ofrecer apoyo y sentirse \u00fatil para los dem\u00e1s. La mejor convivencia con la soledad emocional implicar\u00eda replantearse los proyectos y compromisos familiares, laborales o comunitarios.<\/p>\n<p class=\"\" style=\"text-align: justify;\">Pero gestionar mejor la soledad no solo depende de la voluntad individual. Implica fomentar la arquitectura comunitaria e incluir a organismos p\u00fablicos y sociales que transformen la sociedad con iniciativas que aumenten la conexi\u00f3n social y favorezcan sentimientos de pertenencia. La soledad no es un tsunami, ni una enfermedad, sino algo que todos sentimos a lo largo de nuestra vida unida a nuestra condici\u00f3n de seres vulnerables, como dice el psic\u00f3logo Javier Yanguas. Quiz\u00e1s, el mayor desaf\u00edo sea aceptar la propia vulnerabilidad.<\/p>\n","protected":false},"excerpt":{"rendered":"<p>Entre los 40 y los 60, con las insatisfacciones vitales al acecho, pueden aparecer las&#8230;<\/p>\n","protected":false},"author":1,"featured_media":66616,"comment_status":"closed","ping_status":"closed","sticky":false,"template":"","format":"standard","meta":{"_coblocks_attr":"","_coblocks_dimensions":"","_coblocks_responsive_height":"","_coblocks_accordion_ie_support":"","jetpack_post_was_ever_published":false,"_jetpack_newsletter_access":"","_jetpack_dont_email_post_to_subs":false,"_jetpack_newsletter_tier_id":0,"_jetpack_memberships_contains_paywalled_content":false,"_jetpack_memberships_contains_paid_content":false,"footnotes":"","jetpack_publicize_message":"","jetpack_publicize_feature_enabled":true,"jetpack_social_post_already_shared":false,"jetpack_social_options":{"image_generator_settings":{"template":"highway","default_image_id":0,"enabled":false},"version":2}},"categories":[1161,44,10],"tags":[],"class_list":["post-66615","post","type-post","status-publish","format-standard","has-post-thumbnail","hentry","category-ciudadania","category-noticias-de-hoy","category-salud"],"jetpack_publicize_connections":[],"jetpack_featured_media_url":"https:\/\/i0.wp.com\/miradordeatarfe.es\/wp-content\/uploads\/2024\/01\/Screenshot-2024-01-19-at-17-04-30-Como-evitar-que-las-soledades-de-la-mediana-edad-sean-perjudiciales.png?fit=724%2C446&ssl=1","jetpack_likes_enabled":true,"jetpack_sharing_enabled":true,"_links":{"self":[{"href":"https:\/\/miradordeatarfe.es\/index.php?rest_route=\/wp\/v2\/posts\/66615","targetHints":{"allow":["GET"]}}],"collection":[{"href":"https:\/\/miradordeatarfe.es\/index.php?rest_route=\/wp\/v2\/posts"}],"about":[{"href":"https:\/\/miradordeatarfe.es\/index.php?rest_route=\/wp\/v2\/types\/post"}],"author":[{"embeddable":true,"href":"https:\/\/miradordeatarfe.es\/index.php?rest_route=\/wp\/v2\/users\/1"}],"replies":[{"embeddable":true,"href":"https:\/\/miradordeatarfe.es\/index.php?rest_route=%2Fwp%2Fv2%2Fcomments&post=66615"}],"version-history":[{"count":1,"href":"https:\/\/miradordeatarfe.es\/index.php?rest_route=\/wp\/v2\/posts\/66615\/revisions"}],"predecessor-version":[{"id":66617,"href":"https:\/\/miradordeatarfe.es\/index.php?rest_route=\/wp\/v2\/posts\/66615\/revisions\/66617"}],"wp:featuredmedia":[{"embeddable":true,"href":"https:\/\/miradordeatarfe.es\/index.php?rest_route=\/wp\/v2\/media\/66616"}],"wp:attachment":[{"href":"https:\/\/miradordeatarfe.es\/index.php?rest_route=%2Fwp%2Fv2%2Fmedia&parent=66615"}],"wp:term":[{"taxonomy":"category","embeddable":true,"href":"https:\/\/miradordeatarfe.es\/index.php?rest_route=%2Fwp%2Fv2%2Fcategories&post=66615"},{"taxonomy":"post_tag","embeddable":true,"href":"https:\/\/miradordeatarfe.es\/index.php?rest_route=%2Fwp%2Fv2%2Ftags&post=66615"}],"curies":[{"name":"wp","href":"https:\/\/api.w.org\/{rel}","templated":true}]}}