{"id":66621,"date":"2024-01-25T10:30:08","date_gmt":"2024-01-25T09:30:08","guid":{"rendered":"https:\/\/miradordeatarfe.es\/?p=66621"},"modified":"2024-01-25T11:13:05","modified_gmt":"2024-01-25T10:13:05","slug":"reducir-la-economia-sumergida","status":"publish","type":"post","link":"https:\/\/miradordeatarfe.es\/?p=66621","title":{"rendered":"Reducir la econom\u00eda sumergida"},"content":{"rendered":"<div class=\"a_c clearfix\" data-dtm-region=\"articulo_cuerpo\">\n<h2 class=\"a_st\">El 60% de la mano de obra mundial vive del empleo informal, un tipo de actividad que retrocede en Espa\u00f1a<\/h2>\n<p class=\"\" style=\"text-align: justify;\">La econom\u00eda sumergida es un problema dif\u00edcil de abordar en todos los pa\u00edses del mundo, pero que tiene consecuencias devastadoras tanto para los individuos, impotentes ante una situaci\u00f3n de la que es dif\u00edcil salir y que <a href=\"https:\/\/elpais.com\/economia\/2024-01-05\/los-centennials-tardaran-mas-tiempo-en-mejorar-su-salario-que-el-que-necesitaron-sus-padres-y-abuelos.html\" target=\"_blank\" rel=\"noopener\" data-link-track-dtm=\"\" data-mrf-link=\"https:\/\/elpais.com\/economia\/2024-01-05\/los-centennials-tardaran-mas-tiempo-en-mejorar-su-salario-que-el-que-necesitaron-sus-padres-y-abuelos.html\">en demasiadas ocasiones se perpet\u00faa en sus hijos, <\/a>como para los Estados, que pierden por esa v\u00eda una ingente cantidad de ingresos decisivos para el desarrollo de sus pol\u00edticas. <a href=\"https:\/\/elpais.com\/economia\/2024-01-17\/la-ocde-alerta-de-que-la-economia-sumergida-concentra-el-60-de-la-mano-de-obra-mundial.html\" target=\"_blank\" rel=\"noopener\" data-link-track-dtm=\"\" data-mrf-link=\"https:\/\/elpais.com\/economia\/2024-01-17\/la-ocde-alerta-de-que-la-economia-sumergida-concentra-el-60-de-la-mano-de-obra-mundial.html\">Un reciente informe de la Organizaci\u00f3n para la Cooperaci\u00f3n y el Desarrollo Econ\u00f3micos (OCDE)<\/a> revela que seis de cada 10 trabajadores operan al margen de la legalidad a nivel mundial, un fen\u00f3meno que se agudiza en <a href=\"https:\/\/elpais.com\/economia\/2021-05-11\/el-sector-informal-supone-la-tercera-parte-del-pib-y-el-70-del-empleo-en-los-paises-emergentes.html\" target=\"_blank\" rel=\"noopener\" data-link-track-dtm=\"\" data-mrf-link=\"https:\/\/elpais.com\/economia\/2021-05-11\/el-sector-informal-supone-la-tercera-parte-del-pib-y-el-70-del-empleo-en-los-paises-emergentes.html\">el caso de las econom\u00edas emergentes,<\/a> donde llega a alcanzar el 90% de la mano de obra.<\/p>\n<p class=\"\" style=\"text-align: justify;\">Se trata de una doble carga para los trabajadores en situaci\u00f3n de informalidad, no solo porque esa condici\u00f3n les hace m\u00e1s vulnerables frente a hipot\u00e9ticos problemas de salud o una vez que alcanzan la vejez. En la mayor\u00eda de los casos, tambi\u00e9n se trata de empleos mal pagados, que no les permiten abandonar la pobreza ni facilitar el salto generacional de sus descendientes. Adem\u00e1s, la falta de formaci\u00f3n adecuada les impide acceder a puestos regulados y mejor pagados y frena tanto la adaptaci\u00f3n a las nuevas tecnolog\u00edas como el aumento de la productividad.<\/p>\n<p class=\"\" style=\"text-align: justify;\">Para salir del c\u00edrculo vicioso del empleo irregular, el estudio de la OCDE propone, por un lado, reforzar la protecci\u00f3n social y la formaci\u00f3n para estas personas y, por otro, facilitar el ingreso de esos trabajadores en la econom\u00eda formal. Los organismos transnacionales tienen capacidad para ayudar a los pa\u00edses a reforzar las estructuras de Estado que hagan posibles esas pol\u00edticas. Si la reducci\u00f3n del d\u00e9ficit p\u00fablico es una condici\u00f3n habitual para la obtenci\u00f3n de financiaci\u00f3n, tambi\u00e9n puede serlo el compromiso de hacer aflorar la econom\u00eda sumergida.<\/p>\n<p class=\"\" style=\"text-align: justify;\">En este contexto resulta especialmente destacable <a href=\"https:\/\/elpais.com\/economia\/2022-10-15\/espana-saca-285000-empleos-de-la-economia-sumergida-desde-la-pandemia.html\" target=\"_blank\" rel=\"noopener\" data-link-track-dtm=\"\" data-mrf-link=\"https:\/\/elpais.com\/economia\/2022-10-15\/espana-saca-285000-empleos-de-la-economia-sumergida-desde-la-pandemia.html\">la reducci\u00f3n en los \u00faltimos a\u00f1os de ese tipo de econom\u00eda en Espa\u00f1a,<\/a> donde se han logrado importantes avances. Si durante d\u00e9cadas los expertos daban por buenos los c\u00e1lculos \u2014con todas las dificultades que conlleva hacer estimaciones sobre una actividad de naturaleza opaca\u2014 de que esas actividades econ\u00f3micas se situaban entre el 20% y el 25% del PIB, los datos del Fondo Monetario Internacional de 2019 las situaban ya en el 17,39%. Un a\u00f1o despu\u00e9s, y de forma inesperada,<a href=\"https:\/\/elpais.com\/economia\/negocios\/2022-01-09\/la-doble-condena-de-la-economia-sumergida-tras-la-covid.html\" target=\"_blank\" rel=\"noopener\" data-link-track-dtm=\"\" data-mrf-link=\"https:\/\/elpais.com\/economia\/negocios\/2022-01-09\/la-doble-condena-de-la-economia-sumergida-tras-la-covid.html\"> la pandemia propici\u00f3 una reducci\u00f3n de esa informalidad,<\/a> seg\u00fan los expertos m\u00e1s reputados en la materia, por debajo del 15% en la actualidad. Una tendencia que aleja a Espa\u00f1a del grupo de pa\u00edses de la Uni\u00f3n Europea con mayor porcentaje de econom\u00eda sumergida: Italia y Grecia.<\/p>\n<p class=\"\" style=\"text-align: justify;\">La pandemia oblig\u00f3 a aflorar mucho empleo informal, ya que solo las empresas y los trabajadores con documentaci\u00f3n en regla pod\u00edan acceder a las ayudas p\u00fablicas y a <a href=\"https:\/\/elpais.com\/noticias\/erte-expediente-regulacion-temporal-empleo\/\" target=\"_blank\" rel=\"noopener\" data-link-track-dtm=\"\" data-mrf-link=\"https:\/\/elpais.com\/noticias\/erte-expediente-regulacion-temporal-empleo\/\">los ERTE <\/a>para paliar los demoledores efectos del par\u00f3n que la covid-19 impuso a muchas empresas. A su vez, la adopci\u00f3n de medidas de higiene favoreci\u00f3, en detrimento del dinero en efectivo, el uso de las tarjetas de cr\u00e9dito y d\u00e9bito y los pagos digitales, un cambio que lleg\u00f3 para quedarse. Esa combinaci\u00f3n ha permitido en algunos momentos que la recaudaci\u00f3n creciera por encima del ritmo al que lo hace la propia econom\u00eda. Con todo, siguen siendo necesarios los esfuerzos para reducir la informalidad en algunos \u00e1mbitos concretos, como <a href=\"https:\/\/elpais.com\/economia\/2023-05-17\/escriva-rebaja-aun-mas-los-requisitos-para-permitir-que-los-extranjeros-se-incorporen-al-mercado-laboral.html\" target=\"_blank\" rel=\"noopener\" data-link-track-dtm=\"\" data-mrf-link=\"https:\/\/elpais.com\/economia\/2023-05-17\/escriva-rebaja-aun-mas-los-requisitos-para-permitir-que-los-extranjeros-se-incorporen-al-mercado-laboral.html\">la contrataci\u00f3n de trabajadores que llegan a Espa\u00f1a de forma irregular <\/a>y cuya extrema precariedad les deja expuestos a posibles abusos.<\/p>\n<h3><a class=\"a_md_a_n\" title=\"Ver todas las noticias de El Pa\u00eds\" href=\"https:\/\/elpais.com\/autor\/el-pais\/#?rel=author_top\" data-mrf-link=\"https:\/\/elpais.com\/autor\/el-pais\/\">El Pa\u00eds<\/a><\/h3>\n<p>FOTO: Venta ambulante en Comarruga (Tarragona).<span class=\"a_m_m\">JOSEP LLUIS SELLART<\/span><\/p>\n<div class=\"a_md _g _g-xs \">\n<figure class=\"a_md_i a_m-h c_m--nf\"><span class=\"a_m_w _db\">\u00a0<\/span><\/figure>\n<div class=\"a_md_txt\">\n<div class=\"a_md_a\" data-dtm-region=\"articulo_firma\">\u00a0<\/div>\n<\/div>\n<\/div>\n<\/div>\n","protected":false},"excerpt":{"rendered":"<p>El 60% de la mano de obra mundial vive del empleo informal, un tipo de&#8230;<\/p>\n","protected":false},"author":1,"featured_media":66622,"comment_status":"closed","ping_status":"closed","sticky":false,"template":"","format":"standard","meta":{"_coblocks_attr":"","_coblocks_dimensions":"","_coblocks_responsive_height":"","_coblocks_accordion_ie_support":"","jetpack_post_was_ever_published":false,"_jetpack_newsletter_access":"","_jetpack_dont_email_post_to_subs":false,"_jetpack_newsletter_tier_id":0,"_jetpack_memberships_contains_paywalled_content":false,"_jetpack_memberships_contains_paid_content":false,"footnotes":"","jetpack_publicize_message":"","jetpack_publicize_feature_enabled":true,"jetpack_social_post_already_shared":false,"jetpack_social_options":{"image_generator_settings":{"template":"highway","default_image_id":0,"enabled":false},"version":2}},"categories":[1161,44,7671,6937],"tags":[],"class_list":["post-66621","post","type-post","status-publish","format-standard","has-post-thumbnail","hentry","category-ciudadania","category-noticias-de-hoy","category-politica","category-sociedad"],"jetpack_publicize_connections":[],"jetpack_featured_media_url":"https:\/\/i0.wp.com\/miradordeatarfe.es\/wp-content\/uploads\/2024\/01\/Screenshot-2024-01-20-at-15-30-37-Reducir-la-economia-sumergida.png?fit=366%2C304&ssl=1","jetpack_likes_enabled":true,"jetpack_sharing_enabled":true,"_links":{"self":[{"href":"https:\/\/miradordeatarfe.es\/index.php?rest_route=\/wp\/v2\/posts\/66621","targetHints":{"allow":["GET"]}}],"collection":[{"href":"https:\/\/miradordeatarfe.es\/index.php?rest_route=\/wp\/v2\/posts"}],"about":[{"href":"https:\/\/miradordeatarfe.es\/index.php?rest_route=\/wp\/v2\/types\/post"}],"author":[{"embeddable":true,"href":"https:\/\/miradordeatarfe.es\/index.php?rest_route=\/wp\/v2\/users\/1"}],"replies":[{"embeddable":true,"href":"https:\/\/miradordeatarfe.es\/index.php?rest_route=%2Fwp%2Fv2%2Fcomments&post=66621"}],"version-history":[{"count":1,"href":"https:\/\/miradordeatarfe.es\/index.php?rest_route=\/wp\/v2\/posts\/66621\/revisions"}],"predecessor-version":[{"id":66623,"href":"https:\/\/miradordeatarfe.es\/index.php?rest_route=\/wp\/v2\/posts\/66621\/revisions\/66623"}],"wp:featuredmedia":[{"embeddable":true,"href":"https:\/\/miradordeatarfe.es\/index.php?rest_route=\/wp\/v2\/media\/66622"}],"wp:attachment":[{"href":"https:\/\/miradordeatarfe.es\/index.php?rest_route=%2Fwp%2Fv2%2Fmedia&parent=66621"}],"wp:term":[{"taxonomy":"category","embeddable":true,"href":"https:\/\/miradordeatarfe.es\/index.php?rest_route=%2Fwp%2Fv2%2Fcategories&post=66621"},{"taxonomy":"post_tag","embeddable":true,"href":"https:\/\/miradordeatarfe.es\/index.php?rest_route=%2Fwp%2Fv2%2Ftags&post=66621"}],"curies":[{"name":"wp","href":"https:\/\/api.w.org\/{rel}","templated":true}]}}