{"id":66624,"date":"2024-01-24T11:00:54","date_gmt":"2024-01-24T10:00:54","guid":{"rendered":"https:\/\/miradordeatarfe.es\/?p=66624"},"modified":"2024-01-22T20:24:29","modified_gmt":"2024-01-22T19:24:29","slug":"asi-sera-la-gran-gala-del-dia-de-andalucia-el-28-de-febrero-en-atarfe","status":"publish","type":"post","link":"https:\/\/miradordeatarfe.es\/?p=66624","title":{"rendered":"ATARFE: As\u00ed ser\u00e1 la gran Gala del D\u00eda de Andaluc\u00eda el 28 de febrero"},"content":{"rendered":"<h3 class=\"p1\" style=\"text-align: justify;\">El <b>Ayuntamiento de Atarfe<\/b> (Granada) a trav\u00e9s de su alcaldesa, <strong>Yolanda Fern\u00e1ndez Morales<\/strong> y el empresario <b>Pedro P\u00e9rez <i>Chicote<\/i><\/b> presentaron el cartel de la <b>II Gala del D\u00eda de Andaluc\u00eda<\/b> que se celebrar\u00e1 el pr\u00f3ximo <strong>28 de febrero<\/strong> en la plaza de toros cubierta de esta localidad, un evento de gran nivel en el que se dar\u00e1n la mano rejoneo y carnaval.<\/h3>\n<p class=\"p1\" style=\"text-align: justify;\">Por la ma\u00f1ana, a las 12 horas, dar\u00e1 comienzo el festejo de rejones que se plantea como un homenaje a la Dinast\u00eda Moura con el maestro Joao Moura, m\u00e1xima figura del rejoneo, como protagonista principal. El cartel est\u00e1 compuesto por Joao Moura hijo, Miguel Moura hijo y\u00a0Sebasti\u00e1n Fern\u00e1ndez que lidiar\u00e1n reses de Prieto de la Cal. Tambi\u00e9n actuar\u00e1n los forcados acad\u00e9micos de Coimbra.<\/p>\n<p class=\"p1\" style=\"text-align: justify;\">Ya por la tarde, a partir de las 17 horas, despu\u00e9s de haber tenido la oportunidad de comer en la misma plaza, el carnaval en su m\u00e1xima expresi\u00f3n ser\u00e1 protagonista con el espect\u00e1culo \u2018\u00a1La Vuelta del Selu!\u2019 con su chirigota \u2018Que ni las hambres las vamo a sent\u00ed\u2019, un aut\u00e9ntico mito en el mundo del Carnaval.<\/p>\n<p class=\"p1\" style=\"text-align: justify;\"><b>Entrada<\/b><\/p>\n<p class=\"p1\" style=\"text-align: justify;\">El precio de la entrada general para toda la jornada es de 25 euros.<\/p>\n<p class=\"p1\" style=\"text-align: justify;\">Las taquillas de la plaza se abrir\u00e1n en horario de tarde (de 17 a 20 horas)\u00a0a partir del 24 de febrero. Tel\u00e9fono de reservas 680 925 303.<\/p>\n","protected":false},"excerpt":{"rendered":"<p>El Ayuntamiento de Atarfe (Granada) a trav\u00e9s de su alcaldesa, Yolanda Fern\u00e1ndez Morales y el&#8230;<\/p>\n","protected":false},"author":1,"featured_media":66625,"comment_status":"closed","ping_status":"closed","sticky":false,"template":"","format":"standard","meta":{"_coblocks_attr":"","_coblocks_dimensions":"","_coblocks_responsive_height":"","_coblocks_accordion_ie_support":"","jetpack_post_was_ever_published":false,"_jetpack_newsletter_access":"","_jetpack_dont_email_post_to_subs":false,"_jetpack_newsletter_tier_id":0,"_jetpack_memberships_contains_paywalled_content":false,"_jetpack_memberships_contains_paid_content":false,"footnotes":"","jetpack_publicize_message":"","jetpack_publicize_feature_enabled":true,"jetpack_social_post_already_shared":true,"jetpack_social_options":{"image_generator_settings":{"template":"highway","default_image_id":0,"enabled":false},"version":2}},"categories":[2,6916,44],"tags":[],"class_list":["post-66624","post","type-post","status-publish","format-standard","has-post-thumbnail","hentry","category-atarfe","category-ayuntamiento-de-atarfe","category-noticias-de-hoy"],"jetpack_publicize_connections":[],"jetpack_featured_media_url":"https:\/\/i0.wp.com\/miradordeatarfe.es\/wp-content\/uploads\/2024\/01\/ATARFE_DIA_DE_ANDALUCIA.jpg?fit=570%2C380&ssl=1","jetpack_likes_enabled":true,"jetpack_sharing_enabled":true,"_links":{"self":[{"href":"https:\/\/miradordeatarfe.es\/index.php?rest_route=\/wp\/v2\/posts\/66624","targetHints":{"allow":["GET"]}}],"collection":[{"href":"https:\/\/miradordeatarfe.es\/index.php?rest_route=\/wp\/v2\/posts"}],"about":[{"href":"https:\/\/miradordeatarfe.es\/index.php?rest_route=\/wp\/v2\/types\/post"}],"author":[{"embeddable":true,"href":"https:\/\/miradordeatarfe.es\/index.php?rest_route=\/wp\/v2\/users\/1"}],"replies":[{"embeddable":true,"href":"https:\/\/miradordeatarfe.es\/index.php?rest_route=%2Fwp%2Fv2%2Fcomments&post=66624"}],"version-history":[{"count":2,"href":"https:\/\/miradordeatarfe.es\/index.php?rest_route=\/wp\/v2\/posts\/66624\/revisions"}],"predecessor-version":[{"id":66662,"href":"https:\/\/miradordeatarfe.es\/index.php?rest_route=\/wp\/v2\/posts\/66624\/revisions\/66662"}],"wp:featuredmedia":[{"embeddable":true,"href":"https:\/\/miradordeatarfe.es\/index.php?rest_route=\/wp\/v2\/media\/66625"}],"wp:attachment":[{"href":"https:\/\/miradordeatarfe.es\/index.php?rest_route=%2Fwp%2Fv2%2Fmedia&parent=66624"}],"wp:term":[{"taxonomy":"category","embeddable":true,"href":"https:\/\/miradordeatarfe.es\/index.php?rest_route=%2Fwp%2Fv2%2Fcategories&post=66624"},{"taxonomy":"post_tag","embeddable":true,"href":"https:\/\/miradordeatarfe.es\/index.php?rest_route=%2Fwp%2Fv2%2Ftags&post=66624"}],"curies":[{"name":"wp","href":"https:\/\/api.w.org\/{rel}","templated":true}]}}