{"id":66627,"date":"2024-01-25T11:00:49","date_gmt":"2024-01-25T10:00:49","guid":{"rendered":"https:\/\/miradordeatarfe.es\/?p=66627"},"modified":"2024-09-11T11:51:08","modified_gmt":"2024-09-11T09:51:08","slug":"yo-ciudad-de-elvira-de-fuencisla-moreno-por-f-javier-pardo","status":"publish","type":"post","link":"https:\/\/miradordeatarfe.es\/?p=66627","title":{"rendered":"\u00abYO CIUDAD DE ELVIRA de Fuencisla Moreno\u00bb\u00a0 por F Javier Pardo"},"content":{"rendered":"<div class=\"adn ads\" data-message-id=\"#msg-f:1788561083539549135\" data-legacy-message-id=\"18d23ed44b766bcf\">\n<div class=\"gs\">\n<div class=\"\">\n<div id=\":uh\" class=\"ii gt\">\n<div id=\":zh\" class=\"a3s aiL \">\n<div dir=\"auto\">\n<div dir=\"auto\">\u00a0<\/div>\n<div dir=\"auto\" style=\"text-align: justify;\">Principalmente pretendemos que nuestras an\u00e9cdotas sean hist\u00f3ricas, no obstante, no dejaremos perder en el olvido los acontecimientos coet\u00e1neos que engrandezcan Atarfe y ayuden a comprender mejor nuestro pasado, por ello, en esta ocasi\u00f3n nos referimos a la representaci\u00f3n teatral acontecida el d\u00eda 16\/01\/2016 en el Centro Cultural Medina Elvira. Se trata del estreno de \u201cYo Ciudad de Elvira\u201d de Fuencisla Moreno, dirigida por V\u00edctor M. Rivera.\u00a0<\/div>\n<div dir=\"auto\" style=\"text-align: justify;\">\u00a0<\/div>\n<div dir=\"auto\" style=\"text-align: justify;\">A las 19:45 horas del mencionado d\u00eda, animosamente nos dirigimos al lugar de la representaci\u00f3n. Los chiquillos, a trav\u00e9s de los cristales de los ventanales de las calles Veleta y Sierra Nevada, colindantes con el Centro Cultural Medina Elvira, ve\u00edan pasar numeroso p\u00fablico que, sufriendo el fr\u00edo propio de la \u00e9poca invernal, acud\u00edan al estreno. Los infantes, amparados en el calor de su hogar, escuchaban como la brisa con su vibraci\u00f3n hac\u00eda tamborilear los cristales y junto a sus risas y hablar infantil produc\u00edan la mejor de las sinfon\u00edas que se pudiera componer con los m\u00e1s finos instrumentos de madera, metal y cuerda.\u00a0\u00a0<\/div>\n<div dir=\"auto\" style=\"text-align: justify;\">\u00a0<\/div>\n<div dir=\"auto\" style=\"text-align: justify;\">Se pod\u00eda apreciar como Sierra Nevada estaba en silencio, Sierra Elvira callada y la vega que las une expectante ante un cielo vestido de oscuro limpio, con brillantes, de gran gala. La blanca nieve de la Sierra Granadina, oculta en el manto del anochecer, dejaba escapar destellos cual fieles reflejos luminosos de la grandeza del firmamento.<\/div>\n<div dir=\"auto\" style=\"text-align: justify;\">\u00a0<\/div>\n<div dir=\"auto\" style=\"text-align: justify;\">El gran tama\u00f1o de la entrada y las cristaleras del Centro Cultural, presentaba enorme cantidad de personas que se encontraban en el amplio sal\u00f3n de espera. Saludamos a numerosas atarfe\u00f1as y atarfe\u00f1os que mostraban enorme inter\u00e9s con el acontecimiento.<\/div>\n<div dir=\"auto\" style=\"text-align: justify;\">\u00a0<\/div>\n<div dir=\"auto\" style=\"text-align: justify;\">Al entrar en el auditorio, de inmediato nuestros ojos recibieron varios regalos: la casi totalidad del aforo ocupado, la pulcritud y belleza de sus espacios y las butacas de terciopelo rojo de una parte;\u00a0 y el detalle en el montaje del escenario, que con la iluminaci\u00f3n atenuada, mostraba a la derecha un abundante puesto de frutas y verduras frescas, a la izquierda un estante de platos y vasijas de barro y materiales representativos de la \u00e9poca. En el centro del escenario sorprendi\u00f3 ver unas escaleras y un pilar, con dos ca\u00f1os y agua, imitando piedra de Sierra Elvira.\u00a0\u00a0<\/div>\n<div dir=\"auto\" style=\"text-align: justify;\">\u00a0<\/div>\n<div dir=\"auto\" style=\"text-align: justify;\">Mencionado lo anterior,\u00a0 diremos\u00a0 que la obra teatral \u201cYo Ciudad de Elvira\u201d, es de primera fuerza, su autora muestra nuevamente su ingenio, se estructur\u00f3 en un cuadro que nos llev\u00f3 directamente al planteamiento b\u00e1sico de la obra, a la evoluci\u00f3n de las particularidades del problema y soluci\u00f3n en s\u00ed misma de la eventualidad.<\/div>\n<div dir=\"auto\" style=\"text-align: justify;\">\u00a0<\/div>\n<div dir=\"auto\" style=\"text-align: justify;\">La representaci\u00f3n nos traslad\u00f3 a la Medina Elvira de principios del siglo XI. Los vecinos de la ciudad ven alterada su vida cuando desde las escaleras que llevan a lo m\u00e1s alto del infinito, reciben la orden del ser inmaterial superior de Medina Elvira, que les ordena el abandono de la tierra donde habitan. La vecindad debe afrontar como principal problema\u00a0 una nueva realidad en un lugar diferente \u201cGarnata\u201d; superar las dudas, miedos, ilusiones e incertidumbres; como dijo Plat\u00f3n en \u201cLa Rep\u00fablica\u201d: \u201c\u2026 los dioses pueden influir sobre nuestros sentidos y no pudiendo mudar de figura nos presentan un fantasma\u2026que de hecho o de palabra trata de librarnos del peligro y la ignorancia\u201d.<\/div>\n<div dir=\"auto\" style=\"text-align: justify;\">\u00a0<\/div>\n<div dir=\"auto\" style=\"text-align: justify;\"><a href=\"https:\/\/i0.wp.com\/miradordeatarfe.es\/wp-content\/uploads\/2024\/01\/12471832_1535921630067673_779416964250748381_o-1.jpg?ssl=1\"><img data-recalc-dims=\"1\" loading=\"lazy\" decoding=\"async\" class=\"size-medium wp-image-66629 alignleft\" src=\"https:\/\/i0.wp.com\/miradordeatarfe.es\/wp-content\/uploads\/2024\/01\/12471832_1535921630067673_779416964250748381_o-1.jpg?resize=300%2C187&#038;ssl=1\" alt=\"\" width=\"300\" height=\"187\" srcset=\"https:\/\/i0.wp.com\/miradordeatarfe.es\/wp-content\/uploads\/2024\/01\/12471832_1535921630067673_779416964250748381_o-1.jpg?resize=300%2C187&amp;ssl=1 300w, https:\/\/i0.wp.com\/miradordeatarfe.es\/wp-content\/uploads\/2024\/01\/12471832_1535921630067673_779416964250748381_o-1.jpg?resize=1024%2C638&amp;ssl=1 1024w, https:\/\/i0.wp.com\/miradordeatarfe.es\/wp-content\/uploads\/2024\/01\/12471832_1535921630067673_779416964250748381_o-1.jpg?resize=768%2C478&amp;ssl=1 768w, https:\/\/i0.wp.com\/miradordeatarfe.es\/wp-content\/uploads\/2024\/01\/12471832_1535921630067673_779416964250748381_o-1.jpg?resize=1536%2C956&amp;ssl=1 1536w, https:\/\/i0.wp.com\/miradordeatarfe.es\/wp-content\/uploads\/2024\/01\/12471832_1535921630067673_779416964250748381_o-1.jpg?resize=800%2C500&amp;ssl=1 800w, https:\/\/i0.wp.com\/miradordeatarfe.es\/wp-content\/uploads\/2024\/01\/12471832_1535921630067673_779416964250748381_o-1.jpg?resize=400%2C250&amp;ssl=1 400w, https:\/\/i0.wp.com\/miradordeatarfe.es\/wp-content\/uploads\/2024\/01\/12471832_1535921630067673_779416964250748381_o-1.jpg?resize=1320%2C822&amp;ssl=1 1320w, https:\/\/i0.wp.com\/miradordeatarfe.es\/wp-content\/uploads\/2024\/01\/12471832_1535921630067673_779416964250748381_o-1.jpg?w=2048&amp;ssl=1 2048w, https:\/\/i0.wp.com\/miradordeatarfe.es\/wp-content\/uploads\/2024\/01\/12471832_1535921630067673_779416964250748381_o-1.jpg?w=1920&amp;ssl=1 1920w\" sizes=\"auto, (max-width: 300px) 100vw, 300px\" \/><\/a>Los di\u00e1logos bien estructurados y de f\u00e1cil compresi\u00f3n del drama realista vivido en \u201cCiudad Elvira\u201d, nos detallan los buenos y malos recuerdos de las vivencias y enfrentamientos humanos diarios que existieron ayer y se dan hoy. Algunos ejemplos de la intensidad ejemplarizante de los di\u00e1logos ser\u00edan: \u201cYo, seguir\u00e9 perfeccionando mis campos como hizo mi padre, mi abuelo y toda mi familia\u201d, \u201cPermanece a mi lado hasta que los huesos no puedan soportar el peso de mi cuerpo\u201d, \u201cA veces es mejor no demostrar lo que uno sabe\u201d, \u201cPor qu\u00e9 hemos ca\u00eddo en la desidia y no reaccionamos\u201d, \u201cQu\u00e9 hubiera sido de nosotros si las ense\u00f1anzas de los grandes maestros nunca nos hubieran abandonado\u201d. Ya lo dijo Ortega y Gasset en \u201cLa Rebeli\u00f3n de las Masas\u201d: \u201cTodo aut\u00e9ntico decir no solo dice algo, sino que lo dice alguien a alguien los cuales no quedan indiferentes, siendo as\u00ed el lenguaje un dialogo no ocasional.<\/div>\n<div dir=\"auto\" style=\"text-align: justify;\">\u00a0<\/div>\n<div dir=\"auto\" style=\"text-align: justify;\">Triste es tener que abandonar la tierra que nos vio nacer, que nos da casa, pan y trabajo. Dram\u00e1tico es tener que buscar otro lugar donde vivir el d\u00eda a d\u00eda. Don Quijote ya dec\u00eda \u201cTrabajosa vida es la que pasamos y vivimos\u201d.<\/div>\n<div dir=\"auto\" style=\"text-align: justify;\">\u00a0<\/div>\n<div dir=\"auto\" style=\"text-align: justify;\"><a href=\"https:\/\/i0.wp.com\/miradordeatarfe.es\/wp-content\/uploads\/2024\/01\/12491845_1535922723400897_3125237141390446396_o.jpg?ssl=1\"><img data-recalc-dims=\"1\" loading=\"lazy\" decoding=\"async\" class=\"size-medium wp-image-66630 alignright\" src=\"https:\/\/i0.wp.com\/miradordeatarfe.es\/wp-content\/uploads\/2024\/01\/12491845_1535922723400897_3125237141390446396_o.jpg?resize=300%2C225&#038;ssl=1\" alt=\"\" width=\"300\" height=\"225\" srcset=\"https:\/\/i0.wp.com\/miradordeatarfe.es\/wp-content\/uploads\/2024\/01\/12491845_1535922723400897_3125237141390446396_o.jpg?resize=300%2C225&amp;ssl=1 300w, https:\/\/i0.wp.com\/miradordeatarfe.es\/wp-content\/uploads\/2024\/01\/12491845_1535922723400897_3125237141390446396_o.jpg?resize=1024%2C768&amp;ssl=1 1024w, https:\/\/i0.wp.com\/miradordeatarfe.es\/wp-content\/uploads\/2024\/01\/12491845_1535922723400897_3125237141390446396_o.jpg?resize=768%2C576&amp;ssl=1 768w, https:\/\/i0.wp.com\/miradordeatarfe.es\/wp-content\/uploads\/2024\/01\/12491845_1535922723400897_3125237141390446396_o.jpg?resize=1536%2C1152&amp;ssl=1 1536w, https:\/\/i0.wp.com\/miradordeatarfe.es\/wp-content\/uploads\/2024\/01\/12491845_1535922723400897_3125237141390446396_o.jpg?resize=1320%2C990&amp;ssl=1 1320w, https:\/\/i0.wp.com\/miradordeatarfe.es\/wp-content\/uploads\/2024\/01\/12491845_1535922723400897_3125237141390446396_o.jpg?w=2048&amp;ssl=1 2048w, https:\/\/i0.wp.com\/miradordeatarfe.es\/wp-content\/uploads\/2024\/01\/12491845_1535922723400897_3125237141390446396_o.jpg?w=1920&amp;ssl=1 1920w\" sizes=\"auto, (max-width: 300px) 100vw, 300px\" \/><\/a>Los personajes demostraron no ser extravagantes ni caprichosos, est\u00e1n bien definidos por su autora, muestran ser perspicaces ante la eventualidad, son representados con maestr\u00eda, generosidad, valor y bizarr\u00eda.\u00a0 Destacamos por m\u00e9ritos propios al:<\/div>\n<div dir=\"auto\" style=\"text-align: justify;\">\u00a0<\/div>\n<div dir=\"auto\" style=\"text-align: justify;\">Anciano: representado por Luis Javier S\u00e1nchez.<\/div>\n<div dir=\"auto\" style=\"text-align: justify;\">Omar: Jos\u00e9 Luis Otero.<\/div>\n<div dir=\"auto\" style=\"text-align: justify;\">Miriam y Ciudad Elvira: Fuencisla S\u00e1nchez.<\/div>\n<div dir=\"auto\" style=\"text-align: justify;\">Mendiga: Jennifer Garc\u00eda.<\/div>\n<div dir=\"auto\" style=\"text-align: justify;\">Maestro: Paco Pozo.<\/div>\n<div dir=\"auto\" style=\"text-align: justify;\">F\u00e1tima: Marta Fern\u00e1ndez.<\/div>\n<div dir=\"auto\" style=\"text-align: justify;\">Yusuf: Iv\u00e1n Lechuga.<\/div>\n<div dir=\"auto\" style=\"text-align: justify;\">Anciana: Jessica S\u00e1nchez<\/div>\n<div dir=\"auto\" style=\"text-align: justify;\">Abrahim: Jos\u00e9 Alberto Calvo.<\/div>\n<div dir=\"auto\" style=\"text-align: justify;\">Najib: Jos\u00e9 Aguilera.<\/div>\n<div dir=\"auto\" style=\"text-align: justify;\">Leyla: Gabriela Aliste.<\/div>\n<div dir=\"auto\" style=\"text-align: justify;\">\u00a0<\/div>\n<div dir=\"auto\" style=\"text-align: justify;\">El vestuario al detalle y escogido cuidadosamente, era el utilizado por los lugare\u00f1os.<\/div>\n<div dir=\"auto\" style=\"text-align: justify;\">La direcci\u00f3n, iluminaci\u00f3n, sonido, escenograf\u00eda, decoraci\u00f3n y vestuario creemos han sido adecuados.<\/div>\n<div dir=\"auto\" style=\"text-align: justify;\">Los fuertes y prolongados aplausos fueron la firma de la mejor cr\u00edtica que existe -el p\u00fablico-.\u00a0\u00a0<\/div>\n<div dir=\"auto\" style=\"text-align: justify;\">Felicitamos a la autora y la animamos a seguir creando literatura de calidad.<\/div>\n<div dir=\"auto\">\u00a0<\/div>\n<div dir=\"auto\" style=\"text-align: justify;\">\u00a0<\/div>\n<div dir=\"auto\" style=\"text-align: justify;\">Y ya est\u00e1.<\/div>\n<div dir=\"auto\" style=\"text-align: justify;\">\u00a0<\/div>\n<div dir=\"auto\" style=\"text-align: justify;\">Brilla con luz propia. Saludos<\/div>\n<\/div>\n<div dir=\"auto\">PUBLICADO EL DIA 14 DE FEBRERO DE 2017 EN FACEBOOK POR\u00a0 \u00a0<span class=\"xt0psk2\"><a class=\"x1i10hfl xjbqb8w x6umtig x1b1mbwd xaqea5y xav7gou x9f619 x1ypdohk xt0psk2 xe8uvvx xdj266r x11i5rnm xat24cr x1mh8g0r xexx8yu x4uap5 x18d9i69 xkhd6sd x16tdsg8 x1hl2dhg xggy1nq x1a2a7pz xt0b8zv xzsf02u x1s688f\" tabindex=\"0\" role=\"link\" href=\"https:\/\/www.facebook.com\/profile.php?id=100009495537995&amp;__cft__[0]=AZWY9cb76tNKhJFX4HbyZ7BjNaXTZVGe_SM8k4kplQOMZhhtZD6wom59-ghu7cGeSWuCNECO--EqaExUb2JvWyqnOGLob5SONzJjA8iD4QroNpsfA8R7XodJS1UMNMf2LyrKtC6JzvatCcJLakLMmhreflwWLgOdpZal9laSDNBYFQ3zLHiH4jA4EmzUvjrTzXk&amp;__tn__=-UC%2CPH-R\"><strong> Javier Pardo\u00a0<\/strong><\/a><\/span><\/div>\n<div class=\"yj6qo\" style=\"text-align: justify;\"><a href=\"https:\/\/i0.wp.com\/miradordeatarfe.es\/wp-content\/uploads\/2024\/01\/12525441_1535922170067619_3373999531415206613_o.jpg?ssl=1\"><img data-recalc-dims=\"1\" loading=\"lazy\" decoding=\"async\" class=\"alignnone wp-image-66631 size-large\" src=\"https:\/\/i0.wp.com\/miradordeatarfe.es\/wp-content\/uploads\/2024\/01\/12525441_1535922170067619_3373999531415206613_o.jpg?resize=640%2C433&#038;ssl=1\" alt=\"\" width=\"640\" height=\"433\" srcset=\"https:\/\/i0.wp.com\/miradordeatarfe.es\/wp-content\/uploads\/2024\/01\/12525441_1535922170067619_3373999531415206613_o.jpg?resize=1024%2C692&amp;ssl=1 1024w, https:\/\/i0.wp.com\/miradordeatarfe.es\/wp-content\/uploads\/2024\/01\/12525441_1535922170067619_3373999531415206613_o.jpg?resize=300%2C203&amp;ssl=1 300w, https:\/\/i0.wp.com\/miradordeatarfe.es\/wp-content\/uploads\/2024\/01\/12525441_1535922170067619_3373999531415206613_o.jpg?resize=768%2C519&amp;ssl=1 768w, https:\/\/i0.wp.com\/miradordeatarfe.es\/wp-content\/uploads\/2024\/01\/12525441_1535922170067619_3373999531415206613_o.jpg?resize=1536%2C1038&amp;ssl=1 1536w, https:\/\/i0.wp.com\/miradordeatarfe.es\/wp-content\/uploads\/2024\/01\/12525441_1535922170067619_3373999531415206613_o.jpg?resize=1320%2C892&amp;ssl=1 1320w, https:\/\/i0.wp.com\/miradordeatarfe.es\/wp-content\/uploads\/2024\/01\/12525441_1535922170067619_3373999531415206613_o.jpg?w=2048&amp;ssl=1 2048w, https:\/\/i0.wp.com\/miradordeatarfe.es\/wp-content\/uploads\/2024\/01\/12525441_1535922170067619_3373999531415206613_o.jpg?w=1920&amp;ssl=1 1920w\" sizes=\"auto, (max-width: 640px) 100vw, 640px\" \/><\/a><\/div>\n<div class=\"adL\" style=\"text-align: justify;\">\u00a0<\/div>\n<\/div>\n<\/div>\n<div class=\"hi\" style=\"text-align: justify;\">\u00a0<\/div>\n<div class=\"WhmR8e\" data-hash=\"0\">\u00a0<\/div>\n<\/div>\n<\/div>\n<div class=\"ajx\">\u00a0<\/div>\n<\/div>\n<div class=\"gA gt acV\">\n<div class=\"gB xu\">\n<div class=\"ip iq\">\n<div id=\":ph\">\n<table class=\"cf wS\" role=\"presentation\">\n<tbody>\n<tr>\n<td class=\"amq\">\u00a0<\/td>\n<td class=\"amr\">\n<div class=\"nr wR\">\n<div class=\"amn\">\u00a0<\/div>\n<\/div>\n<\/td>\n<\/tr>\n<\/tbody>\n<\/table>\n<\/div>\n<\/div>\n<\/div>\n<\/div>\n","protected":false},"excerpt":{"rendered":"<p>\u00a0 Principalmente pretendemos que nuestras an\u00e9cdotas sean hist\u00f3ricas, no obstante, no dejaremos perder en el&#8230;<\/p>\n","protected":false},"author":1,"featured_media":66632,"comment_status":"closed","ping_status":"closed","sticky":false,"template":"","format":"standard","meta":{"_coblocks_attr":"","_coblocks_dimensions":"","_coblocks_responsive_height":"","_coblocks_accordion_ie_support":"","jetpack_post_was_ever_published":false,"_jetpack_newsletter_access":"","_jetpack_dont_email_post_to_subs":false,"_jetpack_newsletter_tier_id":0,"_jetpack_memberships_contains_paywalled_content":false,"_jetpack_memberships_contains_paid_content":false,"footnotes":"","jetpack_publicize_message":"","jetpack_publicize_feature_enabled":true,"jetpack_social_post_already_shared":true,"jetpack_social_options":{"image_generator_settings":{"template":"highway","default_image_id":0,"enabled":false},"version":2}},"categories":[12,2949,5359,10431,44],"tags":[],"class_list":["post-66627","post","type-post","status-publish","format-standard","has-post-thumbnail","hentry","category-cultura","category-opinion-de-fuencisla-moreno","category-madinat-ilbira","category-medina-elvira-2","category-noticias-de-hoy"],"jetpack_publicize_connections":[],"jetpack_featured_media_url":"https:\/\/i0.wp.com\/miradordeatarfe.es\/wp-content\/uploads\/2024\/01\/12605437_1535919393401230_6743379414900087750_o.jpg?fit=2153%2C800&ssl=1","jetpack_likes_enabled":true,"jetpack_sharing_enabled":true,"_links":{"self":[{"href":"https:\/\/miradordeatarfe.es\/index.php?rest_route=\/wp\/v2\/posts\/66627","targetHints":{"allow":["GET"]}}],"collection":[{"href":"https:\/\/miradordeatarfe.es\/index.php?rest_route=\/wp\/v2\/posts"}],"about":[{"href":"https:\/\/miradordeatarfe.es\/index.php?rest_route=\/wp\/v2\/types\/post"}],"author":[{"embeddable":true,"href":"https:\/\/miradordeatarfe.es\/index.php?rest_route=\/wp\/v2\/users\/1"}],"replies":[{"embeddable":true,"href":"https:\/\/miradordeatarfe.es\/index.php?rest_route=%2Fwp%2Fv2%2Fcomments&post=66627"}],"version-history":[{"count":1,"href":"https:\/\/miradordeatarfe.es\/index.php?rest_route=\/wp\/v2\/posts\/66627\/revisions"}],"predecessor-version":[{"id":66633,"href":"https:\/\/miradordeatarfe.es\/index.php?rest_route=\/wp\/v2\/posts\/66627\/revisions\/66633"}],"wp:featuredmedia":[{"embeddable":true,"href":"https:\/\/miradordeatarfe.es\/index.php?rest_route=\/wp\/v2\/media\/66632"}],"wp:attachment":[{"href":"https:\/\/miradordeatarfe.es\/index.php?rest_route=%2Fwp%2Fv2%2Fmedia&parent=66627"}],"wp:term":[{"taxonomy":"category","embeddable":true,"href":"https:\/\/miradordeatarfe.es\/index.php?rest_route=%2Fwp%2Fv2%2Fcategories&post=66627"},{"taxonomy":"post_tag","embeddable":true,"href":"https:\/\/miradordeatarfe.es\/index.php?rest_route=%2Fwp%2Fv2%2Ftags&post=66627"}],"curies":[{"name":"wp","href":"https:\/\/api.w.org\/{rel}","templated":true}]}}