{"id":66640,"date":"2024-01-24T08:31:28","date_gmt":"2024-01-24T07:31:28","guid":{"rendered":"https:\/\/miradordeatarfe.es\/?p=66640"},"modified":"2024-01-21T17:36:34","modified_gmt":"2024-01-21T16:36:34","slug":"una-generacion-totalmente-desvinculada-de-su-trabajo-el-80-de-los-genzers-quiere-cambiar-de-empleo","status":"publish","type":"post","link":"https:\/\/miradordeatarfe.es\/?p=66640","title":{"rendered":"Una generaci\u00f3n totalmente desvinculada de su trabajo: el 80% de los \u00abgenzers\u00bb quiere cambiar de empleo"},"content":{"rendered":"<div class=\"article-content-wrapper\">\n<div class=\"article-content-inner\">\n<div class=\"article-content\">\n<div class=\"blob js-post-images-container\">\n<p style=\"text-align: justify;\" data-mrf-recirculation=\"Article links\">Recientemente, Christopher Dottie, director regional de Hays para el Sur de Europa, <a href=\"https:\/\/www.xataka.com\/empresas-y-economia\/renuncia-silenciosa-a-presentarse-a-otros-trabajos-ira-espana-aumento-descontento-laboral\" data-mrf-link=\"https:\/\/www.xataka.com\/empresas-y-economia\/renuncia-silenciosa-a-presentarse-a-otros-trabajos-ira-espana-aumento-descontento-laboral\">indic\u00f3<\/a> en la presentaci\u00f3n de la <em>Gu\u00eda del mercado laboral de 2023<\/em> que si bien en Espa\u00f1a no se hab\u00eda producido un fen\u00f3meno similar al de la \u2018<a href=\"https:\/\/magnet.xataka.com\/en-diez-minutos\/gran-renuncia-americana-como-trabajadores-se-han-hartado-sistema-estan-dejando-sus-empleos\" data-mrf-link=\"https:\/\/magnet.xataka.com\/en-diez-minutos\/gran-renuncia-americana-como-trabajadores-se-han-hartado-sistema-estan-dejando-sus-empleos\">Gran Renuncia<\/a>\u2019 EE.UU, la compa\u00f1\u00eda estaba detectando ahora un aumento del \u2018quiet quitting\u2019, \u2018loud quitting\u2019 y \u2018<a href=\"https:\/\/www.genbeta.com\/a-fondo\/alla-gran-renuncia-espana-hay-muchos-empleados-descontentos-enviando-masa-su-cv-a-otras-empresas\" data-mrf-link=\"https:\/\/www.genbeta.com\/a-fondo\/alla-gran-renuncia-espana-hay-muchos-empleados-descontentos-enviando-masa-su-cv-a-otras-empresas\">rage applying<\/a>\u2019 \u00a0en nuestro pa\u00eds.<\/p>\n<p style=\"text-align: justify;\" data-mrf-recirculation=\"Article links\">Estos fen\u00f3menos no son nuevos, sin embargo, se han popularizado en los \u00faltimos a\u00f1os debido a v\u00eddeos de j\u00f3venes en plataformas como <a href=\"https:\/\/www.xataka.com\/empresas-y-economia\/todas-grandes-tecnologicas-estan-despidiendo-masivamente-todas-no-tiktok-quiere-aumentar-plantilla\" data-mrf-link=\"https:\/\/www.xataka.com\/empresas-y-economia\/todas-grandes-tecnologicas-estan-despidiendo-masivamente-todas-no-tiktok-quiere-aumentar-plantilla\">TikTok<\/a> que, con un tono jocoso, los explican y parodian. Por otra parte, hay tendencias en el mercado laboral propias de las nuevas generaciones: numerosos estudios apuntan a que la mayor\u00eda de los asalariados m\u00e1s j\u00f3venes planean dejar su trabajo este a\u00f1o.<\/p>\n<p style=\"text-align: justify;\" data-mrf-recirculation=\"Article links\"><strong>Los m\u00e1s j\u00f3venes lo tienen claro. <\/strong>CNBC <a href=\"https:\/\/www.cnbc.com\/2023\/01\/18\/70percent-of-gen-z-and-millennials-are-considering-leaving-their-jobs-soon.html#:~:text=More%20than%20half%20of%20U.S.,quits%20than%20any%20other%20generation\" data-mrf-link=\"https:\/\/www.cnbc.com\/2023\/01\/18\/70percent-of-gen-z-and-millennials-are-considering-leaving-their-jobs-soon.html#:~:text=More%20than%20half%20of%20U.S.,quits%20than%20any%20other%20generation\">public\u00f3<\/a> un art\u00edculo el pasado mes de enero en el que citaba un informe realizado por LinkedIn y CensusWide en diciembre de 2022 que indicaba que el 72% de los trabajadores estadounidenses encuestados pertenecientes a la <a href=\"https:\/\/magnet.xataka.com\/why-so-serious\/gen-z-esta-obsesionada-producto-pasado-nostalgia-potencia-vuelta-tecnologia-vintage\" data-mrf-link=\"https:\/\/magnet.xataka.com\/why-so-serious\/gen-z-esta-obsesionada-producto-pasado-nostalgia-potencia-vuelta-tecnologia-vintage\">generaci\u00f3n Z <\/a>(de 18 a 25 a\u00f1os) ten\u00edan intenci\u00f3n de cambiar un trabajo en los 12 meses siguientes.<\/p>\n<p style=\"text-align: justify;\" data-mrf-recirculation=\"Article links\"><strong>Diferencias generacionales. <\/strong>Adem\u00e1s, este porcentaje era del 66% entre los asalariados \u2018<a href=\"https:\/\/magnet.xataka.com\/en-diez-minutos\/millennials-generacion-solitaria-22-reconoce-no-tener-ningun-amigo\" data-mrf-link=\"https:\/\/magnet.xataka.com\/en-diez-minutos\/millennials-generacion-solitaria-22-reconoce-no-tener-ningun-amigo\">millenials<\/a>\u2019 (de 26 a 41 a\u00f1os), mientras que entre los empleados de las generaciones X (de 42 a 57 a\u00f1os) y del <a href=\"https:\/\/magnet.xataka.com\/preguntas-no-tan-frecuentes\/baby-boomers-distinguen-peor-hecho-opinion-que-millennials\" data-mrf-link=\"https:\/\/magnet.xataka.com\/preguntas-no-tan-frecuentes\/baby-boomers-distinguen-peor-hecho-opinion-que-millennials\">Baby Boom<\/a> (de 58 a 76 a\u00f1os) dicho porcentaje era del 55% y del 30% respectivamente.<\/p>\n<p style=\"text-align: justify;\" data-mrf-recirculation=\"Article links\"><strong>El salario es la principal raz\u00f3n.<\/strong> Por otro lado, <a href=\"https:\/\/www.bloomberg.com\/news\/articles\/2023-02-08\/new-jobs-2023-linkedin-reports-80-of-uk-gen-z-want-to-move-to-get-higher-pay?srnd=premium-europe&amp;leadSource=uverify%20wall#xj4y7vzkg\" data-mrf-link=\"https:\/\/www.bloomberg.com\/news\/articles\/2023-02-08\/new-jobs-2023-linkedin-reports-80-of-uk-gen-z-want-to-move-to-get-higher-pay?srnd=premium-europe&amp;leadSource=uverify%20wall#xj4y7vzkg\">Bloomberg<\/a> \u00a0ha citado recientemente un estudio de LinkedIn que se\u00f1ala que el 80% de los trabajadores de la generaci\u00f3n Zen Reino Unido planea cambiar de trabajo, siendo la mejora salarial la principal raz\u00f3n para ello.<\/p>\n<p style=\"text-align: justify;\" data-mrf-recirculation=\"Article links\"><strong>Inquietudes de los j\u00f3venes. <\/strong>En este sentido, el informe \u2018<a href=\"https:\/\/www.deloitte.com\/content\/dam\/assets-shared\/legacy\/docs\/about\/2022\/deloitte-2022-genz-millennial-survey.pdf?utm_campaign=hrb&amp;utm_medium=newsletter&amp;utm_source=morning_brew\" data-mrf-link=\"https:\/\/www.deloitte.com\/content\/dam\/assets-shared\/legacy\/docs\/about\/2022\/deloitte-2022-genz-millennial-survey.pdf?utm_campaign=hrb&amp;utm_medium=newsletter&amp;utm_source=morning_brew\">The Deloitte Global 2022 Gen Z and Millenial Survey<\/a>\u2019 se\u00f1al\u00f3 que el salario fue la principal raz\u00f3n que llev\u00f3 a los trabajadores de las generaciones Z y \u2018millenial\u2019 de todo el mundo a dejar su trabajo en 2022, seguida por la conciliaci\u00f3n entre la vida laboral y privada y, en tercer lugar, por la falta de crecimiento en la empresa.<\/p>\n<p style=\"text-align: justify;\" data-mrf-recirculation=\"Article links\"><strong>La vida est\u00e1 cara. <\/strong>Son datos que se comprenden mejor si se tiene en cuenta que el <a href=\"https:\/\/www.xataka.com\/empresas-y-economia\/sueldos-bajan-precio-vivienda-se-dispara-vivir-espana-cada-vez-caro\" data-mrf-link=\"https:\/\/www.xataka.com\/empresas-y-economia\/sueldos-bajan-precio-vivienda-se-dispara-vivir-espana-cada-vez-caro\">coste de la vida<\/a> era la principal preocupaci\u00f3n de estos j\u00f3venes, seg\u00fan la investigaci\u00f3n de la consultora. De hecho, el 46% de los \u2018Gen Z\u2019 y el 47% de los \u2018millenials\u2019 afirmaban vivir \u201cde sueldo en sueldo\u201d (\u2018paycheck to paycheck\u2019 en ingl\u00e9s), es decir, sin margen para ahorrar debido a los gastos que deb\u00edan afrontar. En otras palabras: los trabajadores m\u00e1s j\u00f3venes buscan nuevos empleos para escapar de la <a href=\"https:\/\/www.xataka.com\/investigacion\/invierno-demografico-crisis-productiva-precariedad-laboral-espana-cada-vez-vive-gente\" data-mrf-link=\"https:\/\/www.xataka.com\/investigacion\/invierno-demografico-crisis-productiva-precariedad-laboral-espana-cada-vez-vive-gente\">precariedad laboral<\/a>.<\/p>\n<p style=\"text-align: justify;\" data-mrf-recirculation=\"Article links\"><strong>Espa\u00f1a: juventud precaria. <\/strong>En nuestro pa\u00eds, los j\u00f3venes sufren este problema de primera mano. Espa\u00f1a es el pa\u00eds con m\u00e1s paro juvenil de la UE, con un 29,3%, seg\u00fan datos de <a href=\"https:\/\/ec.europa.eu\/eurostat\/statistics-explained\/index.php\/Unemployment_statistics\" data-mrf-link=\"https:\/\/ec.europa.eu\/eurostat\/statistics-explained\/index.php\/Unemployment_statistics\">Eurostat<\/a>, y posee la segunda tasa de temporalidad m\u00e1s alta del Viejo Continente, a pesar de que la <a href=\"https:\/\/elpais.com\/economia\/2022-12-19\/la-brecha-de-temporalidad-entre-espana-y-la-ue-cae-al-minimo-historico-con-la-reforma-laboral.html\" data-mrf-link=\"https:\/\/elpais.com\/economia\/2022-12-19\/la-brecha-de-temporalidad-entre-espana-y-la-ue-cae-al-minimo-historico-con-la-reforma-laboral.html\">diferencia<\/a> con la media de la UE se ha reducido y es, actualmente, la m\u00e1s baja de la historia.<\/p>\n<p style=\"text-align: justify;\" data-mrf-recirculation=\"Article links\"><strong>Salarios bajos y dificultad para emanciparse. \u00a0<\/strong>En este contexto, es l\u00f3gico que las inquietudes de los j\u00f3venes espa\u00f1oles est\u00e9n relacionadas con las condiciones del <a href=\"https:\/\/www.xataka.com\/empresas-y-economia\/numero-horas-trabajadas-espanoles-no-para-caer-a-vez-buena-mala-noticia\" data-mrf-link=\"https:\/\/www.xataka.com\/empresas-y-economia\/numero-horas-trabajadas-espanoles-no-para-caer-a-vez-buena-mala-noticia\">mercado laboral<\/a>. Seg\u00fan un informe publicado en septiembre de 2022 por el <a href=\"https:\/\/www.adolescenciayjuventud.org\/publicacion\/impacto_covid_juventud\/\" data-mrf-link=\"https:\/\/www.adolescenciayjuventud.org\/publicacion\/impacto_covid_juventud\/\">Centro Reina Sof\u00eda sobre adolescencia y juventud<\/a>, las principales preocupaciones de los j\u00f3venes son los salarios bajos (37,8%), la precariedad laboral (30,4%), la dificultad para emanciparse (29,5%), el paro (24,6%) y la falta de confianza de la sociedad hacia ellos mismos (24,9%).<\/p>\n<p style=\"text-align: justify;\" data-mrf-recirculation=\"Article links\"><strong>Marcharse es otra opci\u00f3n. <\/strong>Con estos elementos, no sorprende que los j\u00f3venes busquen mejorar su situaci\u00f3n y quieran cambiar de trabajo. Muchos de ellos, de hecho, plantean marcharse de nuestro pa\u00eds: seg\u00fan el informe \u2018<a href=\"https:\/\/oji.fundacion-sm.org\/jovenes-en-iberoamerica-2021\/\" data-mrf-link=\"https:\/\/oji.fundacion-sm.org\/jovenes-en-iberoamerica-2021\/\">J\u00f3venes en Iberoam\u00e9rica 2021<\/a>\u2019, el 74% de los j\u00f3venes espa\u00f1oles encuestados se planteaban emigrar a otro pa\u00eds para mejorar sus condiciones de vida.<\/p>\n<p data-mrf-recirculation=\"Article links\"><strong>Javier Fern\u00e1ndez<\/strong><\/p>\n<p>https:\/\/www.xataka.com\/empresas-y-economia\/generacion-totalmente-desvinculada-su-trabajo-80-genzers-quiere-cambiar-empleo<\/p>\n<\/div>\n<\/div>\n<\/div>\n<\/div>\n","protected":false},"excerpt":{"rendered":"<p>Recientemente, Christopher Dottie, director regional de Hays para el Sur de Europa, indic\u00f3 en la&#8230;<\/p>\n","protected":false},"author":1,"featured_media":66641,"comment_status":"closed","ping_status":"closed","sticky":false,"template":"","format":"standard","meta":{"_coblocks_attr":"","_coblocks_dimensions":"","_coblocks_responsive_height":"","_coblocks_accordion_ie_support":"","jetpack_post_was_ever_published":false,"_jetpack_newsletter_access":"","_jetpack_dont_email_post_to_subs":false,"_jetpack_newsletter_tier_id":0,"_jetpack_memberships_contains_paywalled_content":false,"_jetpack_memberships_contains_paid_content":false,"footnotes":"","jetpack_publicize_message":"","jetpack_publicize_feature_enabled":true,"jetpack_social_post_already_shared":true,"jetpack_social_options":{"image_generator_settings":{"template":"highway","default_image_id":0,"enabled":false},"version":2}},"categories":[1161,7671,6937],"tags":[],"class_list":["post-66640","post","type-post","status-publish","format-standard","has-post-thumbnail","hentry","category-ciudadania","category-politica","category-sociedad"],"jetpack_publicize_connections":[],"jetpack_featured_media_url":"https:\/\/i0.wp.com\/miradordeatarfe.es\/wp-content\/uploads\/2024\/01\/1366_2000.jpeg?fit=1366%2C911&ssl=1","jetpack_likes_enabled":true,"jetpack_sharing_enabled":true,"_links":{"self":[{"href":"https:\/\/miradordeatarfe.es\/index.php?rest_route=\/wp\/v2\/posts\/66640","targetHints":{"allow":["GET"]}}],"collection":[{"href":"https:\/\/miradordeatarfe.es\/index.php?rest_route=\/wp\/v2\/posts"}],"about":[{"href":"https:\/\/miradordeatarfe.es\/index.php?rest_route=\/wp\/v2\/types\/post"}],"author":[{"embeddable":true,"href":"https:\/\/miradordeatarfe.es\/index.php?rest_route=\/wp\/v2\/users\/1"}],"replies":[{"embeddable":true,"href":"https:\/\/miradordeatarfe.es\/index.php?rest_route=%2Fwp%2Fv2%2Fcomments&post=66640"}],"version-history":[{"count":1,"href":"https:\/\/miradordeatarfe.es\/index.php?rest_route=\/wp\/v2\/posts\/66640\/revisions"}],"predecessor-version":[{"id":66642,"href":"https:\/\/miradordeatarfe.es\/index.php?rest_route=\/wp\/v2\/posts\/66640\/revisions\/66642"}],"wp:featuredmedia":[{"embeddable":true,"href":"https:\/\/miradordeatarfe.es\/index.php?rest_route=\/wp\/v2\/media\/66641"}],"wp:attachment":[{"href":"https:\/\/miradordeatarfe.es\/index.php?rest_route=%2Fwp%2Fv2%2Fmedia&parent=66640"}],"wp:term":[{"taxonomy":"category","embeddable":true,"href":"https:\/\/miradordeatarfe.es\/index.php?rest_route=%2Fwp%2Fv2%2Fcategories&post=66640"},{"taxonomy":"post_tag","embeddable":true,"href":"https:\/\/miradordeatarfe.es\/index.php?rest_route=%2Fwp%2Fv2%2Ftags&post=66640"}],"curies":[{"name":"wp","href":"https:\/\/api.w.org\/{rel}","templated":true}]}}